{"id":12193,"date":"2010-06-09T00:00:00","date_gmt":"2010-06-08T22:00:00","guid":{"rendered":"https:\/\/www.justiceinfo.net\/12193-090610-rwandafrance-des-deputes-francais-se-recueillent-a-un-memorial-du-genocide9001.html"},"modified":"2010-06-09T00:00:00","modified_gmt":"2010-06-08T22:00:00","slug":"090610-rwandafrance-des-deputes-francais-se-recueillent-a-un-memorial-du-genocide9001","status":"publish","type":"post","link":"https:\/\/www.justiceinfo.net\/fr\/12193-090610-rwandafrance-des-deputes-francais-se-recueillent-a-un-memorial-du-genocide9001.html","title":{"rendered":"09.06.10 - RWANDA\/FRANCE - DES DEPUTES FRAN\u00c7AIS SE RECUEILLENT A UN MEMORIAL DU GENOCIDE"},"content":{"rendered":"<p >\nArusha, 9 juin 2010 (FH) - Un groupe de quatre d&eacute;put&eacute;s fran&ccedil;ais conduits par Marylise Lebranchu se&nbsp; sont recueillis mardi au m&eacute;morial du g&eacute;nocide de Ntarama, &agrave; une cinquantaine de kilom&egrave;tres de Kigali, la capitale rwandaise, a-t-on appris mercredi.\n<\/p>\n<p><!--more--><\/p>\n<p >\n<p >\n<p >\nLes quatre &eacute;lus se trouvent au Rwanda depuis lundi dans le cadre d'une visite &laquo; destin&eacute;e &agrave; relancer le groupe d'amiti&eacute; entre les parlements fran&ccedil;ais et rwandais &raquo;, a indiqu&eacute; &agrave; l'agence Hirondelle Denis Polisi, l'un des deux vice-pr&eacute;sidents de la chambre des d&eacute;put&eacute;s du Rwanda.\n<\/p>\n<p >\n<p >\nM.Polisi a pr&eacute;cis&eacute; que &laquo; ce groupe d'amiti&eacute; &raquo; ne fonctionnait plus depuis juillet 1994, date de la fin du g&eacute;nocide des Tutsis, dans lequel Kigali accuse Paris d'avoir jou&eacute; un r&ocirc;le en soutenant l'ancien r&eacute;gime hutu.\n<\/p>\n<p >\n<p >\nAu programme de leur visite, les d&eacute;put&eacute;s fran&ccedil;ais doivent encore rencontrer les pr&eacute;sidents du S&eacute;nat et de la chambre des d&eacute;put&eacute;s, la ministre des Affaires &eacute;trang&egrave;res Louise Mushikiwabo, celui de la Justice, Tharcisse Karugarama, et le Premier ministre Bernard Makuza.\n<\/p>\n<p >\n<p >\nLe Rwanda avait rompu les relations diplomatiques avec la France en novembre 2006 apr&egrave;s l'&eacute;mission par la justice fran&ccedil;aise de mandats d'arr&ecirc;t contre neuf personnalit&eacute;s de l'entourage du pr&eacute;sident Paul Kagame, accus&eacute;es d'&ecirc;tre responsables de l'attentat qui co&ucirc;ta la vie &agrave; l'ex-chef de l'Etat Juv&eacute;nal Habyarimana, le 6 avril 1994.\n<\/p>\n<p >\n<p >\nLes deux pays ont annonc&eacute; la reprise des relations diplomatiques &agrave; la fin de l'ann&eacute;e derni&egrave;re.\n<\/p>\n<p >\n<p >\nLa normalisation a &eacute;t&eacute; scell&eacute;e par la visite &agrave; Kigali en f&eacute;vrier du pr&eacute;sident fran&ccedil;ais Nicolas Sarkozy et la participation du pr&eacute;sident Kagame fin mai &agrave; Nice au sommet Afrique-France.&nbsp;\n<\/p>\n<p >\n<p >\nER\/GF\n<\/p>\n<p >\n&copy; Agence Hirondelle<\/p>\n","protected":false},"excerpt":{"rendered":"<p>Arusha, 9 juin 2010 (FH) - Un groupe de quatre d&eacute;put&eacute;s fran&ccedil;ais conduits par Marylise Lebranchu se&nbsp; sont recueillis mardi au m&eacute;morial du g&eacute;nocide de Ntarama, &agrave; une cinquantaine de kilom&egrave;tres de Kigali, la capitale rwandaise, a-t-on appris mercredi.<\/p>\n","protected":false},"author":64,"featured_media":0,"comment_status":"open","ping_status":"closed","sticky":false,"template":"","format":"standard","meta":{"_acf_changed":false,"footnotes":""},"categories":[554],"tags":[],"ji_location":[],"class_list":["post-12193","post","type-post","status-publish","format-standard","hentry","category-hirondellenews"],"acf":[],"yoast_head":"<!-- This site is optimized with the Yoast SEO Premium plugin v25.3.1 (Yoast SEO v25.3.1) - https:\/\/yoast.com\/wordpress\/plugins\/seo\/ -->\n<title>09.06.10 - RWANDA\/FRANCE - DES DEPUTES FRAN\u00c7AIS SE RECUEILLENT A UN MEMORIAL DU GENOCIDE - JusticeInfo.net<\/title>\n<meta name=\"robots\" content=\"index, follow, max-snippet:-1, max-image-preview:large, max-video-preview:-1\" \/>\n<link rel=\"canonical\" href=\"https:\/\/www.justiceinfo.net\/fr\/12193-090610-rwandafrance-des-deputes-francais-se-recueillent-a-un-memorial-du-genocide9001.html\" \/>\n<meta property=\"og:locale\" content=\"fr_FR\" \/>\n<meta property=\"og:type\" content=\"article\" \/>\n<meta property=\"og:title\" content=\"09.06.10 - RWANDA\/FRANCE - DES DEPUTES FRAN\u00c7AIS SE RECUEILLENT A UN MEMORIAL DU GENOCIDE\" \/>\n<meta property=\"og:description\" content=\"Arusha, 9 juin 2010 (FH) - Un groupe de quatre d&eacute;put&eacute;s fran&ccedil;ais conduits par Marylise Lebranchu se&nbsp; sont recueillis mardi au m&eacute;morial du g&eacute;nocide de Ntarama, &agrave; une cinquantaine de kilom&egrave;tres de Kigali, la capitale rwandaise, a-t-on appris mercredi.\" \/>\n<meta property=\"og:url\" content=\"https:\/\/www.justiceinfo.net\/fr\/12193-090610-rwandafrance-des-deputes-francais-se-recueillent-a-un-memorial-du-genocide9001.html\" \/>\n<meta property=\"og:site_name\" content=\"JusticeInfo.net\" \/>\n<meta property=\"article:publisher\" content=\"https:\/\/www.facebook.com\/JusticeInfo\/\" \/>\n<meta property=\"article:published_time\" content=\"2010-06-08T22:00:00+00:00\" \/>\n<meta property=\"og:image\" content=\"https:\/\/www.justiceinfo.net\/wp-content\/uploads\/JusticeInfoNet_logo_1200x630px.jpg\" \/>\n\t<meta property=\"og:image:width\" content=\"1200\" \/>\n\t<meta property=\"og:image:height\" content=\"630\" \/>\n\t<meta property=\"og:image:type\" content=\"image\/jpeg\" \/>\n<meta name=\"author\" content=\"solivri\" \/>\n<meta name=\"twitter:card\" content=\"summary_large_image\" \/>\n<meta name=\"twitter:creator\" content=\"@justiceinfonet\" \/>\n<meta name=\"twitter:site\" content=\"@justiceinfonet\" \/>\n<meta name=\"twitter:label1\" content=\"\u00c9crit par\" \/>\n\t<meta name=\"twitter:data1\" content=\"solivri\" \/>\n\t<meta name=\"twitter:label2\" content=\"Dur\u00e9e de lecture estim\u00e9e\" \/>\n\t<meta name=\"twitter:data2\" content=\"2 minutes\" \/>\n<script type=\"application\/ld+json\" class=\"yoast-schema-graph\">{\"@context\":\"https:\/\/schema.org\",\"@graph\":[{\"@type\":\"NewsArticle\",\"@id\":\"https:\/\/www.justiceinfo.net\/fr\/12193-090610-rwandafrance-des-deputes-francais-se-recueillent-a-un-memorial-du-genocide9001.html#article\",\"isPartOf\":{\"@id\":\"https:\/\/www.justiceinfo.net\/fr\/12193-090610-rwandafrance-des-deputes-francais-se-recueillent-a-un-memorial-du-genocide9001.html\"},\"author\":{\"name\":\"solivri\",\"@id\":\"https:\/\/www.justiceinfo.net\/fr#\/schema\/person\/6e53cba1629e2e66f3fc1821d3091865\"},\"headline\":\"09.06.10 - RWANDA\/FRANCE - DES DEPUTES FRAN\u00c7AIS SE RECUEILLENT A UN MEMORIAL DU GENOCIDE\",\"datePublished\":\"2010-06-08T22:00:00+00:00\",\"mainEntityOfPage\":{\"@id\":\"https:\/\/www.justiceinfo.net\/fr\/12193-090610-rwandafrance-des-deputes-francais-se-recueillent-a-un-memorial-du-genocide9001.html\"},\"wordCount\":378,\"commentCount\":0,\"publisher\":{\"@id\":\"https:\/\/www.justiceinfo.net\/fr#organization\"},\"articleSection\":[\"Hirondelle News\"],\"inLanguage\":\"fr-FR\",\"potentialAction\":[{\"@type\":\"CommentAction\",\"name\":\"Comment\",\"target\":[\"https:\/\/www.justiceinfo.net\/fr\/12193-090610-rwandafrance-des-deputes-francais-se-recueillent-a-un-memorial-du-genocide9001.html#respond\"]}]},{\"@type\":\"WebPage\",\"@id\":\"https:\/\/www.justiceinfo.net\/fr\/12193-090610-rwandafrance-des-deputes-francais-se-recueillent-a-un-memorial-du-genocide9001.html\",\"url\":\"https:\/\/www.justiceinfo.net\/fr\/12193-090610-rwandafrance-des-deputes-francais-se-recueillent-a-un-memorial-du-genocide9001.html\",\"name\":\"09.06.10 - RWANDA\/FRANCE - DES DEPUTES FRAN\u00c7AIS SE RECUEILLENT A UN MEMORIAL DU GENOCIDE - JusticeInfo.net\",\"isPartOf\":{\"@id\":\"https:\/\/www.justiceinfo.net\/fr#website\"},\"datePublished\":\"2010-06-08T22:00:00+00:00\",\"breadcrumb\":{\"@id\":\"https:\/\/www.justiceinfo.net\/fr\/12193-090610-rwandafrance-des-deputes-francais-se-recueillent-a-un-memorial-du-genocide9001.html#breadcrumb\"},\"inLanguage\":\"fr-FR\",\"potentialAction\":[{\"@type\":\"ReadAction\",\"target\":[\"https:\/\/www.justiceinfo.net\/fr\/12193-090610-rwandafrance-des-deputes-francais-se-recueillent-a-un-memorial-du-genocide9001.html\"]}]},{\"@type\":\"BreadcrumbList\",\"@id\":\"https:\/\/www.justiceinfo.net\/fr\/12193-090610-rwandafrance-des-deputes-francais-se-recueillent-a-un-memorial-du-genocide9001.html#breadcrumb\",\"itemListElement\":[{\"@type\":\"ListItem\",\"position\":1,\"name\":\"Home\",\"item\":\"https:\/\/www.justiceinfo.net\/fr\"},{\"@type\":\"ListItem\",\"position\":2,\"name\":\"09.06.10 - RWANDA\/FRANCE - DES DEPUTES FRAN\u00c7AIS SE RECUEILLENT A UN MEMORIAL DU GENOCIDE\"}]},{\"@type\":\"WebSite\",\"@id\":\"https:\/\/www.justiceinfo.net\/fr#website\",\"url\":\"https:\/\/www.justiceinfo.net\/fr\",\"name\":\"JusticeInfo.net\",\"description\":\"La justice doit \u00eatre vue pour \u00eatre rendue\",\"publisher\":{\"@id\":\"https:\/\/www.justiceinfo.net\/fr#organization\"},\"potentialAction\":[{\"@type\":\"SearchAction\",\"target\":{\"@type\":\"EntryPoint\",\"urlTemplate\":\"https:\/\/www.justiceinfo.net\/fr?s={search_term_string}\"},\"query-input\":{\"@type\":\"PropertyValueSpecification\",\"valueRequired\":true,\"valueName\":\"search_term_string\"}}],\"inLanguage\":\"fr-FR\"},{\"@type\":\"Organization\",\"@id\":\"https:\/\/www.justiceinfo.net\/fr#organization\",\"name\":\"Justice Info\",\"url\":\"https:\/\/www.justiceinfo.net\/fr\",\"logo\":{\"@type\":\"ImageObject\",\"inLanguage\":\"fr-FR\",\"@id\":\"https:\/\/www.justiceinfo.net\/fr#\/schema\/logo\/image\/\",\"url\":\"https:\/\/www.justiceinfo.net\/wp-content\/uploads\/justiceinfo_logo-trans_1200x1200px.png\",\"contentUrl\":\"https:\/\/www.justiceinfo.net\/wp-content\/uploads\/justiceinfo_logo-trans_1200x1200px.png\",\"width\":1199,\"height\":1200,\"caption\":\"Justice Info\"},\"image\":{\"@id\":\"https:\/\/www.justiceinfo.net\/fr#\/schema\/logo\/image\/\"},\"sameAs\":[\"https:\/\/www.facebook.com\/JusticeInfo\/\",\"https:\/\/x.com\/justiceinfonet\",\"https:\/\/www.linkedin.com\/company\/justice-info\",\"https:\/\/www.youtube.com\/channel\/UCyCEsARodyuWtkWyhn-e7pA\"]},{\"@type\":\"Person\",\"name\":\"solivri\",\"url\":\"\/fr\/?s=solivri\"}]}<\/script>\n<!-- \/ Yoast SEO Premium plugin. -->","yoast_head_json":{"title":"09.06.10 - RWANDA\/FRANCE - DES DEPUTES FRAN\u00c7AIS SE RECUEILLENT A UN MEMORIAL DU GENOCIDE - JusticeInfo.net","robots":{"index":"index","follow":"follow","max-snippet":"max-snippet:-1","max-image-preview":"max-image-preview:large","max-video-preview":"max-video-preview:-1"},"canonical":"https:\/\/www.justiceinfo.net\/fr\/12193-090610-rwandafrance-des-deputes-francais-se-recueillent-a-un-memorial-du-genocide9001.html","og_locale":"fr_FR","og_type":"article","og_title":"09.06.10 - RWANDA\/FRANCE - DES DEPUTES FRAN\u00c7AIS SE RECUEILLENT A UN MEMORIAL DU GENOCIDE","og_description":"Arusha, 9 juin 2010 (FH) - Un groupe de quatre d&eacute;put&eacute;s fran&ccedil;ais conduits par Marylise Lebranchu se&nbsp; sont recueillis mardi au m&eacute;morial du g&eacute;nocide de Ntarama, &agrave; une cinquantaine de kilom&egrave;tres de Kigali, la capitale rwandaise, a-t-on appris mercredi.","og_url":"https:\/\/www.justiceinfo.net\/fr\/12193-090610-rwandafrance-des-deputes-francais-se-recueillent-a-un-memorial-du-genocide9001.html","og_site_name":"JusticeInfo.net","article_publisher":"https:\/\/www.facebook.com\/JusticeInfo\/","article_published_time":"2010-06-08T22:00:00+00:00","og_image":[{"width":1200,"height":630,"url":"https:\/\/www.justiceinfo.net\/wp-content\/uploads\/JusticeInfoNet_logo_1200x630px.jpg","type":"image\/jpeg"}],"author":"solivri","twitter_card":"summary_large_image","twitter_creator":"@justiceinfonet","twitter_site":"@justiceinfonet","twitter_misc":{"\u00c9crit par":"solivri","Dur\u00e9e de lecture estim\u00e9e":"2 minutes"},"schema":{"@context":"https:\/\/schema.org","@graph":[{"@type":"NewsArticle","@id":"https:\/\/www.justiceinfo.net\/fr\/12193-090610-rwandafrance-des-deputes-francais-se-recueillent-a-un-memorial-du-genocide9001.html#article","isPartOf":{"@id":"https:\/\/www.justiceinfo.net\/fr\/12193-090610-rwandafrance-des-deputes-francais-se-recueillent-a-un-memorial-du-genocide9001.html"},"author":{"name":"solivri","@id":"https:\/\/www.justiceinfo.net\/fr#\/schema\/person\/6e53cba1629e2e66f3fc1821d3091865"},"headline":"09.06.10 - RWANDA\/FRANCE - DES DEPUTES FRAN\u00c7AIS SE RECUEILLENT A UN MEMORIAL DU GENOCIDE","datePublished":"2010-06-08T22:00:00+00:00","mainEntityOfPage":{"@id":"https:\/\/www.justiceinfo.net\/fr\/12193-090610-rwandafrance-des-deputes-francais-se-recueillent-a-un-memorial-du-genocide9001.html"},"wordCount":378,"commentCount":0,"publisher":{"@id":"https:\/\/www.justiceinfo.net\/fr#organization"},"articleSection":["Hirondelle News"],"inLanguage":"fr-FR","potentialAction":[{"@type":"CommentAction","name":"Comment","target":["https:\/\/www.justiceinfo.net\/fr\/12193-090610-rwandafrance-des-deputes-francais-se-recueillent-a-un-memorial-du-genocide9001.html#respond"]}]},{"@type":"WebPage","@id":"https:\/\/www.justiceinfo.net\/fr\/12193-090610-rwandafrance-des-deputes-francais-se-recueillent-a-un-memorial-du-genocide9001.html","url":"https:\/\/www.justiceinfo.net\/fr\/12193-090610-rwandafrance-des-deputes-francais-se-recueillent-a-un-memorial-du-genocide9001.html","name":"09.06.10 - RWANDA\/FRANCE - DES DEPUTES FRAN\u00c7AIS SE RECUEILLENT A UN MEMORIAL DU GENOCIDE - JusticeInfo.net","isPartOf":{"@id":"https:\/\/www.justiceinfo.net\/fr#website"},"datePublished":"2010-06-08T22:00:00+00:00","breadcrumb":{"@id":"https:\/\/www.justiceinfo.net\/fr\/12193-090610-rwandafrance-des-deputes-francais-se-recueillent-a-un-memorial-du-genocide9001.html#breadcrumb"},"inLanguage":"fr-FR","potentialAction":[{"@type":"ReadAction","target":["https:\/\/www.justiceinfo.net\/fr\/12193-090610-rwandafrance-des-deputes-francais-se-recueillent-a-un-memorial-du-genocide9001.html"]}]},{"@type":"BreadcrumbList","@id":"https:\/\/www.justiceinfo.net\/fr\/12193-090610-rwandafrance-des-deputes-francais-se-recueillent-a-un-memorial-du-genocide9001.html#breadcrumb","itemListElement":[{"@type":"ListItem","position":1,"name":"Home","item":"https:\/\/www.justiceinfo.net\/fr"},{"@type":"ListItem","position":2,"name":"09.06.10 - RWANDA\/FRANCE - DES DEPUTES FRAN\u00c7AIS SE RECUEILLENT A UN MEMORIAL DU GENOCIDE"}]},{"@type":"WebSite","@id":"https:\/\/www.justiceinfo.net\/fr#website","url":"https:\/\/www.justiceinfo.net\/fr","name":"JusticeInfo.net","description":"La justice doit \u00eatre vue pour \u00eatre rendue","publisher":{"@id":"https:\/\/www.justiceinfo.net\/fr#organization"},"potentialAction":[{"@type":"SearchAction","target":{"@type":"EntryPoint","urlTemplate":"https:\/\/www.justiceinfo.net\/fr?s={search_term_string}"},"query-input":{"@type":"PropertyValueSpecification","valueRequired":true,"valueName":"search_term_string"}}],"inLanguage":"fr-FR"},{"@type":"Organization","@id":"https:\/\/www.justiceinfo.net\/fr#organization","name":"Justice Info","url":"https:\/\/www.justiceinfo.net\/fr","logo":{"@type":"ImageObject","inLanguage":"fr-FR","@id":"https:\/\/www.justiceinfo.net\/fr#\/schema\/logo\/image\/","url":"https:\/\/www.justiceinfo.net\/wp-content\/uploads\/justiceinfo_logo-trans_1200x1200px.png","contentUrl":"https:\/\/www.justiceinfo.net\/wp-content\/uploads\/justiceinfo_logo-trans_1200x1200px.png","width":1199,"height":1200,"caption":"Justice Info"},"image":{"@id":"https:\/\/www.justiceinfo.net\/fr#\/schema\/logo\/image\/"},"sameAs":["https:\/\/www.facebook.com\/JusticeInfo\/","https:\/\/x.com\/justiceinfonet","https:\/\/www.linkedin.com\/company\/justice-info","https:\/\/www.youtube.com\/channel\/UCyCEsARodyuWtkWyhn-e7pA"]},{"@type":"Person","name":"solivri","url":"\/fr\/?s=solivri"}]}},"_links":{"self":[{"href":"https:\/\/www.justiceinfo.net\/fr\/wp-json\/wp\/v2\/posts\/12193","targetHints":{"allow":["GET"]}}],"collection":[{"href":"https:\/\/www.justiceinfo.net\/fr\/wp-json\/wp\/v2\/posts"}],"about":[{"href":"https:\/\/www.justiceinfo.net\/fr\/wp-json\/wp\/v2\/types\/post"}],"author":[{"embeddable":true,"href":"https:\/\/www.justiceinfo.net\/fr\/wp-json\/wp\/v2\/users\/64"}],"replies":[{"embeddable":true,"href":"https:\/\/www.justiceinfo.net\/fr\/wp-json\/wp\/v2\/comments?post=12193"}],"version-history":[{"count":0,"href":"https:\/\/www.justiceinfo.net\/fr\/wp-json\/wp\/v2\/posts\/12193\/revisions"}],"wp:attachment":[{"href":"https:\/\/www.justiceinfo.net\/fr\/wp-json\/wp\/v2\/media?parent=12193"}],"wp:term":[{"taxonomy":"category","embeddable":true,"href":"https:\/\/www.justiceinfo.net\/fr\/wp-json\/wp\/v2\/categories?post=12193"},{"taxonomy":"post_tag","embeddable":true,"href":"https:\/\/www.justiceinfo.net\/fr\/wp-json\/wp\/v2\/tags?post=12193"},{"taxonomy":"ji_location","embeddable":true,"href":"https:\/\/www.justiceinfo.net\/fr\/wp-json\/wp\/v2\/ji_location?post=12193"}],"curies":[{"name":"wp","href":"https:\/\/api.w.org\/{rel}","templated":true}]}}