{"id":12197,"date":"2010-06-10T00:00:00","date_gmt":"2010-06-09T22:00:00","guid":{"rendered":"https:\/\/www.justiceinfo.net\/12197-100610-tpirmilitaires-i-le-tpir-demande-la-nature-exacte-des-allegations-contre-erlinder9005.html"},"modified":"2010-06-10T00:00:00","modified_gmt":"2010-06-09T22:00:00","slug":"100610-tpirmilitaires-i-le-tpir-demande-la-nature-exacte-des-allegations-contre-erlinder9005","status":"publish","type":"post","link":"https:\/\/www.justiceinfo.net\/fr\/12197-100610-tpirmilitaires-i-le-tpir-demande-la-nature-exacte-des-allegations-contre-erlinder9005.html","title":{"rendered":"10.06.10 - TPIR\/MILITAIRES I - LE TPIR DEMANDE LA NATURE EXACTE DES ALLEGATIONS CONTRE ERLINDER"},"content":{"rendered":"<p >\nArusha, 10 juin 2010 (FH) - La chambre d'appel du Tribunal p&eacute;nal international pour le Rwanda (TPIR) a demand&eacute; la &laquo; nature exacte et le fondement &raquo; des accusations rwandaises contre l'am&eacute;ricain Peter Erlinder, d&eacute;tenu &agrave; Kigali o&ugrave; il est poursuivi pour n&eacute;gation du g&eacute;nocide des Tutsis de 1994, a-t-on appris jeudi.\n<\/p>\n<p><!--more--><\/p>\n<p >\nL'avocat am&eacute;ricain a &eacute;t&eacute; arr&ecirc;t&eacute; le 28 mai dans la capitale rwandaise o&ugrave; il &eacute;tait arriv&eacute; pour d&eacute;fendre l'opposante Victoire Ingabire, elle-m&ecirc;me accus&eacute;e de nier le g&eacute;nocide des Tutsis.\n<\/p>\n<p >\nAu TPIR, Peter Erlinder est l'avocat principal de l'ancien commandant du bataillon paracommando, le major Aloys Ntabakuze, condamn&eacute; &agrave; la perp&eacute;tuit&eacute; en premi&egrave;re instance et qui pr&eacute;pare son proc&egrave;s en appel.\n<\/p>\n<p >\n&laquo; La chambre d'appel donne instruction au greffier de requ&eacute;rir, d'urgence, l'assistance des autorit&eacute;s rwandaises, en vue d'obtenir toutes les informations concernant la nature exacte et le fondement des accusations port&eacute;es contre Peter Erlinder &raquo;, indique-t-elle dans un arr&ecirc;t.\n<\/p>\n<p >\nLa chambre avait &eacute;t&eacute; saisie&nbsp; le 3 juin par les autres membres de l'&eacute;quipe de d&eacute;fense de Ntabakuze qui demandaient au tribunal d'intervenir en vue de la lib&eacute;ration imm&eacute;diate de l'avocat am&eacute;ricain.\n<\/p>\n<p >\nLa requ&ecirc;te soutenait que l'arrestation du d&eacute;fenseur &eacute;tait directement li&eacute;e &agrave; ses d&eacute;clarations dans le cadre de la d&eacute;fense de Ntabakuze devant le TPIR.\n<\/p>\n<p >\nMais le procureur g&eacute;n&eacute;ral du Rwanda, Martin Ngoga, a d&eacute;clar&eacute; mardi &agrave; la presse que les poursuites engag&eacute;es contre Erlinder&nbsp; n'avaient rien &agrave; voir avec sa mission au TPIR.\n<\/p>\n<p >\nCette affaire risque de paralyser l'activit&eacute; du TPIR o&ugrave; de nombreux avocats de la d&eacute;fense ont menac&eacute; de rendre le tablier. Peter Robinson, un concitoyen d'Erlinder, a donn&eacute; le ton en refusant d'interroger cette semaine un t&eacute;moin arriv&eacute; des Etats-Unis.\n<\/p>\n<p >\nIrrit&eacute;e, la chambre pr&eacute;sid&eacute;e par le juge Dennis Byron, a d&eacute;cid&eacute; de poursuivre l'avocat pour outrage &agrave; la cour, une premi&egrave;re dans les annales du tribunal.\n<\/p>\n<p >\nER\/GF\n<\/p>\n<p>\n&nbsp;&copy; Agence Hirondelle<\/p>\n","protected":false},"excerpt":{"rendered":"<p>Arusha, 10 juin 2010 (FH) - La chambre d'appel du Tribunal p&eacute;nal international pour le Rwanda (TPIR) a demand&eacute; la &laquo; nature exacte et le fondement &raquo; des accusations rwandaises contre l'am&eacute;ricain Peter Erlinder, d&eacute;tenu &agrave; Kigali o&ugrave; il est poursuivi pour n&eacute;gation du g&eacute;nocide des Tutsis de 1994, a-t-on appris jeudi.<\/p>\n","protected":false},"author":64,"featured_media":0,"comment_status":"open","ping_status":"closed","sticky":false,"template":"","format":"standard","meta":{"_acf_changed":false,"footnotes":""},"categories":[554],"tags":[],"ji_location":[],"class_list":["post-12197","post","type-post","status-publish","format-standard","hentry","category-hirondellenews"],"acf":[],"yoast_head":"<!-- This site is optimized with the Yoast SEO Premium plugin v25.3.1 (Yoast SEO v25.3.1) - https:\/\/yoast.com\/wordpress\/plugins\/seo\/ -->\n<title>10.06.10 - TPIR\/MILITAIRES I - LE TPIR DEMANDE LA NATURE EXACTE DES ALLEGATIONS CONTRE ERLINDER - JusticeInfo.net<\/title>\n<meta name=\"robots\" content=\"index, follow, max-snippet:-1, max-image-preview:large, max-video-preview:-1\" \/>\n<link rel=\"canonical\" href=\"https:\/\/www.justiceinfo.net\/fr\/12197-100610-tpirmilitaires-i-le-tpir-demande-la-nature-exacte-des-allegations-contre-erlinder9005.html\" \/>\n<meta property=\"og:locale\" content=\"fr_FR\" \/>\n<meta property=\"og:type\" content=\"article\" \/>\n<meta property=\"og:title\" content=\"10.06.10 - TPIR\/MILITAIRES I - LE TPIR DEMANDE LA NATURE EXACTE DES ALLEGATIONS CONTRE ERLINDER\" \/>\n<meta property=\"og:description\" content=\"Arusha, 10 juin 2010 (FH) - La chambre d&#039;appel du Tribunal p&eacute;nal international pour le Rwanda (TPIR) a demand&eacute; la &laquo; nature exacte et le fondement &raquo; des accusations rwandaises contre l&#039;am&eacute;ricain Peter Erlinder, d&eacute;tenu &agrave; Kigali o&ugrave; il est poursuivi pour n&eacute;gation du g&eacute;nocide des Tutsis de 1994, a-t-on appris jeudi.\" \/>\n<meta property=\"og:url\" content=\"https:\/\/www.justiceinfo.net\/fr\/12197-100610-tpirmilitaires-i-le-tpir-demande-la-nature-exacte-des-allegations-contre-erlinder9005.html\" \/>\n<meta property=\"og:site_name\" content=\"JusticeInfo.net\" \/>\n<meta property=\"article:publisher\" content=\"https:\/\/www.facebook.com\/JusticeInfo\/\" \/>\n<meta property=\"article:published_time\" content=\"2010-06-09T22:00:00+00:00\" \/>\n<meta property=\"og:image\" content=\"https:\/\/www.justiceinfo.net\/wp-content\/uploads\/JusticeInfoNet_logo_1200x630px.jpg\" \/>\n\t<meta property=\"og:image:width\" content=\"1200\" \/>\n\t<meta property=\"og:image:height\" content=\"630\" \/>\n\t<meta property=\"og:image:type\" content=\"image\/jpeg\" \/>\n<meta name=\"author\" content=\"solivri\" \/>\n<meta name=\"twitter:card\" content=\"summary_large_image\" \/>\n<meta name=\"twitter:creator\" content=\"@justiceinfonet\" \/>\n<meta name=\"twitter:site\" content=\"@justiceinfonet\" \/>\n<meta name=\"twitter:label1\" content=\"\u00c9crit par\" \/>\n\t<meta name=\"twitter:data1\" content=\"solivri\" \/>\n\t<meta name=\"twitter:label2\" content=\"Dur\u00e9e de lecture estim\u00e9e\" \/>\n\t<meta name=\"twitter:data2\" content=\"2 minutes\" \/>\n<script type=\"application\/ld+json\" class=\"yoast-schema-graph\">{\"@context\":\"https:\/\/schema.org\",\"@graph\":[{\"@type\":\"NewsArticle\",\"@id\":\"https:\/\/www.justiceinfo.net\/fr\/12197-100610-tpirmilitaires-i-le-tpir-demande-la-nature-exacte-des-allegations-contre-erlinder9005.html#article\",\"isPartOf\":{\"@id\":\"https:\/\/www.justiceinfo.net\/fr\/12197-100610-tpirmilitaires-i-le-tpir-demande-la-nature-exacte-des-allegations-contre-erlinder9005.html\"},\"author\":{\"name\":\"solivri\",\"@id\":\"https:\/\/www.justiceinfo.net\/fr#\/schema\/person\/6e53cba1629e2e66f3fc1821d3091865\"},\"headline\":\"10.06.10 - TPIR\/MILITAIRES I - LE TPIR DEMANDE LA NATURE EXACTE DES ALLEGATIONS CONTRE ERLINDER\",\"datePublished\":\"2010-06-09T22:00:00+00:00\",\"mainEntityOfPage\":{\"@id\":\"https:\/\/www.justiceinfo.net\/fr\/12197-100610-tpirmilitaires-i-le-tpir-demande-la-nature-exacte-des-allegations-contre-erlinder9005.html\"},\"wordCount\":438,\"commentCount\":0,\"publisher\":{\"@id\":\"https:\/\/www.justiceinfo.net\/fr#organization\"},\"articleSection\":[\"Hirondelle News\"],\"inLanguage\":\"fr-FR\",\"potentialAction\":[{\"@type\":\"CommentAction\",\"name\":\"Comment\",\"target\":[\"https:\/\/www.justiceinfo.net\/fr\/12197-100610-tpirmilitaires-i-le-tpir-demande-la-nature-exacte-des-allegations-contre-erlinder9005.html#respond\"]}]},{\"@type\":\"WebPage\",\"@id\":\"https:\/\/www.justiceinfo.net\/fr\/12197-100610-tpirmilitaires-i-le-tpir-demande-la-nature-exacte-des-allegations-contre-erlinder9005.html\",\"url\":\"https:\/\/www.justiceinfo.net\/fr\/12197-100610-tpirmilitaires-i-le-tpir-demande-la-nature-exacte-des-allegations-contre-erlinder9005.html\",\"name\":\"10.06.10 - TPIR\/MILITAIRES I - LE TPIR DEMANDE LA NATURE EXACTE DES ALLEGATIONS CONTRE ERLINDER - JusticeInfo.net\",\"isPartOf\":{\"@id\":\"https:\/\/www.justiceinfo.net\/fr#website\"},\"datePublished\":\"2010-06-09T22:00:00+00:00\",\"breadcrumb\":{\"@id\":\"https:\/\/www.justiceinfo.net\/fr\/12197-100610-tpirmilitaires-i-le-tpir-demande-la-nature-exacte-des-allegations-contre-erlinder9005.html#breadcrumb\"},\"inLanguage\":\"fr-FR\",\"potentialAction\":[{\"@type\":\"ReadAction\",\"target\":[\"https:\/\/www.justiceinfo.net\/fr\/12197-100610-tpirmilitaires-i-le-tpir-demande-la-nature-exacte-des-allegations-contre-erlinder9005.html\"]}]},{\"@type\":\"BreadcrumbList\",\"@id\":\"https:\/\/www.justiceinfo.net\/fr\/12197-100610-tpirmilitaires-i-le-tpir-demande-la-nature-exacte-des-allegations-contre-erlinder9005.html#breadcrumb\",\"itemListElement\":[{\"@type\":\"ListItem\",\"position\":1,\"name\":\"Home\",\"item\":\"https:\/\/www.justiceinfo.net\/fr\"},{\"@type\":\"ListItem\",\"position\":2,\"name\":\"10.06.10 - TPIR\/MILITAIRES I - LE TPIR DEMANDE LA NATURE EXACTE DES ALLEGATIONS CONTRE ERLINDER\"}]},{\"@type\":\"WebSite\",\"@id\":\"https:\/\/www.justiceinfo.net\/fr#website\",\"url\":\"https:\/\/www.justiceinfo.net\/fr\",\"name\":\"JusticeInfo.net\",\"description\":\"La justice doit \u00eatre vue pour \u00eatre rendue\",\"publisher\":{\"@id\":\"https:\/\/www.justiceinfo.net\/fr#organization\"},\"potentialAction\":[{\"@type\":\"SearchAction\",\"target\":{\"@type\":\"EntryPoint\",\"urlTemplate\":\"https:\/\/www.justiceinfo.net\/fr?s={search_term_string}\"},\"query-input\":{\"@type\":\"PropertyValueSpecification\",\"valueRequired\":true,\"valueName\":\"search_term_string\"}}],\"inLanguage\":\"fr-FR\"},{\"@type\":\"Organization\",\"@id\":\"https:\/\/www.justiceinfo.net\/fr#organization\",\"name\":\"Justice Info\",\"url\":\"https:\/\/www.justiceinfo.net\/fr\",\"logo\":{\"@type\":\"ImageObject\",\"inLanguage\":\"fr-FR\",\"@id\":\"https:\/\/www.justiceinfo.net\/fr#\/schema\/logo\/image\/\",\"url\":\"https:\/\/www.justiceinfo.net\/wp-content\/uploads\/justiceinfo_logo-trans_1200x1200px.png\",\"contentUrl\":\"https:\/\/www.justiceinfo.net\/wp-content\/uploads\/justiceinfo_logo-trans_1200x1200px.png\",\"width\":1199,\"height\":1200,\"caption\":\"Justice Info\"},\"image\":{\"@id\":\"https:\/\/www.justiceinfo.net\/fr#\/schema\/logo\/image\/\"},\"sameAs\":[\"https:\/\/www.facebook.com\/JusticeInfo\/\",\"https:\/\/x.com\/justiceinfonet\",\"https:\/\/www.linkedin.com\/company\/justice-info\",\"https:\/\/www.youtube.com\/channel\/UCyCEsARodyuWtkWyhn-e7pA\"]},{\"@type\":\"Person\",\"name\":\"solivri\",\"url\":\"\/fr\/?s=solivri\"}]}<\/script>\n<!-- \/ Yoast SEO Premium plugin. -->","yoast_head_json":{"title":"10.06.10 - TPIR\/MILITAIRES I - LE TPIR DEMANDE LA NATURE EXACTE DES ALLEGATIONS CONTRE ERLINDER - JusticeInfo.net","robots":{"index":"index","follow":"follow","max-snippet":"max-snippet:-1","max-image-preview":"max-image-preview:large","max-video-preview":"max-video-preview:-1"},"canonical":"https:\/\/www.justiceinfo.net\/fr\/12197-100610-tpirmilitaires-i-le-tpir-demande-la-nature-exacte-des-allegations-contre-erlinder9005.html","og_locale":"fr_FR","og_type":"article","og_title":"10.06.10 - TPIR\/MILITAIRES I - LE TPIR DEMANDE LA NATURE EXACTE DES ALLEGATIONS CONTRE ERLINDER","og_description":"Arusha, 10 juin 2010 (FH) - La chambre d'appel du Tribunal p&eacute;nal international pour le Rwanda (TPIR) a demand&eacute; la &laquo; nature exacte et le fondement &raquo; des accusations rwandaises contre l'am&eacute;ricain Peter Erlinder, d&eacute;tenu &agrave; Kigali o&ugrave; il est poursuivi pour n&eacute;gation du g&eacute;nocide des Tutsis de 1994, a-t-on appris jeudi.","og_url":"https:\/\/www.justiceinfo.net\/fr\/12197-100610-tpirmilitaires-i-le-tpir-demande-la-nature-exacte-des-allegations-contre-erlinder9005.html","og_site_name":"JusticeInfo.net","article_publisher":"https:\/\/www.facebook.com\/JusticeInfo\/","article_published_time":"2010-06-09T22:00:00+00:00","og_image":[{"width":1200,"height":630,"url":"https:\/\/www.justiceinfo.net\/wp-content\/uploads\/JusticeInfoNet_logo_1200x630px.jpg","type":"image\/jpeg"}],"author":"solivri","twitter_card":"summary_large_image","twitter_creator":"@justiceinfonet","twitter_site":"@justiceinfonet","twitter_misc":{"\u00c9crit par":"solivri","Dur\u00e9e de lecture estim\u00e9e":"2 minutes"},"schema":{"@context":"https:\/\/schema.org","@graph":[{"@type":"NewsArticle","@id":"https:\/\/www.justiceinfo.net\/fr\/12197-100610-tpirmilitaires-i-le-tpir-demande-la-nature-exacte-des-allegations-contre-erlinder9005.html#article","isPartOf":{"@id":"https:\/\/www.justiceinfo.net\/fr\/12197-100610-tpirmilitaires-i-le-tpir-demande-la-nature-exacte-des-allegations-contre-erlinder9005.html"},"author":{"name":"solivri","@id":"https:\/\/www.justiceinfo.net\/fr#\/schema\/person\/6e53cba1629e2e66f3fc1821d3091865"},"headline":"10.06.10 - TPIR\/MILITAIRES I - LE TPIR DEMANDE LA NATURE EXACTE DES ALLEGATIONS CONTRE ERLINDER","datePublished":"2010-06-09T22:00:00+00:00","mainEntityOfPage":{"@id":"https:\/\/www.justiceinfo.net\/fr\/12197-100610-tpirmilitaires-i-le-tpir-demande-la-nature-exacte-des-allegations-contre-erlinder9005.html"},"wordCount":438,"commentCount":0,"publisher":{"@id":"https:\/\/www.justiceinfo.net\/fr#organization"},"articleSection":["Hirondelle News"],"inLanguage":"fr-FR","potentialAction":[{"@type":"CommentAction","name":"Comment","target":["https:\/\/www.justiceinfo.net\/fr\/12197-100610-tpirmilitaires-i-le-tpir-demande-la-nature-exacte-des-allegations-contre-erlinder9005.html#respond"]}]},{"@type":"WebPage","@id":"https:\/\/www.justiceinfo.net\/fr\/12197-100610-tpirmilitaires-i-le-tpir-demande-la-nature-exacte-des-allegations-contre-erlinder9005.html","url":"https:\/\/www.justiceinfo.net\/fr\/12197-100610-tpirmilitaires-i-le-tpir-demande-la-nature-exacte-des-allegations-contre-erlinder9005.html","name":"10.06.10 - TPIR\/MILITAIRES I - LE TPIR DEMANDE LA NATURE EXACTE DES ALLEGATIONS CONTRE ERLINDER - JusticeInfo.net","isPartOf":{"@id":"https:\/\/www.justiceinfo.net\/fr#website"},"datePublished":"2010-06-09T22:00:00+00:00","breadcrumb":{"@id":"https:\/\/www.justiceinfo.net\/fr\/12197-100610-tpirmilitaires-i-le-tpir-demande-la-nature-exacte-des-allegations-contre-erlinder9005.html#breadcrumb"},"inLanguage":"fr-FR","potentialAction":[{"@type":"ReadAction","target":["https:\/\/www.justiceinfo.net\/fr\/12197-100610-tpirmilitaires-i-le-tpir-demande-la-nature-exacte-des-allegations-contre-erlinder9005.html"]}]},{"@type":"BreadcrumbList","@id":"https:\/\/www.justiceinfo.net\/fr\/12197-100610-tpirmilitaires-i-le-tpir-demande-la-nature-exacte-des-allegations-contre-erlinder9005.html#breadcrumb","itemListElement":[{"@type":"ListItem","position":1,"name":"Home","item":"https:\/\/www.justiceinfo.net\/fr"},{"@type":"ListItem","position":2,"name":"10.06.10 - TPIR\/MILITAIRES I - LE TPIR DEMANDE LA NATURE EXACTE DES ALLEGATIONS CONTRE ERLINDER"}]},{"@type":"WebSite","@id":"https:\/\/www.justiceinfo.net\/fr#website","url":"https:\/\/www.justiceinfo.net\/fr","name":"JusticeInfo.net","description":"La justice doit \u00eatre vue pour \u00eatre rendue","publisher":{"@id":"https:\/\/www.justiceinfo.net\/fr#organization"},"potentialAction":[{"@type":"SearchAction","target":{"@type":"EntryPoint","urlTemplate":"https:\/\/www.justiceinfo.net\/fr?s={search_term_string}"},"query-input":{"@type":"PropertyValueSpecification","valueRequired":true,"valueName":"search_term_string"}}],"inLanguage":"fr-FR"},{"@type":"Organization","@id":"https:\/\/www.justiceinfo.net\/fr#organization","name":"Justice Info","url":"https:\/\/www.justiceinfo.net\/fr","logo":{"@type":"ImageObject","inLanguage":"fr-FR","@id":"https:\/\/www.justiceinfo.net\/fr#\/schema\/logo\/image\/","url":"https:\/\/www.justiceinfo.net\/wp-content\/uploads\/justiceinfo_logo-trans_1200x1200px.png","contentUrl":"https:\/\/www.justiceinfo.net\/wp-content\/uploads\/justiceinfo_logo-trans_1200x1200px.png","width":1199,"height":1200,"caption":"Justice Info"},"image":{"@id":"https:\/\/www.justiceinfo.net\/fr#\/schema\/logo\/image\/"},"sameAs":["https:\/\/www.facebook.com\/JusticeInfo\/","https:\/\/x.com\/justiceinfonet","https:\/\/www.linkedin.com\/company\/justice-info","https:\/\/www.youtube.com\/channel\/UCyCEsARodyuWtkWyhn-e7pA"]},{"@type":"Person","name":"solivri","url":"\/fr\/?s=solivri"}]}},"_links":{"self":[{"href":"https:\/\/www.justiceinfo.net\/fr\/wp-json\/wp\/v2\/posts\/12197","targetHints":{"allow":["GET"]}}],"collection":[{"href":"https:\/\/www.justiceinfo.net\/fr\/wp-json\/wp\/v2\/posts"}],"about":[{"href":"https:\/\/www.justiceinfo.net\/fr\/wp-json\/wp\/v2\/types\/post"}],"author":[{"embeddable":true,"href":"https:\/\/www.justiceinfo.net\/fr\/wp-json\/wp\/v2\/users\/64"}],"replies":[{"embeddable":true,"href":"https:\/\/www.justiceinfo.net\/fr\/wp-json\/wp\/v2\/comments?post=12197"}],"version-history":[{"count":0,"href":"https:\/\/www.justiceinfo.net\/fr\/wp-json\/wp\/v2\/posts\/12197\/revisions"}],"wp:attachment":[{"href":"https:\/\/www.justiceinfo.net\/fr\/wp-json\/wp\/v2\/media?parent=12197"}],"wp:term":[{"taxonomy":"category","embeddable":true,"href":"https:\/\/www.justiceinfo.net\/fr\/wp-json\/wp\/v2\/categories?post=12197"},{"taxonomy":"post_tag","embeddable":true,"href":"https:\/\/www.justiceinfo.net\/fr\/wp-json\/wp\/v2\/tags?post=12197"},{"taxonomy":"ji_location","embeddable":true,"href":"https:\/\/www.justiceinfo.net\/fr\/wp-json\/wp\/v2\/ji_location?post=12197"}],"curies":[{"name":"wp","href":"https:\/\/api.w.org\/{rel}","templated":true}]}}