{"id":12206,"date":"2010-06-14T00:00:00","date_gmt":"2010-06-13T22:00:00","guid":{"rendered":"https:\/\/www.justiceinfo.net\/12206-140610-tpirntawukulilyayo-la-prison-a-vie-requise-contre-un-ancien-sous-prefet9014.html"},"modified":"2010-06-14T00:00:00","modified_gmt":"2010-06-13T22:00:00","slug":"140610-tpirntawukulilyayo-la-prison-a-vie-requise-contre-un-ancien-sous-prefet9014","status":"publish","type":"post","link":"https:\/\/www.justiceinfo.net\/fr\/12206-140610-tpirntawukulilyayo-la-prison-a-vie-requise-contre-un-ancien-sous-prefet9014.html","title":{"rendered":"14.06.10 - TPIR\/NTAWUKULILYAYO - LA PRISON A VIE REQUISE CONTRE UN ANCIEN SOUS-PREFET"},"content":{"rendered":"<p >\nArusha, 14 juin 2010 (FH) - Le procureur a requis lundi la prison &agrave; vie &agrave; l'encontre d'un ancien sous-pr&eacute;fet poursuivi au Tribunal p&eacute;nal international pour le Rwanda (TPIR) pour son r&ocirc;le pr&eacute;sum&eacute; dans le g&eacute;nocide des Tutsis en 1994.\n<\/p>\n<p><!--more--><\/p>\n<p >\n<p >\n<p >\nAujourd'hui &acirc;g&eacute; de 68 ans, Dominique Ntawukulilyayo qui dirigeait la sous-pr&eacute;fecture de Gisagara (sud) est inculp&eacute; de g&eacute;nocide et d'incitation directe et publique &agrave; commettre le g&eacute;nocide.\n<\/p>\n<p >\n&laquo; La peine que m&eacute;rite l'accus&eacute; est l'emprisonnement &agrave; vie. Il n'y a pas de circonstances att&eacute;nuantes dans cette affaire &raquo;, a d&eacute;clar&eacute; Thembile Segoete, du bureau du procureur.\n<\/p>\n<p >\n<p >\nL'ancien responsable administratif r&eacute;pond notamment du massacre de milliers de Tutsis qui avaient cherch&eacute; refuge sur la colline de Kabuye, dans sa sous-pr&eacute;fecture, vers fin avril 1994.\n<\/p>\n<p >\n<p >\nSelon Mme Segoete, ces Tutsis ont &eacute;t&eacute; tu&eacute;s par de nombreux assaillants hutus, parmi lesquels des militaires et des gendarmes qu'il a, en personne, transport&eacute;s sur les lieux, &agrave; bord de son v&eacute;hicule.\n<\/p>\n<p >\n<p >\n&laquo; L'accus&eacute; avait de l'autorit&eacute; sur les militaires. Il les a conduits sur la colline et a quitt&eacute; l'endroit apr&egrave;s avoir point&eacute; un doigt en direction de l'endroit o&ugrave; se trouvaient les r&eacute;fugi&eacute;s &raquo; Tutsis, a soulign&eacute; Mme Segoete.\n<\/p>\n<p >\n<p >\nApr&egrave;s ce geste, il est reparti et le carnage a d&eacute;but&eacute;, a ajout&eacute; la procureure. Pour sa part, Doroth&eacute;e Le Fraper du Hellen, de la d&eacute;fense, a plaid&eacute; l'acquittement, relevant &laquo; des contradictions majeures et des incoh&eacute;rences &raquo; dans les t&eacute;moignages &agrave; charge. &laquo; Tout cela n'est que fantasme (...) L'homme qui est assis &agrave; nos c&ocirc;t&eacute;s a toujours &eacute;t&eacute; anim&eacute; d'une absence totale d'intention criminelle &agrave; l'encontre des Tutsis &raquo;,a -t-elle conclu.\n<\/p>\n<p >\n<p >\nLa date du verdict sera annonc&eacute;e ult&eacute;rieurement.\n<\/p>\n<p >\n<p >\nA la chute de l'ancien r&eacute;gime hutu en juillet 1994, Ntawukulilyayo avait entam&eacute; un exil qui l'avait finalement conduit &agrave; Carcassone, dans l'ouest de la France, o&ugrave; il fut arr&ecirc;t&eacute; le 16 octobre 2007.\n<\/p>\n<p >\nER\/GF\n<\/p>\n<p>\n@Agence Hirondelle<\/p>\n","protected":false},"excerpt":{"rendered":"<p>Arusha, 14 juin 2010 (FH) - Le procureur a requis lundi la prison &agrave; vie &agrave; l'encontre d'un ancien sous-pr&eacute;fet poursuivi au Tribunal p&eacute;nal international pour le Rwanda (TPIR) pour son r&ocirc;le pr&eacute;sum&eacute; dans le g&eacute;nocide des Tutsis en 1994.<\/p>\n","protected":false},"author":64,"featured_media":0,"comment_status":"open","ping_status":"closed","sticky":false,"template":"","format":"standard","meta":{"_acf_changed":false,"footnotes":""},"categories":[554],"tags":[],"ji_location":[],"class_list":["post-12206","post","type-post","status-publish","format-standard","hentry","category-hirondellenews"],"acf":[],"yoast_head":"<!-- This site is optimized with the Yoast SEO Premium plugin v25.3.1 (Yoast SEO v25.3.1) - https:\/\/yoast.com\/wordpress\/plugins\/seo\/ -->\n<title>14.06.10 - TPIR\/NTAWUKULILYAYO - LA PRISON A VIE REQUISE CONTRE UN ANCIEN SOUS-PREFET - JusticeInfo.net<\/title>\n<meta name=\"robots\" content=\"index, follow, max-snippet:-1, max-image-preview:large, max-video-preview:-1\" \/>\n<link rel=\"canonical\" href=\"https:\/\/www.justiceinfo.net\/fr\/12206-140610-tpirntawukulilyayo-la-prison-a-vie-requise-contre-un-ancien-sous-prefet9014.html\" \/>\n<meta property=\"og:locale\" content=\"fr_FR\" \/>\n<meta property=\"og:type\" content=\"article\" \/>\n<meta property=\"og:title\" content=\"14.06.10 - TPIR\/NTAWUKULILYAYO - LA PRISON A VIE REQUISE CONTRE UN ANCIEN SOUS-PREFET\" \/>\n<meta property=\"og:description\" content=\"Arusha, 14 juin 2010 (FH) - Le procureur a requis lundi la prison &agrave; vie &agrave; l&#039;encontre d&#039;un ancien sous-pr&eacute;fet poursuivi au Tribunal p&eacute;nal international pour le Rwanda (TPIR) pour son r&ocirc;le pr&eacute;sum&eacute; dans le g&eacute;nocide des Tutsis en 1994.\" \/>\n<meta property=\"og:url\" content=\"https:\/\/www.justiceinfo.net\/fr\/12206-140610-tpirntawukulilyayo-la-prison-a-vie-requise-contre-un-ancien-sous-prefet9014.html\" \/>\n<meta property=\"og:site_name\" content=\"JusticeInfo.net\" \/>\n<meta property=\"article:publisher\" content=\"https:\/\/www.facebook.com\/JusticeInfo\/\" \/>\n<meta property=\"article:published_time\" content=\"2010-06-13T22:00:00+00:00\" \/>\n<meta property=\"og:image\" content=\"https:\/\/www.justiceinfo.net\/wp-content\/uploads\/JusticeInfoNet_logo_1200x630px.jpg\" \/>\n\t<meta property=\"og:image:width\" content=\"1200\" \/>\n\t<meta property=\"og:image:height\" content=\"630\" \/>\n\t<meta property=\"og:image:type\" content=\"image\/jpeg\" \/>\n<meta name=\"author\" content=\"solivri\" \/>\n<meta name=\"twitter:card\" content=\"summary_large_image\" \/>\n<meta name=\"twitter:creator\" content=\"@justiceinfonet\" \/>\n<meta name=\"twitter:site\" content=\"@justiceinfonet\" \/>\n<meta name=\"twitter:label1\" content=\"\u00c9crit par\" \/>\n\t<meta name=\"twitter:data1\" content=\"solivri\" \/>\n\t<meta name=\"twitter:label2\" content=\"Dur\u00e9e de lecture estim\u00e9e\" \/>\n\t<meta name=\"twitter:data2\" content=\"2 minutes\" \/>\n<script type=\"application\/ld+json\" class=\"yoast-schema-graph\">{\"@context\":\"https:\/\/schema.org\",\"@graph\":[{\"@type\":\"NewsArticle\",\"@id\":\"https:\/\/www.justiceinfo.net\/fr\/12206-140610-tpirntawukulilyayo-la-prison-a-vie-requise-contre-un-ancien-sous-prefet9014.html#article\",\"isPartOf\":{\"@id\":\"https:\/\/www.justiceinfo.net\/fr\/12206-140610-tpirntawukulilyayo-la-prison-a-vie-requise-contre-un-ancien-sous-prefet9014.html\"},\"author\":{\"name\":\"solivri\",\"@id\":\"https:\/\/www.justiceinfo.net\/fr#\/schema\/person\/6e53cba1629e2e66f3fc1821d3091865\"},\"headline\":\"14.06.10 - TPIR\/NTAWUKULILYAYO - LA PRISON A VIE REQUISE CONTRE UN ANCIEN SOUS-PREFET\",\"datePublished\":\"2010-06-13T22:00:00+00:00\",\"mainEntityOfPage\":{\"@id\":\"https:\/\/www.justiceinfo.net\/fr\/12206-140610-tpirntawukulilyayo-la-prison-a-vie-requise-contre-un-ancien-sous-prefet9014.html\"},\"wordCount\":426,\"commentCount\":0,\"publisher\":{\"@id\":\"https:\/\/www.justiceinfo.net\/fr#organization\"},\"articleSection\":[\"Hirondelle News\"],\"inLanguage\":\"fr-FR\",\"potentialAction\":[{\"@type\":\"CommentAction\",\"name\":\"Comment\",\"target\":[\"https:\/\/www.justiceinfo.net\/fr\/12206-140610-tpirntawukulilyayo-la-prison-a-vie-requise-contre-un-ancien-sous-prefet9014.html#respond\"]}]},{\"@type\":\"WebPage\",\"@id\":\"https:\/\/www.justiceinfo.net\/fr\/12206-140610-tpirntawukulilyayo-la-prison-a-vie-requise-contre-un-ancien-sous-prefet9014.html\",\"url\":\"https:\/\/www.justiceinfo.net\/fr\/12206-140610-tpirntawukulilyayo-la-prison-a-vie-requise-contre-un-ancien-sous-prefet9014.html\",\"name\":\"14.06.10 - TPIR\/NTAWUKULILYAYO - LA PRISON A VIE REQUISE CONTRE UN ANCIEN SOUS-PREFET - JusticeInfo.net\",\"isPartOf\":{\"@id\":\"https:\/\/www.justiceinfo.net\/fr#website\"},\"datePublished\":\"2010-06-13T22:00:00+00:00\",\"breadcrumb\":{\"@id\":\"https:\/\/www.justiceinfo.net\/fr\/12206-140610-tpirntawukulilyayo-la-prison-a-vie-requise-contre-un-ancien-sous-prefet9014.html#breadcrumb\"},\"inLanguage\":\"fr-FR\",\"potentialAction\":[{\"@type\":\"ReadAction\",\"target\":[\"https:\/\/www.justiceinfo.net\/fr\/12206-140610-tpirntawukulilyayo-la-prison-a-vie-requise-contre-un-ancien-sous-prefet9014.html\"]}]},{\"@type\":\"BreadcrumbList\",\"@id\":\"https:\/\/www.justiceinfo.net\/fr\/12206-140610-tpirntawukulilyayo-la-prison-a-vie-requise-contre-un-ancien-sous-prefet9014.html#breadcrumb\",\"itemListElement\":[{\"@type\":\"ListItem\",\"position\":1,\"name\":\"Home\",\"item\":\"https:\/\/www.justiceinfo.net\/fr\"},{\"@type\":\"ListItem\",\"position\":2,\"name\":\"14.06.10 - TPIR\/NTAWUKULILYAYO - LA PRISON A VIE REQUISE CONTRE UN ANCIEN SOUS-PREFET\"}]},{\"@type\":\"WebSite\",\"@id\":\"https:\/\/www.justiceinfo.net\/fr#website\",\"url\":\"https:\/\/www.justiceinfo.net\/fr\",\"name\":\"JusticeInfo.net\",\"description\":\"La justice doit \u00eatre vue pour \u00eatre rendue\",\"publisher\":{\"@id\":\"https:\/\/www.justiceinfo.net\/fr#organization\"},\"potentialAction\":[{\"@type\":\"SearchAction\",\"target\":{\"@type\":\"EntryPoint\",\"urlTemplate\":\"https:\/\/www.justiceinfo.net\/fr?s={search_term_string}\"},\"query-input\":{\"@type\":\"PropertyValueSpecification\",\"valueRequired\":true,\"valueName\":\"search_term_string\"}}],\"inLanguage\":\"fr-FR\"},{\"@type\":\"Organization\",\"@id\":\"https:\/\/www.justiceinfo.net\/fr#organization\",\"name\":\"Justice Info\",\"url\":\"https:\/\/www.justiceinfo.net\/fr\",\"logo\":{\"@type\":\"ImageObject\",\"inLanguage\":\"fr-FR\",\"@id\":\"https:\/\/www.justiceinfo.net\/fr#\/schema\/logo\/image\/\",\"url\":\"https:\/\/www.justiceinfo.net\/wp-content\/uploads\/justiceinfo_logo-trans_1200x1200px.png\",\"contentUrl\":\"https:\/\/www.justiceinfo.net\/wp-content\/uploads\/justiceinfo_logo-trans_1200x1200px.png\",\"width\":1199,\"height\":1200,\"caption\":\"Justice Info\"},\"image\":{\"@id\":\"https:\/\/www.justiceinfo.net\/fr#\/schema\/logo\/image\/\"},\"sameAs\":[\"https:\/\/www.facebook.com\/JusticeInfo\/\",\"https:\/\/x.com\/justiceinfonet\",\"https:\/\/www.linkedin.com\/company\/justice-info\",\"https:\/\/www.youtube.com\/channel\/UCyCEsARodyuWtkWyhn-e7pA\"]},{\"@type\":\"Person\",\"name\":\"solivri\",\"url\":\"\/fr\/?s=solivri\"}]}<\/script>\n<!-- \/ Yoast SEO Premium plugin. -->","yoast_head_json":{"title":"14.06.10 - TPIR\/NTAWUKULILYAYO - LA PRISON A VIE REQUISE CONTRE UN ANCIEN SOUS-PREFET - JusticeInfo.net","robots":{"index":"index","follow":"follow","max-snippet":"max-snippet:-1","max-image-preview":"max-image-preview:large","max-video-preview":"max-video-preview:-1"},"canonical":"https:\/\/www.justiceinfo.net\/fr\/12206-140610-tpirntawukulilyayo-la-prison-a-vie-requise-contre-un-ancien-sous-prefet9014.html","og_locale":"fr_FR","og_type":"article","og_title":"14.06.10 - TPIR\/NTAWUKULILYAYO - LA PRISON A VIE REQUISE CONTRE UN ANCIEN SOUS-PREFET","og_description":"Arusha, 14 juin 2010 (FH) - Le procureur a requis lundi la prison &agrave; vie &agrave; l'encontre d'un ancien sous-pr&eacute;fet poursuivi au Tribunal p&eacute;nal international pour le Rwanda (TPIR) pour son r&ocirc;le pr&eacute;sum&eacute; dans le g&eacute;nocide des Tutsis en 1994.","og_url":"https:\/\/www.justiceinfo.net\/fr\/12206-140610-tpirntawukulilyayo-la-prison-a-vie-requise-contre-un-ancien-sous-prefet9014.html","og_site_name":"JusticeInfo.net","article_publisher":"https:\/\/www.facebook.com\/JusticeInfo\/","article_published_time":"2010-06-13T22:00:00+00:00","og_image":[{"width":1200,"height":630,"url":"https:\/\/www.justiceinfo.net\/wp-content\/uploads\/JusticeInfoNet_logo_1200x630px.jpg","type":"image\/jpeg"}],"author":"solivri","twitter_card":"summary_large_image","twitter_creator":"@justiceinfonet","twitter_site":"@justiceinfonet","twitter_misc":{"\u00c9crit par":"solivri","Dur\u00e9e de lecture estim\u00e9e":"2 minutes"},"schema":{"@context":"https:\/\/schema.org","@graph":[{"@type":"NewsArticle","@id":"https:\/\/www.justiceinfo.net\/fr\/12206-140610-tpirntawukulilyayo-la-prison-a-vie-requise-contre-un-ancien-sous-prefet9014.html#article","isPartOf":{"@id":"https:\/\/www.justiceinfo.net\/fr\/12206-140610-tpirntawukulilyayo-la-prison-a-vie-requise-contre-un-ancien-sous-prefet9014.html"},"author":{"name":"solivri","@id":"https:\/\/www.justiceinfo.net\/fr#\/schema\/person\/6e53cba1629e2e66f3fc1821d3091865"},"headline":"14.06.10 - TPIR\/NTAWUKULILYAYO - LA PRISON A VIE REQUISE CONTRE UN ANCIEN SOUS-PREFET","datePublished":"2010-06-13T22:00:00+00:00","mainEntityOfPage":{"@id":"https:\/\/www.justiceinfo.net\/fr\/12206-140610-tpirntawukulilyayo-la-prison-a-vie-requise-contre-un-ancien-sous-prefet9014.html"},"wordCount":426,"commentCount":0,"publisher":{"@id":"https:\/\/www.justiceinfo.net\/fr#organization"},"articleSection":["Hirondelle News"],"inLanguage":"fr-FR","potentialAction":[{"@type":"CommentAction","name":"Comment","target":["https:\/\/www.justiceinfo.net\/fr\/12206-140610-tpirntawukulilyayo-la-prison-a-vie-requise-contre-un-ancien-sous-prefet9014.html#respond"]}]},{"@type":"WebPage","@id":"https:\/\/www.justiceinfo.net\/fr\/12206-140610-tpirntawukulilyayo-la-prison-a-vie-requise-contre-un-ancien-sous-prefet9014.html","url":"https:\/\/www.justiceinfo.net\/fr\/12206-140610-tpirntawukulilyayo-la-prison-a-vie-requise-contre-un-ancien-sous-prefet9014.html","name":"14.06.10 - TPIR\/NTAWUKULILYAYO - LA PRISON A VIE REQUISE CONTRE UN ANCIEN SOUS-PREFET - JusticeInfo.net","isPartOf":{"@id":"https:\/\/www.justiceinfo.net\/fr#website"},"datePublished":"2010-06-13T22:00:00+00:00","breadcrumb":{"@id":"https:\/\/www.justiceinfo.net\/fr\/12206-140610-tpirntawukulilyayo-la-prison-a-vie-requise-contre-un-ancien-sous-prefet9014.html#breadcrumb"},"inLanguage":"fr-FR","potentialAction":[{"@type":"ReadAction","target":["https:\/\/www.justiceinfo.net\/fr\/12206-140610-tpirntawukulilyayo-la-prison-a-vie-requise-contre-un-ancien-sous-prefet9014.html"]}]},{"@type":"BreadcrumbList","@id":"https:\/\/www.justiceinfo.net\/fr\/12206-140610-tpirntawukulilyayo-la-prison-a-vie-requise-contre-un-ancien-sous-prefet9014.html#breadcrumb","itemListElement":[{"@type":"ListItem","position":1,"name":"Home","item":"https:\/\/www.justiceinfo.net\/fr"},{"@type":"ListItem","position":2,"name":"14.06.10 - TPIR\/NTAWUKULILYAYO - LA PRISON A VIE REQUISE CONTRE UN ANCIEN SOUS-PREFET"}]},{"@type":"WebSite","@id":"https:\/\/www.justiceinfo.net\/fr#website","url":"https:\/\/www.justiceinfo.net\/fr","name":"JusticeInfo.net","description":"La justice doit \u00eatre vue pour \u00eatre rendue","publisher":{"@id":"https:\/\/www.justiceinfo.net\/fr#organization"},"potentialAction":[{"@type":"SearchAction","target":{"@type":"EntryPoint","urlTemplate":"https:\/\/www.justiceinfo.net\/fr?s={search_term_string}"},"query-input":{"@type":"PropertyValueSpecification","valueRequired":true,"valueName":"search_term_string"}}],"inLanguage":"fr-FR"},{"@type":"Organization","@id":"https:\/\/www.justiceinfo.net\/fr#organization","name":"Justice Info","url":"https:\/\/www.justiceinfo.net\/fr","logo":{"@type":"ImageObject","inLanguage":"fr-FR","@id":"https:\/\/www.justiceinfo.net\/fr#\/schema\/logo\/image\/","url":"https:\/\/www.justiceinfo.net\/wp-content\/uploads\/justiceinfo_logo-trans_1200x1200px.png","contentUrl":"https:\/\/www.justiceinfo.net\/wp-content\/uploads\/justiceinfo_logo-trans_1200x1200px.png","width":1199,"height":1200,"caption":"Justice Info"},"image":{"@id":"https:\/\/www.justiceinfo.net\/fr#\/schema\/logo\/image\/"},"sameAs":["https:\/\/www.facebook.com\/JusticeInfo\/","https:\/\/x.com\/justiceinfonet","https:\/\/www.linkedin.com\/company\/justice-info","https:\/\/www.youtube.com\/channel\/UCyCEsARodyuWtkWyhn-e7pA"]},{"@type":"Person","name":"solivri","url":"\/fr\/?s=solivri"}]}},"_links":{"self":[{"href":"https:\/\/www.justiceinfo.net\/fr\/wp-json\/wp\/v2\/posts\/12206","targetHints":{"allow":["GET"]}}],"collection":[{"href":"https:\/\/www.justiceinfo.net\/fr\/wp-json\/wp\/v2\/posts"}],"about":[{"href":"https:\/\/www.justiceinfo.net\/fr\/wp-json\/wp\/v2\/types\/post"}],"author":[{"embeddable":true,"href":"https:\/\/www.justiceinfo.net\/fr\/wp-json\/wp\/v2\/users\/64"}],"replies":[{"embeddable":true,"href":"https:\/\/www.justiceinfo.net\/fr\/wp-json\/wp\/v2\/comments?post=12206"}],"version-history":[{"count":0,"href":"https:\/\/www.justiceinfo.net\/fr\/wp-json\/wp\/v2\/posts\/12206\/revisions"}],"wp:attachment":[{"href":"https:\/\/www.justiceinfo.net\/fr\/wp-json\/wp\/v2\/media?parent=12206"}],"wp:term":[{"taxonomy":"category","embeddable":true,"href":"https:\/\/www.justiceinfo.net\/fr\/wp-json\/wp\/v2\/categories?post=12206"},{"taxonomy":"post_tag","embeddable":true,"href":"https:\/\/www.justiceinfo.net\/fr\/wp-json\/wp\/v2\/tags?post=12206"},{"taxonomy":"ji_location","embeddable":true,"href":"https:\/\/www.justiceinfo.net\/fr\/wp-json\/wp\/v2\/ji_location?post=12206"}],"curies":[{"name":"wp","href":"https:\/\/api.w.org\/{rel}","templated":true}]}}