{"id":12229,"date":"2010-06-18T00:00:00","date_gmt":"2010-06-17T22:00:00","guid":{"rendered":"https:\/\/www.justiceinfo.net\/12229-180610-tpirsynthese-hebdomadaire-la-chambre-dappel-a-entendu-les-recours-dans-trois-affaires9037.html"},"modified":"2010-06-18T00:00:00","modified_gmt":"2010-06-17T22:00:00","slug":"180610-tpirsynthese-hebdomadaire-la-chambre-dappel-a-entendu-les-recours-dans-trois-affaires9037","status":"publish","type":"post","link":"https:\/\/www.justiceinfo.net\/fr\/12229-180610-tpirsynthese-hebdomadaire-la-chambre-dappel-a-entendu-les-recours-dans-trois-affaires9037.html","title":{"rendered":"18.06.10 - TPIR\/SYNTHESE HEBDOMADAIRE - LA CHAMBRE D'APPEL A ENTENDU LES RECOURS DANS TROIS AFFAIRES"},"content":{"rendered":"<p >\nArusha, 18 juin 2010 (FH) -La chambre d'appel du Tribunal p&eacute;nal international pour le Rwanda (TPIR) est descendue cette semaine de ses bureaux de La Haye pour si&eacute;ger &agrave; Arusha dans le cadre de trois appels.\n<\/p>\n<p><!--more--><\/p>\n<p >\n<p >\nLa session s'est ouverte lundi avec l'ancien directeur de cabinet au minist&egrave;re de l'Int&eacute;rieur, Callixte Kalimanzira, condamn&eacute; &agrave; 30 ans de prison en premi&egrave;re instance. Le 22 juin 2009, cet agronome de formation avait &eacute;t&eacute; reconnu coupable de g&eacute;nocide et d'incitation directe et publique &agrave; commettre le g&eacute;nocide.\n<\/p>\n<p >\nLa chambre de premi&egrave;re instance avait notamment conclu qu'il avait ordonn&eacute; le massacre, dans l'apr&egrave;s-midi du 23 avril 1994, de milliers de Tutsis qui avaient cherch&eacute; refuge sur la colline de Kabuye, dans le sud du Rwanda.\n<\/p>\n<p >\nDevant la chambre d'appel, la procureure Charity Kagwi a fait valoir que la peine impos&eacute;e en premi&egrave;re instance &eacute;tait trop cl&eacute;mente au regard du nombre des victimes.\n<\/p>\n<p >\nElle a ainsi demand&eacute; la perp&eacute;tuit&eacute;.\n<\/p>\n<p >\nPour sa part, Ma&icirc;tre Arthur Vercken, l'avocat de la d&eacute;fense, a plaid&eacute; l'acquittement, reprochant aux premiers juges d'&ecirc;tre entr&eacute;s en voie de condamnation &laquo; sur la foi de d&eacute;positions vagues et contradictoires &raquo;.\n<\/p>\n<p >\nMardi est venu le tour de l'abb&eacute; Emmanuel Rukundo condamn&eacute; &agrave; 25 ans de prison le 27 f&eacute;vrier 2009, apr&egrave;s avoir &eacute;t&eacute; reconnu coupable de g&eacute;nocide, extermination et assassinats.\n<\/p>\n<p >\nSelon ce premier jugement, il a, entre autres crimes, particip&eacute;, en avril 1994, en collaboration avec des militaires et des miliciens Interahamwe, &agrave; l'enl&egrave;vement et aux tueries de Tutsis qui avaient cherch&eacute; refuge au Petit s&eacute;minaire Saint L&eacute;on &agrave; Gitarama (centre).\n<\/p>\n<p >\nDevant les juges d'appel, le procureur a requis la peine maximale tandis que l'homme d'&eacute;glise a demand&eacute; &agrave; &ecirc;tre r&eacute;habilit&eacute;, apr&egrave;s avoir rappel&eacute; que &laquo; la justice humaine est parfois arbitraire &raquo;.\n<\/p>\n<p >\nDans le proc&egrave;s de l'ex-pr&eacute;fet de Kigali, le colonel Tharcisse Renzaho, la poursuite a demand&eacute; mercredi aux juges d'appel de confirmer la peine de prison &agrave; vie impos&eacute;e au premier degr&eacute;. Pour sa part, l'officier a, une nouvelle fois, clam&eacute; son innocence et demand&eacute; l'acquittement.\n<\/p>\n<p >\nLe tribunal a connu une seule journ&eacute;e d'audience en premi&egrave;re instance avec l'audition, lundi, du r&eacute;quisitoire et des plaidoiries dans le proc&egrave;s de l'ancien sous-pr&eacute;fet de Gisagara (sud), Dominique Ntawukulilyayo.\n<\/p>\n<p >\nAu programme de la semaine prochaine, le proc&egrave;s des anciens dirigeants du MRND reprendra le 24 juin.\n<\/p>\n<p >\nA Kigali, la Haute Cour a lib&eacute;r&eacute; jeudi &laquo; pour des raisons de sant&eacute; &raquo; l'avocat am&eacute;ricain Peter Erlinder accus&eacute; de nier le g&eacute;nocide des Tutsis de 1994. Erlinder est pr&eacute;sident de l'Association des avocats de la d&eacute;fense au TPIR. Le parquet g&eacute;n&eacute;ral du Rwanda a bien soulign&eacute; que les poursuites n'&eacute;taient pas abandonn&eacute;es.\n<\/p>\n<p >\nER\/GF\n<\/p>\n<p>\n&copy; Agence Hirondelle<\/p>\n","protected":false},"excerpt":{"rendered":"<p>Arusha, 18 juin 2010 (FH) -La chambre d'appel du Tribunal p&eacute;nal international pour le Rwanda (TPIR) est descendue cette semaine de ses bureaux de La Haye pour si&eacute;ger &agrave; Arusha dans le cadre de trois appels.<\/p>\n","protected":false},"author":64,"featured_media":0,"comment_status":"open","ping_status":"closed","sticky":false,"template":"","format":"standard","meta":{"_acf_changed":false,"footnotes":""},"categories":[554],"tags":[],"ji_location":[],"class_list":["post-12229","post","type-post","status-publish","format-standard","hentry","category-hirondellenews"],"acf":[],"yoast_head":"<!-- This site is optimized with the Yoast SEO Premium plugin v25.3.1 (Yoast SEO v25.3.1) - https:\/\/yoast.com\/wordpress\/plugins\/seo\/ -->\n<title>18.06.10 - TPIR\/SYNTHESE HEBDOMADAIRE - LA CHAMBRE D&#039;APPEL A ENTENDU LES RECOURS DANS TROIS AFFAIRES - JusticeInfo.net<\/title>\n<meta name=\"robots\" content=\"index, follow, max-snippet:-1, max-image-preview:large, max-video-preview:-1\" \/>\n<link rel=\"canonical\" href=\"https:\/\/www.justiceinfo.net\/fr\/12229-180610-tpirsynthese-hebdomadaire-la-chambre-dappel-a-entendu-les-recours-dans-trois-affaires9037.html\" \/>\n<meta property=\"og:locale\" content=\"fr_FR\" \/>\n<meta property=\"og:type\" content=\"article\" \/>\n<meta property=\"og:title\" content=\"18.06.10 - TPIR\/SYNTHESE HEBDOMADAIRE - LA CHAMBRE D&#039;APPEL A ENTENDU LES RECOURS DANS TROIS AFFAIRES\" \/>\n<meta property=\"og:description\" content=\"Arusha, 18 juin 2010 (FH) -La chambre d&#039;appel du Tribunal p&eacute;nal international pour le Rwanda (TPIR) est descendue cette semaine de ses bureaux de La Haye pour si&eacute;ger &agrave; Arusha dans le cadre de trois appels.\" \/>\n<meta property=\"og:url\" content=\"https:\/\/www.justiceinfo.net\/fr\/12229-180610-tpirsynthese-hebdomadaire-la-chambre-dappel-a-entendu-les-recours-dans-trois-affaires9037.html\" \/>\n<meta property=\"og:site_name\" content=\"JusticeInfo.net\" \/>\n<meta property=\"article:publisher\" content=\"https:\/\/www.facebook.com\/JusticeInfo\/\" \/>\n<meta property=\"article:published_time\" content=\"2010-06-17T22:00:00+00:00\" \/>\n<meta property=\"og:image\" content=\"https:\/\/www.justiceinfo.net\/wp-content\/uploads\/JusticeInfoNet_logo_1200x630px.jpg\" \/>\n\t<meta property=\"og:image:width\" content=\"1200\" \/>\n\t<meta property=\"og:image:height\" content=\"630\" \/>\n\t<meta property=\"og:image:type\" content=\"image\/jpeg\" \/>\n<meta name=\"author\" content=\"solivri\" \/>\n<meta name=\"twitter:card\" content=\"summary_large_image\" \/>\n<meta name=\"twitter:creator\" content=\"@justiceinfonet\" \/>\n<meta name=\"twitter:site\" content=\"@justiceinfonet\" \/>\n<meta name=\"twitter:label1\" content=\"\u00c9crit par\" \/>\n\t<meta name=\"twitter:data1\" content=\"solivri\" \/>\n\t<meta name=\"twitter:label2\" content=\"Dur\u00e9e de lecture estim\u00e9e\" \/>\n\t<meta name=\"twitter:data2\" content=\"3 minutes\" \/>\n<script type=\"application\/ld+json\" class=\"yoast-schema-graph\">{\"@context\":\"https:\/\/schema.org\",\"@graph\":[{\"@type\":\"NewsArticle\",\"@id\":\"https:\/\/www.justiceinfo.net\/fr\/12229-180610-tpirsynthese-hebdomadaire-la-chambre-dappel-a-entendu-les-recours-dans-trois-affaires9037.html#article\",\"isPartOf\":{\"@id\":\"https:\/\/www.justiceinfo.net\/fr\/12229-180610-tpirsynthese-hebdomadaire-la-chambre-dappel-a-entendu-les-recours-dans-trois-affaires9037.html\"},\"author\":{\"name\":\"solivri\",\"@id\":\"https:\/\/www.justiceinfo.net\/fr#\/schema\/person\/6e53cba1629e2e66f3fc1821d3091865\"},\"headline\":\"18.06.10 - TPIR\/SYNTHESE HEBDOMADAIRE - LA CHAMBRE D'APPEL A ENTENDU LES RECOURS DANS TROIS AFFAIRES\",\"datePublished\":\"2010-06-17T22:00:00+00:00\",\"mainEntityOfPage\":{\"@id\":\"https:\/\/www.justiceinfo.net\/fr\/12229-180610-tpirsynthese-hebdomadaire-la-chambre-dappel-a-entendu-les-recours-dans-trois-affaires9037.html\"},\"wordCount\":583,\"commentCount\":0,\"publisher\":{\"@id\":\"https:\/\/www.justiceinfo.net\/fr#organization\"},\"articleSection\":[\"Hirondelle News\"],\"inLanguage\":\"fr-FR\",\"potentialAction\":[{\"@type\":\"CommentAction\",\"name\":\"Comment\",\"target\":[\"https:\/\/www.justiceinfo.net\/fr\/12229-180610-tpirsynthese-hebdomadaire-la-chambre-dappel-a-entendu-les-recours-dans-trois-affaires9037.html#respond\"]}]},{\"@type\":\"WebPage\",\"@id\":\"https:\/\/www.justiceinfo.net\/fr\/12229-180610-tpirsynthese-hebdomadaire-la-chambre-dappel-a-entendu-les-recours-dans-trois-affaires9037.html\",\"url\":\"https:\/\/www.justiceinfo.net\/fr\/12229-180610-tpirsynthese-hebdomadaire-la-chambre-dappel-a-entendu-les-recours-dans-trois-affaires9037.html\",\"name\":\"18.06.10 - TPIR\/SYNTHESE HEBDOMADAIRE - LA CHAMBRE D'APPEL A ENTENDU LES RECOURS DANS TROIS AFFAIRES - JusticeInfo.net\",\"isPartOf\":{\"@id\":\"https:\/\/www.justiceinfo.net\/fr#website\"},\"datePublished\":\"2010-06-17T22:00:00+00:00\",\"breadcrumb\":{\"@id\":\"https:\/\/www.justiceinfo.net\/fr\/12229-180610-tpirsynthese-hebdomadaire-la-chambre-dappel-a-entendu-les-recours-dans-trois-affaires9037.html#breadcrumb\"},\"inLanguage\":\"fr-FR\",\"potentialAction\":[{\"@type\":\"ReadAction\",\"target\":[\"https:\/\/www.justiceinfo.net\/fr\/12229-180610-tpirsynthese-hebdomadaire-la-chambre-dappel-a-entendu-les-recours-dans-trois-affaires9037.html\"]}]},{\"@type\":\"BreadcrumbList\",\"@id\":\"https:\/\/www.justiceinfo.net\/fr\/12229-180610-tpirsynthese-hebdomadaire-la-chambre-dappel-a-entendu-les-recours-dans-trois-affaires9037.html#breadcrumb\",\"itemListElement\":[{\"@type\":\"ListItem\",\"position\":1,\"name\":\"Home\",\"item\":\"https:\/\/www.justiceinfo.net\/fr\"},{\"@type\":\"ListItem\",\"position\":2,\"name\":\"18.06.10 - TPIR\/SYNTHESE HEBDOMADAIRE - LA CHAMBRE D'APPEL A ENTENDU LES RECOURS DANS TROIS AFFAIRES\"}]},{\"@type\":\"WebSite\",\"@id\":\"https:\/\/www.justiceinfo.net\/fr#website\",\"url\":\"https:\/\/www.justiceinfo.net\/fr\",\"name\":\"JusticeInfo.net\",\"description\":\"La justice doit \u00eatre vue pour \u00eatre rendue\",\"publisher\":{\"@id\":\"https:\/\/www.justiceinfo.net\/fr#organization\"},\"potentialAction\":[{\"@type\":\"SearchAction\",\"target\":{\"@type\":\"EntryPoint\",\"urlTemplate\":\"https:\/\/www.justiceinfo.net\/fr?s={search_term_string}\"},\"query-input\":{\"@type\":\"PropertyValueSpecification\",\"valueRequired\":true,\"valueName\":\"search_term_string\"}}],\"inLanguage\":\"fr-FR\"},{\"@type\":\"Organization\",\"@id\":\"https:\/\/www.justiceinfo.net\/fr#organization\",\"name\":\"Justice Info\",\"url\":\"https:\/\/www.justiceinfo.net\/fr\",\"logo\":{\"@type\":\"ImageObject\",\"inLanguage\":\"fr-FR\",\"@id\":\"https:\/\/www.justiceinfo.net\/fr#\/schema\/logo\/image\/\",\"url\":\"https:\/\/www.justiceinfo.net\/wp-content\/uploads\/justiceinfo_logo-trans_1200x1200px.png\",\"contentUrl\":\"https:\/\/www.justiceinfo.net\/wp-content\/uploads\/justiceinfo_logo-trans_1200x1200px.png\",\"width\":1199,\"height\":1200,\"caption\":\"Justice Info\"},\"image\":{\"@id\":\"https:\/\/www.justiceinfo.net\/fr#\/schema\/logo\/image\/\"},\"sameAs\":[\"https:\/\/www.facebook.com\/JusticeInfo\/\",\"https:\/\/x.com\/justiceinfonet\",\"https:\/\/www.linkedin.com\/company\/justice-info\",\"https:\/\/www.youtube.com\/channel\/UCyCEsARodyuWtkWyhn-e7pA\"]},{\"@type\":\"Person\",\"name\":\"solivri\",\"url\":\"\/fr\/?s=solivri\"}]}<\/script>\n<!-- \/ Yoast SEO Premium plugin. -->","yoast_head_json":{"title":"18.06.10 - TPIR\/SYNTHESE HEBDOMADAIRE - LA CHAMBRE D'APPEL A ENTENDU LES RECOURS DANS TROIS AFFAIRES - JusticeInfo.net","robots":{"index":"index","follow":"follow","max-snippet":"max-snippet:-1","max-image-preview":"max-image-preview:large","max-video-preview":"max-video-preview:-1"},"canonical":"https:\/\/www.justiceinfo.net\/fr\/12229-180610-tpirsynthese-hebdomadaire-la-chambre-dappel-a-entendu-les-recours-dans-trois-affaires9037.html","og_locale":"fr_FR","og_type":"article","og_title":"18.06.10 - TPIR\/SYNTHESE HEBDOMADAIRE - LA CHAMBRE D'APPEL A ENTENDU LES RECOURS DANS TROIS AFFAIRES","og_description":"Arusha, 18 juin 2010 (FH) -La chambre d'appel du Tribunal p&eacute;nal international pour le Rwanda (TPIR) est descendue cette semaine de ses bureaux de La Haye pour si&eacute;ger &agrave; Arusha dans le cadre de trois appels.","og_url":"https:\/\/www.justiceinfo.net\/fr\/12229-180610-tpirsynthese-hebdomadaire-la-chambre-dappel-a-entendu-les-recours-dans-trois-affaires9037.html","og_site_name":"JusticeInfo.net","article_publisher":"https:\/\/www.facebook.com\/JusticeInfo\/","article_published_time":"2010-06-17T22:00:00+00:00","og_image":[{"width":1200,"height":630,"url":"https:\/\/www.justiceinfo.net\/wp-content\/uploads\/JusticeInfoNet_logo_1200x630px.jpg","type":"image\/jpeg"}],"author":"solivri","twitter_card":"summary_large_image","twitter_creator":"@justiceinfonet","twitter_site":"@justiceinfonet","twitter_misc":{"\u00c9crit par":"solivri","Dur\u00e9e de lecture estim\u00e9e":"3 minutes"},"schema":{"@context":"https:\/\/schema.org","@graph":[{"@type":"NewsArticle","@id":"https:\/\/www.justiceinfo.net\/fr\/12229-180610-tpirsynthese-hebdomadaire-la-chambre-dappel-a-entendu-les-recours-dans-trois-affaires9037.html#article","isPartOf":{"@id":"https:\/\/www.justiceinfo.net\/fr\/12229-180610-tpirsynthese-hebdomadaire-la-chambre-dappel-a-entendu-les-recours-dans-trois-affaires9037.html"},"author":{"name":"solivri","@id":"https:\/\/www.justiceinfo.net\/fr#\/schema\/person\/6e53cba1629e2e66f3fc1821d3091865"},"headline":"18.06.10 - TPIR\/SYNTHESE HEBDOMADAIRE - LA CHAMBRE D'APPEL A ENTENDU LES RECOURS DANS TROIS AFFAIRES","datePublished":"2010-06-17T22:00:00+00:00","mainEntityOfPage":{"@id":"https:\/\/www.justiceinfo.net\/fr\/12229-180610-tpirsynthese-hebdomadaire-la-chambre-dappel-a-entendu-les-recours-dans-trois-affaires9037.html"},"wordCount":583,"commentCount":0,"publisher":{"@id":"https:\/\/www.justiceinfo.net\/fr#organization"},"articleSection":["Hirondelle News"],"inLanguage":"fr-FR","potentialAction":[{"@type":"CommentAction","name":"Comment","target":["https:\/\/www.justiceinfo.net\/fr\/12229-180610-tpirsynthese-hebdomadaire-la-chambre-dappel-a-entendu-les-recours-dans-trois-affaires9037.html#respond"]}]},{"@type":"WebPage","@id":"https:\/\/www.justiceinfo.net\/fr\/12229-180610-tpirsynthese-hebdomadaire-la-chambre-dappel-a-entendu-les-recours-dans-trois-affaires9037.html","url":"https:\/\/www.justiceinfo.net\/fr\/12229-180610-tpirsynthese-hebdomadaire-la-chambre-dappel-a-entendu-les-recours-dans-trois-affaires9037.html","name":"18.06.10 - TPIR\/SYNTHESE HEBDOMADAIRE - LA CHAMBRE D'APPEL A ENTENDU LES RECOURS DANS TROIS AFFAIRES - JusticeInfo.net","isPartOf":{"@id":"https:\/\/www.justiceinfo.net\/fr#website"},"datePublished":"2010-06-17T22:00:00+00:00","breadcrumb":{"@id":"https:\/\/www.justiceinfo.net\/fr\/12229-180610-tpirsynthese-hebdomadaire-la-chambre-dappel-a-entendu-les-recours-dans-trois-affaires9037.html#breadcrumb"},"inLanguage":"fr-FR","potentialAction":[{"@type":"ReadAction","target":["https:\/\/www.justiceinfo.net\/fr\/12229-180610-tpirsynthese-hebdomadaire-la-chambre-dappel-a-entendu-les-recours-dans-trois-affaires9037.html"]}]},{"@type":"BreadcrumbList","@id":"https:\/\/www.justiceinfo.net\/fr\/12229-180610-tpirsynthese-hebdomadaire-la-chambre-dappel-a-entendu-les-recours-dans-trois-affaires9037.html#breadcrumb","itemListElement":[{"@type":"ListItem","position":1,"name":"Home","item":"https:\/\/www.justiceinfo.net\/fr"},{"@type":"ListItem","position":2,"name":"18.06.10 - TPIR\/SYNTHESE HEBDOMADAIRE - LA CHAMBRE D'APPEL A ENTENDU LES RECOURS DANS TROIS AFFAIRES"}]},{"@type":"WebSite","@id":"https:\/\/www.justiceinfo.net\/fr#website","url":"https:\/\/www.justiceinfo.net\/fr","name":"JusticeInfo.net","description":"La justice doit \u00eatre vue pour \u00eatre rendue","publisher":{"@id":"https:\/\/www.justiceinfo.net\/fr#organization"},"potentialAction":[{"@type":"SearchAction","target":{"@type":"EntryPoint","urlTemplate":"https:\/\/www.justiceinfo.net\/fr?s={search_term_string}"},"query-input":{"@type":"PropertyValueSpecification","valueRequired":true,"valueName":"search_term_string"}}],"inLanguage":"fr-FR"},{"@type":"Organization","@id":"https:\/\/www.justiceinfo.net\/fr#organization","name":"Justice Info","url":"https:\/\/www.justiceinfo.net\/fr","logo":{"@type":"ImageObject","inLanguage":"fr-FR","@id":"https:\/\/www.justiceinfo.net\/fr#\/schema\/logo\/image\/","url":"https:\/\/www.justiceinfo.net\/wp-content\/uploads\/justiceinfo_logo-trans_1200x1200px.png","contentUrl":"https:\/\/www.justiceinfo.net\/wp-content\/uploads\/justiceinfo_logo-trans_1200x1200px.png","width":1199,"height":1200,"caption":"Justice Info"},"image":{"@id":"https:\/\/www.justiceinfo.net\/fr#\/schema\/logo\/image\/"},"sameAs":["https:\/\/www.facebook.com\/JusticeInfo\/","https:\/\/x.com\/justiceinfonet","https:\/\/www.linkedin.com\/company\/justice-info","https:\/\/www.youtube.com\/channel\/UCyCEsARodyuWtkWyhn-e7pA"]},{"@type":"Person","name":"solivri","url":"\/fr\/?s=solivri"}]}},"_links":{"self":[{"href":"https:\/\/www.justiceinfo.net\/fr\/wp-json\/wp\/v2\/posts\/12229","targetHints":{"allow":["GET"]}}],"collection":[{"href":"https:\/\/www.justiceinfo.net\/fr\/wp-json\/wp\/v2\/posts"}],"about":[{"href":"https:\/\/www.justiceinfo.net\/fr\/wp-json\/wp\/v2\/types\/post"}],"author":[{"embeddable":true,"href":"https:\/\/www.justiceinfo.net\/fr\/wp-json\/wp\/v2\/users\/64"}],"replies":[{"embeddable":true,"href":"https:\/\/www.justiceinfo.net\/fr\/wp-json\/wp\/v2\/comments?post=12229"}],"version-history":[{"count":0,"href":"https:\/\/www.justiceinfo.net\/fr\/wp-json\/wp\/v2\/posts\/12229\/revisions"}],"wp:attachment":[{"href":"https:\/\/www.justiceinfo.net\/fr\/wp-json\/wp\/v2\/media?parent=12229"}],"wp:term":[{"taxonomy":"category","embeddable":true,"href":"https:\/\/www.justiceinfo.net\/fr\/wp-json\/wp\/v2\/categories?post=12229"},{"taxonomy":"post_tag","embeddable":true,"href":"https:\/\/www.justiceinfo.net\/fr\/wp-json\/wp\/v2\/tags?post=12229"},{"taxonomy":"ji_location","embeddable":true,"href":"https:\/\/www.justiceinfo.net\/fr\/wp-json\/wp\/v2\/ji_location?post=12229"}],"curies":[{"name":"wp","href":"https:\/\/api.w.org\/{rel}","templated":true}]}}