{"id":12237,"date":"2010-06-22T00:00:00","date_gmt":"2010-06-21T22:00:00","guid":{"rendered":"https:\/\/www.justiceinfo.net\/12237-220610-tpirmunyakazi-verdict-le-30-juin-pour-le-doyen-des-detenus-du-tpir9045.html"},"modified":"2010-06-22T00:00:00","modified_gmt":"2010-06-21T22:00:00","slug":"220610-tpirmunyakazi-verdict-le-30-juin-pour-le-doyen-des-detenus-du-tpir9045","status":"publish","type":"post","link":"https:\/\/www.justiceinfo.net\/fr\/12237-220610-tpirmunyakazi-verdict-le-30-juin-pour-le-doyen-des-detenus-du-tpir9045.html","title":{"rendered":"22.06.10 - TPIR\/MUNYAKAZI - VERDICT LE 30 JUIN POUR LE DOYEN DES DETENUS DU TPIR"},"content":{"rendered":"<p >\nArusha, 22 juin 2010 (FH) - Le doyen des d&eacute;tenus du Tribunal p&eacute;nal international pour le Rwanda (TPIR), Yusuf Munyakazi, poursuivi pour crimes de g&eacute;nocide et crime contre l'humanit&eacute;, entendra le verdict de la chambre le 30 juin, a-t-on appris mardi.\n<\/p>\n<p><!--more--><\/p>\n<p >\nAvec ses 75 ans, Munyakazi, un riche propri&eacute;taire terrien qui s'&eacute;tait converti au petit commerce, est le plus &acirc;g&eacute; des d&eacute;tenus du TPIR bas&eacute; &agrave; Arusha, dans le nord de la Tanzanie.\n<\/p>\n<p >\n<p >\nSelon l'acte d'accusation, ce p&egrave;re de 13 enfants &eacute;tait chef des miliciens Interahamwe de Bugarama, une des communes qui composaient la pr&eacute;fecture de Cyangugu (sud-ouest du Rwanda).\n<\/p>\n<p >\n<p >\n&laquo; Le vieux &raquo;, comme l'ont d&eacute;sign&eacute; de nombreux t&eacute;moins, est essentiellement accus&eacute; d'avoir dirig&eacute; des attaques meurtri&egrave;res contre des Tutsis qui avaient cherch&eacute; refuge dans des &eacute;glises de la pr&eacute;fecture en avril 1994.\n<\/p>\n<p >\n<p >\nLe 28 janvier, le procureur nig&eacute;rian, Segun Jegede, a requis la prison &agrave; vie contre Munyakazi, soutenant que les actes de l'accus&eacute; faisaient partie d'une &laquo;campagne bien coordonn&eacute;e pour &eacute;liminer la population tutsie &raquo;.\n<\/p>\n<p >\n<p >\nPour sa part, l'avocat principal de la d&eacute;fense, le Tanzanien Jwani Mwaikusa, a plaid&eacute; l'acquittement, niant que son client ait jamais &eacute;t&eacute; un chef de milice ou particip&eacute; aux massacres. Le seul lien que l'accus&eacute; ait eu avec les Interahamwe, a affirm&eacute; le Professeur Mwaikusa, est que l'un d'entre eux, un certain Tarek Aziz, louait une de ses maisons.\n<\/p>\n<p >\n<p >\nMunyakazi a &eacute;t&eacute; arr&ecirc;t&eacute; en mai 2004 dans l'est de la R&eacute;publique d&eacute;mocratique du Congo (RDC) o&ugrave; il vivait sous un faux nom, Mzee Mandevu (le Vieux Barbu, en langue swahilie).\n<\/p>\n<p >\nComme il ne parle ni le fran&ccedil;ais ni l'anglais, les deux langues officielles du TPIR, il avait demand&eacute; &agrave; b&eacute;n&eacute;ficier de l'assistance d'un avocat parlant le kinyarwanda ou le swahili.\n<\/p>\n<p >\nD'o&ugrave; le choix par l'administration du tribunal, de Me Mwaikusa, dont le swahili est la langue maternelle.\n<\/p>\n<p >\n<p >\nLe proc&egrave;s a d&eacute;marr&eacute; le 22 avril 2009.\n<\/p>\n<p >\n<p >\nER\/GF\n<\/p>\n<p >\n<p>\n&copy; Agence Hirondelle<\/p>\n","protected":false},"excerpt":{"rendered":"<p>Arusha, 22 juin 2010 (FH) - Le doyen des d&eacute;tenus du Tribunal p&eacute;nal international pour le Rwanda (TPIR), Yusuf Munyakazi, poursuivi pour crimes de g&eacute;nocide et crime contre l'humanit&eacute;, entendra le verdict de la chambre le 30 juin, a-t-on appris mardi.<\/p>\n","protected":false},"author":64,"featured_media":0,"comment_status":"open","ping_status":"closed","sticky":false,"template":"","format":"standard","meta":{"_acf_changed":false,"footnotes":""},"categories":[554],"tags":[],"ji_location":[],"class_list":["post-12237","post","type-post","status-publish","format-standard","hentry","category-hirondellenews"],"acf":[],"yoast_head":"<!-- This site is optimized with the Yoast SEO Premium plugin v25.3.1 (Yoast SEO v25.3.1) - https:\/\/yoast.com\/wordpress\/plugins\/seo\/ -->\n<title>22.06.10 - TPIR\/MUNYAKAZI - VERDICT LE 30 JUIN POUR LE DOYEN DES DETENUS DU TPIR - JusticeInfo.net<\/title>\n<meta name=\"robots\" content=\"index, follow, max-snippet:-1, max-image-preview:large, max-video-preview:-1\" \/>\n<link rel=\"canonical\" href=\"https:\/\/www.justiceinfo.net\/fr\/12237-220610-tpirmunyakazi-verdict-le-30-juin-pour-le-doyen-des-detenus-du-tpir9045.html\" \/>\n<meta property=\"og:locale\" content=\"fr_FR\" \/>\n<meta property=\"og:type\" content=\"article\" \/>\n<meta property=\"og:title\" content=\"22.06.10 - TPIR\/MUNYAKAZI - VERDICT LE 30 JUIN POUR LE DOYEN DES DETENUS DU TPIR\" \/>\n<meta property=\"og:description\" content=\"Arusha, 22 juin 2010 (FH) - Le doyen des d&eacute;tenus du Tribunal p&eacute;nal international pour le Rwanda (TPIR), Yusuf Munyakazi, poursuivi pour crimes de g&eacute;nocide et crime contre l&#039;humanit&eacute;, entendra le verdict de la chambre le 30 juin, a-t-on appris mardi.\" \/>\n<meta property=\"og:url\" content=\"https:\/\/www.justiceinfo.net\/fr\/12237-220610-tpirmunyakazi-verdict-le-30-juin-pour-le-doyen-des-detenus-du-tpir9045.html\" \/>\n<meta property=\"og:site_name\" content=\"JusticeInfo.net\" \/>\n<meta property=\"article:publisher\" content=\"https:\/\/www.facebook.com\/JusticeInfo\/\" \/>\n<meta property=\"article:published_time\" content=\"2010-06-21T22:00:00+00:00\" \/>\n<meta property=\"og:image\" content=\"https:\/\/www.justiceinfo.net\/wp-content\/uploads\/JusticeInfoNet_logo_1200x630px.jpg\" \/>\n\t<meta property=\"og:image:width\" content=\"1200\" \/>\n\t<meta property=\"og:image:height\" content=\"630\" \/>\n\t<meta property=\"og:image:type\" content=\"image\/jpeg\" \/>\n<meta name=\"author\" content=\"solivri\" \/>\n<meta name=\"twitter:card\" content=\"summary_large_image\" \/>\n<meta name=\"twitter:creator\" content=\"@justiceinfonet\" \/>\n<meta name=\"twitter:site\" content=\"@justiceinfonet\" \/>\n<meta name=\"twitter:label1\" content=\"\u00c9crit par\" \/>\n\t<meta name=\"twitter:data1\" content=\"solivri\" \/>\n\t<meta name=\"twitter:label2\" content=\"Dur\u00e9e de lecture estim\u00e9e\" \/>\n\t<meta name=\"twitter:data2\" content=\"2 minutes\" \/>\n<script type=\"application\/ld+json\" class=\"yoast-schema-graph\">{\"@context\":\"https:\/\/schema.org\",\"@graph\":[{\"@type\":\"NewsArticle\",\"@id\":\"https:\/\/www.justiceinfo.net\/fr\/12237-220610-tpirmunyakazi-verdict-le-30-juin-pour-le-doyen-des-detenus-du-tpir9045.html#article\",\"isPartOf\":{\"@id\":\"https:\/\/www.justiceinfo.net\/fr\/12237-220610-tpirmunyakazi-verdict-le-30-juin-pour-le-doyen-des-detenus-du-tpir9045.html\"},\"author\":{\"name\":\"solivri\",\"@id\":\"https:\/\/www.justiceinfo.net\/fr#\/schema\/person\/6e53cba1629e2e66f3fc1821d3091865\"},\"headline\":\"22.06.10 - TPIR\/MUNYAKAZI - VERDICT LE 30 JUIN POUR LE DOYEN DES DETENUS DU TPIR\",\"datePublished\":\"2010-06-21T22:00:00+00:00\",\"mainEntityOfPage\":{\"@id\":\"https:\/\/www.justiceinfo.net\/fr\/12237-220610-tpirmunyakazi-verdict-le-30-juin-pour-le-doyen-des-detenus-du-tpir9045.html\"},\"wordCount\":412,\"commentCount\":0,\"publisher\":{\"@id\":\"https:\/\/www.justiceinfo.net\/fr#organization\"},\"articleSection\":[\"Hirondelle News\"],\"inLanguage\":\"fr-FR\",\"potentialAction\":[{\"@type\":\"CommentAction\",\"name\":\"Comment\",\"target\":[\"https:\/\/www.justiceinfo.net\/fr\/12237-220610-tpirmunyakazi-verdict-le-30-juin-pour-le-doyen-des-detenus-du-tpir9045.html#respond\"]}]},{\"@type\":\"WebPage\",\"@id\":\"https:\/\/www.justiceinfo.net\/fr\/12237-220610-tpirmunyakazi-verdict-le-30-juin-pour-le-doyen-des-detenus-du-tpir9045.html\",\"url\":\"https:\/\/www.justiceinfo.net\/fr\/12237-220610-tpirmunyakazi-verdict-le-30-juin-pour-le-doyen-des-detenus-du-tpir9045.html\",\"name\":\"22.06.10 - TPIR\/MUNYAKAZI - VERDICT LE 30 JUIN POUR LE DOYEN DES DETENUS DU TPIR - JusticeInfo.net\",\"isPartOf\":{\"@id\":\"https:\/\/www.justiceinfo.net\/fr#website\"},\"datePublished\":\"2010-06-21T22:00:00+00:00\",\"breadcrumb\":{\"@id\":\"https:\/\/www.justiceinfo.net\/fr\/12237-220610-tpirmunyakazi-verdict-le-30-juin-pour-le-doyen-des-detenus-du-tpir9045.html#breadcrumb\"},\"inLanguage\":\"fr-FR\",\"potentialAction\":[{\"@type\":\"ReadAction\",\"target\":[\"https:\/\/www.justiceinfo.net\/fr\/12237-220610-tpirmunyakazi-verdict-le-30-juin-pour-le-doyen-des-detenus-du-tpir9045.html\"]}]},{\"@type\":\"BreadcrumbList\",\"@id\":\"https:\/\/www.justiceinfo.net\/fr\/12237-220610-tpirmunyakazi-verdict-le-30-juin-pour-le-doyen-des-detenus-du-tpir9045.html#breadcrumb\",\"itemListElement\":[{\"@type\":\"ListItem\",\"position\":1,\"name\":\"Home\",\"item\":\"https:\/\/www.justiceinfo.net\/fr\"},{\"@type\":\"ListItem\",\"position\":2,\"name\":\"22.06.10 - TPIR\/MUNYAKAZI - VERDICT LE 30 JUIN POUR LE DOYEN DES DETENUS DU TPIR\"}]},{\"@type\":\"WebSite\",\"@id\":\"https:\/\/www.justiceinfo.net\/fr#website\",\"url\":\"https:\/\/www.justiceinfo.net\/fr\",\"name\":\"JusticeInfo.net\",\"description\":\"La justice doit \u00eatre vue pour \u00eatre rendue\",\"publisher\":{\"@id\":\"https:\/\/www.justiceinfo.net\/fr#organization\"},\"potentialAction\":[{\"@type\":\"SearchAction\",\"target\":{\"@type\":\"EntryPoint\",\"urlTemplate\":\"https:\/\/www.justiceinfo.net\/fr?s={search_term_string}\"},\"query-input\":{\"@type\":\"PropertyValueSpecification\",\"valueRequired\":true,\"valueName\":\"search_term_string\"}}],\"inLanguage\":\"fr-FR\"},{\"@type\":\"Organization\",\"@id\":\"https:\/\/www.justiceinfo.net\/fr#organization\",\"name\":\"Justice Info\",\"url\":\"https:\/\/www.justiceinfo.net\/fr\",\"logo\":{\"@type\":\"ImageObject\",\"inLanguage\":\"fr-FR\",\"@id\":\"https:\/\/www.justiceinfo.net\/fr#\/schema\/logo\/image\/\",\"url\":\"https:\/\/www.justiceinfo.net\/wp-content\/uploads\/justiceinfo_logo-trans_1200x1200px.png\",\"contentUrl\":\"https:\/\/www.justiceinfo.net\/wp-content\/uploads\/justiceinfo_logo-trans_1200x1200px.png\",\"width\":1199,\"height\":1200,\"caption\":\"Justice Info\"},\"image\":{\"@id\":\"https:\/\/www.justiceinfo.net\/fr#\/schema\/logo\/image\/\"},\"sameAs\":[\"https:\/\/www.facebook.com\/JusticeInfo\/\",\"https:\/\/x.com\/justiceinfonet\",\"https:\/\/www.linkedin.com\/company\/justice-info\",\"https:\/\/www.youtube.com\/channel\/UCyCEsARodyuWtkWyhn-e7pA\"]},{\"@type\":\"Person\",\"name\":\"solivri\",\"url\":\"\/fr\/?s=solivri\"}]}<\/script>\n<!-- \/ Yoast SEO Premium plugin. -->","yoast_head_json":{"title":"22.06.10 - TPIR\/MUNYAKAZI - VERDICT LE 30 JUIN POUR LE DOYEN DES DETENUS DU TPIR - JusticeInfo.net","robots":{"index":"index","follow":"follow","max-snippet":"max-snippet:-1","max-image-preview":"max-image-preview:large","max-video-preview":"max-video-preview:-1"},"canonical":"https:\/\/www.justiceinfo.net\/fr\/12237-220610-tpirmunyakazi-verdict-le-30-juin-pour-le-doyen-des-detenus-du-tpir9045.html","og_locale":"fr_FR","og_type":"article","og_title":"22.06.10 - TPIR\/MUNYAKAZI - VERDICT LE 30 JUIN POUR LE DOYEN DES DETENUS DU TPIR","og_description":"Arusha, 22 juin 2010 (FH) - Le doyen des d&eacute;tenus du Tribunal p&eacute;nal international pour le Rwanda (TPIR), Yusuf Munyakazi, poursuivi pour crimes de g&eacute;nocide et crime contre l'humanit&eacute;, entendra le verdict de la chambre le 30 juin, a-t-on appris mardi.","og_url":"https:\/\/www.justiceinfo.net\/fr\/12237-220610-tpirmunyakazi-verdict-le-30-juin-pour-le-doyen-des-detenus-du-tpir9045.html","og_site_name":"JusticeInfo.net","article_publisher":"https:\/\/www.facebook.com\/JusticeInfo\/","article_published_time":"2010-06-21T22:00:00+00:00","og_image":[{"width":1200,"height":630,"url":"https:\/\/www.justiceinfo.net\/wp-content\/uploads\/JusticeInfoNet_logo_1200x630px.jpg","type":"image\/jpeg"}],"author":"solivri","twitter_card":"summary_large_image","twitter_creator":"@justiceinfonet","twitter_site":"@justiceinfonet","twitter_misc":{"\u00c9crit par":"solivri","Dur\u00e9e de lecture estim\u00e9e":"2 minutes"},"schema":{"@context":"https:\/\/schema.org","@graph":[{"@type":"NewsArticle","@id":"https:\/\/www.justiceinfo.net\/fr\/12237-220610-tpirmunyakazi-verdict-le-30-juin-pour-le-doyen-des-detenus-du-tpir9045.html#article","isPartOf":{"@id":"https:\/\/www.justiceinfo.net\/fr\/12237-220610-tpirmunyakazi-verdict-le-30-juin-pour-le-doyen-des-detenus-du-tpir9045.html"},"author":{"name":"solivri","@id":"https:\/\/www.justiceinfo.net\/fr#\/schema\/person\/6e53cba1629e2e66f3fc1821d3091865"},"headline":"22.06.10 - TPIR\/MUNYAKAZI - VERDICT LE 30 JUIN POUR LE DOYEN DES DETENUS DU TPIR","datePublished":"2010-06-21T22:00:00+00:00","mainEntityOfPage":{"@id":"https:\/\/www.justiceinfo.net\/fr\/12237-220610-tpirmunyakazi-verdict-le-30-juin-pour-le-doyen-des-detenus-du-tpir9045.html"},"wordCount":412,"commentCount":0,"publisher":{"@id":"https:\/\/www.justiceinfo.net\/fr#organization"},"articleSection":["Hirondelle News"],"inLanguage":"fr-FR","potentialAction":[{"@type":"CommentAction","name":"Comment","target":["https:\/\/www.justiceinfo.net\/fr\/12237-220610-tpirmunyakazi-verdict-le-30-juin-pour-le-doyen-des-detenus-du-tpir9045.html#respond"]}]},{"@type":"WebPage","@id":"https:\/\/www.justiceinfo.net\/fr\/12237-220610-tpirmunyakazi-verdict-le-30-juin-pour-le-doyen-des-detenus-du-tpir9045.html","url":"https:\/\/www.justiceinfo.net\/fr\/12237-220610-tpirmunyakazi-verdict-le-30-juin-pour-le-doyen-des-detenus-du-tpir9045.html","name":"22.06.10 - TPIR\/MUNYAKAZI - VERDICT LE 30 JUIN POUR LE DOYEN DES DETENUS DU TPIR - JusticeInfo.net","isPartOf":{"@id":"https:\/\/www.justiceinfo.net\/fr#website"},"datePublished":"2010-06-21T22:00:00+00:00","breadcrumb":{"@id":"https:\/\/www.justiceinfo.net\/fr\/12237-220610-tpirmunyakazi-verdict-le-30-juin-pour-le-doyen-des-detenus-du-tpir9045.html#breadcrumb"},"inLanguage":"fr-FR","potentialAction":[{"@type":"ReadAction","target":["https:\/\/www.justiceinfo.net\/fr\/12237-220610-tpirmunyakazi-verdict-le-30-juin-pour-le-doyen-des-detenus-du-tpir9045.html"]}]},{"@type":"BreadcrumbList","@id":"https:\/\/www.justiceinfo.net\/fr\/12237-220610-tpirmunyakazi-verdict-le-30-juin-pour-le-doyen-des-detenus-du-tpir9045.html#breadcrumb","itemListElement":[{"@type":"ListItem","position":1,"name":"Home","item":"https:\/\/www.justiceinfo.net\/fr"},{"@type":"ListItem","position":2,"name":"22.06.10 - TPIR\/MUNYAKAZI - VERDICT LE 30 JUIN POUR LE DOYEN DES DETENUS DU TPIR"}]},{"@type":"WebSite","@id":"https:\/\/www.justiceinfo.net\/fr#website","url":"https:\/\/www.justiceinfo.net\/fr","name":"JusticeInfo.net","description":"La justice doit \u00eatre vue pour \u00eatre rendue","publisher":{"@id":"https:\/\/www.justiceinfo.net\/fr#organization"},"potentialAction":[{"@type":"SearchAction","target":{"@type":"EntryPoint","urlTemplate":"https:\/\/www.justiceinfo.net\/fr?s={search_term_string}"},"query-input":{"@type":"PropertyValueSpecification","valueRequired":true,"valueName":"search_term_string"}}],"inLanguage":"fr-FR"},{"@type":"Organization","@id":"https:\/\/www.justiceinfo.net\/fr#organization","name":"Justice Info","url":"https:\/\/www.justiceinfo.net\/fr","logo":{"@type":"ImageObject","inLanguage":"fr-FR","@id":"https:\/\/www.justiceinfo.net\/fr#\/schema\/logo\/image\/","url":"https:\/\/www.justiceinfo.net\/wp-content\/uploads\/justiceinfo_logo-trans_1200x1200px.png","contentUrl":"https:\/\/www.justiceinfo.net\/wp-content\/uploads\/justiceinfo_logo-trans_1200x1200px.png","width":1199,"height":1200,"caption":"Justice Info"},"image":{"@id":"https:\/\/www.justiceinfo.net\/fr#\/schema\/logo\/image\/"},"sameAs":["https:\/\/www.facebook.com\/JusticeInfo\/","https:\/\/x.com\/justiceinfonet","https:\/\/www.linkedin.com\/company\/justice-info","https:\/\/www.youtube.com\/channel\/UCyCEsARodyuWtkWyhn-e7pA"]},{"@type":"Person","name":"solivri","url":"\/fr\/?s=solivri"}]}},"_links":{"self":[{"href":"https:\/\/www.justiceinfo.net\/fr\/wp-json\/wp\/v2\/posts\/12237","targetHints":{"allow":["GET"]}}],"collection":[{"href":"https:\/\/www.justiceinfo.net\/fr\/wp-json\/wp\/v2\/posts"}],"about":[{"href":"https:\/\/www.justiceinfo.net\/fr\/wp-json\/wp\/v2\/types\/post"}],"author":[{"embeddable":true,"href":"https:\/\/www.justiceinfo.net\/fr\/wp-json\/wp\/v2\/users\/64"}],"replies":[{"embeddable":true,"href":"https:\/\/www.justiceinfo.net\/fr\/wp-json\/wp\/v2\/comments?post=12237"}],"version-history":[{"count":0,"href":"https:\/\/www.justiceinfo.net\/fr\/wp-json\/wp\/v2\/posts\/12237\/revisions"}],"wp:attachment":[{"href":"https:\/\/www.justiceinfo.net\/fr\/wp-json\/wp\/v2\/media?parent=12237"}],"wp:term":[{"taxonomy":"category","embeddable":true,"href":"https:\/\/www.justiceinfo.net\/fr\/wp-json\/wp\/v2\/categories?post=12237"},{"taxonomy":"post_tag","embeddable":true,"href":"https:\/\/www.justiceinfo.net\/fr\/wp-json\/wp\/v2\/tags?post=12237"},{"taxonomy":"ji_location","embeddable":true,"href":"https:\/\/www.justiceinfo.net\/fr\/wp-json\/wp\/v2\/ji_location?post=12237"}],"curies":[{"name":"wp","href":"https:\/\/api.w.org\/{rel}","templated":true}]}}