{"id":12250,"date":"2010-06-25T00:00:00","date_gmt":"2010-06-24T22:00:00","guid":{"rendered":"https:\/\/www.justiceinfo.net\/12250-250610-tpirkaremera-bagosora-entame-son-temoignage-pour-la-defense-de-nzirorera9058.html"},"modified":"2010-06-25T00:00:00","modified_gmt":"2010-06-24T22:00:00","slug":"250610-tpirkaremera-bagosora-entame-son-temoignage-pour-la-defense-de-nzirorera9058","status":"publish","type":"post","link":"https:\/\/www.justiceinfo.net\/fr\/12250-250610-tpirkaremera-bagosora-entame-son-temoignage-pour-la-defense-de-nzirorera9058.html","title":{"rendered":"25.06.10 - TPIR\/KAREMERA - BAGOSORA ENTAME SON TEMOIGNAGE POUR LA DEFENSE DE NZIRORERA"},"content":{"rendered":"<p >\nArusha, 25 juin 2010 (FH) - Le colonel Th&eacute;oneste Bagosora, dont la d&eacute;position avait &eacute;t&eacute; plusieurs fois report&eacute;e, a commenc&eacute; vendredi son t&eacute;moignage pour la d&eacute;fense de Joseph Nzirorera, un poids lourd du r&eacute;gime de l'ex-pr&eacute;sident Juv&eacute;nal Habyarimana.\n<\/p>\n<p><!--more--><\/p>\n<p >\n<p >\nCondamn&eacute; &agrave; la perp&eacute;tuit&eacute;, le colonel Bagosora&nbsp; qui avait &eacute;t&eacute; pr&eacute;sent&eacute; par le procureur comme le cerveau du g&eacute;nocide, attend son proc&egrave;s en appel.\n<\/p>\n<p >\nNzirorera a d&eacute;j&agrave; cit&eacute; pour sa d&eacute;fense plusieurs autres d&eacute;tenus du TPIR, parmi lesquels l'ex-ministre de la Famille, Pauline Nyiramasuhuko, accus&eacute;e notamment d'incitation au viol en 1994.\n<\/p>\n<p >\nAu premier jour de cette d&eacute;position, Bagosora a, comme lors de son propre proc&egrave;s, ni&eacute; toute responsabilit&eacute; dans le g&eacute;nocide des Tutsis.\n<\/p>\n<p >\nConduit par Nimi Maydika, l'un des avocats de Nzirorera, l'ancien directeur de cabinet au minist&egrave;re de la D&eacute;fense, a notamment ni&eacute; avoir tent&eacute; de faire un coup d'Etat apr&egrave;s l'assassinat du pr&eacute;sident Juv&eacute;nal Habyarimana le 6 avril 1994.\n<\/p>\n<p >\nLa d&eacute;position devrait entrer la semaine prochaine dans le vif des accusations port&eacute;es contre Nzirorera, ancien secr&eacute;taire g&eacute;n&eacute;ral de l'ex-parti pr&eacute;sidentiel, le Mouvement r&eacute;publicain national pour la d&eacute;mocratie et le d&eacute;veloppement (MRND).\n<\/p>\n<p >\nNzirorera est jug&eacute; avec l'ancien pr&eacute;sident du MRND, Mathieu Ngirumpatse et l'ancien vice-pr&eacute;sident du parti,&nbsp; Edouard Karemera, inculp&eacute;s, comme lui, de crimes de g&eacute;nocide et de crimes contre l'humanit&eacute;.\n<\/p>\n<p >\nLes trois anciennes personnalit&eacute;s r&eacute;pondent surtout d'exactions commises en 1994 par des membres de leur formation politique, en particulier les jeunes.\n<\/p>\n<p >\nAlors que la d&eacute;fense de Nzirorera tire &agrave; sa fin, Ngirumpatse devrait citer ses t&eacute;moins, actuellement estim&eacute;s &agrave; 37, &agrave; partir du 5 juillet.\n<\/p>\n<p >\nL'ex-pr&eacute;sident du MRND s'appr&ecirc;te contre-attaquer au moment o&ugrave; les &eacute;quipes de d&eacute;fense devant au TPIR reprochent au tribunal de ne pas faire valoir leur immunit&eacute; apr&egrave;s l'arrestation au Rwanda le 28 mai dernier de l'un d'entre eux, l'Am&eacute;ricain Peter Erlinder accus&eacute; de nier le g&eacute;nocide des Tutsis de 1994.\n<\/p>\n<p >\nLe d&eacute;fenseur a &eacute;t&eacute; lib&eacute;r&eacute; mais pour &laquo; des raisons de sant&eacute; &raquo;.\n<\/p>\n<p >\nSes confr&egrave;res appellent le TPIR &agrave; demander l'abandon pur et simple des poursuites rwandaises.\n<\/p>\n<p >\n&laquo; L'immunit&eacute; n'est pas garantie, mais je n'abandonne pas mon client. Je demande en revanche de pouvoir exercer ma mission librement, avec le soutien du tribunal et de cette immunit&eacute;, non seulement pour moi, mais aussi pour tous les membres de mon &eacute;quipe ainsi que les t&eacute;moins &raquo;, d&eacute;clarait jeudi &agrave; l'agence Hirondelle, Fr&eacute;d&eacute;ric Weyl, l'un des d&eacute;fenseurs de Ngirumpatse.\n<\/p>\n<p >\n<p >\nER\/GF\n<\/p>\n<p >\n<p>\n&copy; Agence Hirondelle<\/p>\n","protected":false},"excerpt":{"rendered":"<p>Arusha, 25 juin 2010 (FH) - Le colonel Th&eacute;oneste Bagosora, dont la d&eacute;position avait &eacute;t&eacute; plusieurs fois report&eacute;e, a commenc&eacute; vendredi son t&eacute;moignage pour la d&eacute;fense de Joseph Nzirorera, un poids lourd du r&eacute;gime de l'ex-pr&eacute;sident Juv&eacute;nal Habyarimana.<\/p>\n","protected":false},"author":64,"featured_media":0,"comment_status":"open","ping_status":"closed","sticky":false,"template":"","format":"standard","meta":{"_acf_changed":false,"footnotes":""},"categories":[554],"tags":[],"ji_location":[],"class_list":["post-12250","post","type-post","status-publish","format-standard","hentry","category-hirondellenews"],"acf":[],"yoast_head":"<!-- This site is optimized with the Yoast SEO Premium plugin v25.3.1 (Yoast SEO v25.3.1) - https:\/\/yoast.com\/wordpress\/plugins\/seo\/ -->\n<title>25.06.10 - TPIR\/KAREMERA - BAGOSORA ENTAME SON TEMOIGNAGE POUR LA DEFENSE DE NZIRORERA - JusticeInfo.net<\/title>\n<meta name=\"robots\" content=\"index, follow, max-snippet:-1, max-image-preview:large, max-video-preview:-1\" \/>\n<link rel=\"canonical\" href=\"https:\/\/www.justiceinfo.net\/fr\/12250-250610-tpirkaremera-bagosora-entame-son-temoignage-pour-la-defense-de-nzirorera9058.html\" \/>\n<meta property=\"og:locale\" content=\"fr_FR\" \/>\n<meta property=\"og:type\" content=\"article\" \/>\n<meta property=\"og:title\" content=\"25.06.10 - TPIR\/KAREMERA - BAGOSORA ENTAME SON TEMOIGNAGE POUR LA DEFENSE DE NZIRORERA\" \/>\n<meta property=\"og:description\" content=\"Arusha, 25 juin 2010 (FH) - Le colonel Th&eacute;oneste Bagosora, dont la d&eacute;position avait &eacute;t&eacute; plusieurs fois report&eacute;e, a commenc&eacute; vendredi son t&eacute;moignage pour la d&eacute;fense de Joseph Nzirorera, un poids lourd du r&eacute;gime de l&#039;ex-pr&eacute;sident Juv&eacute;nal Habyarimana.\" \/>\n<meta property=\"og:url\" content=\"https:\/\/www.justiceinfo.net\/fr\/12250-250610-tpirkaremera-bagosora-entame-son-temoignage-pour-la-defense-de-nzirorera9058.html\" \/>\n<meta property=\"og:site_name\" content=\"JusticeInfo.net\" \/>\n<meta property=\"article:publisher\" content=\"https:\/\/www.facebook.com\/JusticeInfo\/\" \/>\n<meta property=\"article:published_time\" content=\"2010-06-24T22:00:00+00:00\" \/>\n<meta property=\"og:image\" content=\"https:\/\/www.justiceinfo.net\/wp-content\/uploads\/JusticeInfoNet_logo_1200x630px.jpg\" \/>\n\t<meta property=\"og:image:width\" content=\"1200\" \/>\n\t<meta property=\"og:image:height\" content=\"630\" \/>\n\t<meta property=\"og:image:type\" content=\"image\/jpeg\" \/>\n<meta name=\"author\" content=\"solivri\" \/>\n<meta name=\"twitter:card\" content=\"summary_large_image\" \/>\n<meta name=\"twitter:creator\" content=\"@justiceinfonet\" \/>\n<meta name=\"twitter:site\" content=\"@justiceinfonet\" \/>\n<meta name=\"twitter:label1\" content=\"\u00c9crit par\" \/>\n\t<meta name=\"twitter:data1\" content=\"solivri\" \/>\n\t<meta name=\"twitter:label2\" content=\"Dur\u00e9e de lecture estim\u00e9e\" \/>\n\t<meta name=\"twitter:data2\" content=\"3 minutes\" \/>\n<script type=\"application\/ld+json\" class=\"yoast-schema-graph\">{\"@context\":\"https:\/\/schema.org\",\"@graph\":[{\"@type\":\"NewsArticle\",\"@id\":\"https:\/\/www.justiceinfo.net\/fr\/12250-250610-tpirkaremera-bagosora-entame-son-temoignage-pour-la-defense-de-nzirorera9058.html#article\",\"isPartOf\":{\"@id\":\"https:\/\/www.justiceinfo.net\/fr\/12250-250610-tpirkaremera-bagosora-entame-son-temoignage-pour-la-defense-de-nzirorera9058.html\"},\"author\":{\"name\":\"solivri\",\"@id\":\"https:\/\/www.justiceinfo.net\/fr#\/schema\/person\/6e53cba1629e2e66f3fc1821d3091865\"},\"headline\":\"25.06.10 - TPIR\/KAREMERA - BAGOSORA ENTAME SON TEMOIGNAGE POUR LA DEFENSE DE NZIRORERA\",\"datePublished\":\"2010-06-24T22:00:00+00:00\",\"mainEntityOfPage\":{\"@id\":\"https:\/\/www.justiceinfo.net\/fr\/12250-250610-tpirkaremera-bagosora-entame-son-temoignage-pour-la-defense-de-nzirorera9058.html\"},\"wordCount\":564,\"commentCount\":0,\"publisher\":{\"@id\":\"https:\/\/www.justiceinfo.net\/fr#organization\"},\"articleSection\":[\"Hirondelle News\"],\"inLanguage\":\"fr-FR\",\"potentialAction\":[{\"@type\":\"CommentAction\",\"name\":\"Comment\",\"target\":[\"https:\/\/www.justiceinfo.net\/fr\/12250-250610-tpirkaremera-bagosora-entame-son-temoignage-pour-la-defense-de-nzirorera9058.html#respond\"]}]},{\"@type\":\"WebPage\",\"@id\":\"https:\/\/www.justiceinfo.net\/fr\/12250-250610-tpirkaremera-bagosora-entame-son-temoignage-pour-la-defense-de-nzirorera9058.html\",\"url\":\"https:\/\/www.justiceinfo.net\/fr\/12250-250610-tpirkaremera-bagosora-entame-son-temoignage-pour-la-defense-de-nzirorera9058.html\",\"name\":\"25.06.10 - TPIR\/KAREMERA - BAGOSORA ENTAME SON TEMOIGNAGE POUR LA DEFENSE DE NZIRORERA - JusticeInfo.net\",\"isPartOf\":{\"@id\":\"https:\/\/www.justiceinfo.net\/fr#website\"},\"datePublished\":\"2010-06-24T22:00:00+00:00\",\"breadcrumb\":{\"@id\":\"https:\/\/www.justiceinfo.net\/fr\/12250-250610-tpirkaremera-bagosora-entame-son-temoignage-pour-la-defense-de-nzirorera9058.html#breadcrumb\"},\"inLanguage\":\"fr-FR\",\"potentialAction\":[{\"@type\":\"ReadAction\",\"target\":[\"https:\/\/www.justiceinfo.net\/fr\/12250-250610-tpirkaremera-bagosora-entame-son-temoignage-pour-la-defense-de-nzirorera9058.html\"]}]},{\"@type\":\"BreadcrumbList\",\"@id\":\"https:\/\/www.justiceinfo.net\/fr\/12250-250610-tpirkaremera-bagosora-entame-son-temoignage-pour-la-defense-de-nzirorera9058.html#breadcrumb\",\"itemListElement\":[{\"@type\":\"ListItem\",\"position\":1,\"name\":\"Home\",\"item\":\"https:\/\/www.justiceinfo.net\/fr\"},{\"@type\":\"ListItem\",\"position\":2,\"name\":\"25.06.10 - TPIR\/KAREMERA - BAGOSORA ENTAME SON TEMOIGNAGE POUR LA DEFENSE DE NZIRORERA\"}]},{\"@type\":\"WebSite\",\"@id\":\"https:\/\/www.justiceinfo.net\/fr#website\",\"url\":\"https:\/\/www.justiceinfo.net\/fr\",\"name\":\"JusticeInfo.net\",\"description\":\"La justice doit \u00eatre vue pour \u00eatre rendue\",\"publisher\":{\"@id\":\"https:\/\/www.justiceinfo.net\/fr#organization\"},\"potentialAction\":[{\"@type\":\"SearchAction\",\"target\":{\"@type\":\"EntryPoint\",\"urlTemplate\":\"https:\/\/www.justiceinfo.net\/fr?s={search_term_string}\"},\"query-input\":{\"@type\":\"PropertyValueSpecification\",\"valueRequired\":true,\"valueName\":\"search_term_string\"}}],\"inLanguage\":\"fr-FR\"},{\"@type\":\"Organization\",\"@id\":\"https:\/\/www.justiceinfo.net\/fr#organization\",\"name\":\"Justice Info\",\"url\":\"https:\/\/www.justiceinfo.net\/fr\",\"logo\":{\"@type\":\"ImageObject\",\"inLanguage\":\"fr-FR\",\"@id\":\"https:\/\/www.justiceinfo.net\/fr#\/schema\/logo\/image\/\",\"url\":\"https:\/\/www.justiceinfo.net\/wp-content\/uploads\/justiceinfo_logo-trans_1200x1200px.png\",\"contentUrl\":\"https:\/\/www.justiceinfo.net\/wp-content\/uploads\/justiceinfo_logo-trans_1200x1200px.png\",\"width\":1199,\"height\":1200,\"caption\":\"Justice Info\"},\"image\":{\"@id\":\"https:\/\/www.justiceinfo.net\/fr#\/schema\/logo\/image\/\"},\"sameAs\":[\"https:\/\/www.facebook.com\/JusticeInfo\/\",\"https:\/\/x.com\/justiceinfonet\",\"https:\/\/www.linkedin.com\/company\/justice-info\",\"https:\/\/www.youtube.com\/channel\/UCyCEsARodyuWtkWyhn-e7pA\"]},{\"@type\":\"Person\",\"name\":\"solivri\",\"url\":\"\/fr\/?s=solivri\"}]}<\/script>\n<!-- \/ Yoast SEO Premium plugin. -->","yoast_head_json":{"title":"25.06.10 - TPIR\/KAREMERA - BAGOSORA ENTAME SON TEMOIGNAGE POUR LA DEFENSE DE NZIRORERA - JusticeInfo.net","robots":{"index":"index","follow":"follow","max-snippet":"max-snippet:-1","max-image-preview":"max-image-preview:large","max-video-preview":"max-video-preview:-1"},"canonical":"https:\/\/www.justiceinfo.net\/fr\/12250-250610-tpirkaremera-bagosora-entame-son-temoignage-pour-la-defense-de-nzirorera9058.html","og_locale":"fr_FR","og_type":"article","og_title":"25.06.10 - TPIR\/KAREMERA - BAGOSORA ENTAME SON TEMOIGNAGE POUR LA DEFENSE DE NZIRORERA","og_description":"Arusha, 25 juin 2010 (FH) - Le colonel Th&eacute;oneste Bagosora, dont la d&eacute;position avait &eacute;t&eacute; plusieurs fois report&eacute;e, a commenc&eacute; vendredi son t&eacute;moignage pour la d&eacute;fense de Joseph Nzirorera, un poids lourd du r&eacute;gime de l'ex-pr&eacute;sident Juv&eacute;nal Habyarimana.","og_url":"https:\/\/www.justiceinfo.net\/fr\/12250-250610-tpirkaremera-bagosora-entame-son-temoignage-pour-la-defense-de-nzirorera9058.html","og_site_name":"JusticeInfo.net","article_publisher":"https:\/\/www.facebook.com\/JusticeInfo\/","article_published_time":"2010-06-24T22:00:00+00:00","og_image":[{"width":1200,"height":630,"url":"https:\/\/www.justiceinfo.net\/wp-content\/uploads\/JusticeInfoNet_logo_1200x630px.jpg","type":"image\/jpeg"}],"author":"solivri","twitter_card":"summary_large_image","twitter_creator":"@justiceinfonet","twitter_site":"@justiceinfonet","twitter_misc":{"\u00c9crit par":"solivri","Dur\u00e9e de lecture estim\u00e9e":"3 minutes"},"schema":{"@context":"https:\/\/schema.org","@graph":[{"@type":"NewsArticle","@id":"https:\/\/www.justiceinfo.net\/fr\/12250-250610-tpirkaremera-bagosora-entame-son-temoignage-pour-la-defense-de-nzirorera9058.html#article","isPartOf":{"@id":"https:\/\/www.justiceinfo.net\/fr\/12250-250610-tpirkaremera-bagosora-entame-son-temoignage-pour-la-defense-de-nzirorera9058.html"},"author":{"name":"solivri","@id":"https:\/\/www.justiceinfo.net\/fr#\/schema\/person\/6e53cba1629e2e66f3fc1821d3091865"},"headline":"25.06.10 - TPIR\/KAREMERA - BAGOSORA ENTAME SON TEMOIGNAGE POUR LA DEFENSE DE NZIRORERA","datePublished":"2010-06-24T22:00:00+00:00","mainEntityOfPage":{"@id":"https:\/\/www.justiceinfo.net\/fr\/12250-250610-tpirkaremera-bagosora-entame-son-temoignage-pour-la-defense-de-nzirorera9058.html"},"wordCount":564,"commentCount":0,"publisher":{"@id":"https:\/\/www.justiceinfo.net\/fr#organization"},"articleSection":["Hirondelle News"],"inLanguage":"fr-FR","potentialAction":[{"@type":"CommentAction","name":"Comment","target":["https:\/\/www.justiceinfo.net\/fr\/12250-250610-tpirkaremera-bagosora-entame-son-temoignage-pour-la-defense-de-nzirorera9058.html#respond"]}]},{"@type":"WebPage","@id":"https:\/\/www.justiceinfo.net\/fr\/12250-250610-tpirkaremera-bagosora-entame-son-temoignage-pour-la-defense-de-nzirorera9058.html","url":"https:\/\/www.justiceinfo.net\/fr\/12250-250610-tpirkaremera-bagosora-entame-son-temoignage-pour-la-defense-de-nzirorera9058.html","name":"25.06.10 - TPIR\/KAREMERA - BAGOSORA ENTAME SON TEMOIGNAGE POUR LA DEFENSE DE NZIRORERA - JusticeInfo.net","isPartOf":{"@id":"https:\/\/www.justiceinfo.net\/fr#website"},"datePublished":"2010-06-24T22:00:00+00:00","breadcrumb":{"@id":"https:\/\/www.justiceinfo.net\/fr\/12250-250610-tpirkaremera-bagosora-entame-son-temoignage-pour-la-defense-de-nzirorera9058.html#breadcrumb"},"inLanguage":"fr-FR","potentialAction":[{"@type":"ReadAction","target":["https:\/\/www.justiceinfo.net\/fr\/12250-250610-tpirkaremera-bagosora-entame-son-temoignage-pour-la-defense-de-nzirorera9058.html"]}]},{"@type":"BreadcrumbList","@id":"https:\/\/www.justiceinfo.net\/fr\/12250-250610-tpirkaremera-bagosora-entame-son-temoignage-pour-la-defense-de-nzirorera9058.html#breadcrumb","itemListElement":[{"@type":"ListItem","position":1,"name":"Home","item":"https:\/\/www.justiceinfo.net\/fr"},{"@type":"ListItem","position":2,"name":"25.06.10 - TPIR\/KAREMERA - BAGOSORA ENTAME SON TEMOIGNAGE POUR LA DEFENSE DE NZIRORERA"}]},{"@type":"WebSite","@id":"https:\/\/www.justiceinfo.net\/fr#website","url":"https:\/\/www.justiceinfo.net\/fr","name":"JusticeInfo.net","description":"La justice doit \u00eatre vue pour \u00eatre rendue","publisher":{"@id":"https:\/\/www.justiceinfo.net\/fr#organization"},"potentialAction":[{"@type":"SearchAction","target":{"@type":"EntryPoint","urlTemplate":"https:\/\/www.justiceinfo.net\/fr?s={search_term_string}"},"query-input":{"@type":"PropertyValueSpecification","valueRequired":true,"valueName":"search_term_string"}}],"inLanguage":"fr-FR"},{"@type":"Organization","@id":"https:\/\/www.justiceinfo.net\/fr#organization","name":"Justice Info","url":"https:\/\/www.justiceinfo.net\/fr","logo":{"@type":"ImageObject","inLanguage":"fr-FR","@id":"https:\/\/www.justiceinfo.net\/fr#\/schema\/logo\/image\/","url":"https:\/\/www.justiceinfo.net\/wp-content\/uploads\/justiceinfo_logo-trans_1200x1200px.png","contentUrl":"https:\/\/www.justiceinfo.net\/wp-content\/uploads\/justiceinfo_logo-trans_1200x1200px.png","width":1199,"height":1200,"caption":"Justice Info"},"image":{"@id":"https:\/\/www.justiceinfo.net\/fr#\/schema\/logo\/image\/"},"sameAs":["https:\/\/www.facebook.com\/JusticeInfo\/","https:\/\/x.com\/justiceinfonet","https:\/\/www.linkedin.com\/company\/justice-info","https:\/\/www.youtube.com\/channel\/UCyCEsARodyuWtkWyhn-e7pA"]},{"@type":"Person","name":"solivri","url":"\/fr\/?s=solivri"}]}},"_links":{"self":[{"href":"https:\/\/www.justiceinfo.net\/fr\/wp-json\/wp\/v2\/posts\/12250","targetHints":{"allow":["GET"]}}],"collection":[{"href":"https:\/\/www.justiceinfo.net\/fr\/wp-json\/wp\/v2\/posts"}],"about":[{"href":"https:\/\/www.justiceinfo.net\/fr\/wp-json\/wp\/v2\/types\/post"}],"author":[{"embeddable":true,"href":"https:\/\/www.justiceinfo.net\/fr\/wp-json\/wp\/v2\/users\/64"}],"replies":[{"embeddable":true,"href":"https:\/\/www.justiceinfo.net\/fr\/wp-json\/wp\/v2\/comments?post=12250"}],"version-history":[{"count":0,"href":"https:\/\/www.justiceinfo.net\/fr\/wp-json\/wp\/v2\/posts\/12250\/revisions"}],"wp:attachment":[{"href":"https:\/\/www.justiceinfo.net\/fr\/wp-json\/wp\/v2\/media?parent=12250"}],"wp:term":[{"taxonomy":"category","embeddable":true,"href":"https:\/\/www.justiceinfo.net\/fr\/wp-json\/wp\/v2\/categories?post=12250"},{"taxonomy":"post_tag","embeddable":true,"href":"https:\/\/www.justiceinfo.net\/fr\/wp-json\/wp\/v2\/tags?post=12250"},{"taxonomy":"ji_location","embeddable":true,"href":"https:\/\/www.justiceinfo.net\/fr\/wp-json\/wp\/v2\/ji_location?post=12250"}],"curies":[{"name":"wp","href":"https:\/\/api.w.org\/{rel}","templated":true}]}}