{"id":122724,"date":"2023-10-04T16:01:33","date_gmt":"2023-10-04T14:01:33","guid":{"rendered":"https:\/\/www.justiceinfo.net\/?p=122724"},"modified":"2023-10-09T09:26:25","modified_gmt":"2023-10-09T07:26:25","slug":"armenie-rejoint-cpi-tension-geopolitique","status":"publish","type":"post","link":"https:\/\/www.justiceinfo.net\/fr\/122724-armenie-rejoint-cpi-tension-geopolitique.html","title":{"rendered":"L'Arm\u00e9nie rejoint la CPI sur fond de tension g\u00e9opolitique"},"content":{"rendered":"\n<p><strong>L'Azerba\u00efdjan a r\u00e9cemment pris le contr\u00f4le total du territoire du Haut-Karabakh, entra\u00eenant un exode massif des Arm\u00e9niens de l'enclave. Esp\u00e9rant pr\u00e9venir une nouvelle attaque de l'Azerba\u00efdjan contre l'Arm\u00e9nie et le tenir responsable d'\u00e9ventuels crimes de guerre, l'Arm\u00e9nie a ratifi\u00e9 le statut de Rome, trait\u00e9 fondateur de la Cour p\u00e9nale internationale, le 3 octobre. Non sans accro\u00eetre la tension avec la Russie de Poutine.<\/strong><\/p>\n\n\n\n<!--more-->\n\n\n\n<p>Par 60 voix contre 23, le Parlement arm\u00e9nien a ratifi\u00e9 le Statut de Rome, le 3 octobre, et sera bient\u00f4t officiellement membre de la <a href=\"https:\/\/www.justiceinfo.net\/fr\/tribunaux\/cpi\">Cour p\u00e9nale internationale (CPI)<\/a>.<\/p>\n\n\n\n<p>En d\u00e9cembre dernier, apr\u00e8s l'attaque \u00e0 grande \u00e9chelle de l'Azerba\u00efdjan contre l'Arm\u00e9nie en septembre 2022, le gouvernement avait demand\u00e9 \u00e0 la Cour constitutionnelle de d\u00e9terminer si le Statut de Rome \u00e9tait conforme \u00e0 la Constitution. En mars, la Cour a rendu un arr\u00eat confirmant la compatibilit\u00e9 du Statut de la CPI avec la Constitution. Auparavant, en 2004, la Cour avait jug\u00e9 que le Statut n\u2019\u00e9tait pas conforme \u00e0 plusieurs dispositions de la Constitution de 1995, qui a \u00e9t\u00e9 modifi\u00e9e depuis.<\/p>\n\n\n\n<p>La ratification du Statut de Rome par l'Arm\u00e9nie s'inscrit dans un contexte politique marqu\u00e9 par l'exode massif de milliers d'Arm\u00e9niens du Haut-Karabakh (territoire azerba\u00efdjanais reconnu internationalement et contr\u00f4l\u00e9 de facto par un gouvernement arm\u00e9nien non reconnu), par des relations tendues avec la Russie et par la r\u00e9ticence apparente de l'Occident \u00e0 demander des comptes au pr\u00e9sident azerba\u00efdjanais Ilham Aliev pour des violations pr\u00e9sum\u00e9es du droit international.<\/p>\n\n\n\n<p>En Arm\u00e9nie, toutefois, on se demande si le moment \u00e9tait bien choisi pour ratifier le statut de Rome.<\/p>\n\n\n\n<h2 class=\"wp-block-heading\" id=\"h-les-inquietudes-russes\">Les inqui\u00e9tudes russes<\/h2>\n\n\n\n<p>Apr\u00e8s l'offensive \u00e9clair de l'Azerba\u00efdjan, le 19 septembre, et la prise de contr\u00f4le du Haut-Karabakh, des manifestations ont rempli les rues d'Erevan, la capitale arm\u00e9nienne, et des appels \u00e0 la d\u00e9mission du Premier ministre arm\u00e9nien Nikol Pashinian ont \u00e9t\u00e9 lanc\u00e9s. Des figures de la propagande russe, comme la directrice de Russia Today, Margarita Simonian, et le pr\u00e9sentateur de t\u00e9l\u00e9vision Vladimir Soloviov, n'ont pas tard\u00e9 \u00e0 r\u00e9agir. Et le vice-pr\u00e9sident du Conseil de s\u00e9curit\u00e9 russe, Dmitri Medvedev, a notamment adress\u00e9 des reproches \u00e0 Pashinian sur sa cha\u00eene Telegram.<\/p>\n\n\n\n<p>Sur fond de mont\u00e9e des tensions, Pashinian a essentiellement rejet\u00e9 la responsabilit\u00e9 du nettoyage ethnique du Haut-Karabakh sur l'Azerba\u00efdjan et sur les troupes de maintien de la paix de la F\u00e9d\u00e9ration de Russie, lors de son dernier discours \u00e0 la nation, le 24 septembre. Il a alors plaid\u00e9 pour la ratification du Statut de Rome, affirmant que l'appartenance \u00e0 l'Organisation du trait\u00e9 de s\u00e9curit\u00e9 collective (OTSC, une alliance militaire intergouvernementale autour de la Russie) et le partenariat strat\u00e9gique avec la Russie n'\u00e9taient pas suffisants pour assurer la s\u00e9curit\u00e9 ext\u00e9rieure de l'Arm\u00e9nie.<\/p>\n\n\n\n<p>Le minist\u00e8re russe des Affaires \u00e9trang\u00e8res a publi\u00e9 une d\u00e9claration s\u00e9v\u00e8re affirmant que les remarques de Pashinian \"m\u00e9ritent d'\u00eatre r\u00e9pudi\u00e9es\" et rejetant les affirmations selon lesquelles les troupes russes de maintien de la paix n'ont pas prot\u00e9g\u00e9 la population du Haut-Karabakh contre l'agression azerba\u00efdjanaise. Le Kremlin a accus\u00e9 Pashinian de \"rejeter sur Moscou la responsabilit\u00e9 des \u00e9checs de [sa] politique int\u00e9rieure et \u00e9trang\u00e8re\".<\/p>\n\n\n\n<p>La porte-parole du minist\u00e8re russe des Affaires \u00e9trang\u00e8res, Maria Zakharova, a imput\u00e9 le changement de politique \u00e9trang\u00e8re de l'Arm\u00e9nie \u00e0 l'Occident, accusant Washington et Bruxelles d'avoir persuad\u00e9 \"les dirigeants arm\u00e9niens de se retirer de l'OTSC\" et \"d'intensifier la coop\u00e9ration avec l'OTAN\", l'alliance militaire autour des \u00c9tats-Unis et de l'Union europ\u00e9enne. Le porte-parole du pr\u00e9sident russe Poutine, Dmitri Peskov, a d\u00e9clar\u00e9 que la Russie \u00e9tait d\u00e9favorable \u00e0 l\u2019intention de l'Arm\u00e9nie de rejoindre la CPI, dont les d\u00e9cisions sont \"extr\u00eamement hostiles\" et \"difficiles \u00e0 comprendre\" pour Moscou. Peu apr\u00e8s la ratification, le minist\u00e8re russe des Affaires \u00e9trang\u00e8res a dit qu'elle aurait \"les cons\u00e9quences les plus n\u00e9gatives pour les relations bilat\u00e9rales\".<\/p>\n\n\n\n<figure class=\"wp-block-image size-full\"><img loading=\"lazy\" decoding=\"async\" width=\"1200\" height=\"681\" src=\"https:\/\/www.justiceinfo.net\/wp-content\/uploads\/Armenia-Azerbaijan_Nagorno-Karabakh-conflict-map_v2_@Wikipedia.jpg\" alt=\"Territoire disput\u00e9 du Haut-Karabakh\" class=\"wp-image-122755\" srcset=\"https:\/\/www.justiceinfo.net\/wp-content\/uploads\/Armenia-Azerbaijan_Nagorno-Karabakh-conflict-map_v2_@Wikipedia.jpg 1200w, https:\/\/www.justiceinfo.net\/wp-content\/uploads\/Armenia-Azerbaijan_Nagorno-Karabakh-conflict-map_v2_@Wikipedia-1000x568.jpg 1000w, https:\/\/www.justiceinfo.net\/wp-content\/uploads\/Armenia-Azerbaijan_Nagorno-Karabakh-conflict-map_v2_@Wikipedia-1110x630.jpg 1110w\" sizes=\"auto, (max-width: 1200px) 100vw, 1200px\" \/><figcaption class=\"wp-element-caption\">Territoire disput\u00e9 du Haut-Karabakh (jaune) \u00a9 Wikipedia<\/figcaption><\/figure>\n\n\n\n<h2 class=\"wp-block-heading\" id=\"h-l-ombre-de-l-inculpation-de-poutine-par-la-cpi\">L'ombre de l'inculpation de Poutine par la CPI<\/h2>\n\n\n\n<p>En mars dernier, <a href=\"https:\/\/www.justiceinfo.net\/fr\/114122-mandats-darret-de-la-cpi-contre-poutine-que-disent-les-experts.html\">la CPI a d\u00e9livr\u00e9 des mandats d'arr\u00eat \u00e0 l'encontre du pr\u00e9sident Poutine<\/a> et de la commissaire russe aux Droits de l'enfant, Maria Lvova-Belova, pour \"d\u00e9portation et transfert ill\u00e9gal d'enfants des r\u00e9gions occup\u00e9es de l'Ukraine vers la Russie\". Moscou a fermement condamn\u00e9 cette d\u00e9cision et l'a qualifi\u00e9e de provocation. Si l'Arm\u00e9nie adh\u00e8re \u00e0 la CPI, les forces de l'ordre locales seront th\u00e9oriquement tenues d'arr\u00eater Poutine s'il se rend en Arm\u00e9nie.<\/p>\n\n\n\n<p>Benyamin Poghosian, sp\u00e9cialiste de politique \u00e9trang\u00e8re \u00e0 l'Institut de recherche politique appliqu\u00e9e, un groupe de r\u00e9flexion bas\u00e9 \u00e0 Erevan, explique \u00e0 Justice Info qu\u2019une arrestation potentielle de Poutine en Arm\u00e9nie \"d\u00e9passe la science-fiction\". Le vrai probl\u00e8me, selon Poghosian, est que la Russie per\u00e7oit la CPI comme un instrument de l\u2019Occident permettant de faire avancer son agenda g\u00e9opolitique et d'exercer une pression sur les nations qui ne s\u2019y conforment pas. La ratification du Statut de Rome par l'Arm\u00e9nie est per\u00e7ue comme un \"signal g\u00e9opolitique indiquant que le pays souhaite se rapprocher de l'Occident et s'\u00e9loigner de la Russie\". Le Kremlin est inquiet car \"il consid\u00e8re le Caucase du Sud comme faisant partie de sa zone sp\u00e9ciale d'int\u00e9r\u00eat\", analyse Poghosian.<\/p>\n\n\n\n<p>Yeghishe Kirakosian, repr\u00e9sentant de l'Arm\u00e9nie pour les questions de droit international, assure que si l'Arm\u00e9nie rejoignait la CPI, Poutine ne serait pas arr\u00eat\u00e9 \u00e0 son entr\u00e9e sur le territoire. Il a d\u00e9clar\u00e9 que l'Arm\u00e9nie avait propos\u00e9 de signer un accord bilat\u00e9ral avec la Russie pour lui fournir des garanties \"concernant les questions les plus urgentes\", sur la base de l'article 96 du Statut. Selon Kirakosian, l'Arm\u00e9nie a envoy\u00e9 cette offre \u00e0 la Russie en avril, mais n'a re\u00e7u aucune r\u00e9ponse \u00e0 ce jour. Peskov a d\u00e9clar\u00e9 de son c\u00f4t\u00e9 qu'il \"n'\u00e9tait pas au courant des d\u00e9tails\" de la proposition de l'Arm\u00e9nie mais a ajout\u00e9 plus tard que les deux pays devaient trouver une \"solution diplomatique\" \u00e0 la situation.<\/p>\n\n\n\n<p>Malgr\u00e9 des relations diplomatiques tendues avec la Russie, Pashinian et l'\u00e9quipe juridique arm\u00e9nienne affirment que l'intention de l'Arm\u00e9nie de rejoindre la CPI n'est pas dirig\u00e9e contre l'OTSC ou la Russie.<\/p>\n\n\n\n<h2 class=\"wp-block-heading\" id=\"h-un-effet-dissuasif\">Un effet dissuasif ?<\/h2>\n\n\n\n<p>L'\u00e9quipe juridique arm\u00e9nienne met l'accent sur la CPI comme une forme de dissuasion contre d'\u00e9ventuelles attaques azerba\u00efdjanaises contre l'Arm\u00e9nie et comme un moyen de tenir l'Azerba\u00efdjan pour responsable des crimes de guerre document\u00e9s commis par des militaires azerba\u00efdjanais en septembre 2022. Afin que ces attaques soient couvertes par la CPI, l'Arm\u00e9nie a antidat\u00e9 la comp\u00e9tence de la Cour au 10 mai 2021.<\/p>\n\n\n\n<p>Selon Mischa Gureghian Hall, chercheur juriste au <a href=\"https:\/\/www.cftjustice.org\/\">Centre pour la v\u00e9rit\u00e9 et la justice<\/a>, une ONG cr\u00e9\u00e9e en novembre 2020 en r\u00e9ponse \u00e0 la guerre du Haut-Karabakh, bien que la CPI ne soit pas comp\u00e9tente pour juger d'un \u00e9ventuel <a href=\"https:\/\/www.justiceinfo.net\/fr\/tag\/crime-agression\">crime d'agression<\/a> contre la souverainet\u00e9 de l'Arm\u00e9nie, la menace d'une enqu\u00eate de la CPI sur des crimes potentiels commis dans le cadre d'une attaque azerba\u00efdjanaise contre elle servirait, en th\u00e9orie, \"d'\u00e9p\u00e9e de Damocl\u00e8s en quelque sorte, rendant l'Azerba\u00efdjan plus r\u00e9ticent \u00e0 perp\u00e9trer des actes d'agression contre l'Arm\u00e9nie\".<\/p>\n\n\n\n<p>\"\u00c9tant donn\u00e9 que les empi\u00e8tements de l'Azerba\u00efdjan sur l'Arm\u00e9nie se sont toujours accompagn\u00e9s de violations du droit international humanitaire et des droits de l'homme, lutter contre celles-ci devrait, en th\u00e9orie, servir \u00e0 dissuader les premiers\", ajoute-t-il.<\/p>\n\n\n\n<p>Gureghian Hall souligne que le fait de devenir un \u00c9tat partie au Statut de Rome ouvre au Bureau du procureur de la CPI une nouvelle option pour attirer l'attention sur d'\u00e9ventuelles violations internationales commises par l'Azerba\u00efdjan, qui a \"plus de mordant\" que les organes de l'Onu ayant jusqu'\u00e0 pr\u00e9sent \u00e9t\u00e9 mobilis\u00e9s pour mettre en lumi\u00e8re ces violations.<\/p>\n\n\n\n<p>Selon Poghosian, cependant, la ratification du Statut de Rome pourrait ne pas jouer un r\u00f4le dissuasif contre de nouvelles attaques azerba\u00efdjanaises, et en revanche entra\u00eener des tensions non seulement avec la Russie, mais aussi avec l'Iran et \u00e9ventuellement la Chine. Dans un ordre mondial de plus en plus divis\u00e9, cette d\u00e9cision liera les mains de l'Arm\u00e9nie et cr\u00e9era \"l'impression que l'Arm\u00e9nie a choisi le camp occidental et s'est plac\u00e9e contre la Russie, l'Iran et la Chine\", analyse Poghosian. \"L'Iran est clairement oppos\u00e9 \u00e0 l'expansion de l'influence turco-azerba\u00efdjanaise dans le Caucase du Sud et est pr\u00eat \u00e0 aider l'Arm\u00e9nie \u00e0 r\u00e9sister. Les difficult\u00e9s avec l'Iran et la Russie r\u00e9duiront le potentiel de l'Arm\u00e9nie \u00e0 r\u00e9sister aux pressions azerba\u00efdjanaises et turques et forceront l'Arm\u00e9nie \u00e0 faire des concessions suppl\u00e9mentaires, au-del\u00e0 de la perte de l'Artsakh (nom local du Haut-Karabakh)\", ajoute-t-il.<\/p>\n\n\n\n<p>L'Azerba\u00efdjan a, pour l\u2019essentiel, ignor\u00e9 l'arr\u00eat de f\u00e9vrier de la <a href=\"https:\/\/www.justiceinfo.net\/fr\/tag\/cour-internationale-de-justice\">Cour internationale de justice (CIJ)<\/a> visant \u00e0 garantir la libre circulation vers le Haut-Karabakh. L\u2019Azerbaidjan a maintenu bloqu\u00e9e pendant environ dix mois la route vitale pour les Arm\u00e9niens du Haut-Karabakh - le corridor de Lachin - sans subir de cons\u00e9quences significatives.<\/p>\n\n\n\n<p>Selon Gureghian Hall, dans la complexit\u00e9 de la situation au Haut-Karabakh, un cas unique se pr\u00e9sente lorsque des personnes sont d\u00e9plac\u00e9es de force \u00e0 travers les fronti\u00e8res. Les Arm\u00e9niens se trouvent contraints de quitter le Haut-Karabakh, qui fait partie du territoire azerba\u00efdjanais, et de se r\u00e9installer en Arm\u00e9nie, signataire potentiel du Statut de Rome. Sur cette base, Gureghian Hall estime que la CPI pourrait avoir le pouvoir d'enqu\u00eater et de poursuivre ce crime de la m\u00eame mani\u00e8re qu'elle s\u2019est dite comp\u00e9tente pour la d\u00e9portation des <a href=\"https:\/\/www.justiceinfo.net\/fr\/regions\/myanmar\">Rohingyas du Myanmar<\/a>. \"Les civils musulmans rohingyas ont \u00e9t\u00e9 d\u00e9plac\u00e9s de force du Myanmar (qui n'est pas un \u00c9tat partie au Statut de Rome) vers le Bangladesh (qui est un \u00c9tat partie). Dans la situation actuelle, avec le d\u00e9placement massif des Arm\u00e9niens du Haut-Karabakh, la situation est similaire\", dit-il. \"Je pense, en particulier \u00e0 la lumi\u00e8re de la rh\u00e9torique d\u00e9shumanisante quasi-constante adopt\u00e9e par les plus hautes sph\u00e8res de l'\u00c9tat azerba\u00efdjanais \u00e0 l'encontre des Arm\u00e9niens de souche, qu'il ne serait pas difficile d'\u00e9tablir l'existence d'une intention discriminatoire caract\u00e9ristique du crime contre l\u2019humanit\u00e9 pour pers\u00e9cution\", explique Gureghian Hall. Mais \u00e9tant donn\u00e9 que l'Azerba\u00efdjan n'a pas d'obligation explicite de se conformer \u00e0 la CPI puisqu'il n'est pas signataire du Statut de Rome, beaucoup craignent que l'Azerba\u00efdjan ignore les d\u00e9cisions de la CPI tout comme il a ignor\u00e9 celles de la CIJ auxquelles il \u00e9tait cens\u00e9 se conformer.<\/p>\n\n\n<div class=\"articleLink articleLink--editorRecommanded articleLink--textInImage articleLink--textTop\" style=\"\">\r\n\t\t\t\t\t\r\n\t\t\t<div class=\"articleLinkSurTitle\">Recommand\u00e9 par la r\u00e9daction<\/div>\r\n\t\t\t<a class=\"articleLinkImageLink\" href=\"https:\/\/www.justiceinfo.net\/fr\/107396-armenie-azerbaidjan-que-faire-contre-la-loi-du-plus-fort.html\"><div class=\"articleLinkImageContainer \"><img loading=\"lazy\" decoding=\"async\" width=\"540\" height=\"360\" src=\"https:\/\/www.justiceinfo.net\/wp-content\/uploads\/000_32JC9GG-540x360.jpg\" class=\"articleLinkImage backgroundImageTag w-100 wp-post-image\" alt=\"\" srcset=\"https:\/\/www.justiceinfo.net\/wp-content\/uploads\/000_32JC9GG-540x360.jpg 540w, https:\/\/www.justiceinfo.net\/wp-content\/uploads\/000_32JC9GG-730x487.jpg 730w, https:\/\/www.justiceinfo.net\/wp-content\/uploads\/000_32JC9GG.jpg 1024w\" sizes=\"auto, (max-width: 540px) 100vw, 540px\" \/><\/div><\/a>\r\n\t\t\t<a href=\"https:\/\/www.justiceinfo.net\/fr\/107396-armenie-azerbaidjan-que-faire-contre-la-loi-du-plus-fort.html\" class=\"articleLinkTitle articleLinkTitle--default\">\r\n\t\t\tArm\u00e9nie\/Azerba\u00efdjan\u00a0: que faire contre la loi du plus fort\u00a0?\r\n\t\t<\/a>\r\n\t\t\r\n\t\t\t\t<\/div>\n","protected":false},"excerpt":{"rendered":"<p>L'Azerba\u00efdjan a r\u00e9cemment pris le contr\u00f4le total du territoire du Haut-Karabakh, entra\u00eenant un exode massif des Arm\u00e9niens de l'enclave. Esp\u00e9rant pr\u00e9venir une nouvelle attaque de l'Azerba\u00efdjan contre l'Arm\u00e9nie et le tenir responsable d'\u00e9ventuels crimes de guerre, l'Arm\u00e9nie a ratifi\u00e9 le statut de Rome, trait\u00e9 fondateur de la Cour p\u00e9nale internationale, le 3 octobre. Non sans [&hellip;]<\/p>\n","protected":false},"author":64,"featured_media":122728,"comment_status":"open","ping_status":"closed","sticky":false,"template":"","format":"standard","meta":{"_acf_changed":false,"footnotes":""},"categories":[570],"tags":[2674],"ji_location":[2104,2112],"class_list":["post-122724","post","type-post","status-publish","format-standard","has-post-thumbnail","hentry","category-cpi","tag-crime-de-guerre","ji_location-armenie","ji_location-azerbaidjan"],"acf":[],"yoast_head":"<!-- This site is optimized with the Yoast SEO Premium plugin v25.3.1 (Yoast SEO v25.3.1) - https:\/\/yoast.com\/wordpress\/plugins\/seo\/ -->\n<title>L&#039;Arm\u00e9nie rejoint la CPI sur fond de tension g\u00e9opolitique<\/title>\n<meta name=\"description\" content=\"Suite \u00e0 la prise de contr\u00f4le du Haut-Karabakh par L&#039;Azerba\u00efdjan, l\u2019Arm\u00e9nie a rejoint la Cour p\u00e9nale internationale (CPI), esp\u00e9rant ainsi pr\u00e9venir une escalade guerri\u00e8re et d\u2019\u00e9ventuels crimes de guerre.\" \/>\n<meta name=\"robots\" content=\"index, follow, max-snippet:-1, max-image-preview:large, max-video-preview:-1\" \/>\n<link rel=\"canonical\" href=\"https:\/\/www.justiceinfo.net\/fr\/122724-armenie-rejoint-cpi-tension-geopolitique.html\" \/>\n<meta property=\"og:locale\" content=\"fr_FR\" \/>\n<meta property=\"og:type\" content=\"article\" \/>\n<meta property=\"og:title\" content=\"L&#039;Arm\u00e9nie rejoint la CPI sur fond de tension g\u00e9opolitique\" \/>\n<meta property=\"og:description\" content=\"Suite \u00e0 la prise de contr\u00f4le du Haut-Karabakh par L&#039;Azerba\u00efdjan, l\u2019Arm\u00e9nie a rejoint la Cour p\u00e9nale internationale (CPI), esp\u00e9rant ainsi pr\u00e9venir une escalade guerri\u00e8re et d\u2019\u00e9ventuels crimes de guerre.\" \/>\n<meta property=\"og:url\" content=\"https:\/\/www.justiceinfo.net\/fr\/122724-armenie-rejoint-cpi-tension-geopolitique.html\" \/>\n<meta property=\"og:site_name\" content=\"JusticeInfo.net\" \/>\n<meta property=\"article:publisher\" content=\"https:\/\/www.facebook.com\/JusticeInfo\/\" \/>\n<meta property=\"article:published_time\" content=\"2023-10-04T14:01:33+00:00\" \/>\n<meta property=\"article:modified_time\" content=\"2023-10-09T07:26:25+00:00\" \/>\n<meta property=\"og:image\" content=\"https:\/\/www.justiceinfo.net\/wp-content\/uploads\/Armenia-Azerbaijan_russian-peacekeepers-trucks-border.jpg\" \/>\n\t<meta property=\"og:image:width\" content=\"1200\" \/>\n\t<meta property=\"og:image:height\" content=\"800\" \/>\n\t<meta property=\"og:image:type\" content=\"image\/jpeg\" \/>\n<meta name=\"author\" content=\"Samson Martirosian\" \/>\n<meta name=\"twitter:card\" content=\"summary_large_image\" \/>\n<meta name=\"twitter:creator\" content=\"@justiceinfonet\" \/>\n<meta name=\"twitter:site\" content=\"@justiceinfonet\" \/>\n<meta name=\"twitter:label1\" content=\"\u00c9crit par\" \/>\n\t<meta name=\"twitter:data1\" content=\"Samson Martirosian\" \/>\n\t<meta name=\"twitter:label2\" content=\"Dur\u00e9e de lecture estim\u00e9e\" \/>\n\t<meta name=\"twitter:data2\" content=\"9 minutes\" \/>\n<script type=\"application\/ld+json\" class=\"yoast-schema-graph\">{\"@context\":\"https:\/\/schema.org\",\"@graph\":[{\"@type\":\"NewsArticle\",\"@id\":\"https:\/\/www.justiceinfo.net\/fr\/122724-armenie-rejoint-cpi-tension-geopolitique.html#article\",\"isPartOf\":{\"@id\":\"https:\/\/www.justiceinfo.net\/fr\/122724-armenie-rejoint-cpi-tension-geopolitique.html\"},\"author\":{\"name\":\"solivri\",\"@id\":\"https:\/\/www.justiceinfo.net\/fr#\/schema\/person\/6e53cba1629e2e66f3fc1821d3091865\"},\"headline\":\"L'Arm\u00e9nie rejoint la CPI sur fond de tension g\u00e9opolitique\",\"datePublished\":\"2023-10-04T14:01:33+00:00\",\"dateModified\":\"2023-10-09T07:26:25+00:00\",\"mainEntityOfPage\":{\"@id\":\"https:\/\/www.justiceinfo.net\/fr\/122724-armenie-rejoint-cpi-tension-geopolitique.html\"},\"wordCount\":1937,\"commentCount\":0,\"publisher\":{\"@id\":\"https:\/\/www.justiceinfo.net\/fr#organization\"},\"image\":{\"@id\":\"https:\/\/www.justiceinfo.net\/fr\/122724-armenie-rejoint-cpi-tension-geopolitique.html#primaryimage\"},\"thumbnailUrl\":\"https:\/\/www.justiceinfo.net\/wp-content\/uploads\/Armenia-Azerbaijan_russian-peacekeepers-trucks-border.jpg\",\"keywords\":[\"crime de guerre\"],\"articleSection\":[\"CPI\"],\"inLanguage\":\"fr-FR\",\"potentialAction\":[{\"@type\":\"CommentAction\",\"name\":\"Comment\",\"target\":[\"https:\/\/www.justiceinfo.net\/fr\/122724-armenie-rejoint-cpi-tension-geopolitique.html#respond\"]}]},{\"@type\":\"WebPage\",\"@id\":\"https:\/\/www.justiceinfo.net\/fr\/122724-armenie-rejoint-cpi-tension-geopolitique.html\",\"url\":\"https:\/\/www.justiceinfo.net\/fr\/122724-armenie-rejoint-cpi-tension-geopolitique.html\",\"name\":\"L'Arm\u00e9nie rejoint la CPI sur fond de tension g\u00e9opolitique\",\"isPartOf\":{\"@id\":\"https:\/\/www.justiceinfo.net\/fr#website\"},\"primaryImageOfPage\":{\"@id\":\"https:\/\/www.justiceinfo.net\/fr\/122724-armenie-rejoint-cpi-tension-geopolitique.html#primaryimage\"},\"image\":{\"@id\":\"https:\/\/www.justiceinfo.net\/fr\/122724-armenie-rejoint-cpi-tension-geopolitique.html#primaryimage\"},\"thumbnailUrl\":\"https:\/\/www.justiceinfo.net\/wp-content\/uploads\/Armenia-Azerbaijan_russian-peacekeepers-trucks-border.jpg\",\"datePublished\":\"2023-10-04T14:01:33+00:00\",\"dateModified\":\"2023-10-09T07:26:25+00:00\",\"description\":\"Suite \u00e0 la prise de contr\u00f4le du Haut-Karabakh par L'Azerba\u00efdjan, l\u2019Arm\u00e9nie a rejoint la Cour p\u00e9nale internationale (CPI), esp\u00e9rant ainsi pr\u00e9venir une escalade guerri\u00e8re et d\u2019\u00e9ventuels crimes de guerre.\",\"breadcrumb\":{\"@id\":\"https:\/\/www.justiceinfo.net\/fr\/122724-armenie-rejoint-cpi-tension-geopolitique.html#breadcrumb\"},\"inLanguage\":\"fr-FR\",\"potentialAction\":[{\"@type\":\"ReadAction\",\"target\":[\"https:\/\/www.justiceinfo.net\/fr\/122724-armenie-rejoint-cpi-tension-geopolitique.html\"]}]},{\"@type\":\"ImageObject\",\"inLanguage\":\"fr-FR\",\"@id\":\"https:\/\/www.justiceinfo.net\/fr\/122724-armenie-rejoint-cpi-tension-geopolitique.html#primaryimage\",\"url\":\"https:\/\/www.justiceinfo.net\/wp-content\/uploads\/Armenia-Azerbaijan_russian-peacekeepers-trucks-border.jpg\",\"contentUrl\":\"https:\/\/www.justiceinfo.net\/wp-content\/uploads\/Armenia-Azerbaijan_russian-peacekeepers-trucks-border.jpg\",\"width\":1200,\"height\":800,\"caption\":\"Aux yeux du gouvernement arm\u00e9nien, les troupes russes de maintien de la paix, qui franchissent ici un poste-fronti\u00e8re entre l'Azerbaidjan et l'Arm\u00e9nie, le 22 septembre 2023, n'ont pas prot\u00e9g\u00e9 la population du Haut-Karabakh contre l'agression azerba\u00efdjanaise. \u00a9 Alain Jocard \/ AFP\"},{\"@type\":\"BreadcrumbList\",\"@id\":\"https:\/\/www.justiceinfo.net\/fr\/122724-armenie-rejoint-cpi-tension-geopolitique.html#breadcrumb\",\"itemListElement\":[{\"@type\":\"ListItem\",\"position\":1,\"name\":\"Home\",\"item\":\"https:\/\/www.justiceinfo.net\/fr\"},{\"@type\":\"ListItem\",\"position\":2,\"name\":\"L'Arm\u00e9nie rejoint la CPI sur fond de tension g\u00e9opolitique\"}]},{\"@type\":\"WebSite\",\"@id\":\"https:\/\/www.justiceinfo.net\/fr#website\",\"url\":\"https:\/\/www.justiceinfo.net\/fr\",\"name\":\"JusticeInfo.net\",\"description\":\"La justice doit \u00eatre vue pour \u00eatre rendue\",\"publisher\":{\"@id\":\"https:\/\/www.justiceinfo.net\/fr#organization\"},\"potentialAction\":[{\"@type\":\"SearchAction\",\"target\":{\"@type\":\"EntryPoint\",\"urlTemplate\":\"https:\/\/www.justiceinfo.net\/fr?s={search_term_string}\"},\"query-input\":{\"@type\":\"PropertyValueSpecification\",\"valueRequired\":true,\"valueName\":\"search_term_string\"}}],\"inLanguage\":\"fr-FR\"},{\"@type\":\"Organization\",\"@id\":\"https:\/\/www.justiceinfo.net\/fr#organization\",\"name\":\"Justice Info\",\"url\":\"https:\/\/www.justiceinfo.net\/fr\",\"logo\":{\"@type\":\"ImageObject\",\"inLanguage\":\"fr-FR\",\"@id\":\"https:\/\/www.justiceinfo.net\/fr#\/schema\/logo\/image\/\",\"url\":\"https:\/\/www.justiceinfo.net\/wp-content\/uploads\/justiceinfo_logo-trans_1200x1200px.png\",\"contentUrl\":\"https:\/\/www.justiceinfo.net\/wp-content\/uploads\/justiceinfo_logo-trans_1200x1200px.png\",\"width\":1199,\"height\":1200,\"caption\":\"Justice Info\"},\"image\":{\"@id\":\"https:\/\/www.justiceinfo.net\/fr#\/schema\/logo\/image\/\"},\"sameAs\":[\"https:\/\/www.facebook.com\/JusticeInfo\/\",\"https:\/\/x.com\/justiceinfonet\",\"https:\/\/www.linkedin.com\/company\/justice-info\",\"https:\/\/www.youtube.com\/channel\/UCyCEsARodyuWtkWyhn-e7pA\"]},{\"@type\":\"Person\",\"name\":\"Samson Martirosian\",\"url\":\"\/fr\/?s=Samson Martirosian\"}]}<\/script>\n<!-- \/ Yoast SEO Premium plugin. -->","yoast_head_json":{"title":"L'Arm\u00e9nie rejoint la CPI sur fond de tension g\u00e9opolitique","description":"Suite \u00e0 la prise de contr\u00f4le du Haut-Karabakh par L'Azerba\u00efdjan, l\u2019Arm\u00e9nie a rejoint la Cour p\u00e9nale internationale (CPI), esp\u00e9rant ainsi pr\u00e9venir une escalade guerri\u00e8re et d\u2019\u00e9ventuels crimes de guerre.","robots":{"index":"index","follow":"follow","max-snippet":"max-snippet:-1","max-image-preview":"max-image-preview:large","max-video-preview":"max-video-preview:-1"},"canonical":"https:\/\/www.justiceinfo.net\/fr\/122724-armenie-rejoint-cpi-tension-geopolitique.html","og_locale":"fr_FR","og_type":"article","og_title":"L'Arm\u00e9nie rejoint la CPI sur fond de tension g\u00e9opolitique","og_description":"Suite \u00e0 la prise de contr\u00f4le du Haut-Karabakh par L'Azerba\u00efdjan, l\u2019Arm\u00e9nie a rejoint la Cour p\u00e9nale internationale (CPI), esp\u00e9rant ainsi pr\u00e9venir une escalade guerri\u00e8re et d\u2019\u00e9ventuels crimes de guerre.","og_url":"https:\/\/www.justiceinfo.net\/fr\/122724-armenie-rejoint-cpi-tension-geopolitique.html","og_site_name":"JusticeInfo.net","article_publisher":"https:\/\/www.facebook.com\/JusticeInfo\/","article_published_time":"2023-10-04T14:01:33+00:00","article_modified_time":"2023-10-09T07:26:25+00:00","og_image":[{"width":1200,"height":800,"url":"https:\/\/www.justiceinfo.net\/wp-content\/uploads\/Armenia-Azerbaijan_russian-peacekeepers-trucks-border.jpg","type":"image\/jpeg"}],"author":"Samson Martirosian","twitter_card":"summary_large_image","twitter_creator":"@justiceinfonet","twitter_site":"@justiceinfonet","twitter_misc":{"\u00c9crit par":"Samson Martirosian","Dur\u00e9e de lecture estim\u00e9e":"9 minutes"},"schema":{"@context":"https:\/\/schema.org","@graph":[{"@type":"NewsArticle","@id":"https:\/\/www.justiceinfo.net\/fr\/122724-armenie-rejoint-cpi-tension-geopolitique.html#article","isPartOf":{"@id":"https:\/\/www.justiceinfo.net\/fr\/122724-armenie-rejoint-cpi-tension-geopolitique.html"},"author":{"name":"solivri","@id":"https:\/\/www.justiceinfo.net\/fr#\/schema\/person\/6e53cba1629e2e66f3fc1821d3091865"},"headline":"L'Arm\u00e9nie rejoint la CPI sur fond de tension g\u00e9opolitique","datePublished":"2023-10-04T14:01:33+00:00","dateModified":"2023-10-09T07:26:25+00:00","mainEntityOfPage":{"@id":"https:\/\/www.justiceinfo.net\/fr\/122724-armenie-rejoint-cpi-tension-geopolitique.html"},"wordCount":1937,"commentCount":0,"publisher":{"@id":"https:\/\/www.justiceinfo.net\/fr#organization"},"image":{"@id":"https:\/\/www.justiceinfo.net\/fr\/122724-armenie-rejoint-cpi-tension-geopolitique.html#primaryimage"},"thumbnailUrl":"https:\/\/www.justiceinfo.net\/wp-content\/uploads\/Armenia-Azerbaijan_russian-peacekeepers-trucks-border.jpg","keywords":["crime de guerre"],"articleSection":["CPI"],"inLanguage":"fr-FR","potentialAction":[{"@type":"CommentAction","name":"Comment","target":["https:\/\/www.justiceinfo.net\/fr\/122724-armenie-rejoint-cpi-tension-geopolitique.html#respond"]}]},{"@type":"WebPage","@id":"https:\/\/www.justiceinfo.net\/fr\/122724-armenie-rejoint-cpi-tension-geopolitique.html","url":"https:\/\/www.justiceinfo.net\/fr\/122724-armenie-rejoint-cpi-tension-geopolitique.html","name":"L'Arm\u00e9nie rejoint la CPI sur fond de tension g\u00e9opolitique","isPartOf":{"@id":"https:\/\/www.justiceinfo.net\/fr#website"},"primaryImageOfPage":{"@id":"https:\/\/www.justiceinfo.net\/fr\/122724-armenie-rejoint-cpi-tension-geopolitique.html#primaryimage"},"image":{"@id":"https:\/\/www.justiceinfo.net\/fr\/122724-armenie-rejoint-cpi-tension-geopolitique.html#primaryimage"},"thumbnailUrl":"https:\/\/www.justiceinfo.net\/wp-content\/uploads\/Armenia-Azerbaijan_russian-peacekeepers-trucks-border.jpg","datePublished":"2023-10-04T14:01:33+00:00","dateModified":"2023-10-09T07:26:25+00:00","description":"Suite \u00e0 la prise de contr\u00f4le du Haut-Karabakh par L'Azerba\u00efdjan, l\u2019Arm\u00e9nie a rejoint la Cour p\u00e9nale internationale (CPI), esp\u00e9rant ainsi pr\u00e9venir une escalade guerri\u00e8re et d\u2019\u00e9ventuels crimes de guerre.","breadcrumb":{"@id":"https:\/\/www.justiceinfo.net\/fr\/122724-armenie-rejoint-cpi-tension-geopolitique.html#breadcrumb"},"inLanguage":"fr-FR","potentialAction":[{"@type":"ReadAction","target":["https:\/\/www.justiceinfo.net\/fr\/122724-armenie-rejoint-cpi-tension-geopolitique.html"]}]},{"@type":"ImageObject","inLanguage":"fr-FR","@id":"https:\/\/www.justiceinfo.net\/fr\/122724-armenie-rejoint-cpi-tension-geopolitique.html#primaryimage","url":"https:\/\/www.justiceinfo.net\/wp-content\/uploads\/Armenia-Azerbaijan_russian-peacekeepers-trucks-border.jpg","contentUrl":"https:\/\/www.justiceinfo.net\/wp-content\/uploads\/Armenia-Azerbaijan_russian-peacekeepers-trucks-border.jpg","width":1200,"height":800,"caption":"Aux yeux du gouvernement arm\u00e9nien, les troupes russes de maintien de la paix, qui franchissent ici un poste-fronti\u00e8re entre l'Azerbaidjan et l'Arm\u00e9nie, le 22 septembre 2023, n'ont pas prot\u00e9g\u00e9 la population du Haut-Karabakh contre l'agression azerba\u00efdjanaise. \u00a9 Alain Jocard \/ AFP"},{"@type":"BreadcrumbList","@id":"https:\/\/www.justiceinfo.net\/fr\/122724-armenie-rejoint-cpi-tension-geopolitique.html#breadcrumb","itemListElement":[{"@type":"ListItem","position":1,"name":"Home","item":"https:\/\/www.justiceinfo.net\/fr"},{"@type":"ListItem","position":2,"name":"L'Arm\u00e9nie rejoint la CPI sur fond de tension g\u00e9opolitique"}]},{"@type":"WebSite","@id":"https:\/\/www.justiceinfo.net\/fr#website","url":"https:\/\/www.justiceinfo.net\/fr","name":"JusticeInfo.net","description":"La justice doit \u00eatre vue pour \u00eatre rendue","publisher":{"@id":"https:\/\/www.justiceinfo.net\/fr#organization"},"potentialAction":[{"@type":"SearchAction","target":{"@type":"EntryPoint","urlTemplate":"https:\/\/www.justiceinfo.net\/fr?s={search_term_string}"},"query-input":{"@type":"PropertyValueSpecification","valueRequired":true,"valueName":"search_term_string"}}],"inLanguage":"fr-FR"},{"@type":"Organization","@id":"https:\/\/www.justiceinfo.net\/fr#organization","name":"Justice Info","url":"https:\/\/www.justiceinfo.net\/fr","logo":{"@type":"ImageObject","inLanguage":"fr-FR","@id":"https:\/\/www.justiceinfo.net\/fr#\/schema\/logo\/image\/","url":"https:\/\/www.justiceinfo.net\/wp-content\/uploads\/justiceinfo_logo-trans_1200x1200px.png","contentUrl":"https:\/\/www.justiceinfo.net\/wp-content\/uploads\/justiceinfo_logo-trans_1200x1200px.png","width":1199,"height":1200,"caption":"Justice Info"},"image":{"@id":"https:\/\/www.justiceinfo.net\/fr#\/schema\/logo\/image\/"},"sameAs":["https:\/\/www.facebook.com\/JusticeInfo\/","https:\/\/x.com\/justiceinfonet","https:\/\/www.linkedin.com\/company\/justice-info","https:\/\/www.youtube.com\/channel\/UCyCEsARodyuWtkWyhn-e7pA"]},{"@type":"Person","name":"Samson Martirosian","url":"\/fr\/?s=Samson Martirosian"}]}},"_links":{"self":[{"href":"https:\/\/www.justiceinfo.net\/fr\/wp-json\/wp\/v2\/posts\/122724","targetHints":{"allow":["GET"]}}],"collection":[{"href":"https:\/\/www.justiceinfo.net\/fr\/wp-json\/wp\/v2\/posts"}],"about":[{"href":"https:\/\/www.justiceinfo.net\/fr\/wp-json\/wp\/v2\/types\/post"}],"author":[{"embeddable":true,"href":"https:\/\/www.justiceinfo.net\/fr\/wp-json\/wp\/v2\/users\/64"}],"replies":[{"embeddable":true,"href":"https:\/\/www.justiceinfo.net\/fr\/wp-json\/wp\/v2\/comments?post=122724"}],"version-history":[{"count":11,"href":"https:\/\/www.justiceinfo.net\/fr\/wp-json\/wp\/v2\/posts\/122724\/revisions"}],"predecessor-version":[{"id":122878,"href":"https:\/\/www.justiceinfo.net\/fr\/wp-json\/wp\/v2\/posts\/122724\/revisions\/122878"}],"wp:featuredmedia":[{"embeddable":true,"href":"https:\/\/www.justiceinfo.net\/fr\/wp-json\/wp\/v2\/media\/122728"}],"wp:attachment":[{"href":"https:\/\/www.justiceinfo.net\/fr\/wp-json\/wp\/v2\/media?parent=122724"}],"wp:term":[{"taxonomy":"category","embeddable":true,"href":"https:\/\/www.justiceinfo.net\/fr\/wp-json\/wp\/v2\/categories?post=122724"},{"taxonomy":"post_tag","embeddable":true,"href":"https:\/\/www.justiceinfo.net\/fr\/wp-json\/wp\/v2\/tags?post=122724"},{"taxonomy":"ji_location","embeddable":true,"href":"https:\/\/www.justiceinfo.net\/fr\/wp-json\/wp\/v2\/ji_location?post=122724"}],"curies":[{"name":"wp","href":"https:\/\/api.w.org\/{rel}","templated":true}]}}