{"id":12304,"date":"2010-08-03T00:00:00","date_gmt":"2010-08-02T22:00:00","guid":{"rendered":"https:\/\/www.justiceinfo.net\/12304-03082010-tpirntawukulilyayo-lancien-sous-prefet-ntawukulilyayo-condamne-a-25-ans-de-prison9112.html"},"modified":"2010-08-03T00:00:00","modified_gmt":"2010-08-02T22:00:00","slug":"03082010-tpirntawukulilyayo-lancien-sous-prefet-ntawukulilyayo-condamne-a-25-ans-de-prison9112","status":"publish","type":"post","link":"https:\/\/www.justiceinfo.net\/fr\/12304-03082010-tpirntawukulilyayo-lancien-sous-prefet-ntawukulilyayo-condamne-a-25-ans-de-prison9112.html","title":{"rendered":"03.08.2010 - TPIR\/NTAWUKULILYAYO - L'ANCIEN SOUS-PREFET NTAWUKULILYAYO CONDAMNE A 25 ANS DE PRISON"},"content":{"rendered":"<p >\nArusha, 3 ao&ucirc;t 2010 (FH) - Le Tribunal p&eacute;nal international pour le Rwanda (TPIR) a condamn&eacute; mardi &agrave; 25 ans de prison un ancien haut responsable administratif, Dominique Ntawukulilyayo, apr&egrave;s l'avoir reconnu coupable d'implication dans le g&eacute;nocide des Tutsis en 1994, a constat&eacute; l'agence Hirondelle.\n<\/p>\n<p >\n<p >\n<p><!--more--><\/p>\n<p >\nAujourd'hui &acirc;g&eacute; de 68 ans, Ntawukulilyayo qui dirigeait la sous-pr&eacute;fecture de Gisagara (sud), frontali&egrave;re du Burundi, a &eacute;t&eacute; condamn&eacute; pour g&eacute;nocide et acquitt&eacute; des chefs de complicit&eacute; de g&eacute;nocide et d'incitation directe et publique &agrave; commettre le g&eacute;nocide.\n<\/p>\n<p >\n<p >\n&laquo; La chambre condamne Ntawukulilyayo &agrave; une peine unique de 25 ans d'emprisonnement &raquo;, a d&eacute;clar&eacute; la juge pr&eacute;sidente Khalida Rachid Khan (Pakistan), au terme de la lecture d'un r&eacute;sum&eacute; du jugement.\n<\/p>\n<p >\n<p >\nLa d&eacute;cision a &eacute;t&eacute; prise &agrave; la majorit&eacute;, l'un des juges, le Turc Aydin Sefa Akay, ayant &eacute;mis une opinion dissidente.\n<\/p>\n<p >\n<p >\nSelon le jugement, l'ancien sous-pr&eacute;fet a, dans l'apr&egrave;s-midi ou la soir&eacute;e du 23 avril 1994, transport&eacute; des militaires sur la colline de Kabuye (dans son entit&eacute; administrative) o&ugrave; s'&eacute;taient r&eacute;fugi&eacute;s des Tutsis.\n<\/p>\n<p >\n<p >\nIl a quitt&eacute; les lieux apr&egrave;s avoir permis &agrave; ces militaires de se positionner pour ensuite ouvrir le feu sur les Tutsis, indique le jugement qui souligne que &laquo; des centaines voire des milliers de personnes ont &eacute;t&eacute; tu&eacute;es ou bless&eacute;es &raquo;.\n<\/p>\n<p >\n<p >\nInterrog&eacute; apr&egrave;s le verdict, Gustave Ntawukulilyayo, fils de l'ancien responsable, s'est dit &laquo; extr&ecirc;mement surpris et choqu&eacute; &raquo; par le jugement. &laquo; Il a &eacute;t&eacute; largement d&eacute;montr&eacute; que le dossier &agrave; charge n'&eacute;tait qu'un montage &raquo;, a-t-il affirm&eacute;. &laquo; Cette d&eacute;cision qui n'a pas &eacute;t&eacute; prise &agrave; l'unanimit&eacute; laisse penser que Dominique Ntawukulilyayo a toutes les chances d'obtenir un acquittement en appel &raquo;, a rench&eacute;ri l'avocat mauritanien du condamn&eacute;, Maroufa Diabira.\n<\/p>\n<p >\n<p >\nPour sa part, le chef des poursuites au bureau du procureur, l'Ougandais Richard Karegyesa, a d&eacute;clar&eacute; qu'il attendait de lire le texte int&eacute;gral du jugement pour d&eacute;cider de faire appel ou non.\n<\/p>\n<p >\n<p >\nC'est le deuxi&egrave;me du jugement du TPIR concernant le massacre de Kabuye, apr&egrave;s celui de l'ancien directeur de cabinet au minist&egrave;re de l'Int&eacute;rieur, Callixte Kalimanzira, condamn&eacute; &agrave; 30 ans de prison en juin 2009\n<\/p>\n<p >\n<p >\nNtawukulilyayo a &eacute;t&eacute; arr&ecirc;t&eacute; le 16 octobre 2007 &agrave; Carcassonne, dans le sud-ouest de la France.\n<\/p>\n<p >\n<p >\nER\/GF&nbsp;&nbsp;&nbsp;\n<\/p>\n<p>\n&copy; Agence Hirondelle<\/p>\n","protected":false},"excerpt":{"rendered":"<p>Arusha, 3 ao&ucirc;t 2010 (FH) - Le Tribunal p&eacute;nal international pour le Rwanda (TPIR) a condamn&eacute; mardi &agrave; 25 ans de prison un ancien haut responsable administratif, Dominique Ntawukulilyayo, apr&egrave;s l'avoir reconnu coupable d'implication dans le g&eacute;nocide des Tutsis en 1994, a constat&eacute; l'agence Hirondelle.<\/p>\n","protected":false},"author":64,"featured_media":0,"comment_status":"open","ping_status":"closed","sticky":false,"template":"","format":"standard","meta":{"_acf_changed":false,"footnotes":""},"categories":[554],"tags":[],"ji_location":[],"class_list":["post-12304","post","type-post","status-publish","format-standard","hentry","category-hirondellenews"],"acf":[],"yoast_head":"<!-- This site is optimized with the Yoast SEO Premium plugin v25.3.1 (Yoast SEO v25.3.1) - https:\/\/yoast.com\/wordpress\/plugins\/seo\/ -->\n<title>03.08.2010 - TPIR\/NTAWUKULILYAYO - L&#039;ANCIEN SOUS-PREFET NTAWUKULILYAYO CONDAMNE A 25 ANS DE PRISON - JusticeInfo.net<\/title>\n<meta name=\"robots\" content=\"index, follow, max-snippet:-1, max-image-preview:large, max-video-preview:-1\" \/>\n<link rel=\"canonical\" href=\"https:\/\/www.justiceinfo.net\/fr\/12304-03082010-tpirntawukulilyayo-lancien-sous-prefet-ntawukulilyayo-condamne-a-25-ans-de-prison9112.html\" \/>\n<meta property=\"og:locale\" content=\"fr_FR\" \/>\n<meta property=\"og:type\" content=\"article\" \/>\n<meta property=\"og:title\" content=\"03.08.2010 - TPIR\/NTAWUKULILYAYO - L&#039;ANCIEN SOUS-PREFET NTAWUKULILYAYO CONDAMNE A 25 ANS DE PRISON\" \/>\n<meta property=\"og:description\" content=\"Arusha, 3 ao&ucirc;t 2010 (FH) - Le Tribunal p&eacute;nal international pour le Rwanda (TPIR) a condamn&eacute; mardi &agrave; 25 ans de prison un ancien haut responsable administratif, Dominique Ntawukulilyayo, apr&egrave;s l&#039;avoir reconnu coupable d&#039;implication dans le g&eacute;nocide des Tutsis en 1994, a constat&eacute; l&#039;agence Hirondelle.\" \/>\n<meta property=\"og:url\" content=\"https:\/\/www.justiceinfo.net\/fr\/12304-03082010-tpirntawukulilyayo-lancien-sous-prefet-ntawukulilyayo-condamne-a-25-ans-de-prison9112.html\" \/>\n<meta property=\"og:site_name\" content=\"JusticeInfo.net\" \/>\n<meta property=\"article:publisher\" content=\"https:\/\/www.facebook.com\/JusticeInfo\/\" \/>\n<meta property=\"article:published_time\" content=\"2010-08-02T22:00:00+00:00\" \/>\n<meta property=\"og:image\" content=\"https:\/\/www.justiceinfo.net\/wp-content\/uploads\/JusticeInfoNet_logo_1200x630px.jpg\" \/>\n\t<meta property=\"og:image:width\" content=\"1200\" \/>\n\t<meta property=\"og:image:height\" content=\"630\" \/>\n\t<meta property=\"og:image:type\" content=\"image\/jpeg\" \/>\n<meta name=\"author\" content=\"solivri\" \/>\n<meta name=\"twitter:card\" content=\"summary_large_image\" \/>\n<meta name=\"twitter:creator\" content=\"@justiceinfonet\" \/>\n<meta name=\"twitter:site\" content=\"@justiceinfonet\" \/>\n<meta name=\"twitter:label1\" content=\"\u00c9crit par\" \/>\n\t<meta name=\"twitter:data1\" content=\"solivri\" \/>\n\t<meta name=\"twitter:label2\" content=\"Dur\u00e9e de lecture estim\u00e9e\" \/>\n\t<meta name=\"twitter:data2\" content=\"2 minutes\" \/>\n<script type=\"application\/ld+json\" class=\"yoast-schema-graph\">{\"@context\":\"https:\/\/schema.org\",\"@graph\":[{\"@type\":\"NewsArticle\",\"@id\":\"https:\/\/www.justiceinfo.net\/fr\/12304-03082010-tpirntawukulilyayo-lancien-sous-prefet-ntawukulilyayo-condamne-a-25-ans-de-prison9112.html#article\",\"isPartOf\":{\"@id\":\"https:\/\/www.justiceinfo.net\/fr\/12304-03082010-tpirntawukulilyayo-lancien-sous-prefet-ntawukulilyayo-condamne-a-25-ans-de-prison9112.html\"},\"author\":{\"name\":\"solivri\",\"@id\":\"https:\/\/www.justiceinfo.net\/fr#\/schema\/person\/6e53cba1629e2e66f3fc1821d3091865\"},\"headline\":\"03.08.2010 - TPIR\/NTAWUKULILYAYO - L'ANCIEN SOUS-PREFET NTAWUKULILYAYO CONDAMNE A 25 ANS DE PRISON\",\"datePublished\":\"2010-08-02T22:00:00+00:00\",\"mainEntityOfPage\":{\"@id\":\"https:\/\/www.justiceinfo.net\/fr\/12304-03082010-tpirntawukulilyayo-lancien-sous-prefet-ntawukulilyayo-condamne-a-25-ans-de-prison9112.html\"},\"wordCount\":502,\"commentCount\":0,\"publisher\":{\"@id\":\"https:\/\/www.justiceinfo.net\/fr#organization\"},\"articleSection\":[\"Hirondelle News\"],\"inLanguage\":\"fr-FR\",\"potentialAction\":[{\"@type\":\"CommentAction\",\"name\":\"Comment\",\"target\":[\"https:\/\/www.justiceinfo.net\/fr\/12304-03082010-tpirntawukulilyayo-lancien-sous-prefet-ntawukulilyayo-condamne-a-25-ans-de-prison9112.html#respond\"]}]},{\"@type\":\"WebPage\",\"@id\":\"https:\/\/www.justiceinfo.net\/fr\/12304-03082010-tpirntawukulilyayo-lancien-sous-prefet-ntawukulilyayo-condamne-a-25-ans-de-prison9112.html\",\"url\":\"https:\/\/www.justiceinfo.net\/fr\/12304-03082010-tpirntawukulilyayo-lancien-sous-prefet-ntawukulilyayo-condamne-a-25-ans-de-prison9112.html\",\"name\":\"03.08.2010 - TPIR\/NTAWUKULILYAYO - L'ANCIEN SOUS-PREFET NTAWUKULILYAYO CONDAMNE A 25 ANS DE PRISON - JusticeInfo.net\",\"isPartOf\":{\"@id\":\"https:\/\/www.justiceinfo.net\/fr#website\"},\"datePublished\":\"2010-08-02T22:00:00+00:00\",\"breadcrumb\":{\"@id\":\"https:\/\/www.justiceinfo.net\/fr\/12304-03082010-tpirntawukulilyayo-lancien-sous-prefet-ntawukulilyayo-condamne-a-25-ans-de-prison9112.html#breadcrumb\"},\"inLanguage\":\"fr-FR\",\"potentialAction\":[{\"@type\":\"ReadAction\",\"target\":[\"https:\/\/www.justiceinfo.net\/fr\/12304-03082010-tpirntawukulilyayo-lancien-sous-prefet-ntawukulilyayo-condamne-a-25-ans-de-prison9112.html\"]}]},{\"@type\":\"BreadcrumbList\",\"@id\":\"https:\/\/www.justiceinfo.net\/fr\/12304-03082010-tpirntawukulilyayo-lancien-sous-prefet-ntawukulilyayo-condamne-a-25-ans-de-prison9112.html#breadcrumb\",\"itemListElement\":[{\"@type\":\"ListItem\",\"position\":1,\"name\":\"Home\",\"item\":\"https:\/\/www.justiceinfo.net\/fr\"},{\"@type\":\"ListItem\",\"position\":2,\"name\":\"03.08.2010 - TPIR\/NTAWUKULILYAYO - L'ANCIEN SOUS-PREFET NTAWUKULILYAYO CONDAMNE A 25 ANS DE PRISON\"}]},{\"@type\":\"WebSite\",\"@id\":\"https:\/\/www.justiceinfo.net\/fr#website\",\"url\":\"https:\/\/www.justiceinfo.net\/fr\",\"name\":\"JusticeInfo.net\",\"description\":\"La justice doit \u00eatre vue pour \u00eatre rendue\",\"publisher\":{\"@id\":\"https:\/\/www.justiceinfo.net\/fr#organization\"},\"potentialAction\":[{\"@type\":\"SearchAction\",\"target\":{\"@type\":\"EntryPoint\",\"urlTemplate\":\"https:\/\/www.justiceinfo.net\/fr?s={search_term_string}\"},\"query-input\":{\"@type\":\"PropertyValueSpecification\",\"valueRequired\":true,\"valueName\":\"search_term_string\"}}],\"inLanguage\":\"fr-FR\"},{\"@type\":\"Organization\",\"@id\":\"https:\/\/www.justiceinfo.net\/fr#organization\",\"name\":\"Justice Info\",\"url\":\"https:\/\/www.justiceinfo.net\/fr\",\"logo\":{\"@type\":\"ImageObject\",\"inLanguage\":\"fr-FR\",\"@id\":\"https:\/\/www.justiceinfo.net\/fr#\/schema\/logo\/image\/\",\"url\":\"https:\/\/www.justiceinfo.net\/wp-content\/uploads\/justiceinfo_logo-trans_1200x1200px.png\",\"contentUrl\":\"https:\/\/www.justiceinfo.net\/wp-content\/uploads\/justiceinfo_logo-trans_1200x1200px.png\",\"width\":1199,\"height\":1200,\"caption\":\"Justice Info\"},\"image\":{\"@id\":\"https:\/\/www.justiceinfo.net\/fr#\/schema\/logo\/image\/\"},\"sameAs\":[\"https:\/\/www.facebook.com\/JusticeInfo\/\",\"https:\/\/x.com\/justiceinfonet\",\"https:\/\/www.linkedin.com\/company\/justice-info\",\"https:\/\/www.youtube.com\/channel\/UCyCEsARodyuWtkWyhn-e7pA\"]},{\"@type\":\"Person\",\"name\":\"solivri\",\"url\":\"\/fr\/?s=solivri\"}]}<\/script>\n<!-- \/ Yoast SEO Premium plugin. -->","yoast_head_json":{"title":"03.08.2010 - TPIR\/NTAWUKULILYAYO - L'ANCIEN SOUS-PREFET NTAWUKULILYAYO CONDAMNE A 25 ANS DE PRISON - JusticeInfo.net","robots":{"index":"index","follow":"follow","max-snippet":"max-snippet:-1","max-image-preview":"max-image-preview:large","max-video-preview":"max-video-preview:-1"},"canonical":"https:\/\/www.justiceinfo.net\/fr\/12304-03082010-tpirntawukulilyayo-lancien-sous-prefet-ntawukulilyayo-condamne-a-25-ans-de-prison9112.html","og_locale":"fr_FR","og_type":"article","og_title":"03.08.2010 - TPIR\/NTAWUKULILYAYO - L'ANCIEN SOUS-PREFET NTAWUKULILYAYO CONDAMNE A 25 ANS DE PRISON","og_description":"Arusha, 3 ao&ucirc;t 2010 (FH) - Le Tribunal p&eacute;nal international pour le Rwanda (TPIR) a condamn&eacute; mardi &agrave; 25 ans de prison un ancien haut responsable administratif, Dominique Ntawukulilyayo, apr&egrave;s l'avoir reconnu coupable d'implication dans le g&eacute;nocide des Tutsis en 1994, a constat&eacute; l'agence Hirondelle.","og_url":"https:\/\/www.justiceinfo.net\/fr\/12304-03082010-tpirntawukulilyayo-lancien-sous-prefet-ntawukulilyayo-condamne-a-25-ans-de-prison9112.html","og_site_name":"JusticeInfo.net","article_publisher":"https:\/\/www.facebook.com\/JusticeInfo\/","article_published_time":"2010-08-02T22:00:00+00:00","og_image":[{"width":1200,"height":630,"url":"https:\/\/www.justiceinfo.net\/wp-content\/uploads\/JusticeInfoNet_logo_1200x630px.jpg","type":"image\/jpeg"}],"author":"solivri","twitter_card":"summary_large_image","twitter_creator":"@justiceinfonet","twitter_site":"@justiceinfonet","twitter_misc":{"\u00c9crit par":"solivri","Dur\u00e9e de lecture estim\u00e9e":"2 minutes"},"schema":{"@context":"https:\/\/schema.org","@graph":[{"@type":"NewsArticle","@id":"https:\/\/www.justiceinfo.net\/fr\/12304-03082010-tpirntawukulilyayo-lancien-sous-prefet-ntawukulilyayo-condamne-a-25-ans-de-prison9112.html#article","isPartOf":{"@id":"https:\/\/www.justiceinfo.net\/fr\/12304-03082010-tpirntawukulilyayo-lancien-sous-prefet-ntawukulilyayo-condamne-a-25-ans-de-prison9112.html"},"author":{"name":"solivri","@id":"https:\/\/www.justiceinfo.net\/fr#\/schema\/person\/6e53cba1629e2e66f3fc1821d3091865"},"headline":"03.08.2010 - TPIR\/NTAWUKULILYAYO - L'ANCIEN SOUS-PREFET NTAWUKULILYAYO CONDAMNE A 25 ANS DE PRISON","datePublished":"2010-08-02T22:00:00+00:00","mainEntityOfPage":{"@id":"https:\/\/www.justiceinfo.net\/fr\/12304-03082010-tpirntawukulilyayo-lancien-sous-prefet-ntawukulilyayo-condamne-a-25-ans-de-prison9112.html"},"wordCount":502,"commentCount":0,"publisher":{"@id":"https:\/\/www.justiceinfo.net\/fr#organization"},"articleSection":["Hirondelle News"],"inLanguage":"fr-FR","potentialAction":[{"@type":"CommentAction","name":"Comment","target":["https:\/\/www.justiceinfo.net\/fr\/12304-03082010-tpirntawukulilyayo-lancien-sous-prefet-ntawukulilyayo-condamne-a-25-ans-de-prison9112.html#respond"]}]},{"@type":"WebPage","@id":"https:\/\/www.justiceinfo.net\/fr\/12304-03082010-tpirntawukulilyayo-lancien-sous-prefet-ntawukulilyayo-condamne-a-25-ans-de-prison9112.html","url":"https:\/\/www.justiceinfo.net\/fr\/12304-03082010-tpirntawukulilyayo-lancien-sous-prefet-ntawukulilyayo-condamne-a-25-ans-de-prison9112.html","name":"03.08.2010 - TPIR\/NTAWUKULILYAYO - L'ANCIEN SOUS-PREFET NTAWUKULILYAYO CONDAMNE A 25 ANS DE PRISON - JusticeInfo.net","isPartOf":{"@id":"https:\/\/www.justiceinfo.net\/fr#website"},"datePublished":"2010-08-02T22:00:00+00:00","breadcrumb":{"@id":"https:\/\/www.justiceinfo.net\/fr\/12304-03082010-tpirntawukulilyayo-lancien-sous-prefet-ntawukulilyayo-condamne-a-25-ans-de-prison9112.html#breadcrumb"},"inLanguage":"fr-FR","potentialAction":[{"@type":"ReadAction","target":["https:\/\/www.justiceinfo.net\/fr\/12304-03082010-tpirntawukulilyayo-lancien-sous-prefet-ntawukulilyayo-condamne-a-25-ans-de-prison9112.html"]}]},{"@type":"BreadcrumbList","@id":"https:\/\/www.justiceinfo.net\/fr\/12304-03082010-tpirntawukulilyayo-lancien-sous-prefet-ntawukulilyayo-condamne-a-25-ans-de-prison9112.html#breadcrumb","itemListElement":[{"@type":"ListItem","position":1,"name":"Home","item":"https:\/\/www.justiceinfo.net\/fr"},{"@type":"ListItem","position":2,"name":"03.08.2010 - TPIR\/NTAWUKULILYAYO - L'ANCIEN SOUS-PREFET NTAWUKULILYAYO CONDAMNE A 25 ANS DE PRISON"}]},{"@type":"WebSite","@id":"https:\/\/www.justiceinfo.net\/fr#website","url":"https:\/\/www.justiceinfo.net\/fr","name":"JusticeInfo.net","description":"La justice doit \u00eatre vue pour \u00eatre rendue","publisher":{"@id":"https:\/\/www.justiceinfo.net\/fr#organization"},"potentialAction":[{"@type":"SearchAction","target":{"@type":"EntryPoint","urlTemplate":"https:\/\/www.justiceinfo.net\/fr?s={search_term_string}"},"query-input":{"@type":"PropertyValueSpecification","valueRequired":true,"valueName":"search_term_string"}}],"inLanguage":"fr-FR"},{"@type":"Organization","@id":"https:\/\/www.justiceinfo.net\/fr#organization","name":"Justice Info","url":"https:\/\/www.justiceinfo.net\/fr","logo":{"@type":"ImageObject","inLanguage":"fr-FR","@id":"https:\/\/www.justiceinfo.net\/fr#\/schema\/logo\/image\/","url":"https:\/\/www.justiceinfo.net\/wp-content\/uploads\/justiceinfo_logo-trans_1200x1200px.png","contentUrl":"https:\/\/www.justiceinfo.net\/wp-content\/uploads\/justiceinfo_logo-trans_1200x1200px.png","width":1199,"height":1200,"caption":"Justice Info"},"image":{"@id":"https:\/\/www.justiceinfo.net\/fr#\/schema\/logo\/image\/"},"sameAs":["https:\/\/www.facebook.com\/JusticeInfo\/","https:\/\/x.com\/justiceinfonet","https:\/\/www.linkedin.com\/company\/justice-info","https:\/\/www.youtube.com\/channel\/UCyCEsARodyuWtkWyhn-e7pA"]},{"@type":"Person","name":"solivri","url":"\/fr\/?s=solivri"}]}},"_links":{"self":[{"href":"https:\/\/www.justiceinfo.net\/fr\/wp-json\/wp\/v2\/posts\/12304","targetHints":{"allow":["GET"]}}],"collection":[{"href":"https:\/\/www.justiceinfo.net\/fr\/wp-json\/wp\/v2\/posts"}],"about":[{"href":"https:\/\/www.justiceinfo.net\/fr\/wp-json\/wp\/v2\/types\/post"}],"author":[{"embeddable":true,"href":"https:\/\/www.justiceinfo.net\/fr\/wp-json\/wp\/v2\/users\/64"}],"replies":[{"embeddable":true,"href":"https:\/\/www.justiceinfo.net\/fr\/wp-json\/wp\/v2\/comments?post=12304"}],"version-history":[{"count":0,"href":"https:\/\/www.justiceinfo.net\/fr\/wp-json\/wp\/v2\/posts\/12304\/revisions"}],"wp:attachment":[{"href":"https:\/\/www.justiceinfo.net\/fr\/wp-json\/wp\/v2\/media?parent=12304"}],"wp:term":[{"taxonomy":"category","embeddable":true,"href":"https:\/\/www.justiceinfo.net\/fr\/wp-json\/wp\/v2\/categories?post=12304"},{"taxonomy":"post_tag","embeddable":true,"href":"https:\/\/www.justiceinfo.net\/fr\/wp-json\/wp\/v2\/tags?post=12304"},{"taxonomy":"ji_location","embeddable":true,"href":"https:\/\/www.justiceinfo.net\/fr\/wp-json\/wp\/v2\/ji_location?post=12304"}],"curies":[{"name":"wp","href":"https:\/\/api.w.org\/{rel}","templated":true}]}}