{"id":12308,"date":"2010-08-10T00:00:00","date_gmt":"2010-08-09T22:00:00","guid":{"rendered":"https:\/\/www.justiceinfo.net\/12308-100810-tpirproces-deux-nouveaux-proces-demarrent-avant-la-fin-de-lannee9116.html"},"modified":"2010-08-10T00:00:00","modified_gmt":"2010-08-09T22:00:00","slug":"100810-tpirproces-deux-nouveaux-proces-demarrent-avant-la-fin-de-lannee9116","status":"publish","type":"post","link":"https:\/\/www.justiceinfo.net\/fr\/12308-100810-tpirproces-deux-nouveaux-proces-demarrent-avant-la-fin-de-lannee9116.html","title":{"rendered":"10.08.10 - TPIR\/PROCES - DEUX NOUVEAUX PROCES DEMARRENT AVANT LA FIN DE L'ANNEE"},"content":{"rendered":"<p >\nArusha, 10 ao&ucirc;t 2010 (FH) -&nbsp; Deux nouveau proc&egrave;s, celui de l'ancien maire Gr&eacute;goire Ndahimana et celui du capitaine Ildephonse Nizeyimana d&eacute;marreront avant la fin de l'ann&eacute;e au Tribunal p&eacute;nal international pour le Rwanda (TPIR), selon le calendrier de la juridiction re&ccedil;u mardi &agrave; l'agence Hirondelle.\n<\/p>\n<p><!--more--><\/p>\n<p >\n<p >\nNdahimana, dont le proc&egrave;s s'ouvre le 6 septembre, &eacute;tait maire de Kivumu (ouest) pendant le g&eacute;nocide des Tutsis en 1994. Inculp&eacute; de g&eacute;nocide et extermination, il a clam&eacute; son innocence lors de sa premi&egrave;re comparution devant un juge du TPIR, le 28 septembre 2009.\n<\/p>\n<p >\nSelon l'acte d'accusation, il serait responsable de la mort d'au moins 2.000 Tutsis, tu&eacute;s quand des Hutus ont ras&eacute; au bulldozer l'&eacute;glise dans laquelle ils avaient trouv&eacute; refuge en avril 1994.\n<\/p>\n<p >\n&laquo; Apr&egrave;s la destruction de l'&eacute;glise, la plupart des Tutsis de la commune de Kivumu &eacute;taient morts, et en juillet 1994, il n'y avait plus de Tutsis dans cette commune &raquo;, affirme la poursuite.\n<\/p>\n<p >\nNdahimana a &eacute;t&eacute; arr&ecirc;t&eacute; le 10 ao&ucirc;t 2009 au Nord-Kivu, une province de l'est de la R&eacute;publique d&eacute;mocratique du Congo (RDC).&nbsp; Pour sa part, le capitaine Ildephonse Nizeyimana, ancien commandant en second de l'Ecole des sous-officiers (ESO) de Butare (sud) compara&icirc;tra &agrave; partir du 1er&nbsp;novembre.\n<\/p>\n<p >\nInculp&eacute; de g&eacute;nocide, extermination, assassinats et viols, cet officier du nord aurait, selon la poursuite, confectionn&eacute; des listes d'intellectuels tutsis &agrave; &eacute;liminer, et laiss&eacute; ses hommes violer des femmes et des filles tutsies, dans le cadre d'un plan g&eacute;nocidaire.\n<\/p>\n<p >\nLe TPIR est le premier tribunal international &agrave; avoir &eacute;tabli la jurisprudence selon laquelle les actes de viols peuvent s'inscrire dans le cadre d'un dessein commun visant &agrave; &eacute;liminer en tout ou en partie un groupe racial ou ethnique.\n<\/p>\n<p >\nNizeyimana &eacute;tait, selon l'acte d'accusation &laquo; le chef de file des ap&ocirc;tres de l'extr&eacute;misme anti-tutsi&nbsp; &raquo; &agrave; Butare.\n<\/p>\n<p >\n&laquo; Son influence et son autorit&eacute; militaires &eacute;taient sup&eacute;rieures &agrave; celles que lui conf&eacute;rait son grade. Il exer&ccedil;ait un contr&ocirc;le sur toutes les forces arm&eacute;es de la r&eacute;gion &raquo;, ajoute le procureur.\n<\/p>\n<p >\nLe capitaine, qui a &eacute;t&eacute; arr&ecirc;t&eacute; le 5 octobre 2009 alors qu'il dormait dans un petit h&ocirc;tel de Kampala, la capitale ougandaise, proteste de son innocence.\n<\/p>\n<p >\nUn autre accus&eacute; du TPIR, le pasteur pentec&ocirc;tiste Jean-Bosco Uwinkindi, arr&ecirc;t&eacute; le 30 juin dernier en Ouganda, attend le d&eacute;but de son proc&egrave;s.\n<\/p>\n<p >\nER\/GF\n<\/p>\n<p>\n&copy; Agence Hirondelle\n<\/p><\/p>\n","protected":false},"excerpt":{"rendered":"<p>Arusha, 10 ao&ucirc;t 2010 (FH) -&nbsp; Deux nouveau proc&egrave;s, celui de l'ancien maire Gr&eacute;goire Ndahimana et celui du capitaine Ildephonse Nizeyimana d&eacute;marreront avant la fin de l'ann&eacute;e au Tribunal p&eacute;nal international pour le Rwanda (TPIR), selon le calendrier de la juridiction re&ccedil;u mardi &agrave; l'agence Hirondelle.<\/p>\n","protected":false},"author":64,"featured_media":0,"comment_status":"open","ping_status":"closed","sticky":false,"template":"","format":"standard","meta":{"_acf_changed":false,"footnotes":""},"categories":[554],"tags":[],"ji_location":[],"class_list":["post-12308","post","type-post","status-publish","format-standard","hentry","category-hirondellenews"],"acf":[],"yoast_head":"<!-- This site is optimized with the Yoast SEO Premium plugin v25.3.1 (Yoast SEO v25.3.1) - https:\/\/yoast.com\/wordpress\/plugins\/seo\/ -->\n<title>10.08.10 - TPIR\/PROCES - DEUX NOUVEAUX PROCES DEMARRENT AVANT LA FIN DE L&#039;ANNEE - JusticeInfo.net<\/title>\n<meta name=\"robots\" content=\"index, follow, max-snippet:-1, max-image-preview:large, max-video-preview:-1\" \/>\n<link rel=\"canonical\" href=\"https:\/\/www.justiceinfo.net\/fr\/12308-100810-tpirproces-deux-nouveaux-proces-demarrent-avant-la-fin-de-lannee9116.html\" \/>\n<meta property=\"og:locale\" content=\"fr_FR\" \/>\n<meta property=\"og:type\" content=\"article\" \/>\n<meta property=\"og:title\" content=\"10.08.10 - TPIR\/PROCES - DEUX NOUVEAUX PROCES DEMARRENT AVANT LA FIN DE L&#039;ANNEE\" \/>\n<meta property=\"og:description\" content=\"Arusha, 10 ao&ucirc;t 2010 (FH) -&nbsp; Deux nouveau proc&egrave;s, celui de l&#039;ancien maire Gr&eacute;goire Ndahimana et celui du capitaine Ildephonse Nizeyimana d&eacute;marreront avant la fin de l&#039;ann&eacute;e au Tribunal p&eacute;nal international pour le Rwanda (TPIR), selon le calendrier de la juridiction re&ccedil;u mardi &agrave; l&#039;agence Hirondelle.\" \/>\n<meta property=\"og:url\" content=\"https:\/\/www.justiceinfo.net\/fr\/12308-100810-tpirproces-deux-nouveaux-proces-demarrent-avant-la-fin-de-lannee9116.html\" \/>\n<meta property=\"og:site_name\" content=\"JusticeInfo.net\" \/>\n<meta property=\"article:publisher\" content=\"https:\/\/www.facebook.com\/JusticeInfo\/\" \/>\n<meta property=\"article:published_time\" content=\"2010-08-09T22:00:00+00:00\" \/>\n<meta property=\"og:image\" content=\"https:\/\/www.justiceinfo.net\/wp-content\/uploads\/JusticeInfoNet_logo_1200x630px.jpg\" \/>\n\t<meta property=\"og:image:width\" content=\"1200\" \/>\n\t<meta property=\"og:image:height\" content=\"630\" \/>\n\t<meta property=\"og:image:type\" content=\"image\/jpeg\" \/>\n<meta name=\"author\" content=\"solivri\" \/>\n<meta name=\"twitter:card\" content=\"summary_large_image\" \/>\n<meta name=\"twitter:creator\" content=\"@justiceinfonet\" \/>\n<meta name=\"twitter:site\" content=\"@justiceinfonet\" \/>\n<meta name=\"twitter:label1\" content=\"\u00c9crit par\" \/>\n\t<meta name=\"twitter:data1\" content=\"solivri\" \/>\n\t<meta name=\"twitter:label2\" content=\"Dur\u00e9e de lecture estim\u00e9e\" \/>\n\t<meta name=\"twitter:data2\" content=\"2 minutes\" \/>\n<script type=\"application\/ld+json\" class=\"yoast-schema-graph\">{\"@context\":\"https:\/\/schema.org\",\"@graph\":[{\"@type\":\"NewsArticle\",\"@id\":\"https:\/\/www.justiceinfo.net\/fr\/12308-100810-tpirproces-deux-nouveaux-proces-demarrent-avant-la-fin-de-lannee9116.html#article\",\"isPartOf\":{\"@id\":\"https:\/\/www.justiceinfo.net\/fr\/12308-100810-tpirproces-deux-nouveaux-proces-demarrent-avant-la-fin-de-lannee9116.html\"},\"author\":{\"name\":\"solivri\",\"@id\":\"https:\/\/www.justiceinfo.net\/fr#\/schema\/person\/6e53cba1629e2e66f3fc1821d3091865\"},\"headline\":\"10.08.10 - TPIR\/PROCES - DEUX NOUVEAUX PROCES DEMARRENT AVANT LA FIN DE L'ANNEE\",\"datePublished\":\"2010-08-09T22:00:00+00:00\",\"mainEntityOfPage\":{\"@id\":\"https:\/\/www.justiceinfo.net\/fr\/12308-100810-tpirproces-deux-nouveaux-proces-demarrent-avant-la-fin-de-lannee9116.html\"},\"wordCount\":500,\"commentCount\":0,\"publisher\":{\"@id\":\"https:\/\/www.justiceinfo.net\/fr#organization\"},\"articleSection\":[\"Hirondelle News\"],\"inLanguage\":\"fr-FR\",\"potentialAction\":[{\"@type\":\"CommentAction\",\"name\":\"Comment\",\"target\":[\"https:\/\/www.justiceinfo.net\/fr\/12308-100810-tpirproces-deux-nouveaux-proces-demarrent-avant-la-fin-de-lannee9116.html#respond\"]}]},{\"@type\":\"WebPage\",\"@id\":\"https:\/\/www.justiceinfo.net\/fr\/12308-100810-tpirproces-deux-nouveaux-proces-demarrent-avant-la-fin-de-lannee9116.html\",\"url\":\"https:\/\/www.justiceinfo.net\/fr\/12308-100810-tpirproces-deux-nouveaux-proces-demarrent-avant-la-fin-de-lannee9116.html\",\"name\":\"10.08.10 - TPIR\/PROCES - DEUX NOUVEAUX PROCES DEMARRENT AVANT LA FIN DE L'ANNEE - JusticeInfo.net\",\"isPartOf\":{\"@id\":\"https:\/\/www.justiceinfo.net\/fr#website\"},\"datePublished\":\"2010-08-09T22:00:00+00:00\",\"breadcrumb\":{\"@id\":\"https:\/\/www.justiceinfo.net\/fr\/12308-100810-tpirproces-deux-nouveaux-proces-demarrent-avant-la-fin-de-lannee9116.html#breadcrumb\"},\"inLanguage\":\"fr-FR\",\"potentialAction\":[{\"@type\":\"ReadAction\",\"target\":[\"https:\/\/www.justiceinfo.net\/fr\/12308-100810-tpirproces-deux-nouveaux-proces-demarrent-avant-la-fin-de-lannee9116.html\"]}]},{\"@type\":\"BreadcrumbList\",\"@id\":\"https:\/\/www.justiceinfo.net\/fr\/12308-100810-tpirproces-deux-nouveaux-proces-demarrent-avant-la-fin-de-lannee9116.html#breadcrumb\",\"itemListElement\":[{\"@type\":\"ListItem\",\"position\":1,\"name\":\"Home\",\"item\":\"https:\/\/www.justiceinfo.net\/fr\"},{\"@type\":\"ListItem\",\"position\":2,\"name\":\"10.08.10 - TPIR\/PROCES - DEUX NOUVEAUX PROCES DEMARRENT AVANT LA FIN DE L'ANNEE\"}]},{\"@type\":\"WebSite\",\"@id\":\"https:\/\/www.justiceinfo.net\/fr#website\",\"url\":\"https:\/\/www.justiceinfo.net\/fr\",\"name\":\"JusticeInfo.net\",\"description\":\"La justice doit \u00eatre vue pour \u00eatre rendue\",\"publisher\":{\"@id\":\"https:\/\/www.justiceinfo.net\/fr#organization\"},\"potentialAction\":[{\"@type\":\"SearchAction\",\"target\":{\"@type\":\"EntryPoint\",\"urlTemplate\":\"https:\/\/www.justiceinfo.net\/fr?s={search_term_string}\"},\"query-input\":{\"@type\":\"PropertyValueSpecification\",\"valueRequired\":true,\"valueName\":\"search_term_string\"}}],\"inLanguage\":\"fr-FR\"},{\"@type\":\"Organization\",\"@id\":\"https:\/\/www.justiceinfo.net\/fr#organization\",\"name\":\"Justice Info\",\"url\":\"https:\/\/www.justiceinfo.net\/fr\",\"logo\":{\"@type\":\"ImageObject\",\"inLanguage\":\"fr-FR\",\"@id\":\"https:\/\/www.justiceinfo.net\/fr#\/schema\/logo\/image\/\",\"url\":\"https:\/\/www.justiceinfo.net\/wp-content\/uploads\/justiceinfo_logo-trans_1200x1200px.png\",\"contentUrl\":\"https:\/\/www.justiceinfo.net\/wp-content\/uploads\/justiceinfo_logo-trans_1200x1200px.png\",\"width\":1199,\"height\":1200,\"caption\":\"Justice Info\"},\"image\":{\"@id\":\"https:\/\/www.justiceinfo.net\/fr#\/schema\/logo\/image\/\"},\"sameAs\":[\"https:\/\/www.facebook.com\/JusticeInfo\/\",\"https:\/\/x.com\/justiceinfonet\",\"https:\/\/www.linkedin.com\/company\/justice-info\",\"https:\/\/www.youtube.com\/channel\/UCyCEsARodyuWtkWyhn-e7pA\"]},{\"@type\":\"Person\",\"name\":\"solivri\",\"url\":\"\/fr\/?s=solivri\"}]}<\/script>\n<!-- \/ Yoast SEO Premium plugin. -->","yoast_head_json":{"title":"10.08.10 - TPIR\/PROCES - DEUX NOUVEAUX PROCES DEMARRENT AVANT LA FIN DE L'ANNEE - JusticeInfo.net","robots":{"index":"index","follow":"follow","max-snippet":"max-snippet:-1","max-image-preview":"max-image-preview:large","max-video-preview":"max-video-preview:-1"},"canonical":"https:\/\/www.justiceinfo.net\/fr\/12308-100810-tpirproces-deux-nouveaux-proces-demarrent-avant-la-fin-de-lannee9116.html","og_locale":"fr_FR","og_type":"article","og_title":"10.08.10 - TPIR\/PROCES - DEUX NOUVEAUX PROCES DEMARRENT AVANT LA FIN DE L'ANNEE","og_description":"Arusha, 10 ao&ucirc;t 2010 (FH) -&nbsp; Deux nouveau proc&egrave;s, celui de l'ancien maire Gr&eacute;goire Ndahimana et celui du capitaine Ildephonse Nizeyimana d&eacute;marreront avant la fin de l'ann&eacute;e au Tribunal p&eacute;nal international pour le Rwanda (TPIR), selon le calendrier de la juridiction re&ccedil;u mardi &agrave; l'agence Hirondelle.","og_url":"https:\/\/www.justiceinfo.net\/fr\/12308-100810-tpirproces-deux-nouveaux-proces-demarrent-avant-la-fin-de-lannee9116.html","og_site_name":"JusticeInfo.net","article_publisher":"https:\/\/www.facebook.com\/JusticeInfo\/","article_published_time":"2010-08-09T22:00:00+00:00","og_image":[{"width":1200,"height":630,"url":"https:\/\/www.justiceinfo.net\/wp-content\/uploads\/JusticeInfoNet_logo_1200x630px.jpg","type":"image\/jpeg"}],"author":"solivri","twitter_card":"summary_large_image","twitter_creator":"@justiceinfonet","twitter_site":"@justiceinfonet","twitter_misc":{"\u00c9crit par":"solivri","Dur\u00e9e de lecture estim\u00e9e":"2 minutes"},"schema":{"@context":"https:\/\/schema.org","@graph":[{"@type":"NewsArticle","@id":"https:\/\/www.justiceinfo.net\/fr\/12308-100810-tpirproces-deux-nouveaux-proces-demarrent-avant-la-fin-de-lannee9116.html#article","isPartOf":{"@id":"https:\/\/www.justiceinfo.net\/fr\/12308-100810-tpirproces-deux-nouveaux-proces-demarrent-avant-la-fin-de-lannee9116.html"},"author":{"name":"solivri","@id":"https:\/\/www.justiceinfo.net\/fr#\/schema\/person\/6e53cba1629e2e66f3fc1821d3091865"},"headline":"10.08.10 - TPIR\/PROCES - DEUX NOUVEAUX PROCES DEMARRENT AVANT LA FIN DE L'ANNEE","datePublished":"2010-08-09T22:00:00+00:00","mainEntityOfPage":{"@id":"https:\/\/www.justiceinfo.net\/fr\/12308-100810-tpirproces-deux-nouveaux-proces-demarrent-avant-la-fin-de-lannee9116.html"},"wordCount":500,"commentCount":0,"publisher":{"@id":"https:\/\/www.justiceinfo.net\/fr#organization"},"articleSection":["Hirondelle News"],"inLanguage":"fr-FR","potentialAction":[{"@type":"CommentAction","name":"Comment","target":["https:\/\/www.justiceinfo.net\/fr\/12308-100810-tpirproces-deux-nouveaux-proces-demarrent-avant-la-fin-de-lannee9116.html#respond"]}]},{"@type":"WebPage","@id":"https:\/\/www.justiceinfo.net\/fr\/12308-100810-tpirproces-deux-nouveaux-proces-demarrent-avant-la-fin-de-lannee9116.html","url":"https:\/\/www.justiceinfo.net\/fr\/12308-100810-tpirproces-deux-nouveaux-proces-demarrent-avant-la-fin-de-lannee9116.html","name":"10.08.10 - TPIR\/PROCES - DEUX NOUVEAUX PROCES DEMARRENT AVANT LA FIN DE L'ANNEE - JusticeInfo.net","isPartOf":{"@id":"https:\/\/www.justiceinfo.net\/fr#website"},"datePublished":"2010-08-09T22:00:00+00:00","breadcrumb":{"@id":"https:\/\/www.justiceinfo.net\/fr\/12308-100810-tpirproces-deux-nouveaux-proces-demarrent-avant-la-fin-de-lannee9116.html#breadcrumb"},"inLanguage":"fr-FR","potentialAction":[{"@type":"ReadAction","target":["https:\/\/www.justiceinfo.net\/fr\/12308-100810-tpirproces-deux-nouveaux-proces-demarrent-avant-la-fin-de-lannee9116.html"]}]},{"@type":"BreadcrumbList","@id":"https:\/\/www.justiceinfo.net\/fr\/12308-100810-tpirproces-deux-nouveaux-proces-demarrent-avant-la-fin-de-lannee9116.html#breadcrumb","itemListElement":[{"@type":"ListItem","position":1,"name":"Home","item":"https:\/\/www.justiceinfo.net\/fr"},{"@type":"ListItem","position":2,"name":"10.08.10 - TPIR\/PROCES - DEUX NOUVEAUX PROCES DEMARRENT AVANT LA FIN DE L'ANNEE"}]},{"@type":"WebSite","@id":"https:\/\/www.justiceinfo.net\/fr#website","url":"https:\/\/www.justiceinfo.net\/fr","name":"JusticeInfo.net","description":"La justice doit \u00eatre vue pour \u00eatre rendue","publisher":{"@id":"https:\/\/www.justiceinfo.net\/fr#organization"},"potentialAction":[{"@type":"SearchAction","target":{"@type":"EntryPoint","urlTemplate":"https:\/\/www.justiceinfo.net\/fr?s={search_term_string}"},"query-input":{"@type":"PropertyValueSpecification","valueRequired":true,"valueName":"search_term_string"}}],"inLanguage":"fr-FR"},{"@type":"Organization","@id":"https:\/\/www.justiceinfo.net\/fr#organization","name":"Justice Info","url":"https:\/\/www.justiceinfo.net\/fr","logo":{"@type":"ImageObject","inLanguage":"fr-FR","@id":"https:\/\/www.justiceinfo.net\/fr#\/schema\/logo\/image\/","url":"https:\/\/www.justiceinfo.net\/wp-content\/uploads\/justiceinfo_logo-trans_1200x1200px.png","contentUrl":"https:\/\/www.justiceinfo.net\/wp-content\/uploads\/justiceinfo_logo-trans_1200x1200px.png","width":1199,"height":1200,"caption":"Justice Info"},"image":{"@id":"https:\/\/www.justiceinfo.net\/fr#\/schema\/logo\/image\/"},"sameAs":["https:\/\/www.facebook.com\/JusticeInfo\/","https:\/\/x.com\/justiceinfonet","https:\/\/www.linkedin.com\/company\/justice-info","https:\/\/www.youtube.com\/channel\/UCyCEsARodyuWtkWyhn-e7pA"]},{"@type":"Person","name":"solivri","url":"\/fr\/?s=solivri"}]}},"_links":{"self":[{"href":"https:\/\/www.justiceinfo.net\/fr\/wp-json\/wp\/v2\/posts\/12308","targetHints":{"allow":["GET"]}}],"collection":[{"href":"https:\/\/www.justiceinfo.net\/fr\/wp-json\/wp\/v2\/posts"}],"about":[{"href":"https:\/\/www.justiceinfo.net\/fr\/wp-json\/wp\/v2\/types\/post"}],"author":[{"embeddable":true,"href":"https:\/\/www.justiceinfo.net\/fr\/wp-json\/wp\/v2\/users\/64"}],"replies":[{"embeddable":true,"href":"https:\/\/www.justiceinfo.net\/fr\/wp-json\/wp\/v2\/comments?post=12308"}],"version-history":[{"count":0,"href":"https:\/\/www.justiceinfo.net\/fr\/wp-json\/wp\/v2\/posts\/12308\/revisions"}],"wp:attachment":[{"href":"https:\/\/www.justiceinfo.net\/fr\/wp-json\/wp\/v2\/media?parent=12308"}],"wp:term":[{"taxonomy":"category","embeddable":true,"href":"https:\/\/www.justiceinfo.net\/fr\/wp-json\/wp\/v2\/categories?post=12308"},{"taxonomy":"post_tag","embeddable":true,"href":"https:\/\/www.justiceinfo.net\/fr\/wp-json\/wp\/v2\/tags?post=12308"},{"taxonomy":"ji_location","embeddable":true,"href":"https:\/\/www.justiceinfo.net\/fr\/wp-json\/wp\/v2\/ji_location?post=12308"}],"curies":[{"name":"wp","href":"https:\/\/api.w.org\/{rel}","templated":true}]}}