{"id":12337,"date":"2010-08-23T00:00:00","date_gmt":"2010-08-22T22:00:00","guid":{"rendered":"https:\/\/www.justiceinfo.net\/12337-230810-tpirkaremera-le-ton-monte-au-proces-des-dirigeants-du-mrnd9145.html"},"modified":"2010-08-23T00:00:00","modified_gmt":"2010-08-22T22:00:00","slug":"230810-tpirkaremera-le-ton-monte-au-proces-des-dirigeants-du-mrnd9145","status":"publish","type":"post","link":"https:\/\/www.justiceinfo.net\/fr\/12337-230810-tpirkaremera-le-ton-monte-au-proces-des-dirigeants-du-mrnd9145.html","title":{"rendered":"23.08.10 - TPIR\/KAREMERA - LE TON MONTE AU PROCES DES DIRIGEANTS DU MRND"},"content":{"rendered":"<p >\nArusha, 23 ao&ucirc;t 2010 (FH) - Le ton est mont&eacute; en d&eacute;but d'apr&egrave;s-midi au&nbsp; Tribunal p&eacute;nal international pour le Rwanda (TPIR), alors que la chambre devait entendre la &laquo; d&eacute;claration liminaire &raquo; (introduction au d&eacute;fil&eacute; des t&eacute;moins) de l'ex-pr&eacute;sident du MRND, Mathieu Ngirumpatse.\n<\/p>\n<p><!--more--><\/p>\n<p >\n&laquo; Vous &ecirc;tes en train de d&eacute;fier la chambre &raquo;, a lanc&eacute; par deux fois le juge Dennis Byron &agrave; l'adresse des avocats de la d&eacute;fense.\n<\/p>\n<p >\n<p >\n&laquo; Mathieu Ngirumpatse a ses droits et l'&eacute;quit&eacute; veut que ses droits soient respect&eacute;s. Je ne vois pas en quoi j'ai d&eacute;fi&eacute; votre chambre &raquo;, a r&eacute;pondu, imperturbable, Ma&icirc;tre Chantal Hounkpatin, l'avocate principale fran&ccedil;aise de l'ancien dirigeant. &laquo; Nous allons vous adresser un avertissement, &agrave; vous et &agrave; votre co-conseil (...) Nous reprendrons demain (mardi) matin &raquo;, a d&eacute;clar&eacute; le juge Byron.\n<\/p>\n<p >\n<p >\nA l'origine de cette pol&eacute;mique se trouve le d&eacute;c&egrave;s de l'ancien secr&eacute;taire du parti, Joseph Nzirorera. Lors d'une conf&eacute;rence de mise en &eacute;tat dans la matin&eacute;e, la chambre avait ordonn&eacute; au procureur de proc&eacute;der &agrave; certaines modifications de l'acte d'accusation de ce proc&egrave;s group&eacute; pour que l'ancien dirigeant, d&eacute;c&eacute;d&eacute; le 1er&nbsp;juillet, n'apparaisse plus comme accus&eacute; dans l'affaire, sa mort ayant entra&icirc;n&eacute; l'extinction des poursuites &agrave; son encontre.\n<\/p>\n<p >\n<p >\nRevenus &agrave; l'audience, les avocats de Ngirumpatse ont cependant fait valoir que leur client n'avait pas encore re&ccedil;u l'acte d'accusation modifi&eacute;. Press&eacute;s par la chambre de prononcer leur d&eacute;claration liminaire, Me Hounkpatin et son co-conseil et compatriote&nbsp; Fr&eacute;d&eacute;ric Weyl ont demand&eacute; et obtenu l'autorisation de sortir du pr&eacute;toire pour consulter leur client. &laquo; Mathieu Ngirumpatse ne m'autorise pas &agrave; faire de d&eacute;claration liminaire tant qu'il n'aura pas re&ccedil;u l'acte d'accusation tel que corrig&eacute; par le procureur &raquo;,&nbsp; a d&eacute;clar&eacute; Me Hounkpatin &agrave; son retour dans la salle.\n<\/p>\n<p >\n<p >\nMa&icirc;tre Dior Diagne, l'avocate d'Edouard Karemera, ancien vice-pr&eacute;sident du MRND, a abond&eacute; dans le m&ecirc;me sens, en affirmant que le procureur ne s'&eacute;tait pas conform&eacute; &agrave; l'ordonnance de la chambre. &laquo; On a l'impression qu'il nous nargue, mais je pense qu'il vous d&eacute;fie &raquo;,&nbsp; a lanc&eacute; l'avocate s&eacute;n&eacute;galaise.\n<\/p>\n<p >\n<p >\n&laquo; Je suis surpris du ton de la d&eacute;fense. Nous avons suivi les instructions de la chambre &raquo;, a r&eacute;agi, depuis le banc du procureur, l'Am&eacute;ricain Don Webster qui a affirm&eacute; avoir envoy&eacute; le nouveau texte aux avocats par internet vers midi.\n<\/p>\n<p >\n<p >\nLa chambre a eu beau expliquer aux d&eacute;fenseurs que les modifications ordonn&eacute;es ne touchaient pas au fond de l'affaire : ils ont tous affirm&eacute; que Nzirorera apparaissait toujours comme accus&eacute; dans l'acte d'accusation. Tous francophones comme leurs clients, ils ont &eacute;galement demand&eacute; &agrave; la chambre de leur donner une copie &eacute;crite de cette ordonnance verbale rendue en anglais pour qu'ils puissent &eacute;ventuellement en faire appel.\n<\/p>\n<p >\n<p >\nLes juges ont promis que la copie de la d&eacute;cision d&ucirc;ment motiv&eacute;e serait disponible mardi.\n<\/p>\n<p >\n<p >\nReste &agrave; savoir si la d&eacute;fense de Ngirumpatse d&eacute;j&agrave; sous le coup d'une sanction acceptera de prononcer la rituelle d&eacute;claration liminaire pour que ses t&eacute;moins puissent d&eacute;filer &agrave; la barre.\n<\/p>\n<p >\n<p >\nInculp&eacute;s de crimes de g&eacute;nocide et de crimes contre l'humanit&eacute;, les anciens dirigeants du MRND, qui clament leur innocence, r&eacute;pondent surtout d'exactions commises en 1994 par des membres de leur parti, en particulier les jeunes.\n<\/p>\n<p >\n<p >\nER\/GF\n<\/p>\n<p >\n<p>\n&copy; Agence Hirondelle<\/p>\n","protected":false},"excerpt":{"rendered":"<p>Arusha, 23 ao&ucirc;t 2010 (FH) - Le ton est mont&eacute; en d&eacute;but d'apr&egrave;s-midi au&nbsp; Tribunal p&eacute;nal international pour le Rwanda (TPIR), alors que la chambre devait entendre la &laquo; d&eacute;claration liminaire &raquo; (introduction au d&eacute;fil&eacute; des t&eacute;moins) de l'ex-pr&eacute;sident du MRND, Mathieu Ngirumpatse.<\/p>\n","protected":false},"author":64,"featured_media":0,"comment_status":"open","ping_status":"closed","sticky":false,"template":"","format":"standard","meta":{"_acf_changed":false,"footnotes":""},"categories":[554],"tags":[],"ji_location":[],"class_list":["post-12337","post","type-post","status-publish","format-standard","hentry","category-hirondellenews"],"acf":[],"yoast_head":"<!-- This site is optimized with the Yoast SEO Premium plugin v25.3.1 (Yoast SEO v25.3.1) - https:\/\/yoast.com\/wordpress\/plugins\/seo\/ -->\n<title>23.08.10 - TPIR\/KAREMERA - LE TON MONTE AU PROCES DES DIRIGEANTS DU MRND - JusticeInfo.net<\/title>\n<meta name=\"robots\" content=\"index, follow, max-snippet:-1, max-image-preview:large, max-video-preview:-1\" \/>\n<link rel=\"canonical\" href=\"https:\/\/www.justiceinfo.net\/fr\/12337-230810-tpirkaremera-le-ton-monte-au-proces-des-dirigeants-du-mrnd9145.html\" \/>\n<meta property=\"og:locale\" content=\"fr_FR\" \/>\n<meta property=\"og:type\" content=\"article\" \/>\n<meta property=\"og:title\" content=\"23.08.10 - TPIR\/KAREMERA - LE TON MONTE AU PROCES DES DIRIGEANTS DU MRND\" \/>\n<meta property=\"og:description\" content=\"Arusha, 23 ao&ucirc;t 2010 (FH) - Le ton est mont&eacute; en d&eacute;but d&#039;apr&egrave;s-midi au&nbsp; Tribunal p&eacute;nal international pour le Rwanda (TPIR), alors que la chambre devait entendre la &laquo; d&eacute;claration liminaire &raquo; (introduction au d&eacute;fil&eacute; des t&eacute;moins) de l&#039;ex-pr&eacute;sident du MRND, Mathieu Ngirumpatse.\" \/>\n<meta property=\"og:url\" content=\"https:\/\/www.justiceinfo.net\/fr\/12337-230810-tpirkaremera-le-ton-monte-au-proces-des-dirigeants-du-mrnd9145.html\" \/>\n<meta property=\"og:site_name\" content=\"JusticeInfo.net\" \/>\n<meta property=\"article:publisher\" content=\"https:\/\/www.facebook.com\/JusticeInfo\/\" \/>\n<meta property=\"article:published_time\" content=\"2010-08-22T22:00:00+00:00\" \/>\n<meta property=\"og:image\" content=\"https:\/\/www.justiceinfo.net\/wp-content\/uploads\/JusticeInfoNet_logo_1200x630px.jpg\" \/>\n\t<meta property=\"og:image:width\" content=\"1200\" \/>\n\t<meta property=\"og:image:height\" content=\"630\" \/>\n\t<meta property=\"og:image:type\" content=\"image\/jpeg\" \/>\n<meta name=\"author\" content=\"solivri\" \/>\n<meta name=\"twitter:card\" content=\"summary_large_image\" \/>\n<meta name=\"twitter:creator\" content=\"@justiceinfonet\" \/>\n<meta name=\"twitter:site\" content=\"@justiceinfonet\" \/>\n<meta name=\"twitter:label1\" content=\"\u00c9crit par\" \/>\n\t<meta name=\"twitter:data1\" content=\"solivri\" \/>\n\t<meta name=\"twitter:label2\" content=\"Dur\u00e9e de lecture estim\u00e9e\" \/>\n\t<meta name=\"twitter:data2\" content=\"3 minutes\" \/>\n<script type=\"application\/ld+json\" class=\"yoast-schema-graph\">{\"@context\":\"https:\/\/schema.org\",\"@graph\":[{\"@type\":\"NewsArticle\",\"@id\":\"https:\/\/www.justiceinfo.net\/fr\/12337-230810-tpirkaremera-le-ton-monte-au-proces-des-dirigeants-du-mrnd9145.html#article\",\"isPartOf\":{\"@id\":\"https:\/\/www.justiceinfo.net\/fr\/12337-230810-tpirkaremera-le-ton-monte-au-proces-des-dirigeants-du-mrnd9145.html\"},\"author\":{\"name\":\"solivri\",\"@id\":\"https:\/\/www.justiceinfo.net\/fr#\/schema\/person\/6e53cba1629e2e66f3fc1821d3091865\"},\"headline\":\"23.08.10 - TPIR\/KAREMERA - LE TON MONTE AU PROCES DES DIRIGEANTS DU MRND\",\"datePublished\":\"2010-08-22T22:00:00+00:00\",\"mainEntityOfPage\":{\"@id\":\"https:\/\/www.justiceinfo.net\/fr\/12337-230810-tpirkaremera-le-ton-monte-au-proces-des-dirigeants-du-mrnd9145.html\"},\"wordCount\":729,\"commentCount\":0,\"publisher\":{\"@id\":\"https:\/\/www.justiceinfo.net\/fr#organization\"},\"articleSection\":[\"Hirondelle News\"],\"inLanguage\":\"fr-FR\",\"potentialAction\":[{\"@type\":\"CommentAction\",\"name\":\"Comment\",\"target\":[\"https:\/\/www.justiceinfo.net\/fr\/12337-230810-tpirkaremera-le-ton-monte-au-proces-des-dirigeants-du-mrnd9145.html#respond\"]}]},{\"@type\":\"WebPage\",\"@id\":\"https:\/\/www.justiceinfo.net\/fr\/12337-230810-tpirkaremera-le-ton-monte-au-proces-des-dirigeants-du-mrnd9145.html\",\"url\":\"https:\/\/www.justiceinfo.net\/fr\/12337-230810-tpirkaremera-le-ton-monte-au-proces-des-dirigeants-du-mrnd9145.html\",\"name\":\"23.08.10 - TPIR\/KAREMERA - LE TON MONTE AU PROCES DES DIRIGEANTS DU MRND - JusticeInfo.net\",\"isPartOf\":{\"@id\":\"https:\/\/www.justiceinfo.net\/fr#website\"},\"datePublished\":\"2010-08-22T22:00:00+00:00\",\"breadcrumb\":{\"@id\":\"https:\/\/www.justiceinfo.net\/fr\/12337-230810-tpirkaremera-le-ton-monte-au-proces-des-dirigeants-du-mrnd9145.html#breadcrumb\"},\"inLanguage\":\"fr-FR\",\"potentialAction\":[{\"@type\":\"ReadAction\",\"target\":[\"https:\/\/www.justiceinfo.net\/fr\/12337-230810-tpirkaremera-le-ton-monte-au-proces-des-dirigeants-du-mrnd9145.html\"]}]},{\"@type\":\"BreadcrumbList\",\"@id\":\"https:\/\/www.justiceinfo.net\/fr\/12337-230810-tpirkaremera-le-ton-monte-au-proces-des-dirigeants-du-mrnd9145.html#breadcrumb\",\"itemListElement\":[{\"@type\":\"ListItem\",\"position\":1,\"name\":\"Home\",\"item\":\"https:\/\/www.justiceinfo.net\/fr\"},{\"@type\":\"ListItem\",\"position\":2,\"name\":\"23.08.10 - TPIR\/KAREMERA - LE TON MONTE AU PROCES DES DIRIGEANTS DU MRND\"}]},{\"@type\":\"WebSite\",\"@id\":\"https:\/\/www.justiceinfo.net\/fr#website\",\"url\":\"https:\/\/www.justiceinfo.net\/fr\",\"name\":\"JusticeInfo.net\",\"description\":\"La justice doit \u00eatre vue pour \u00eatre rendue\",\"publisher\":{\"@id\":\"https:\/\/www.justiceinfo.net\/fr#organization\"},\"potentialAction\":[{\"@type\":\"SearchAction\",\"target\":{\"@type\":\"EntryPoint\",\"urlTemplate\":\"https:\/\/www.justiceinfo.net\/fr?s={search_term_string}\"},\"query-input\":{\"@type\":\"PropertyValueSpecification\",\"valueRequired\":true,\"valueName\":\"search_term_string\"}}],\"inLanguage\":\"fr-FR\"},{\"@type\":\"Organization\",\"@id\":\"https:\/\/www.justiceinfo.net\/fr#organization\",\"name\":\"Justice Info\",\"url\":\"https:\/\/www.justiceinfo.net\/fr\",\"logo\":{\"@type\":\"ImageObject\",\"inLanguage\":\"fr-FR\",\"@id\":\"https:\/\/www.justiceinfo.net\/fr#\/schema\/logo\/image\/\",\"url\":\"https:\/\/www.justiceinfo.net\/wp-content\/uploads\/justiceinfo_logo-trans_1200x1200px.png\",\"contentUrl\":\"https:\/\/www.justiceinfo.net\/wp-content\/uploads\/justiceinfo_logo-trans_1200x1200px.png\",\"width\":1199,\"height\":1200,\"caption\":\"Justice Info\"},\"image\":{\"@id\":\"https:\/\/www.justiceinfo.net\/fr#\/schema\/logo\/image\/\"},\"sameAs\":[\"https:\/\/www.facebook.com\/JusticeInfo\/\",\"https:\/\/x.com\/justiceinfonet\",\"https:\/\/www.linkedin.com\/company\/justice-info\",\"https:\/\/www.youtube.com\/channel\/UCyCEsARodyuWtkWyhn-e7pA\"]},{\"@type\":\"Person\",\"name\":\"solivri\",\"url\":\"\/fr\/?s=solivri\"}]}<\/script>\n<!-- \/ Yoast SEO Premium plugin. -->","yoast_head_json":{"title":"23.08.10 - TPIR\/KAREMERA - LE TON MONTE AU PROCES DES DIRIGEANTS DU MRND - JusticeInfo.net","robots":{"index":"index","follow":"follow","max-snippet":"max-snippet:-1","max-image-preview":"max-image-preview:large","max-video-preview":"max-video-preview:-1"},"canonical":"https:\/\/www.justiceinfo.net\/fr\/12337-230810-tpirkaremera-le-ton-monte-au-proces-des-dirigeants-du-mrnd9145.html","og_locale":"fr_FR","og_type":"article","og_title":"23.08.10 - TPIR\/KAREMERA - LE TON MONTE AU PROCES DES DIRIGEANTS DU MRND","og_description":"Arusha, 23 ao&ucirc;t 2010 (FH) - Le ton est mont&eacute; en d&eacute;but d'apr&egrave;s-midi au&nbsp; Tribunal p&eacute;nal international pour le Rwanda (TPIR), alors que la chambre devait entendre la &laquo; d&eacute;claration liminaire &raquo; (introduction au d&eacute;fil&eacute; des t&eacute;moins) de l'ex-pr&eacute;sident du MRND, Mathieu Ngirumpatse.","og_url":"https:\/\/www.justiceinfo.net\/fr\/12337-230810-tpirkaremera-le-ton-monte-au-proces-des-dirigeants-du-mrnd9145.html","og_site_name":"JusticeInfo.net","article_publisher":"https:\/\/www.facebook.com\/JusticeInfo\/","article_published_time":"2010-08-22T22:00:00+00:00","og_image":[{"width":1200,"height":630,"url":"https:\/\/www.justiceinfo.net\/wp-content\/uploads\/JusticeInfoNet_logo_1200x630px.jpg","type":"image\/jpeg"}],"author":"solivri","twitter_card":"summary_large_image","twitter_creator":"@justiceinfonet","twitter_site":"@justiceinfonet","twitter_misc":{"\u00c9crit par":"solivri","Dur\u00e9e de lecture estim\u00e9e":"3 minutes"},"schema":{"@context":"https:\/\/schema.org","@graph":[{"@type":"NewsArticle","@id":"https:\/\/www.justiceinfo.net\/fr\/12337-230810-tpirkaremera-le-ton-monte-au-proces-des-dirigeants-du-mrnd9145.html#article","isPartOf":{"@id":"https:\/\/www.justiceinfo.net\/fr\/12337-230810-tpirkaremera-le-ton-monte-au-proces-des-dirigeants-du-mrnd9145.html"},"author":{"name":"solivri","@id":"https:\/\/www.justiceinfo.net\/fr#\/schema\/person\/6e53cba1629e2e66f3fc1821d3091865"},"headline":"23.08.10 - TPIR\/KAREMERA - LE TON MONTE AU PROCES DES DIRIGEANTS DU MRND","datePublished":"2010-08-22T22:00:00+00:00","mainEntityOfPage":{"@id":"https:\/\/www.justiceinfo.net\/fr\/12337-230810-tpirkaremera-le-ton-monte-au-proces-des-dirigeants-du-mrnd9145.html"},"wordCount":729,"commentCount":0,"publisher":{"@id":"https:\/\/www.justiceinfo.net\/fr#organization"},"articleSection":["Hirondelle News"],"inLanguage":"fr-FR","potentialAction":[{"@type":"CommentAction","name":"Comment","target":["https:\/\/www.justiceinfo.net\/fr\/12337-230810-tpirkaremera-le-ton-monte-au-proces-des-dirigeants-du-mrnd9145.html#respond"]}]},{"@type":"WebPage","@id":"https:\/\/www.justiceinfo.net\/fr\/12337-230810-tpirkaremera-le-ton-monte-au-proces-des-dirigeants-du-mrnd9145.html","url":"https:\/\/www.justiceinfo.net\/fr\/12337-230810-tpirkaremera-le-ton-monte-au-proces-des-dirigeants-du-mrnd9145.html","name":"23.08.10 - TPIR\/KAREMERA - LE TON MONTE AU PROCES DES DIRIGEANTS DU MRND - JusticeInfo.net","isPartOf":{"@id":"https:\/\/www.justiceinfo.net\/fr#website"},"datePublished":"2010-08-22T22:00:00+00:00","breadcrumb":{"@id":"https:\/\/www.justiceinfo.net\/fr\/12337-230810-tpirkaremera-le-ton-monte-au-proces-des-dirigeants-du-mrnd9145.html#breadcrumb"},"inLanguage":"fr-FR","potentialAction":[{"@type":"ReadAction","target":["https:\/\/www.justiceinfo.net\/fr\/12337-230810-tpirkaremera-le-ton-monte-au-proces-des-dirigeants-du-mrnd9145.html"]}]},{"@type":"BreadcrumbList","@id":"https:\/\/www.justiceinfo.net\/fr\/12337-230810-tpirkaremera-le-ton-monte-au-proces-des-dirigeants-du-mrnd9145.html#breadcrumb","itemListElement":[{"@type":"ListItem","position":1,"name":"Home","item":"https:\/\/www.justiceinfo.net\/fr"},{"@type":"ListItem","position":2,"name":"23.08.10 - TPIR\/KAREMERA - LE TON MONTE AU PROCES DES DIRIGEANTS DU MRND"}]},{"@type":"WebSite","@id":"https:\/\/www.justiceinfo.net\/fr#website","url":"https:\/\/www.justiceinfo.net\/fr","name":"JusticeInfo.net","description":"La justice doit \u00eatre vue pour \u00eatre rendue","publisher":{"@id":"https:\/\/www.justiceinfo.net\/fr#organization"},"potentialAction":[{"@type":"SearchAction","target":{"@type":"EntryPoint","urlTemplate":"https:\/\/www.justiceinfo.net\/fr?s={search_term_string}"},"query-input":{"@type":"PropertyValueSpecification","valueRequired":true,"valueName":"search_term_string"}}],"inLanguage":"fr-FR"},{"@type":"Organization","@id":"https:\/\/www.justiceinfo.net\/fr#organization","name":"Justice Info","url":"https:\/\/www.justiceinfo.net\/fr","logo":{"@type":"ImageObject","inLanguage":"fr-FR","@id":"https:\/\/www.justiceinfo.net\/fr#\/schema\/logo\/image\/","url":"https:\/\/www.justiceinfo.net\/wp-content\/uploads\/justiceinfo_logo-trans_1200x1200px.png","contentUrl":"https:\/\/www.justiceinfo.net\/wp-content\/uploads\/justiceinfo_logo-trans_1200x1200px.png","width":1199,"height":1200,"caption":"Justice Info"},"image":{"@id":"https:\/\/www.justiceinfo.net\/fr#\/schema\/logo\/image\/"},"sameAs":["https:\/\/www.facebook.com\/JusticeInfo\/","https:\/\/x.com\/justiceinfonet","https:\/\/www.linkedin.com\/company\/justice-info","https:\/\/www.youtube.com\/channel\/UCyCEsARodyuWtkWyhn-e7pA"]},{"@type":"Person","name":"solivri","url":"\/fr\/?s=solivri"}]}},"_links":{"self":[{"href":"https:\/\/www.justiceinfo.net\/fr\/wp-json\/wp\/v2\/posts\/12337","targetHints":{"allow":["GET"]}}],"collection":[{"href":"https:\/\/www.justiceinfo.net\/fr\/wp-json\/wp\/v2\/posts"}],"about":[{"href":"https:\/\/www.justiceinfo.net\/fr\/wp-json\/wp\/v2\/types\/post"}],"author":[{"embeddable":true,"href":"https:\/\/www.justiceinfo.net\/fr\/wp-json\/wp\/v2\/users\/64"}],"replies":[{"embeddable":true,"href":"https:\/\/www.justiceinfo.net\/fr\/wp-json\/wp\/v2\/comments?post=12337"}],"version-history":[{"count":0,"href":"https:\/\/www.justiceinfo.net\/fr\/wp-json\/wp\/v2\/posts\/12337\/revisions"}],"wp:attachment":[{"href":"https:\/\/www.justiceinfo.net\/fr\/wp-json\/wp\/v2\/media?parent=12337"}],"wp:term":[{"taxonomy":"category","embeddable":true,"href":"https:\/\/www.justiceinfo.net\/fr\/wp-json\/wp\/v2\/categories?post=12337"},{"taxonomy":"post_tag","embeddable":true,"href":"https:\/\/www.justiceinfo.net\/fr\/wp-json\/wp\/v2\/tags?post=12337"},{"taxonomy":"ji_location","embeddable":true,"href":"https:\/\/www.justiceinfo.net\/fr\/wp-json\/wp\/v2\/ji_location?post=12337"}],"curies":[{"name":"wp","href":"https:\/\/api.w.org\/{rel}","templated":true}]}}