{"id":12339,"date":"2010-08-24T00:00:00","date_gmt":"2010-08-23T22:00:00","guid":{"rendered":"https:\/\/www.justiceinfo.net\/12339-240810-tpirkaremera-lex-president-du-mrnd-entame-sa-defense9147.html"},"modified":"2010-08-24T00:00:00","modified_gmt":"2010-08-23T22:00:00","slug":"240810-tpirkaremera-lex-president-du-mrnd-entame-sa-defense9147","status":"publish","type":"post","link":"https:\/\/www.justiceinfo.net\/fr\/12339-240810-tpirkaremera-lex-president-du-mrnd-entame-sa-defense9147.html","title":{"rendered":"24.08.10 - TPIR\/KAREMERA - L'EX-PRESIDENT DU MRND ENTAME SA DEFENSE"},"content":{"rendered":"<p >\nArusha, 24 ao&ucirc;t 2010 (FH) - Mathieu Ngirumpatse, l'ancien pr&eacute;sident du Mouvement r&eacute;publicain national pour la d&eacute;mocratie et le d&eacute;veloppement (MRND), le parti de feu le chef de l'Etat Juv&eacute;nal Habyarimana a entam&eacute; mardi apr&egrave;s-midi sa d&eacute;fense devant le Tribunal p&eacute;nal international pour le Rwanda (TPIR) si&eacute;geant &agrave; Arusha, en Tanzanie.\n<\/p>\n<p><!--more--><\/p>\n<p >\n<p >\nInculp&eacute;s de crimes de g&eacute;nocide et de crimes contre l'humanit&eacute;, Ngirumpatse et son co-accus&eacute;, l'ancien vice-pr&eacute;sident du parti, Edouard Karemera qui a termin&eacute; sa d&eacute;fense, r&eacute;pondent surtout d'exactions commises en 1994 par des membres de leur parti, en particulier les jeunes.\n<\/p>\n<p >\nLes avocats de Ngirumpatse qui avaient demand&eacute; le report de l'ouverture de la d&eacute;fense ont &eacute;t&eacute; contraints de passer &agrave; cette &eacute;tape apr&egrave;s avoir re&ccedil;u la veille un avertissement de la chambre.\n<\/p>\n<p >\nDans leur longue d&eacute;claration liminaire, dont la premi&egrave;re partie a &eacute;t&eacute; lue par l'avocate principale, Chantal Hounkpatin, ils ont clairement critiqu&eacute; certaines d&eacute;cisions rendues par les juges tout au long de la proc&eacute;dure et se sont insurg&eacute;s contre les sanctions frappant les &eacute;quipes de d&eacute;fense.\n<\/p>\n<p >\nParlant de leur client, Ma&icirc;tre Hounkpatin a d&eacute;nonc&eacute; &laquo; des accusations fabriqu&eacute;es de toutes pi&egrave;ces, manipul&eacute;es ou inspir&eacute;es par la peur, la menace ou les promesses &raquo;.\n<\/p>\n<p >\nL'avocate fran&ccedil;aise a exhort&eacute; la chambre &agrave; d&eacute;passer &laquo; les id&eacute;es re&ccedil;ues &raquo;, &agrave; ne pas aller &laquo; dans le sens o&ugrave; le vent souffle &raquo;.\n<\/p>\n<p >\nPrenant le relais, Fr&eacute;d&eacute;ric Weyl, &eacute;galement fran&ccedil;ais, a dress&eacute; le portrait d'un Ngirumpatse &laquo; notoirement connu et unanimement appr&eacute;ci&eacute; pour sa profonde humanit&eacute;, son caract&egrave;re conciliant et son amour du prochain &raquo;.\n<\/p>\n<p >\n&laquo; Po&egrave;te et musicien adul&eacute;, il est en particulier connu pour un po&egrave;me &agrave; la louange de l'ancien &eacute;v&ecirc;que tutsi de Nyundo (nord) qu'il chante comme un mod&egrave;le &raquo; pour la soci&eacute;t&eacute;, a affirm&eacute; le plaideur.\n<\/p>\n<p >\n&laquo; La preuve de Mathieu Ngirumpatse s'ouvre par le constat de la faillite du procureur &raquo;, a conclu Me Weyl.\n<\/p>\n<p >\nLe premier t&eacute;moin de la d&eacute;fense de l'ancien dirigeant est attendu &agrave; la barre mercredi.\n<\/p>\n<p >\nNgirumpatse entame sa d&eacute;fense pr&egrave;s de deux mois apr&egrave;s le d&eacute;c&egrave;s de l'ancien secr&eacute;taire g&eacute;n&eacute;ral du parti, Joseph Nzirorera qui &eacute;tait &eacute;galement poursuivi dans cette affaire.\n<\/p>\n<p >\nDans une d&eacute;cision verbale rendue lundi, la chambre, pr&eacute;sid&eacute;e par le juge Dennis Byron, a ordonn&eacute;, malgr&eacute; les protestations de la d&eacute;fense, la continuation de la proc&eacute;dure ainsi que le maintien des &eacute;l&eacute;ments de preuve vers&eacute;s depuis le d&eacute;but en septembre 2005.\n<\/p>\n<p >\nElle a par ailleurs ordonn&eacute; au procureur de proc&eacute;der &agrave; un nettoyage de l'acte d'accusation pour ne plus continuer &agrave; faire r&eacute;f&eacute;rence &agrave; Nzirorera comme accus&eacute; dans l'affaire.\n<\/p>\n<p >\nEn guise d'ex&eacute;cution de cette d&eacute;cision, l'Am&eacute;ricain Don Webster, de l'&eacute;quipe de la poursuite, a d&eacute;pos&eacute; un acte d'accusation dans lequel figure toujours le nom du d&eacute;c&eacute;d&eacute; mais pas en tant qu'accus&eacute;.\n<\/p>\n<p >\nCela n'a pas du tout plu &agrave; la d&eacute;fense de Ngirumpatse qui a longuement plaid&eacute; mardi, avant de prononcer sa d&eacute;claration liminaire, le retrait de faits incriminant Nzirorera qui &laquo; n'est plus l&agrave; pour s'en d&eacute;fendre &raquo;.\n<\/p>\n<p >\n<p >\n&laquo; C'est terrifiant pour nous. Les faits imput&eacute;s &agrave; Nzirorera pourraient servir de support &agrave; une condamnation de&nbsp; Mathieu Ngirumpatse par le biais de l'entreprise criminelle commune &raquo;, une forme de responsabilit&eacute; plaid&eacute;e par le procureur dans ce proc&egrave;s, a argument&eacute; Me Weyl, dans une longue plaidoirie plusieurs fois interrompue par le juge pr&eacute;sident.\n<\/p>\n<p >\nL'&eacute;quipe de la d&eacute;fense de Ngirumpatse a d&eacute;cid&eacute; de faire appel mais son recours n'est pas suspensif des d&eacute;bats.\n<\/p>\n<p >\n<p >\nER\/GF\n<\/p>\n<p>\n&nbsp;&copy; Agence Hirondelle<\/p>\n","protected":false},"excerpt":{"rendered":"<p>Arusha, 24 ao&ucirc;t 2010 (FH) - Mathieu Ngirumpatse, l'ancien pr&eacute;sident du Mouvement r&eacute;publicain national pour la d&eacute;mocratie et le d&eacute;veloppement (MRND), le parti de feu le chef de l'Etat Juv&eacute;nal Habyarimana a entam&eacute; mardi apr&egrave;s-midi sa d&eacute;fense devant le Tribunal p&eacute;nal international pour le Rwanda (TPIR) si&eacute;geant &agrave; Arusha, en Tanzanie.<\/p>\n","protected":false},"author":64,"featured_media":0,"comment_status":"open","ping_status":"closed","sticky":false,"template":"","format":"standard","meta":{"_acf_changed":false,"footnotes":""},"categories":[554],"tags":[],"ji_location":[],"class_list":["post-12339","post","type-post","status-publish","format-standard","hentry","category-hirondellenews"],"acf":[],"yoast_head":"<!-- This site is optimized with the Yoast SEO Premium plugin v25.3.1 (Yoast SEO v25.3.1) - https:\/\/yoast.com\/wordpress\/plugins\/seo\/ -->\n<title>24.08.10 - TPIR\/KAREMERA - L&#039;EX-PRESIDENT DU MRND ENTAME SA DEFENSE - JusticeInfo.net<\/title>\n<meta name=\"robots\" content=\"index, follow, max-snippet:-1, max-image-preview:large, max-video-preview:-1\" \/>\n<link rel=\"canonical\" href=\"https:\/\/www.justiceinfo.net\/fr\/12339-240810-tpirkaremera-lex-president-du-mrnd-entame-sa-defense9147.html\" \/>\n<meta property=\"og:locale\" content=\"fr_FR\" \/>\n<meta property=\"og:type\" content=\"article\" \/>\n<meta property=\"og:title\" content=\"24.08.10 - TPIR\/KAREMERA - L&#039;EX-PRESIDENT DU MRND ENTAME SA DEFENSE\" \/>\n<meta property=\"og:description\" content=\"Arusha, 24 ao&ucirc;t 2010 (FH) - Mathieu Ngirumpatse, l&#039;ancien pr&eacute;sident du Mouvement r&eacute;publicain national pour la d&eacute;mocratie et le d&eacute;veloppement (MRND), le parti de feu le chef de l&#039;Etat Juv&eacute;nal Habyarimana a entam&eacute; mardi apr&egrave;s-midi sa d&eacute;fense devant le Tribunal p&eacute;nal international pour le Rwanda (TPIR) si&eacute;geant &agrave; Arusha, en Tanzanie.\" \/>\n<meta property=\"og:url\" content=\"https:\/\/www.justiceinfo.net\/fr\/12339-240810-tpirkaremera-lex-president-du-mrnd-entame-sa-defense9147.html\" \/>\n<meta property=\"og:site_name\" content=\"JusticeInfo.net\" \/>\n<meta property=\"article:publisher\" content=\"https:\/\/www.facebook.com\/JusticeInfo\/\" \/>\n<meta property=\"article:published_time\" content=\"2010-08-23T22:00:00+00:00\" \/>\n<meta property=\"og:image\" content=\"https:\/\/www.justiceinfo.net\/wp-content\/uploads\/JusticeInfoNet_logo_1200x630px.jpg\" \/>\n\t<meta property=\"og:image:width\" content=\"1200\" \/>\n\t<meta property=\"og:image:height\" content=\"630\" \/>\n\t<meta property=\"og:image:type\" content=\"image\/jpeg\" \/>\n<meta name=\"author\" content=\"solivri\" \/>\n<meta name=\"twitter:card\" content=\"summary_large_image\" \/>\n<meta name=\"twitter:creator\" content=\"@justiceinfonet\" \/>\n<meta name=\"twitter:site\" content=\"@justiceinfonet\" \/>\n<meta name=\"twitter:label1\" content=\"\u00c9crit par\" \/>\n\t<meta name=\"twitter:data1\" content=\"solivri\" \/>\n\t<meta name=\"twitter:label2\" content=\"Dur\u00e9e de lecture estim\u00e9e\" \/>\n\t<meta name=\"twitter:data2\" content=\"4 minutes\" \/>\n<script type=\"application\/ld+json\" class=\"yoast-schema-graph\">{\"@context\":\"https:\/\/schema.org\",\"@graph\":[{\"@type\":\"NewsArticle\",\"@id\":\"https:\/\/www.justiceinfo.net\/fr\/12339-240810-tpirkaremera-lex-president-du-mrnd-entame-sa-defense9147.html#article\",\"isPartOf\":{\"@id\":\"https:\/\/www.justiceinfo.net\/fr\/12339-240810-tpirkaremera-lex-president-du-mrnd-entame-sa-defense9147.html\"},\"author\":{\"name\":\"solivri\",\"@id\":\"https:\/\/www.justiceinfo.net\/fr#\/schema\/person\/6e53cba1629e2e66f3fc1821d3091865\"},\"headline\":\"24.08.10 - TPIR\/KAREMERA - L'EX-PRESIDENT DU MRND ENTAME SA DEFENSE\",\"datePublished\":\"2010-08-23T22:00:00+00:00\",\"mainEntityOfPage\":{\"@id\":\"https:\/\/www.justiceinfo.net\/fr\/12339-240810-tpirkaremera-lex-president-du-mrnd-entame-sa-defense9147.html\"},\"wordCount\":808,\"commentCount\":0,\"publisher\":{\"@id\":\"https:\/\/www.justiceinfo.net\/fr#organization\"},\"articleSection\":[\"Hirondelle News\"],\"inLanguage\":\"fr-FR\",\"potentialAction\":[{\"@type\":\"CommentAction\",\"name\":\"Comment\",\"target\":[\"https:\/\/www.justiceinfo.net\/fr\/12339-240810-tpirkaremera-lex-president-du-mrnd-entame-sa-defense9147.html#respond\"]}]},{\"@type\":\"WebPage\",\"@id\":\"https:\/\/www.justiceinfo.net\/fr\/12339-240810-tpirkaremera-lex-president-du-mrnd-entame-sa-defense9147.html\",\"url\":\"https:\/\/www.justiceinfo.net\/fr\/12339-240810-tpirkaremera-lex-president-du-mrnd-entame-sa-defense9147.html\",\"name\":\"24.08.10 - TPIR\/KAREMERA - L'EX-PRESIDENT DU MRND ENTAME SA DEFENSE - JusticeInfo.net\",\"isPartOf\":{\"@id\":\"https:\/\/www.justiceinfo.net\/fr#website\"},\"datePublished\":\"2010-08-23T22:00:00+00:00\",\"breadcrumb\":{\"@id\":\"https:\/\/www.justiceinfo.net\/fr\/12339-240810-tpirkaremera-lex-president-du-mrnd-entame-sa-defense9147.html#breadcrumb\"},\"inLanguage\":\"fr-FR\",\"potentialAction\":[{\"@type\":\"ReadAction\",\"target\":[\"https:\/\/www.justiceinfo.net\/fr\/12339-240810-tpirkaremera-lex-president-du-mrnd-entame-sa-defense9147.html\"]}]},{\"@type\":\"BreadcrumbList\",\"@id\":\"https:\/\/www.justiceinfo.net\/fr\/12339-240810-tpirkaremera-lex-president-du-mrnd-entame-sa-defense9147.html#breadcrumb\",\"itemListElement\":[{\"@type\":\"ListItem\",\"position\":1,\"name\":\"Home\",\"item\":\"https:\/\/www.justiceinfo.net\/fr\"},{\"@type\":\"ListItem\",\"position\":2,\"name\":\"24.08.10 - TPIR\/KAREMERA - L'EX-PRESIDENT DU MRND ENTAME SA DEFENSE\"}]},{\"@type\":\"WebSite\",\"@id\":\"https:\/\/www.justiceinfo.net\/fr#website\",\"url\":\"https:\/\/www.justiceinfo.net\/fr\",\"name\":\"JusticeInfo.net\",\"description\":\"La justice doit \u00eatre vue pour \u00eatre rendue\",\"publisher\":{\"@id\":\"https:\/\/www.justiceinfo.net\/fr#organization\"},\"potentialAction\":[{\"@type\":\"SearchAction\",\"target\":{\"@type\":\"EntryPoint\",\"urlTemplate\":\"https:\/\/www.justiceinfo.net\/fr?s={search_term_string}\"},\"query-input\":{\"@type\":\"PropertyValueSpecification\",\"valueRequired\":true,\"valueName\":\"search_term_string\"}}],\"inLanguage\":\"fr-FR\"},{\"@type\":\"Organization\",\"@id\":\"https:\/\/www.justiceinfo.net\/fr#organization\",\"name\":\"Justice Info\",\"url\":\"https:\/\/www.justiceinfo.net\/fr\",\"logo\":{\"@type\":\"ImageObject\",\"inLanguage\":\"fr-FR\",\"@id\":\"https:\/\/www.justiceinfo.net\/fr#\/schema\/logo\/image\/\",\"url\":\"https:\/\/www.justiceinfo.net\/wp-content\/uploads\/justiceinfo_logo-trans_1200x1200px.png\",\"contentUrl\":\"https:\/\/www.justiceinfo.net\/wp-content\/uploads\/justiceinfo_logo-trans_1200x1200px.png\",\"width\":1199,\"height\":1200,\"caption\":\"Justice Info\"},\"image\":{\"@id\":\"https:\/\/www.justiceinfo.net\/fr#\/schema\/logo\/image\/\"},\"sameAs\":[\"https:\/\/www.facebook.com\/JusticeInfo\/\",\"https:\/\/x.com\/justiceinfonet\",\"https:\/\/www.linkedin.com\/company\/justice-info\",\"https:\/\/www.youtube.com\/channel\/UCyCEsARodyuWtkWyhn-e7pA\"]},{\"@type\":\"Person\",\"name\":\"solivri\",\"url\":\"\/fr\/?s=solivri\"}]}<\/script>\n<!-- \/ Yoast SEO Premium plugin. -->","yoast_head_json":{"title":"24.08.10 - TPIR\/KAREMERA - L'EX-PRESIDENT DU MRND ENTAME SA DEFENSE - JusticeInfo.net","robots":{"index":"index","follow":"follow","max-snippet":"max-snippet:-1","max-image-preview":"max-image-preview:large","max-video-preview":"max-video-preview:-1"},"canonical":"https:\/\/www.justiceinfo.net\/fr\/12339-240810-tpirkaremera-lex-president-du-mrnd-entame-sa-defense9147.html","og_locale":"fr_FR","og_type":"article","og_title":"24.08.10 - TPIR\/KAREMERA - L'EX-PRESIDENT DU MRND ENTAME SA DEFENSE","og_description":"Arusha, 24 ao&ucirc;t 2010 (FH) - Mathieu Ngirumpatse, l'ancien pr&eacute;sident du Mouvement r&eacute;publicain national pour la d&eacute;mocratie et le d&eacute;veloppement (MRND), le parti de feu le chef de l'Etat Juv&eacute;nal Habyarimana a entam&eacute; mardi apr&egrave;s-midi sa d&eacute;fense devant le Tribunal p&eacute;nal international pour le Rwanda (TPIR) si&eacute;geant &agrave; Arusha, en Tanzanie.","og_url":"https:\/\/www.justiceinfo.net\/fr\/12339-240810-tpirkaremera-lex-president-du-mrnd-entame-sa-defense9147.html","og_site_name":"JusticeInfo.net","article_publisher":"https:\/\/www.facebook.com\/JusticeInfo\/","article_published_time":"2010-08-23T22:00:00+00:00","og_image":[{"width":1200,"height":630,"url":"https:\/\/www.justiceinfo.net\/wp-content\/uploads\/JusticeInfoNet_logo_1200x630px.jpg","type":"image\/jpeg"}],"author":"solivri","twitter_card":"summary_large_image","twitter_creator":"@justiceinfonet","twitter_site":"@justiceinfonet","twitter_misc":{"\u00c9crit par":"solivri","Dur\u00e9e de lecture estim\u00e9e":"4 minutes"},"schema":{"@context":"https:\/\/schema.org","@graph":[{"@type":"NewsArticle","@id":"https:\/\/www.justiceinfo.net\/fr\/12339-240810-tpirkaremera-lex-president-du-mrnd-entame-sa-defense9147.html#article","isPartOf":{"@id":"https:\/\/www.justiceinfo.net\/fr\/12339-240810-tpirkaremera-lex-president-du-mrnd-entame-sa-defense9147.html"},"author":{"name":"solivri","@id":"https:\/\/www.justiceinfo.net\/fr#\/schema\/person\/6e53cba1629e2e66f3fc1821d3091865"},"headline":"24.08.10 - TPIR\/KAREMERA - L'EX-PRESIDENT DU MRND ENTAME SA DEFENSE","datePublished":"2010-08-23T22:00:00+00:00","mainEntityOfPage":{"@id":"https:\/\/www.justiceinfo.net\/fr\/12339-240810-tpirkaremera-lex-president-du-mrnd-entame-sa-defense9147.html"},"wordCount":808,"commentCount":0,"publisher":{"@id":"https:\/\/www.justiceinfo.net\/fr#organization"},"articleSection":["Hirondelle News"],"inLanguage":"fr-FR","potentialAction":[{"@type":"CommentAction","name":"Comment","target":["https:\/\/www.justiceinfo.net\/fr\/12339-240810-tpirkaremera-lex-president-du-mrnd-entame-sa-defense9147.html#respond"]}]},{"@type":"WebPage","@id":"https:\/\/www.justiceinfo.net\/fr\/12339-240810-tpirkaremera-lex-president-du-mrnd-entame-sa-defense9147.html","url":"https:\/\/www.justiceinfo.net\/fr\/12339-240810-tpirkaremera-lex-president-du-mrnd-entame-sa-defense9147.html","name":"24.08.10 - TPIR\/KAREMERA - L'EX-PRESIDENT DU MRND ENTAME SA DEFENSE - JusticeInfo.net","isPartOf":{"@id":"https:\/\/www.justiceinfo.net\/fr#website"},"datePublished":"2010-08-23T22:00:00+00:00","breadcrumb":{"@id":"https:\/\/www.justiceinfo.net\/fr\/12339-240810-tpirkaremera-lex-president-du-mrnd-entame-sa-defense9147.html#breadcrumb"},"inLanguage":"fr-FR","potentialAction":[{"@type":"ReadAction","target":["https:\/\/www.justiceinfo.net\/fr\/12339-240810-tpirkaremera-lex-president-du-mrnd-entame-sa-defense9147.html"]}]},{"@type":"BreadcrumbList","@id":"https:\/\/www.justiceinfo.net\/fr\/12339-240810-tpirkaremera-lex-president-du-mrnd-entame-sa-defense9147.html#breadcrumb","itemListElement":[{"@type":"ListItem","position":1,"name":"Home","item":"https:\/\/www.justiceinfo.net\/fr"},{"@type":"ListItem","position":2,"name":"24.08.10 - TPIR\/KAREMERA - L'EX-PRESIDENT DU MRND ENTAME SA DEFENSE"}]},{"@type":"WebSite","@id":"https:\/\/www.justiceinfo.net\/fr#website","url":"https:\/\/www.justiceinfo.net\/fr","name":"JusticeInfo.net","description":"La justice doit \u00eatre vue pour \u00eatre rendue","publisher":{"@id":"https:\/\/www.justiceinfo.net\/fr#organization"},"potentialAction":[{"@type":"SearchAction","target":{"@type":"EntryPoint","urlTemplate":"https:\/\/www.justiceinfo.net\/fr?s={search_term_string}"},"query-input":{"@type":"PropertyValueSpecification","valueRequired":true,"valueName":"search_term_string"}}],"inLanguage":"fr-FR"},{"@type":"Organization","@id":"https:\/\/www.justiceinfo.net\/fr#organization","name":"Justice Info","url":"https:\/\/www.justiceinfo.net\/fr","logo":{"@type":"ImageObject","inLanguage":"fr-FR","@id":"https:\/\/www.justiceinfo.net\/fr#\/schema\/logo\/image\/","url":"https:\/\/www.justiceinfo.net\/wp-content\/uploads\/justiceinfo_logo-trans_1200x1200px.png","contentUrl":"https:\/\/www.justiceinfo.net\/wp-content\/uploads\/justiceinfo_logo-trans_1200x1200px.png","width":1199,"height":1200,"caption":"Justice Info"},"image":{"@id":"https:\/\/www.justiceinfo.net\/fr#\/schema\/logo\/image\/"},"sameAs":["https:\/\/www.facebook.com\/JusticeInfo\/","https:\/\/x.com\/justiceinfonet","https:\/\/www.linkedin.com\/company\/justice-info","https:\/\/www.youtube.com\/channel\/UCyCEsARodyuWtkWyhn-e7pA"]},{"@type":"Person","name":"solivri","url":"\/fr\/?s=solivri"}]}},"_links":{"self":[{"href":"https:\/\/www.justiceinfo.net\/fr\/wp-json\/wp\/v2\/posts\/12339","targetHints":{"allow":["GET"]}}],"collection":[{"href":"https:\/\/www.justiceinfo.net\/fr\/wp-json\/wp\/v2\/posts"}],"about":[{"href":"https:\/\/www.justiceinfo.net\/fr\/wp-json\/wp\/v2\/types\/post"}],"author":[{"embeddable":true,"href":"https:\/\/www.justiceinfo.net\/fr\/wp-json\/wp\/v2\/users\/64"}],"replies":[{"embeddable":true,"href":"https:\/\/www.justiceinfo.net\/fr\/wp-json\/wp\/v2\/comments?post=12339"}],"version-history":[{"count":0,"href":"https:\/\/www.justiceinfo.net\/fr\/wp-json\/wp\/v2\/posts\/12339\/revisions"}],"wp:attachment":[{"href":"https:\/\/www.justiceinfo.net\/fr\/wp-json\/wp\/v2\/media?parent=12339"}],"wp:term":[{"taxonomy":"category","embeddable":true,"href":"https:\/\/www.justiceinfo.net\/fr\/wp-json\/wp\/v2\/categories?post=12339"},{"taxonomy":"post_tag","embeddable":true,"href":"https:\/\/www.justiceinfo.net\/fr\/wp-json\/wp\/v2\/tags?post=12339"},{"taxonomy":"ji_location","embeddable":true,"href":"https:\/\/www.justiceinfo.net\/fr\/wp-json\/wp\/v2\/ji_location?post=12339"}],"curies":[{"name":"wp","href":"https:\/\/api.w.org\/{rel}","templated":true}]}}