{"id":12358,"date":"2010-09-02T00:00:00","date_gmt":"2010-09-01T22:00:00","guid":{"rendered":"https:\/\/www.justiceinfo.net\/12358-020910-tpirntawukulilyayo-le-procureur-renonce-a-faire-appel-de-la-condamnation9166.html"},"modified":"2010-09-02T00:00:00","modified_gmt":"2010-09-01T22:00:00","slug":"020910-tpirntawukulilyayo-le-procureur-renonce-a-faire-appel-de-la-condamnation9166","status":"publish","type":"post","link":"https:\/\/www.justiceinfo.net\/fr\/12358-020910-tpirntawukulilyayo-le-procureur-renonce-a-faire-appel-de-la-condamnation9166.html","title":{"rendered":"02.09.10 - TPIR\/NTAWUKULILYAYO - LE PROCUREUR RENONCE A FAIRE APPEL DE LA CONDAMNATION"},"content":{"rendered":"<p >\nArusha, 2 septembre 2010 (FH) - La poursuite ne fera pas appel de la condamnation &agrave; 25 ans de prison prononc&eacute;e en ao&ucirc;t par le Tribunal p&eacute;nal international pour le Rwanda (TPIR) &agrave; l'encontre de l'ancien gouverneur adjoint Dominique Ntawukulilyayo, reconnu coupable de g&eacute;nocide.\n<\/p>\n<p><!--more--><\/p>\n<p >\n<p >\n<p >\n&quot;Nous ne faisons pas appel dans l'affaire Ntawukulilyayo&quot;, a d&eacute;clar&eacute; le chef de l'accusation Richard Karegyesa &agrave; l'Agence Hirondelle jeudi. Il a refus&eacute; de donn&eacute; plus de d&eacute;tails pour expliquer&nbsp; cette d&eacute;cision.\n<\/p>\n<p >\n<p >\nDominique Ntawukulilyayo a pour sa part annonc&eacute; son intention de faire appel. La chambre charg&eacute;e des Appels lui a demand&eacute; de d&eacute;poser sa demande avant le 6 septembre. Par ailleurs, la m&ecirc;me chambre lui a accord&eacute; 45 jours suppl&eacute;mentaires pour d&eacute;poser son m&eacute;moire d'appel &agrave; compter de la r&eacute;ception de la version fran&ccedil;aise de son jugement. Cette traduction est attendue pour le 10 d&eacute;cembre 2010, le jugement prononc&eacute; en anglais ayant &eacute;t&eacute; rendu le 3 ao&ucirc;t.\n<\/p>\n<p >\n<p >\nRichard Karegyesa a en revanche annonc&eacute; qu'il comptait faire appel dans le cas de l'ancien homme d'affaires Yusuf Munyakazi, condamn&eacute; &agrave; 25 ans de prison pour g&eacute;nocide et crimes contre l'humanit&eacute; le 30 juin 2010. Une demande en ce sens a d&eacute;j&agrave; &eacute;t&eacute; d&eacute;pos&eacute;e, a-t-il ajout&eacute;.\n<\/p>\n<p >\n<p >\nMunyakazi souhaite &eacute;galement faire appel de sa condamnation mais sa d&eacute;marche est affect&eacute;e par le meurtre de son avocat, le professeur tanzanien Jwani Mwaikusa, tu&eacute; par des inconnus &agrave; Dar es Salaam, en juillet dernier.\n<\/p>\n<p >\n<p >\nFK\/NI\/GF\n<\/p>\n<p>\n&copy; Agence Hirondelle<\/p>\n","protected":false},"excerpt":{"rendered":"<p>Arusha, 2 septembre 2010 (FH) - La poursuite ne fera pas appel de la condamnation &agrave; 25 ans de prison prononc&eacute;e en ao&ucirc;t par le Tribunal p&eacute;nal international pour le Rwanda (TPIR) &agrave; l'encontre de l'ancien gouverneur adjoint Dominique Ntawukulilyayo, reconnu coupable de g&eacute;nocide.<\/p>\n","protected":false},"author":64,"featured_media":0,"comment_status":"open","ping_status":"closed","sticky":false,"template":"","format":"standard","meta":{"_acf_changed":false,"footnotes":""},"categories":[554],"tags":[],"ji_location":[],"class_list":["post-12358","post","type-post","status-publish","format-standard","hentry","category-hirondellenews"],"acf":[],"yoast_head":"<!-- This site is optimized with the Yoast SEO Premium plugin v25.3.1 (Yoast SEO v25.3.1) - https:\/\/yoast.com\/wordpress\/plugins\/seo\/ -->\n<title>02.09.10 - TPIR\/NTAWUKULILYAYO - LE PROCUREUR RENONCE A FAIRE APPEL DE LA CONDAMNATION - JusticeInfo.net<\/title>\n<meta name=\"robots\" content=\"index, follow, max-snippet:-1, max-image-preview:large, max-video-preview:-1\" \/>\n<link rel=\"canonical\" href=\"https:\/\/www.justiceinfo.net\/fr\/12358-020910-tpirntawukulilyayo-le-procureur-renonce-a-faire-appel-de-la-condamnation9166.html\" \/>\n<meta property=\"og:locale\" content=\"fr_FR\" \/>\n<meta property=\"og:type\" content=\"article\" \/>\n<meta property=\"og:title\" content=\"02.09.10 - TPIR\/NTAWUKULILYAYO - LE PROCUREUR RENONCE A FAIRE APPEL DE LA CONDAMNATION\" \/>\n<meta property=\"og:description\" content=\"Arusha, 2 septembre 2010 (FH) - La poursuite ne fera pas appel de la condamnation &agrave; 25 ans de prison prononc&eacute;e en ao&ucirc;t par le Tribunal p&eacute;nal international pour le Rwanda (TPIR) &agrave; l&#039;encontre de l&#039;ancien gouverneur adjoint Dominique Ntawukulilyayo, reconnu coupable de g&eacute;nocide.\" \/>\n<meta property=\"og:url\" content=\"https:\/\/www.justiceinfo.net\/fr\/12358-020910-tpirntawukulilyayo-le-procureur-renonce-a-faire-appel-de-la-condamnation9166.html\" \/>\n<meta property=\"og:site_name\" content=\"JusticeInfo.net\" \/>\n<meta property=\"article:publisher\" content=\"https:\/\/www.facebook.com\/JusticeInfo\/\" \/>\n<meta property=\"article:published_time\" content=\"2010-09-01T22:00:00+00:00\" \/>\n<meta property=\"og:image\" content=\"https:\/\/www.justiceinfo.net\/wp-content\/uploads\/JusticeInfoNet_logo_1200x630px.jpg\" \/>\n\t<meta property=\"og:image:width\" content=\"1200\" \/>\n\t<meta property=\"og:image:height\" content=\"630\" \/>\n\t<meta property=\"og:image:type\" content=\"image\/jpeg\" \/>\n<meta name=\"author\" content=\"solivri\" \/>\n<meta name=\"twitter:card\" content=\"summary_large_image\" \/>\n<meta name=\"twitter:creator\" content=\"@justiceinfonet\" \/>\n<meta name=\"twitter:site\" content=\"@justiceinfonet\" \/>\n<meta name=\"twitter:label1\" content=\"\u00c9crit par\" \/>\n\t<meta name=\"twitter:data1\" content=\"solivri\" \/>\n\t<meta name=\"twitter:label2\" content=\"Dur\u00e9e de lecture estim\u00e9e\" \/>\n\t<meta name=\"twitter:data2\" content=\"1 minute\" \/>\n<script type=\"application\/ld+json\" class=\"yoast-schema-graph\">{\"@context\":\"https:\/\/schema.org\",\"@graph\":[{\"@type\":\"NewsArticle\",\"@id\":\"https:\/\/www.justiceinfo.net\/fr\/12358-020910-tpirntawukulilyayo-le-procureur-renonce-a-faire-appel-de-la-condamnation9166.html#article\",\"isPartOf\":{\"@id\":\"https:\/\/www.justiceinfo.net\/fr\/12358-020910-tpirntawukulilyayo-le-procureur-renonce-a-faire-appel-de-la-condamnation9166.html\"},\"author\":{\"name\":\"solivri\",\"@id\":\"https:\/\/www.justiceinfo.net\/fr#\/schema\/person\/6e53cba1629e2e66f3fc1821d3091865\"},\"headline\":\"02.09.10 - TPIR\/NTAWUKULILYAYO - LE PROCUREUR RENONCE A FAIRE APPEL DE LA CONDAMNATION\",\"datePublished\":\"2010-09-01T22:00:00+00:00\",\"mainEntityOfPage\":{\"@id\":\"https:\/\/www.justiceinfo.net\/fr\/12358-020910-tpirntawukulilyayo-le-procureur-renonce-a-faire-appel-de-la-condamnation9166.html\"},\"wordCount\":318,\"commentCount\":0,\"publisher\":{\"@id\":\"https:\/\/www.justiceinfo.net\/fr#organization\"},\"articleSection\":[\"Hirondelle News\"],\"inLanguage\":\"fr-FR\",\"potentialAction\":[{\"@type\":\"CommentAction\",\"name\":\"Comment\",\"target\":[\"https:\/\/www.justiceinfo.net\/fr\/12358-020910-tpirntawukulilyayo-le-procureur-renonce-a-faire-appel-de-la-condamnation9166.html#respond\"]}]},{\"@type\":\"WebPage\",\"@id\":\"https:\/\/www.justiceinfo.net\/fr\/12358-020910-tpirntawukulilyayo-le-procureur-renonce-a-faire-appel-de-la-condamnation9166.html\",\"url\":\"https:\/\/www.justiceinfo.net\/fr\/12358-020910-tpirntawukulilyayo-le-procureur-renonce-a-faire-appel-de-la-condamnation9166.html\",\"name\":\"02.09.10 - TPIR\/NTAWUKULILYAYO - LE PROCUREUR RENONCE A FAIRE APPEL DE LA CONDAMNATION - JusticeInfo.net\",\"isPartOf\":{\"@id\":\"https:\/\/www.justiceinfo.net\/fr#website\"},\"datePublished\":\"2010-09-01T22:00:00+00:00\",\"breadcrumb\":{\"@id\":\"https:\/\/www.justiceinfo.net\/fr\/12358-020910-tpirntawukulilyayo-le-procureur-renonce-a-faire-appel-de-la-condamnation9166.html#breadcrumb\"},\"inLanguage\":\"fr-FR\",\"potentialAction\":[{\"@type\":\"ReadAction\",\"target\":[\"https:\/\/www.justiceinfo.net\/fr\/12358-020910-tpirntawukulilyayo-le-procureur-renonce-a-faire-appel-de-la-condamnation9166.html\"]}]},{\"@type\":\"BreadcrumbList\",\"@id\":\"https:\/\/www.justiceinfo.net\/fr\/12358-020910-tpirntawukulilyayo-le-procureur-renonce-a-faire-appel-de-la-condamnation9166.html#breadcrumb\",\"itemListElement\":[{\"@type\":\"ListItem\",\"position\":1,\"name\":\"Home\",\"item\":\"https:\/\/www.justiceinfo.net\/fr\"},{\"@type\":\"ListItem\",\"position\":2,\"name\":\"02.09.10 - TPIR\/NTAWUKULILYAYO - LE PROCUREUR RENONCE A FAIRE APPEL DE LA CONDAMNATION\"}]},{\"@type\":\"WebSite\",\"@id\":\"https:\/\/www.justiceinfo.net\/fr#website\",\"url\":\"https:\/\/www.justiceinfo.net\/fr\",\"name\":\"JusticeInfo.net\",\"description\":\"La justice doit \u00eatre vue pour \u00eatre rendue\",\"publisher\":{\"@id\":\"https:\/\/www.justiceinfo.net\/fr#organization\"},\"potentialAction\":[{\"@type\":\"SearchAction\",\"target\":{\"@type\":\"EntryPoint\",\"urlTemplate\":\"https:\/\/www.justiceinfo.net\/fr?s={search_term_string}\"},\"query-input\":{\"@type\":\"PropertyValueSpecification\",\"valueRequired\":true,\"valueName\":\"search_term_string\"}}],\"inLanguage\":\"fr-FR\"},{\"@type\":\"Organization\",\"@id\":\"https:\/\/www.justiceinfo.net\/fr#organization\",\"name\":\"Justice Info\",\"url\":\"https:\/\/www.justiceinfo.net\/fr\",\"logo\":{\"@type\":\"ImageObject\",\"inLanguage\":\"fr-FR\",\"@id\":\"https:\/\/www.justiceinfo.net\/fr#\/schema\/logo\/image\/\",\"url\":\"https:\/\/www.justiceinfo.net\/wp-content\/uploads\/justiceinfo_logo-trans_1200x1200px.png\",\"contentUrl\":\"https:\/\/www.justiceinfo.net\/wp-content\/uploads\/justiceinfo_logo-trans_1200x1200px.png\",\"width\":1199,\"height\":1200,\"caption\":\"Justice Info\"},\"image\":{\"@id\":\"https:\/\/www.justiceinfo.net\/fr#\/schema\/logo\/image\/\"},\"sameAs\":[\"https:\/\/www.facebook.com\/JusticeInfo\/\",\"https:\/\/x.com\/justiceinfonet\",\"https:\/\/www.linkedin.com\/company\/justice-info\",\"https:\/\/www.youtube.com\/channel\/UCyCEsARodyuWtkWyhn-e7pA\"]},{\"@type\":\"Person\",\"name\":\"solivri\",\"url\":\"\/fr\/?s=solivri\"}]}<\/script>\n<!-- \/ Yoast SEO Premium plugin. -->","yoast_head_json":{"title":"02.09.10 - TPIR\/NTAWUKULILYAYO - LE PROCUREUR RENONCE A FAIRE APPEL DE LA CONDAMNATION - JusticeInfo.net","robots":{"index":"index","follow":"follow","max-snippet":"max-snippet:-1","max-image-preview":"max-image-preview:large","max-video-preview":"max-video-preview:-1"},"canonical":"https:\/\/www.justiceinfo.net\/fr\/12358-020910-tpirntawukulilyayo-le-procureur-renonce-a-faire-appel-de-la-condamnation9166.html","og_locale":"fr_FR","og_type":"article","og_title":"02.09.10 - TPIR\/NTAWUKULILYAYO - LE PROCUREUR RENONCE A FAIRE APPEL DE LA CONDAMNATION","og_description":"Arusha, 2 septembre 2010 (FH) - La poursuite ne fera pas appel de la condamnation &agrave; 25 ans de prison prononc&eacute;e en ao&ucirc;t par le Tribunal p&eacute;nal international pour le Rwanda (TPIR) &agrave; l'encontre de l'ancien gouverneur adjoint Dominique Ntawukulilyayo, reconnu coupable de g&eacute;nocide.","og_url":"https:\/\/www.justiceinfo.net\/fr\/12358-020910-tpirntawukulilyayo-le-procureur-renonce-a-faire-appel-de-la-condamnation9166.html","og_site_name":"JusticeInfo.net","article_publisher":"https:\/\/www.facebook.com\/JusticeInfo\/","article_published_time":"2010-09-01T22:00:00+00:00","og_image":[{"width":1200,"height":630,"url":"https:\/\/www.justiceinfo.net\/wp-content\/uploads\/JusticeInfoNet_logo_1200x630px.jpg","type":"image\/jpeg"}],"author":"solivri","twitter_card":"summary_large_image","twitter_creator":"@justiceinfonet","twitter_site":"@justiceinfonet","twitter_misc":{"\u00c9crit par":"solivri","Dur\u00e9e de lecture estim\u00e9e":"1 minute"},"schema":{"@context":"https:\/\/schema.org","@graph":[{"@type":"NewsArticle","@id":"https:\/\/www.justiceinfo.net\/fr\/12358-020910-tpirntawukulilyayo-le-procureur-renonce-a-faire-appel-de-la-condamnation9166.html#article","isPartOf":{"@id":"https:\/\/www.justiceinfo.net\/fr\/12358-020910-tpirntawukulilyayo-le-procureur-renonce-a-faire-appel-de-la-condamnation9166.html"},"author":{"name":"solivri","@id":"https:\/\/www.justiceinfo.net\/fr#\/schema\/person\/6e53cba1629e2e66f3fc1821d3091865"},"headline":"02.09.10 - TPIR\/NTAWUKULILYAYO - LE PROCUREUR RENONCE A FAIRE APPEL DE LA CONDAMNATION","datePublished":"2010-09-01T22:00:00+00:00","mainEntityOfPage":{"@id":"https:\/\/www.justiceinfo.net\/fr\/12358-020910-tpirntawukulilyayo-le-procureur-renonce-a-faire-appel-de-la-condamnation9166.html"},"wordCount":318,"commentCount":0,"publisher":{"@id":"https:\/\/www.justiceinfo.net\/fr#organization"},"articleSection":["Hirondelle News"],"inLanguage":"fr-FR","potentialAction":[{"@type":"CommentAction","name":"Comment","target":["https:\/\/www.justiceinfo.net\/fr\/12358-020910-tpirntawukulilyayo-le-procureur-renonce-a-faire-appel-de-la-condamnation9166.html#respond"]}]},{"@type":"WebPage","@id":"https:\/\/www.justiceinfo.net\/fr\/12358-020910-tpirntawukulilyayo-le-procureur-renonce-a-faire-appel-de-la-condamnation9166.html","url":"https:\/\/www.justiceinfo.net\/fr\/12358-020910-tpirntawukulilyayo-le-procureur-renonce-a-faire-appel-de-la-condamnation9166.html","name":"02.09.10 - TPIR\/NTAWUKULILYAYO - LE PROCUREUR RENONCE A FAIRE APPEL DE LA CONDAMNATION - JusticeInfo.net","isPartOf":{"@id":"https:\/\/www.justiceinfo.net\/fr#website"},"datePublished":"2010-09-01T22:00:00+00:00","breadcrumb":{"@id":"https:\/\/www.justiceinfo.net\/fr\/12358-020910-tpirntawukulilyayo-le-procureur-renonce-a-faire-appel-de-la-condamnation9166.html#breadcrumb"},"inLanguage":"fr-FR","potentialAction":[{"@type":"ReadAction","target":["https:\/\/www.justiceinfo.net\/fr\/12358-020910-tpirntawukulilyayo-le-procureur-renonce-a-faire-appel-de-la-condamnation9166.html"]}]},{"@type":"BreadcrumbList","@id":"https:\/\/www.justiceinfo.net\/fr\/12358-020910-tpirntawukulilyayo-le-procureur-renonce-a-faire-appel-de-la-condamnation9166.html#breadcrumb","itemListElement":[{"@type":"ListItem","position":1,"name":"Home","item":"https:\/\/www.justiceinfo.net\/fr"},{"@type":"ListItem","position":2,"name":"02.09.10 - TPIR\/NTAWUKULILYAYO - LE PROCUREUR RENONCE A FAIRE APPEL DE LA CONDAMNATION"}]},{"@type":"WebSite","@id":"https:\/\/www.justiceinfo.net\/fr#website","url":"https:\/\/www.justiceinfo.net\/fr","name":"JusticeInfo.net","description":"La justice doit \u00eatre vue pour \u00eatre rendue","publisher":{"@id":"https:\/\/www.justiceinfo.net\/fr#organization"},"potentialAction":[{"@type":"SearchAction","target":{"@type":"EntryPoint","urlTemplate":"https:\/\/www.justiceinfo.net\/fr?s={search_term_string}"},"query-input":{"@type":"PropertyValueSpecification","valueRequired":true,"valueName":"search_term_string"}}],"inLanguage":"fr-FR"},{"@type":"Organization","@id":"https:\/\/www.justiceinfo.net\/fr#organization","name":"Justice Info","url":"https:\/\/www.justiceinfo.net\/fr","logo":{"@type":"ImageObject","inLanguage":"fr-FR","@id":"https:\/\/www.justiceinfo.net\/fr#\/schema\/logo\/image\/","url":"https:\/\/www.justiceinfo.net\/wp-content\/uploads\/justiceinfo_logo-trans_1200x1200px.png","contentUrl":"https:\/\/www.justiceinfo.net\/wp-content\/uploads\/justiceinfo_logo-trans_1200x1200px.png","width":1199,"height":1200,"caption":"Justice Info"},"image":{"@id":"https:\/\/www.justiceinfo.net\/fr#\/schema\/logo\/image\/"},"sameAs":["https:\/\/www.facebook.com\/JusticeInfo\/","https:\/\/x.com\/justiceinfonet","https:\/\/www.linkedin.com\/company\/justice-info","https:\/\/www.youtube.com\/channel\/UCyCEsARodyuWtkWyhn-e7pA"]},{"@type":"Person","name":"solivri","url":"\/fr\/?s=solivri"}]}},"_links":{"self":[{"href":"https:\/\/www.justiceinfo.net\/fr\/wp-json\/wp\/v2\/posts\/12358","targetHints":{"allow":["GET"]}}],"collection":[{"href":"https:\/\/www.justiceinfo.net\/fr\/wp-json\/wp\/v2\/posts"}],"about":[{"href":"https:\/\/www.justiceinfo.net\/fr\/wp-json\/wp\/v2\/types\/post"}],"author":[{"embeddable":true,"href":"https:\/\/www.justiceinfo.net\/fr\/wp-json\/wp\/v2\/users\/64"}],"replies":[{"embeddable":true,"href":"https:\/\/www.justiceinfo.net\/fr\/wp-json\/wp\/v2\/comments?post=12358"}],"version-history":[{"count":0,"href":"https:\/\/www.justiceinfo.net\/fr\/wp-json\/wp\/v2\/posts\/12358\/revisions"}],"wp:attachment":[{"href":"https:\/\/www.justiceinfo.net\/fr\/wp-json\/wp\/v2\/media?parent=12358"}],"wp:term":[{"taxonomy":"category","embeddable":true,"href":"https:\/\/www.justiceinfo.net\/fr\/wp-json\/wp\/v2\/categories?post=12358"},{"taxonomy":"post_tag","embeddable":true,"href":"https:\/\/www.justiceinfo.net\/fr\/wp-json\/wp\/v2\/tags?post=12358"},{"taxonomy":"ji_location","embeddable":true,"href":"https:\/\/www.justiceinfo.net\/fr\/wp-json\/wp\/v2\/ji_location?post=12358"}],"curies":[{"name":"wp","href":"https:\/\/api.w.org\/{rel}","templated":true}]}}