{"id":12399,"date":"2010-09-22T00:00:00","date_gmt":"2010-09-21T22:00:00","guid":{"rendered":"https:\/\/www.justiceinfo.net\/12399-220910-tpirmil-i-bagosora-demande-laudition-dun-ex-ministre-de-la-defense-du-regime-actuel9207.html"},"modified":"2010-09-22T00:00:00","modified_gmt":"2010-09-21T22:00:00","slug":"220910-tpirmil-i-bagosora-demande-laudition-dun-ex-ministre-de-la-defense-du-regime-actuel9207","status":"publish","type":"post","link":"https:\/\/www.justiceinfo.net\/fr\/12399-220910-tpirmil-i-bagosora-demande-laudition-dun-ex-ministre-de-la-defense-du-regime-actuel9207.html","title":{"rendered":"22.09.10 - TPIR\/MIL I - BAGOSORA DEMANDE L'AUDITION D'UN EX-MINISTRE DE LA DEFENSE DU REGIME ACTUEL"},"content":{"rendered":"<p>Arusha, 22 septembre 2010 (FH) - Le colonel Th&eacute;oneste Bagosora, condamn&eacute; en premi&egrave;re instance par le Tribunal p&eacute;nal international pour le Rwanda (TPIR), demande &agrave; la chambre d'appel d'ordonner la comparution du g&eacute;n&eacute;ral Marcel Gatsinzi, ancien ministre de la D&eacute;fense sous le r&eacute;gime actuel, a-t-on appris mercredi de source judiciaire. <\/p>\n<p><!--more--><\/p>\n<p >\n<p >\nLe colonel Bagosora, le plus c&eacute;l&egrave;bre des d&eacute;tenus du TPIR, n'a pas r&eacute;ussi &agrave; obtenir, en premi&egrave;re instance, la d&eacute;position du g&eacute;n&eacute;ral Gatsinzi qui fut chef d'&eacute;tat-major int&eacute;rimaire de l'arm&eacute;e rwandaise durant les premiers jours du g&eacute;nocide des Tutsis.\n<\/p>\n<p >\nDirecteur de cabinet au minist&egrave;re de la D&eacute;fense au moment des faits, Bagosora compara&icirc;tra en appel, &agrave; une date encore &agrave; fixer, avec deux autres officiers condamn&eacute;s, comme lui, &agrave; la perp&eacute;tuit&eacute;.\n<\/p>\n<p >\nDans une requ&ecirc;te en anglais consult&eacute;e mercredi sur le site internet du tribunal, le colonel demande &agrave; la chambre d'appel d'ordonner que l'ex-ministre de la D&eacute;fense qui d&eacute;tient actuellement le tout nouveau portefeuille de la Gestion des catastrophes naturelles et des r&eacute;fugi&eacute;s, vienne t&eacute;moigner &laquo; de vive voix au si&egrave;ge du tribunal &agrave; Arusha &raquo;, en Tanzanie.\n<\/p>\n<p >\nLe 18 d&eacute;cembre 2008, le colonel a &eacute;t&eacute; reconnu coupable de g&eacute;nocide, crimes contre l'humanit&eacute; et crimes de guerre. Le colonel, qui avait &eacute;t&eacute; pr&eacute;sent&eacute; par le parquet tout au long du proc&egrave;s comme le &quot;cerveau&quot; du g&eacute;nocide, a &eacute;t&eacute;, en revanche, acquitt&eacute; du chef d' &laquo;entente en vue de commettre le g&eacute;nocide &raquo;.\n<\/p>\n<p >\n<p >\nLes juges de premi&egrave;re instance ont conclu &agrave; sa responsabilit&eacute; dans l'assassinat du Premier ministre de l'&eacute;poque, Agathe Uwilingiyimana, des dix casques bleus belges qui &eacute;taient charg&eacute;s de la prot&eacute;ger, de plusieurs dirigeants politiques et de massacres de Tutsis &agrave; des barrages routiers dans la ville de Kigali et dans sa r&eacute;gion d'origine de Gisenyi (nord), entre la soir&eacute;e du 6 avril et le 9 avril 1994.\n<\/p>\n<p >\n<p >\nSelon le jugement, Bagosora &eacute;tait, en l'absence du ministre de la D&eacute;fense et apr&egrave;s le d&eacute;c&egrave;s du chef d'&eacute;tat-major de l'arm&eacute;e, la plus haute autorit&eacute; militaire du Rwanda au cours de cette p&eacute;riode. Ce que l'appelant a toujours contest&eacute;, affirmant n'avoir jamais exerc&eacute; de contr&ocirc;le, ni de fait, ni de droit, sur l'arm&eacute;e.\n<\/p>\n<p >\n<p >\nA sa demande, la chambre de premi&egrave;re instance avait, lors du proc&egrave;s, ordonn&eacute; le 11 septembre 2006, la comparution du g&eacute;n&eacute;ral Gatsinzi qui fut chef d'&eacute;tat-major int&eacute;rimaire de l'arm&eacute;e rwandaise du 7 au 16 avril 1994.\n<\/p>\n<p >\n<p >\nLe ministre avait alors pos&eacute; des conditions &agrave; sa d&eacute;position : &ecirc;tre entendu comme t&eacute;moin de la chambre et non de Bagosora, ce que la chambre avait refus&eacute;. Gatsinzi avait &eacute;galement demand&eacute; &agrave; d&eacute;poser en vid&eacute;oconf&eacute;rence.\n<\/p>\n<p >\n<p >\nLes choses en sont rest&eacute;es l&agrave; jusqu'&agrave; la fin du proc&egrave;s.\n<\/p>\n<p >\nDans leur m&eacute;moire d'appel d&eacute;pos&eacute; au d&eacute;but de l'ann&eacute;e, les avocats de Bagosora reprochaient &agrave; la chambre de premi&egrave;re instance&nbsp; d'avoir &laquo; c&eacute;d&eacute; &agrave; la volont&eacute; de Gatsinzi qui refusait de venir t&eacute;moigner &raquo;. Selon eux, les premiers juges &laquo; auraient d&ucirc; demander au gouvernement rwandais de coop&eacute;rer avec le tribunal comme le leur permettait le statut (du TPIR) en contraignant Gatsinzi &agrave; venir t&eacute;moigner &raquo;.\n<\/p>\n<p >\n<p >\n&laquo; La chambre a priv&eacute; la d&eacute;fense du colonel Bagosora d'un moyen de d&eacute;fense fondamental &raquo;, concluaient les d&eacute;fenseurs.\n<\/p>\n<p >\n<p >\nL'ex-directeur de cabinet a comparu en premi&egrave;re instance avec l'ancien chef des op&eacute;rations militaires &agrave; l'&eacute;tat-major de l'arm&eacute;e, le g&eacute;n&eacute;ral Gratien Kabiligi, l'ancien commandant du secteur op&eacute;rationnel de Gisenyi (nord), le lieutenant-colonel Anatole Nsengiyumva et l'ancien commandant du bataillon paracommando, le major Aloys Ntabakuze.\n<\/p>\n<p >\n<p >\nEgalement condamn&eacute;s &agrave; la perp&eacute;tuit&eacute;, Nsengiyumva et Ntabakuze seront jug&eacute;s avec Bagosora en appel.\n<\/p>\n<p >\n<p >\nQuant &agrave; Kabiligi, il a &eacute;t&eacute; acquitt&eacute;, faute de preuve, et le procureur n'a pas jug&eacute; utile de faire appel.\n<\/p>\n<p >\n<p >\nER\/GF\n<\/p>\n<p >\n<p>\n&copy; Agence Hirondelle<\/p>\n","protected":false},"excerpt":{"rendered":"<p>Arusha, 22 septembre 2010 (FH) - Le colonel Th&eacute;oneste Bagosora, condamn&eacute; en premi&egrave;re instance par le Tribunal p&eacute;nal international pour le Rwanda (TPIR), demande &agrave; la chambre d'appel d'ordonner la comparution du g&eacute;n&eacute;ral Marcel Gatsinzi, ancien ministre de la D&eacute;fense sous le r&eacute;gime actuel, a-t-on appris mercredi de source judiciaire.<\/p>\n","protected":false},"author":64,"featured_media":0,"comment_status":"open","ping_status":"closed","sticky":false,"template":"","format":"standard","meta":{"_acf_changed":false,"footnotes":""},"categories":[554],"tags":[],"ji_location":[],"class_list":["post-12399","post","type-post","status-publish","format-standard","hentry","category-hirondellenews"],"acf":[],"yoast_head":"<!-- This site is optimized with the Yoast SEO Premium plugin v25.3.1 (Yoast SEO v25.3.1) - https:\/\/yoast.com\/wordpress\/plugins\/seo\/ -->\n<title>22.09.10 - TPIR\/MIL I - BAGOSORA DEMANDE L&#039;AUDITION D&#039;UN EX-MINISTRE DE LA DEFENSE DU REGIME ACTUEL - JusticeInfo.net<\/title>\n<meta name=\"robots\" content=\"index, follow, max-snippet:-1, max-image-preview:large, max-video-preview:-1\" \/>\n<link rel=\"canonical\" href=\"https:\/\/www.justiceinfo.net\/fr\/12399-220910-tpirmil-i-bagosora-demande-laudition-dun-ex-ministre-de-la-defense-du-regime-actuel9207.html\" \/>\n<meta property=\"og:locale\" content=\"fr_FR\" \/>\n<meta property=\"og:type\" content=\"article\" \/>\n<meta property=\"og:title\" content=\"22.09.10 - TPIR\/MIL I - BAGOSORA DEMANDE L&#039;AUDITION D&#039;UN EX-MINISTRE DE LA DEFENSE DU REGIME ACTUEL\" \/>\n<meta property=\"og:description\" content=\"Arusha, 22 septembre 2010 (FH) - Le colonel Th&eacute;oneste Bagosora, condamn&eacute; en premi&egrave;re instance par le Tribunal p&eacute;nal international pour le Rwanda (TPIR), demande &agrave; la chambre d&#039;appel d&#039;ordonner la comparution du g&eacute;n&eacute;ral Marcel Gatsinzi, ancien ministre de la D&eacute;fense sous le r&eacute;gime actuel, a-t-on appris mercredi de source judiciaire.\" \/>\n<meta property=\"og:url\" content=\"https:\/\/www.justiceinfo.net\/fr\/12399-220910-tpirmil-i-bagosora-demande-laudition-dun-ex-ministre-de-la-defense-du-regime-actuel9207.html\" \/>\n<meta property=\"og:site_name\" content=\"JusticeInfo.net\" \/>\n<meta property=\"article:publisher\" content=\"https:\/\/www.facebook.com\/JusticeInfo\/\" \/>\n<meta property=\"article:published_time\" content=\"2010-09-21T22:00:00+00:00\" \/>\n<meta property=\"og:image\" content=\"https:\/\/www.justiceinfo.net\/wp-content\/uploads\/JusticeInfoNet_logo_1200x630px.jpg\" \/>\n\t<meta property=\"og:image:width\" content=\"1200\" \/>\n\t<meta property=\"og:image:height\" content=\"630\" \/>\n\t<meta property=\"og:image:type\" content=\"image\/jpeg\" \/>\n<meta name=\"author\" content=\"solivri\" \/>\n<meta name=\"twitter:card\" content=\"summary_large_image\" \/>\n<meta name=\"twitter:creator\" content=\"@justiceinfonet\" \/>\n<meta name=\"twitter:site\" content=\"@justiceinfonet\" \/>\n<meta name=\"twitter:label1\" content=\"\u00c9crit par\" \/>\n\t<meta name=\"twitter:data1\" content=\"solivri\" \/>\n\t<meta name=\"twitter:label2\" content=\"Dur\u00e9e de lecture estim\u00e9e\" \/>\n\t<meta name=\"twitter:data2\" content=\"4 minutes\" \/>\n<script type=\"application\/ld+json\" class=\"yoast-schema-graph\">{\"@context\":\"https:\/\/schema.org\",\"@graph\":[{\"@type\":\"NewsArticle\",\"@id\":\"https:\/\/www.justiceinfo.net\/fr\/12399-220910-tpirmil-i-bagosora-demande-laudition-dun-ex-ministre-de-la-defense-du-regime-actuel9207.html#article\",\"isPartOf\":{\"@id\":\"https:\/\/www.justiceinfo.net\/fr\/12399-220910-tpirmil-i-bagosora-demande-laudition-dun-ex-ministre-de-la-defense-du-regime-actuel9207.html\"},\"author\":{\"name\":\"solivri\",\"@id\":\"https:\/\/www.justiceinfo.net\/fr#\/schema\/person\/6e53cba1629e2e66f3fc1821d3091865\"},\"headline\":\"22.09.10 - TPIR\/MIL I - BAGOSORA DEMANDE L'AUDITION D'UN EX-MINISTRE DE LA DEFENSE DU REGIME ACTUEL\",\"datePublished\":\"2010-09-21T22:00:00+00:00\",\"mainEntityOfPage\":{\"@id\":\"https:\/\/www.justiceinfo.net\/fr\/12399-220910-tpirmil-i-bagosora-demande-laudition-dun-ex-ministre-de-la-defense-du-regime-actuel9207.html\"},\"wordCount\":851,\"commentCount\":0,\"publisher\":{\"@id\":\"https:\/\/www.justiceinfo.net\/fr#organization\"},\"articleSection\":[\"Hirondelle News\"],\"inLanguage\":\"fr-FR\",\"potentialAction\":[{\"@type\":\"CommentAction\",\"name\":\"Comment\",\"target\":[\"https:\/\/www.justiceinfo.net\/fr\/12399-220910-tpirmil-i-bagosora-demande-laudition-dun-ex-ministre-de-la-defense-du-regime-actuel9207.html#respond\"]}]},{\"@type\":\"WebPage\",\"@id\":\"https:\/\/www.justiceinfo.net\/fr\/12399-220910-tpirmil-i-bagosora-demande-laudition-dun-ex-ministre-de-la-defense-du-regime-actuel9207.html\",\"url\":\"https:\/\/www.justiceinfo.net\/fr\/12399-220910-tpirmil-i-bagosora-demande-laudition-dun-ex-ministre-de-la-defense-du-regime-actuel9207.html\",\"name\":\"22.09.10 - TPIR\/MIL I - BAGOSORA DEMANDE L'AUDITION D'UN EX-MINISTRE DE LA DEFENSE DU REGIME ACTUEL - JusticeInfo.net\",\"isPartOf\":{\"@id\":\"https:\/\/www.justiceinfo.net\/fr#website\"},\"datePublished\":\"2010-09-21T22:00:00+00:00\",\"breadcrumb\":{\"@id\":\"https:\/\/www.justiceinfo.net\/fr\/12399-220910-tpirmil-i-bagosora-demande-laudition-dun-ex-ministre-de-la-defense-du-regime-actuel9207.html#breadcrumb\"},\"inLanguage\":\"fr-FR\",\"potentialAction\":[{\"@type\":\"ReadAction\",\"target\":[\"https:\/\/www.justiceinfo.net\/fr\/12399-220910-tpirmil-i-bagosora-demande-laudition-dun-ex-ministre-de-la-defense-du-regime-actuel9207.html\"]}]},{\"@type\":\"BreadcrumbList\",\"@id\":\"https:\/\/www.justiceinfo.net\/fr\/12399-220910-tpirmil-i-bagosora-demande-laudition-dun-ex-ministre-de-la-defense-du-regime-actuel9207.html#breadcrumb\",\"itemListElement\":[{\"@type\":\"ListItem\",\"position\":1,\"name\":\"Home\",\"item\":\"https:\/\/www.justiceinfo.net\/fr\"},{\"@type\":\"ListItem\",\"position\":2,\"name\":\"22.09.10 - TPIR\/MIL I - BAGOSORA DEMANDE L'AUDITION D'UN EX-MINISTRE DE LA DEFENSE DU REGIME ACTUEL\"}]},{\"@type\":\"WebSite\",\"@id\":\"https:\/\/www.justiceinfo.net\/fr#website\",\"url\":\"https:\/\/www.justiceinfo.net\/fr\",\"name\":\"JusticeInfo.net\",\"description\":\"La justice doit \u00eatre vue pour \u00eatre rendue\",\"publisher\":{\"@id\":\"https:\/\/www.justiceinfo.net\/fr#organization\"},\"potentialAction\":[{\"@type\":\"SearchAction\",\"target\":{\"@type\":\"EntryPoint\",\"urlTemplate\":\"https:\/\/www.justiceinfo.net\/fr?s={search_term_string}\"},\"query-input\":{\"@type\":\"PropertyValueSpecification\",\"valueRequired\":true,\"valueName\":\"search_term_string\"}}],\"inLanguage\":\"fr-FR\"},{\"@type\":\"Organization\",\"@id\":\"https:\/\/www.justiceinfo.net\/fr#organization\",\"name\":\"Justice Info\",\"url\":\"https:\/\/www.justiceinfo.net\/fr\",\"logo\":{\"@type\":\"ImageObject\",\"inLanguage\":\"fr-FR\",\"@id\":\"https:\/\/www.justiceinfo.net\/fr#\/schema\/logo\/image\/\",\"url\":\"https:\/\/www.justiceinfo.net\/wp-content\/uploads\/justiceinfo_logo-trans_1200x1200px.png\",\"contentUrl\":\"https:\/\/www.justiceinfo.net\/wp-content\/uploads\/justiceinfo_logo-trans_1200x1200px.png\",\"width\":1199,\"height\":1200,\"caption\":\"Justice Info\"},\"image\":{\"@id\":\"https:\/\/www.justiceinfo.net\/fr#\/schema\/logo\/image\/\"},\"sameAs\":[\"https:\/\/www.facebook.com\/JusticeInfo\/\",\"https:\/\/x.com\/justiceinfonet\",\"https:\/\/www.linkedin.com\/company\/justice-info\",\"https:\/\/www.youtube.com\/channel\/UCyCEsARodyuWtkWyhn-e7pA\"]},{\"@type\":\"Person\",\"name\":\"solivri\",\"url\":\"\/fr\/?s=solivri\"}]}<\/script>\n<!-- \/ Yoast SEO Premium plugin. -->","yoast_head_json":{"title":"22.09.10 - TPIR\/MIL I - BAGOSORA DEMANDE L'AUDITION D'UN EX-MINISTRE DE LA DEFENSE DU REGIME ACTUEL - JusticeInfo.net","robots":{"index":"index","follow":"follow","max-snippet":"max-snippet:-1","max-image-preview":"max-image-preview:large","max-video-preview":"max-video-preview:-1"},"canonical":"https:\/\/www.justiceinfo.net\/fr\/12399-220910-tpirmil-i-bagosora-demande-laudition-dun-ex-ministre-de-la-defense-du-regime-actuel9207.html","og_locale":"fr_FR","og_type":"article","og_title":"22.09.10 - TPIR\/MIL I - BAGOSORA DEMANDE L'AUDITION D'UN EX-MINISTRE DE LA DEFENSE DU REGIME ACTUEL","og_description":"Arusha, 22 septembre 2010 (FH) - Le colonel Th&eacute;oneste Bagosora, condamn&eacute; en premi&egrave;re instance par le Tribunal p&eacute;nal international pour le Rwanda (TPIR), demande &agrave; la chambre d'appel d'ordonner la comparution du g&eacute;n&eacute;ral Marcel Gatsinzi, ancien ministre de la D&eacute;fense sous le r&eacute;gime actuel, a-t-on appris mercredi de source judiciaire.","og_url":"https:\/\/www.justiceinfo.net\/fr\/12399-220910-tpirmil-i-bagosora-demande-laudition-dun-ex-ministre-de-la-defense-du-regime-actuel9207.html","og_site_name":"JusticeInfo.net","article_publisher":"https:\/\/www.facebook.com\/JusticeInfo\/","article_published_time":"2010-09-21T22:00:00+00:00","og_image":[{"width":1200,"height":630,"url":"https:\/\/www.justiceinfo.net\/wp-content\/uploads\/JusticeInfoNet_logo_1200x630px.jpg","type":"image\/jpeg"}],"author":"solivri","twitter_card":"summary_large_image","twitter_creator":"@justiceinfonet","twitter_site":"@justiceinfonet","twitter_misc":{"\u00c9crit par":"solivri","Dur\u00e9e de lecture estim\u00e9e":"4 minutes"},"schema":{"@context":"https:\/\/schema.org","@graph":[{"@type":"NewsArticle","@id":"https:\/\/www.justiceinfo.net\/fr\/12399-220910-tpirmil-i-bagosora-demande-laudition-dun-ex-ministre-de-la-defense-du-regime-actuel9207.html#article","isPartOf":{"@id":"https:\/\/www.justiceinfo.net\/fr\/12399-220910-tpirmil-i-bagosora-demande-laudition-dun-ex-ministre-de-la-defense-du-regime-actuel9207.html"},"author":{"name":"solivri","@id":"https:\/\/www.justiceinfo.net\/fr#\/schema\/person\/6e53cba1629e2e66f3fc1821d3091865"},"headline":"22.09.10 - TPIR\/MIL I - BAGOSORA DEMANDE L'AUDITION D'UN EX-MINISTRE DE LA DEFENSE DU REGIME ACTUEL","datePublished":"2010-09-21T22:00:00+00:00","mainEntityOfPage":{"@id":"https:\/\/www.justiceinfo.net\/fr\/12399-220910-tpirmil-i-bagosora-demande-laudition-dun-ex-ministre-de-la-defense-du-regime-actuel9207.html"},"wordCount":851,"commentCount":0,"publisher":{"@id":"https:\/\/www.justiceinfo.net\/fr#organization"},"articleSection":["Hirondelle News"],"inLanguage":"fr-FR","potentialAction":[{"@type":"CommentAction","name":"Comment","target":["https:\/\/www.justiceinfo.net\/fr\/12399-220910-tpirmil-i-bagosora-demande-laudition-dun-ex-ministre-de-la-defense-du-regime-actuel9207.html#respond"]}]},{"@type":"WebPage","@id":"https:\/\/www.justiceinfo.net\/fr\/12399-220910-tpirmil-i-bagosora-demande-laudition-dun-ex-ministre-de-la-defense-du-regime-actuel9207.html","url":"https:\/\/www.justiceinfo.net\/fr\/12399-220910-tpirmil-i-bagosora-demande-laudition-dun-ex-ministre-de-la-defense-du-regime-actuel9207.html","name":"22.09.10 - TPIR\/MIL I - BAGOSORA DEMANDE L'AUDITION D'UN EX-MINISTRE DE LA DEFENSE DU REGIME ACTUEL - JusticeInfo.net","isPartOf":{"@id":"https:\/\/www.justiceinfo.net\/fr#website"},"datePublished":"2010-09-21T22:00:00+00:00","breadcrumb":{"@id":"https:\/\/www.justiceinfo.net\/fr\/12399-220910-tpirmil-i-bagosora-demande-laudition-dun-ex-ministre-de-la-defense-du-regime-actuel9207.html#breadcrumb"},"inLanguage":"fr-FR","potentialAction":[{"@type":"ReadAction","target":["https:\/\/www.justiceinfo.net\/fr\/12399-220910-tpirmil-i-bagosora-demande-laudition-dun-ex-ministre-de-la-defense-du-regime-actuel9207.html"]}]},{"@type":"BreadcrumbList","@id":"https:\/\/www.justiceinfo.net\/fr\/12399-220910-tpirmil-i-bagosora-demande-laudition-dun-ex-ministre-de-la-defense-du-regime-actuel9207.html#breadcrumb","itemListElement":[{"@type":"ListItem","position":1,"name":"Home","item":"https:\/\/www.justiceinfo.net\/fr"},{"@type":"ListItem","position":2,"name":"22.09.10 - TPIR\/MIL I - BAGOSORA DEMANDE L'AUDITION D'UN EX-MINISTRE DE LA DEFENSE DU REGIME ACTUEL"}]},{"@type":"WebSite","@id":"https:\/\/www.justiceinfo.net\/fr#website","url":"https:\/\/www.justiceinfo.net\/fr","name":"JusticeInfo.net","description":"La justice doit \u00eatre vue pour \u00eatre rendue","publisher":{"@id":"https:\/\/www.justiceinfo.net\/fr#organization"},"potentialAction":[{"@type":"SearchAction","target":{"@type":"EntryPoint","urlTemplate":"https:\/\/www.justiceinfo.net\/fr?s={search_term_string}"},"query-input":{"@type":"PropertyValueSpecification","valueRequired":true,"valueName":"search_term_string"}}],"inLanguage":"fr-FR"},{"@type":"Organization","@id":"https:\/\/www.justiceinfo.net\/fr#organization","name":"Justice Info","url":"https:\/\/www.justiceinfo.net\/fr","logo":{"@type":"ImageObject","inLanguage":"fr-FR","@id":"https:\/\/www.justiceinfo.net\/fr#\/schema\/logo\/image\/","url":"https:\/\/www.justiceinfo.net\/wp-content\/uploads\/justiceinfo_logo-trans_1200x1200px.png","contentUrl":"https:\/\/www.justiceinfo.net\/wp-content\/uploads\/justiceinfo_logo-trans_1200x1200px.png","width":1199,"height":1200,"caption":"Justice Info"},"image":{"@id":"https:\/\/www.justiceinfo.net\/fr#\/schema\/logo\/image\/"},"sameAs":["https:\/\/www.facebook.com\/JusticeInfo\/","https:\/\/x.com\/justiceinfonet","https:\/\/www.linkedin.com\/company\/justice-info","https:\/\/www.youtube.com\/channel\/UCyCEsARodyuWtkWyhn-e7pA"]},{"@type":"Person","name":"solivri","url":"\/fr\/?s=solivri"}]}},"_links":{"self":[{"href":"https:\/\/www.justiceinfo.net\/fr\/wp-json\/wp\/v2\/posts\/12399","targetHints":{"allow":["GET"]}}],"collection":[{"href":"https:\/\/www.justiceinfo.net\/fr\/wp-json\/wp\/v2\/posts"}],"about":[{"href":"https:\/\/www.justiceinfo.net\/fr\/wp-json\/wp\/v2\/types\/post"}],"author":[{"embeddable":true,"href":"https:\/\/www.justiceinfo.net\/fr\/wp-json\/wp\/v2\/users\/64"}],"replies":[{"embeddable":true,"href":"https:\/\/www.justiceinfo.net\/fr\/wp-json\/wp\/v2\/comments?post=12399"}],"version-history":[{"count":0,"href":"https:\/\/www.justiceinfo.net\/fr\/wp-json\/wp\/v2\/posts\/12399\/revisions"}],"wp:attachment":[{"href":"https:\/\/www.justiceinfo.net\/fr\/wp-json\/wp\/v2\/media?parent=12399"}],"wp:term":[{"taxonomy":"category","embeddable":true,"href":"https:\/\/www.justiceinfo.net\/fr\/wp-json\/wp\/v2\/categories?post=12399"},{"taxonomy":"post_tag","embeddable":true,"href":"https:\/\/www.justiceinfo.net\/fr\/wp-json\/wp\/v2\/tags?post=12399"},{"taxonomy":"ji_location","embeddable":true,"href":"https:\/\/www.justiceinfo.net\/fr\/wp-json\/wp\/v2\/ji_location?post=12399"}],"curies":[{"name":"wp","href":"https:\/\/api.w.org\/{rel}","templated":true}]}}