{"id":12418,"date":"2010-10-01T00:00:00","date_gmt":"2010-09-30T22:00:00","guid":{"rendered":"https:\/\/www.justiceinfo.net\/12418-011010-tpirsynthese-hebdomadaire-un-seul-proces-cette-semaine-au-tpir9226.html"},"modified":"2010-10-01T00:00:00","modified_gmt":"2010-09-30T22:00:00","slug":"011010-tpirsynthese-hebdomadaire-un-seul-proces-cette-semaine-au-tpir9226","status":"publish","type":"post","link":"https:\/\/www.justiceinfo.net\/fr\/12418-011010-tpirsynthese-hebdomadaire-un-seul-proces-cette-semaine-au-tpir9226.html","title":{"rendered":"01.10.10 - TPIR\/SYNTHESE HEBDOMADAIRE - UN SEUL PROCES CETTE SEMAINE AU TPIR"},"content":{"rendered":"<p>Kigali, 01 octobre 2010 (FH) -&nbsp; Au cours de la semaine qui s'ach&egrave;ve, le Tribunal p&eacute;nal international pour le Rwanda (TPIR) n'a si&eacute;g&eacute; que dans un proc&egrave;s, celui de deux anciens dirigeants de l'ex-parti pr&eacute;sidentiel, le MRND.<br \/>\n<!--more--><\/p>\n<p >\n<p >\nL'ex-pr&eacute;sident du parti, Mathieu Ngirumpatse, dernier &agrave; pr&eacute;senter sa d&eacute;fense, a cit&eacute; trois t&eacute;moins parmi lesquels un militant des droits de l'homme emprisonn&eacute; au Rwanda o&ugrave; il a &eacute;t&eacute; condamn&eacute; pour g&eacute;nocide.\n<\/p>\n<p >\nFran&ccedil;ois-Xavier Byuma, incarc&eacute;r&eacute; dans une prison de Kigali, &eacute;tait pr&eacute;sident de l'association Turengere abana (Prot&eacute;geons les enfants, en langue rwandaise).\n<\/p>\n<p >\nIl a affirm&eacute; que les responsables civils et militaires ainsi que la population &eacute;taient sur les routes, d'avril &agrave; juillet 1994, fuyant l'avanc&eacute;e des rebelles du Front patriotique rwandais (FPR) actuellement au pouvoir.\n<\/p>\n<p >\nSelon sa d&eacute;position, le gouvernement en place &agrave; l'&eacute;poque n'avait donc pas les moyens d'arr&ecirc;ter le g&eacute;nocide.\n<\/p>\n<p >\nContre interrog&eacute; sur sa part de responsabilit&eacute; dans le g&eacute;nocide, le t&eacute;moin a clam&eacute; son innocence, affirmant avoir &eacute;t&eacute; condamn&eacute; par la justice rwandaise sur la foi de faux t&eacute;moignages.\n<\/p>\n<p >\nConform&eacute;ment au calendrier de la chambre, le proc&egrave;s a &eacute;t&eacute; suspendu jeudi pour reprendre le 18 octobre.\n<\/p>\n<p >\nAccus&eacute;s de crimes de g&eacute;nocide et de crimes contre l'humanit&eacute;, Ngirumpatse et Edouard Karemera, ancien vice-pr&eacute;sident du MRND, r&eacute;pondent essentiellement d'exactions commises en 1994 par des membres de leur parti, en particulier les jeunes.\n<\/p>\n<p >\nLes deux hommes, qui clament leur innocence, r&eacute;torquent que l'accusation n'a pas prouv&eacute; l'existence de liens de subordination entre eux et les auteurs mat&eacute;riels de ces crimes.\n<\/p>\n<p >\nER\/GF\n<\/p>\n<p>\n&nbsp;&copy; Agence Hirondelle<\/p>\n","protected":false},"excerpt":{"rendered":"<p>Kigali, 01 octobre 2010 (FH) -&nbsp; Au cours de la semaine qui s'ach&egrave;ve, le Tribunal p&eacute;nal international pour le Rwanda (TPIR) n'a si&eacute;g&eacute; que dans un proc&egrave;s, celui de deux anciens dirigeants de l'ex-parti pr&eacute;sidentiel, le MRND.<\/p>\n","protected":false},"author":64,"featured_media":0,"comment_status":"open","ping_status":"closed","sticky":false,"template":"","format":"standard","meta":{"_acf_changed":false,"footnotes":""},"categories":[554],"tags":[],"ji_location":[],"class_list":["post-12418","post","type-post","status-publish","format-standard","hentry","category-hirondellenews"],"acf":[],"yoast_head":"<!-- This site is optimized with the Yoast SEO Premium plugin v25.3.1 (Yoast SEO v25.3.1) - https:\/\/yoast.com\/wordpress\/plugins\/seo\/ -->\n<title>01.10.10 - TPIR\/SYNTHESE HEBDOMADAIRE - UN SEUL PROCES CETTE SEMAINE AU TPIR - JusticeInfo.net<\/title>\n<meta name=\"robots\" content=\"index, follow, max-snippet:-1, max-image-preview:large, max-video-preview:-1\" \/>\n<link rel=\"canonical\" href=\"https:\/\/www.justiceinfo.net\/fr\/12418-011010-tpirsynthese-hebdomadaire-un-seul-proces-cette-semaine-au-tpir9226.html\" \/>\n<meta property=\"og:locale\" content=\"fr_FR\" \/>\n<meta property=\"og:type\" content=\"article\" \/>\n<meta property=\"og:title\" content=\"01.10.10 - TPIR\/SYNTHESE HEBDOMADAIRE - UN SEUL PROCES CETTE SEMAINE AU TPIR\" \/>\n<meta property=\"og:description\" content=\"Kigali, 01 octobre 2010 (FH) -&nbsp; Au cours de la semaine qui s&#039;ach&egrave;ve, le Tribunal p&eacute;nal international pour le Rwanda (TPIR) n&#039;a si&eacute;g&eacute; que dans un proc&egrave;s, celui de deux anciens dirigeants de l&#039;ex-parti pr&eacute;sidentiel, le MRND.\" \/>\n<meta property=\"og:url\" content=\"https:\/\/www.justiceinfo.net\/fr\/12418-011010-tpirsynthese-hebdomadaire-un-seul-proces-cette-semaine-au-tpir9226.html\" \/>\n<meta property=\"og:site_name\" content=\"JusticeInfo.net\" \/>\n<meta property=\"article:publisher\" content=\"https:\/\/www.facebook.com\/JusticeInfo\/\" \/>\n<meta property=\"article:published_time\" content=\"2010-09-30T22:00:00+00:00\" \/>\n<meta property=\"og:image\" content=\"https:\/\/www.justiceinfo.net\/wp-content\/uploads\/JusticeInfoNet_logo_1200x630px.jpg\" \/>\n\t<meta property=\"og:image:width\" content=\"1200\" \/>\n\t<meta property=\"og:image:height\" content=\"630\" \/>\n\t<meta property=\"og:image:type\" content=\"image\/jpeg\" \/>\n<meta name=\"author\" content=\"solivri\" \/>\n<meta name=\"twitter:card\" content=\"summary_large_image\" \/>\n<meta name=\"twitter:creator\" content=\"@justiceinfonet\" \/>\n<meta name=\"twitter:site\" content=\"@justiceinfonet\" \/>\n<meta name=\"twitter:label1\" content=\"\u00c9crit par\" \/>\n\t<meta name=\"twitter:data1\" content=\"solivri\" \/>\n\t<meta name=\"twitter:label2\" content=\"Dur\u00e9e de lecture estim\u00e9e\" \/>\n\t<meta name=\"twitter:data2\" content=\"2 minutes\" \/>\n<script type=\"application\/ld+json\" class=\"yoast-schema-graph\">{\"@context\":\"https:\/\/schema.org\",\"@graph\":[{\"@type\":\"NewsArticle\",\"@id\":\"https:\/\/www.justiceinfo.net\/fr\/12418-011010-tpirsynthese-hebdomadaire-un-seul-proces-cette-semaine-au-tpir9226.html#article\",\"isPartOf\":{\"@id\":\"https:\/\/www.justiceinfo.net\/fr\/12418-011010-tpirsynthese-hebdomadaire-un-seul-proces-cette-semaine-au-tpir9226.html\"},\"author\":{\"name\":\"solivri\",\"@id\":\"https:\/\/www.justiceinfo.net\/fr#\/schema\/person\/6e53cba1629e2e66f3fc1821d3091865\"},\"headline\":\"01.10.10 - TPIR\/SYNTHESE HEBDOMADAIRE - UN SEUL PROCES CETTE SEMAINE AU TPIR\",\"datePublished\":\"2010-09-30T22:00:00+00:00\",\"mainEntityOfPage\":{\"@id\":\"https:\/\/www.justiceinfo.net\/fr\/12418-011010-tpirsynthese-hebdomadaire-un-seul-proces-cette-semaine-au-tpir9226.html\"},\"wordCount\":357,\"commentCount\":0,\"publisher\":{\"@id\":\"https:\/\/www.justiceinfo.net\/fr#organization\"},\"articleSection\":[\"Hirondelle News\"],\"inLanguage\":\"fr-FR\",\"potentialAction\":[{\"@type\":\"CommentAction\",\"name\":\"Comment\",\"target\":[\"https:\/\/www.justiceinfo.net\/fr\/12418-011010-tpirsynthese-hebdomadaire-un-seul-proces-cette-semaine-au-tpir9226.html#respond\"]}]},{\"@type\":\"WebPage\",\"@id\":\"https:\/\/www.justiceinfo.net\/fr\/12418-011010-tpirsynthese-hebdomadaire-un-seul-proces-cette-semaine-au-tpir9226.html\",\"url\":\"https:\/\/www.justiceinfo.net\/fr\/12418-011010-tpirsynthese-hebdomadaire-un-seul-proces-cette-semaine-au-tpir9226.html\",\"name\":\"01.10.10 - TPIR\/SYNTHESE HEBDOMADAIRE - UN SEUL PROCES CETTE SEMAINE AU TPIR - JusticeInfo.net\",\"isPartOf\":{\"@id\":\"https:\/\/www.justiceinfo.net\/fr#website\"},\"datePublished\":\"2010-09-30T22:00:00+00:00\",\"breadcrumb\":{\"@id\":\"https:\/\/www.justiceinfo.net\/fr\/12418-011010-tpirsynthese-hebdomadaire-un-seul-proces-cette-semaine-au-tpir9226.html#breadcrumb\"},\"inLanguage\":\"fr-FR\",\"potentialAction\":[{\"@type\":\"ReadAction\",\"target\":[\"https:\/\/www.justiceinfo.net\/fr\/12418-011010-tpirsynthese-hebdomadaire-un-seul-proces-cette-semaine-au-tpir9226.html\"]}]},{\"@type\":\"BreadcrumbList\",\"@id\":\"https:\/\/www.justiceinfo.net\/fr\/12418-011010-tpirsynthese-hebdomadaire-un-seul-proces-cette-semaine-au-tpir9226.html#breadcrumb\",\"itemListElement\":[{\"@type\":\"ListItem\",\"position\":1,\"name\":\"Home\",\"item\":\"https:\/\/www.justiceinfo.net\/fr\"},{\"@type\":\"ListItem\",\"position\":2,\"name\":\"01.10.10 - TPIR\/SYNTHESE HEBDOMADAIRE - UN SEUL PROCES CETTE SEMAINE AU TPIR\"}]},{\"@type\":\"WebSite\",\"@id\":\"https:\/\/www.justiceinfo.net\/fr#website\",\"url\":\"https:\/\/www.justiceinfo.net\/fr\",\"name\":\"JusticeInfo.net\",\"description\":\"La justice doit \u00eatre vue pour \u00eatre rendue\",\"publisher\":{\"@id\":\"https:\/\/www.justiceinfo.net\/fr#organization\"},\"potentialAction\":[{\"@type\":\"SearchAction\",\"target\":{\"@type\":\"EntryPoint\",\"urlTemplate\":\"https:\/\/www.justiceinfo.net\/fr?s={search_term_string}\"},\"query-input\":{\"@type\":\"PropertyValueSpecification\",\"valueRequired\":true,\"valueName\":\"search_term_string\"}}],\"inLanguage\":\"fr-FR\"},{\"@type\":\"Organization\",\"@id\":\"https:\/\/www.justiceinfo.net\/fr#organization\",\"name\":\"Justice Info\",\"url\":\"https:\/\/www.justiceinfo.net\/fr\",\"logo\":{\"@type\":\"ImageObject\",\"inLanguage\":\"fr-FR\",\"@id\":\"https:\/\/www.justiceinfo.net\/fr#\/schema\/logo\/image\/\",\"url\":\"https:\/\/www.justiceinfo.net\/wp-content\/uploads\/justiceinfo_logo-trans_1200x1200px.png\",\"contentUrl\":\"https:\/\/www.justiceinfo.net\/wp-content\/uploads\/justiceinfo_logo-trans_1200x1200px.png\",\"width\":1199,\"height\":1200,\"caption\":\"Justice Info\"},\"image\":{\"@id\":\"https:\/\/www.justiceinfo.net\/fr#\/schema\/logo\/image\/\"},\"sameAs\":[\"https:\/\/www.facebook.com\/JusticeInfo\/\",\"https:\/\/x.com\/justiceinfonet\",\"https:\/\/www.linkedin.com\/company\/justice-info\",\"https:\/\/www.youtube.com\/channel\/UCyCEsARodyuWtkWyhn-e7pA\"]},{\"@type\":\"Person\",\"name\":\"solivri\",\"url\":\"\/fr\/?s=solivri\"}]}<\/script>\n<!-- \/ Yoast SEO Premium plugin. -->","yoast_head_json":{"title":"01.10.10 - TPIR\/SYNTHESE HEBDOMADAIRE - UN SEUL PROCES CETTE SEMAINE AU TPIR - JusticeInfo.net","robots":{"index":"index","follow":"follow","max-snippet":"max-snippet:-1","max-image-preview":"max-image-preview:large","max-video-preview":"max-video-preview:-1"},"canonical":"https:\/\/www.justiceinfo.net\/fr\/12418-011010-tpirsynthese-hebdomadaire-un-seul-proces-cette-semaine-au-tpir9226.html","og_locale":"fr_FR","og_type":"article","og_title":"01.10.10 - TPIR\/SYNTHESE HEBDOMADAIRE - UN SEUL PROCES CETTE SEMAINE AU TPIR","og_description":"Kigali, 01 octobre 2010 (FH) -&nbsp; Au cours de la semaine qui s'ach&egrave;ve, le Tribunal p&eacute;nal international pour le Rwanda (TPIR) n'a si&eacute;g&eacute; que dans un proc&egrave;s, celui de deux anciens dirigeants de l'ex-parti pr&eacute;sidentiel, le MRND.","og_url":"https:\/\/www.justiceinfo.net\/fr\/12418-011010-tpirsynthese-hebdomadaire-un-seul-proces-cette-semaine-au-tpir9226.html","og_site_name":"JusticeInfo.net","article_publisher":"https:\/\/www.facebook.com\/JusticeInfo\/","article_published_time":"2010-09-30T22:00:00+00:00","og_image":[{"width":1200,"height":630,"url":"https:\/\/www.justiceinfo.net\/wp-content\/uploads\/JusticeInfoNet_logo_1200x630px.jpg","type":"image\/jpeg"}],"author":"solivri","twitter_card":"summary_large_image","twitter_creator":"@justiceinfonet","twitter_site":"@justiceinfonet","twitter_misc":{"\u00c9crit par":"solivri","Dur\u00e9e de lecture estim\u00e9e":"2 minutes"},"schema":{"@context":"https:\/\/schema.org","@graph":[{"@type":"NewsArticle","@id":"https:\/\/www.justiceinfo.net\/fr\/12418-011010-tpirsynthese-hebdomadaire-un-seul-proces-cette-semaine-au-tpir9226.html#article","isPartOf":{"@id":"https:\/\/www.justiceinfo.net\/fr\/12418-011010-tpirsynthese-hebdomadaire-un-seul-proces-cette-semaine-au-tpir9226.html"},"author":{"name":"solivri","@id":"https:\/\/www.justiceinfo.net\/fr#\/schema\/person\/6e53cba1629e2e66f3fc1821d3091865"},"headline":"01.10.10 - TPIR\/SYNTHESE HEBDOMADAIRE - UN SEUL PROCES CETTE SEMAINE AU TPIR","datePublished":"2010-09-30T22:00:00+00:00","mainEntityOfPage":{"@id":"https:\/\/www.justiceinfo.net\/fr\/12418-011010-tpirsynthese-hebdomadaire-un-seul-proces-cette-semaine-au-tpir9226.html"},"wordCount":357,"commentCount":0,"publisher":{"@id":"https:\/\/www.justiceinfo.net\/fr#organization"},"articleSection":["Hirondelle News"],"inLanguage":"fr-FR","potentialAction":[{"@type":"CommentAction","name":"Comment","target":["https:\/\/www.justiceinfo.net\/fr\/12418-011010-tpirsynthese-hebdomadaire-un-seul-proces-cette-semaine-au-tpir9226.html#respond"]}]},{"@type":"WebPage","@id":"https:\/\/www.justiceinfo.net\/fr\/12418-011010-tpirsynthese-hebdomadaire-un-seul-proces-cette-semaine-au-tpir9226.html","url":"https:\/\/www.justiceinfo.net\/fr\/12418-011010-tpirsynthese-hebdomadaire-un-seul-proces-cette-semaine-au-tpir9226.html","name":"01.10.10 - TPIR\/SYNTHESE HEBDOMADAIRE - UN SEUL PROCES CETTE SEMAINE AU TPIR - JusticeInfo.net","isPartOf":{"@id":"https:\/\/www.justiceinfo.net\/fr#website"},"datePublished":"2010-09-30T22:00:00+00:00","breadcrumb":{"@id":"https:\/\/www.justiceinfo.net\/fr\/12418-011010-tpirsynthese-hebdomadaire-un-seul-proces-cette-semaine-au-tpir9226.html#breadcrumb"},"inLanguage":"fr-FR","potentialAction":[{"@type":"ReadAction","target":["https:\/\/www.justiceinfo.net\/fr\/12418-011010-tpirsynthese-hebdomadaire-un-seul-proces-cette-semaine-au-tpir9226.html"]}]},{"@type":"BreadcrumbList","@id":"https:\/\/www.justiceinfo.net\/fr\/12418-011010-tpirsynthese-hebdomadaire-un-seul-proces-cette-semaine-au-tpir9226.html#breadcrumb","itemListElement":[{"@type":"ListItem","position":1,"name":"Home","item":"https:\/\/www.justiceinfo.net\/fr"},{"@type":"ListItem","position":2,"name":"01.10.10 - TPIR\/SYNTHESE HEBDOMADAIRE - UN SEUL PROCES CETTE SEMAINE AU TPIR"}]},{"@type":"WebSite","@id":"https:\/\/www.justiceinfo.net\/fr#website","url":"https:\/\/www.justiceinfo.net\/fr","name":"JusticeInfo.net","description":"La justice doit \u00eatre vue pour \u00eatre rendue","publisher":{"@id":"https:\/\/www.justiceinfo.net\/fr#organization"},"potentialAction":[{"@type":"SearchAction","target":{"@type":"EntryPoint","urlTemplate":"https:\/\/www.justiceinfo.net\/fr?s={search_term_string}"},"query-input":{"@type":"PropertyValueSpecification","valueRequired":true,"valueName":"search_term_string"}}],"inLanguage":"fr-FR"},{"@type":"Organization","@id":"https:\/\/www.justiceinfo.net\/fr#organization","name":"Justice Info","url":"https:\/\/www.justiceinfo.net\/fr","logo":{"@type":"ImageObject","inLanguage":"fr-FR","@id":"https:\/\/www.justiceinfo.net\/fr#\/schema\/logo\/image\/","url":"https:\/\/www.justiceinfo.net\/wp-content\/uploads\/justiceinfo_logo-trans_1200x1200px.png","contentUrl":"https:\/\/www.justiceinfo.net\/wp-content\/uploads\/justiceinfo_logo-trans_1200x1200px.png","width":1199,"height":1200,"caption":"Justice Info"},"image":{"@id":"https:\/\/www.justiceinfo.net\/fr#\/schema\/logo\/image\/"},"sameAs":["https:\/\/www.facebook.com\/JusticeInfo\/","https:\/\/x.com\/justiceinfonet","https:\/\/www.linkedin.com\/company\/justice-info","https:\/\/www.youtube.com\/channel\/UCyCEsARodyuWtkWyhn-e7pA"]},{"@type":"Person","name":"solivri","url":"\/fr\/?s=solivri"}]}},"_links":{"self":[{"href":"https:\/\/www.justiceinfo.net\/fr\/wp-json\/wp\/v2\/posts\/12418","targetHints":{"allow":["GET"]}}],"collection":[{"href":"https:\/\/www.justiceinfo.net\/fr\/wp-json\/wp\/v2\/posts"}],"about":[{"href":"https:\/\/www.justiceinfo.net\/fr\/wp-json\/wp\/v2\/types\/post"}],"author":[{"embeddable":true,"href":"https:\/\/www.justiceinfo.net\/fr\/wp-json\/wp\/v2\/users\/64"}],"replies":[{"embeddable":true,"href":"https:\/\/www.justiceinfo.net\/fr\/wp-json\/wp\/v2\/comments?post=12418"}],"version-history":[{"count":0,"href":"https:\/\/www.justiceinfo.net\/fr\/wp-json\/wp\/v2\/posts\/12418\/revisions"}],"wp:attachment":[{"href":"https:\/\/www.justiceinfo.net\/fr\/wp-json\/wp\/v2\/media?parent=12418"}],"wp:term":[{"taxonomy":"category","embeddable":true,"href":"https:\/\/www.justiceinfo.net\/fr\/wp-json\/wp\/v2\/categories?post=12418"},{"taxonomy":"post_tag","embeddable":true,"href":"https:\/\/www.justiceinfo.net\/fr\/wp-json\/wp\/v2\/tags?post=12418"},{"taxonomy":"ji_location","embeddable":true,"href":"https:\/\/www.justiceinfo.net\/fr\/wp-json\/wp\/v2\/ji_location?post=12418"}],"curies":[{"name":"wp","href":"https:\/\/api.w.org\/{rel}","templated":true}]}}