{"id":12443,"date":"2010-10-14T00:00:00","date_gmt":"2010-10-13T22:00:00","guid":{"rendered":"https:\/\/www.justiceinfo.net\/12443-141010-tpirnizeyimana-le-general-gatsinzi-de-nouveau-au-centre-dun-debat-au-tpir9251.html"},"modified":"2010-10-14T00:00:00","modified_gmt":"2010-10-13T22:00:00","slug":"141010-tpirnizeyimana-le-general-gatsinzi-de-nouveau-au-centre-dun-debat-au-tpir9251","status":"publish","type":"post","link":"https:\/\/www.justiceinfo.net\/fr\/12443-141010-tpirnizeyimana-le-general-gatsinzi-de-nouveau-au-centre-dun-debat-au-tpir9251.html","title":{"rendered":"14.10.10 - TPIR\/NIZEYIMANA - LE GENERAL GATSINZI DE NOUVEAU AU CENTRE D'UN DEBAT AU TPIR"},"content":{"rendered":"<p >\n<p >\nArusha, 14 octobre 2010 (FH) - Le Tribunal p&eacute;nal international pour le Rwanda (TPIR) vient de rejeter une requ&ecirc;te du procureur visant &agrave; faire d&eacute;poser, en lieu et place de son audition, une d&eacute;claration de l'actuel ministre rwandais charg&eacute; de la Gestion des catastrophes et des r&eacute;fugi&eacute;s, le g&eacute;n&eacute;ral Marcel Gatsinzi.\n<\/p>\n<p><!--more--><\/p>\n<p >\n<p >\nLe procureur avait souhait&eacute; faire admettre cette d&eacute;claration comme pi&egrave;ce &agrave; conviction dans le proc&egrave;s non encore ouvert du capitaine Ildephonse Nizeyimana, ancien commandant en second de l'Ecole ses sous-officiers (ESO) de Butare (sud).\n<\/p>\n<p >\nInculp&eacute; de crimes de g&eacute;nocide, crimes contre l'humanit&eacute; et crimes de guerre, le capitaine aurait, selon la poursuite, confectionn&eacute; des listes d'intellectuels tutsis &agrave; &eacute;liminer, et laiss&eacute; ses hommes violer des femmes et des filles tutsies, dans le cadre d'un plan g&eacute;nocidaire.\n<\/p>\n<p >\nSans entrer dans le d&eacute;tail, la chambre pr&eacute;sid&eacute;e par le juge k&eacute;nyan Lee Gacuiga Muthoga, rel&egrave;ve, dans une d&eacute;cision consult&eacute;e jeudi sur le site internet du TPIR, que la d&eacute;claration du g&eacute;n&eacute;ral touche au c&oelig;ur de l'acte d'accusation.\n<\/p>\n<p >\nDans pareille circonstance, il serait &laquo; hautement pr&eacute;judiciable &agrave; l'accus&eacute; &raquo; Nizeyimana que la pi&egrave;ce fut admise sans lui donner l'occasion de contre-interroger le t&eacute;moin, juge la chambre.\n<\/p>\n<p >\nEtant donn&eacute; le rang du g&eacute;n&eacute;ral Gatsinzi et sa connaissance du capitaine Nizeyimana, &laquo; il est de l'int&eacute;r&ecirc;t public que cet &eacute;l&eacute;ment de preuve soit pr&eacute;sent&eacute; de vive voix &raquo;, poursuivent le juge Muthoga et ses deux coll&egrave;gues.\n<\/p>\n<p >\nGatsinzi, qui &eacute;tait bas&eacute; &agrave; Butare au d&eacute;clenchement du g&eacute;nocide, fut nomm&eacute; chef d'Etat-major int&eacute;rimaire de l'arm&eacute;e rwandaise apr&egrave;s l'assassinat du pr&eacute;sident Juv&eacute;nal Habyarimana dans la soir&eacute;e du 6 avril 1994, un poste dont il fut relev&eacute; 9 jours plus tard.\n<\/p>\n<p >\nSelon la chambre, le procureur n'a pas expliqu&eacute; pourquoi le g&eacute;n&eacute;ral ne pourrait pas venir d&eacute;poser en personne devant le tribunal.\n<\/p>\n<p >\nCe n'est pas la premi&egrave;re fois que le t&eacute;moignage &eacute;ventuel de Gatsinzi, ancien ministre de la D&eacute;fense de l'actuel r&eacute;gime, fait l'objet d'un d&eacute;bat au TPIR. Dans une requ&ecirc;te d&eacute;pos&eacute;e le mois dernier, le colonel Th&eacute;oneste Bagosora condamn&eacute; &agrave; la pep&eacute;tuit&eacute; en premi&egrave;re instance, a demand&eacute;, pour son proc&egrave;s en appel, l'audition du g&eacute;n&eacute;ral.\n<\/p>\n<p >\nDirecteur de cabinet au minist&egrave;re de la D&eacute;fense au moment des faits, Bagosora qui avait &eacute;t&eacute; pr&eacute;sent&eacute; par le procureur comme le cerveau du g&eacute;nocide, est le d&eacute;tenu le plus c&eacute;l&egrave;bre du TPIR.\n<\/p>\n<p >\nA sa demande, la chambre de premi&egrave;re instance avait, lors du proc&egrave;s, ordonn&eacute; le 11 septembre 2006, la comparution du g&eacute;n&eacute;ral Gatsinzi, alors ministre de la D&eacute;fense. Ce dernier avait alors pos&eacute; des conditions &agrave; sa d&eacute;position : &ecirc;tre entendu comme t&eacute;moin de la chambre et non de Bagosora, ce que les juges avaient refus&eacute;. Il avait &eacute;galement demand&eacute; &agrave; d&eacute;poser en vid&eacute;oconf&eacute;rence depuis Kigali. Les choses en sont rest&eacute;es l&agrave; jusqu'&agrave; la fin du proc&egrave;s.\n<\/p>\n<p >\n<p >\nER\/GF\n<\/p>\n<p>\n&copy; Agence Hirondelle<\/p>\n","protected":false},"excerpt":{"rendered":"<p>Arusha, 14 octobre 2010 (FH) - Le Tribunal p&eacute;nal international pour le Rwanda (TPIR) vient de rejeter une requ&ecirc;te du procureur visant &agrave; faire d&eacute;poser, en lieu et place de son audition, une d&eacute;claration de l'actuel ministre rwandais charg&eacute; de la Gestion des catastrophes et des r&eacute;fugi&eacute;s, le g&eacute;n&eacute;ral Marcel Gatsinzi.<\/p>\n","protected":false},"author":64,"featured_media":0,"comment_status":"open","ping_status":"closed","sticky":false,"template":"","format":"standard","meta":{"_acf_changed":false,"footnotes":""},"categories":[554],"tags":[],"ji_location":[],"class_list":["post-12443","post","type-post","status-publish","format-standard","hentry","category-hirondellenews"],"acf":[],"yoast_head":"<!-- This site is optimized with the Yoast SEO Premium plugin v25.3.1 (Yoast SEO v25.3.1) - https:\/\/yoast.com\/wordpress\/plugins\/seo\/ -->\n<title>14.10.10 - TPIR\/NIZEYIMANA - LE GENERAL GATSINZI DE NOUVEAU AU CENTRE D&#039;UN DEBAT AU TPIR - JusticeInfo.net<\/title>\n<meta name=\"robots\" content=\"index, follow, max-snippet:-1, max-image-preview:large, max-video-preview:-1\" \/>\n<link rel=\"canonical\" href=\"https:\/\/www.justiceinfo.net\/fr\/12443-141010-tpirnizeyimana-le-general-gatsinzi-de-nouveau-au-centre-dun-debat-au-tpir9251.html\" \/>\n<meta property=\"og:locale\" content=\"fr_FR\" \/>\n<meta property=\"og:type\" content=\"article\" \/>\n<meta property=\"og:title\" content=\"14.10.10 - TPIR\/NIZEYIMANA - LE GENERAL GATSINZI DE NOUVEAU AU CENTRE D&#039;UN DEBAT AU TPIR\" \/>\n<meta property=\"og:description\" content=\"Arusha, 14 octobre 2010 (FH) - Le Tribunal p&eacute;nal international pour le Rwanda (TPIR) vient de rejeter une requ&ecirc;te du procureur visant &agrave; faire d&eacute;poser, en lieu et place de son audition, une d&eacute;claration de l&#039;actuel ministre rwandais charg&eacute; de la Gestion des catastrophes et des r&eacute;fugi&eacute;s, le g&eacute;n&eacute;ral Marcel Gatsinzi.\" \/>\n<meta property=\"og:url\" content=\"https:\/\/www.justiceinfo.net\/fr\/12443-141010-tpirnizeyimana-le-general-gatsinzi-de-nouveau-au-centre-dun-debat-au-tpir9251.html\" \/>\n<meta property=\"og:site_name\" content=\"JusticeInfo.net\" \/>\n<meta property=\"article:publisher\" content=\"https:\/\/www.facebook.com\/JusticeInfo\/\" \/>\n<meta property=\"article:published_time\" content=\"2010-10-13T22:00:00+00:00\" \/>\n<meta property=\"og:image\" content=\"https:\/\/www.justiceinfo.net\/wp-content\/uploads\/JusticeInfoNet_logo_1200x630px.jpg\" \/>\n\t<meta property=\"og:image:width\" content=\"1200\" \/>\n\t<meta property=\"og:image:height\" content=\"630\" \/>\n\t<meta property=\"og:image:type\" content=\"image\/jpeg\" \/>\n<meta name=\"author\" content=\"solivri\" \/>\n<meta name=\"twitter:card\" content=\"summary_large_image\" \/>\n<meta name=\"twitter:creator\" content=\"@justiceinfonet\" \/>\n<meta name=\"twitter:site\" content=\"@justiceinfonet\" \/>\n<meta name=\"twitter:label1\" content=\"\u00c9crit par\" \/>\n\t<meta name=\"twitter:data1\" content=\"solivri\" \/>\n\t<meta name=\"twitter:label2\" content=\"Dur\u00e9e de lecture estim\u00e9e\" \/>\n\t<meta name=\"twitter:data2\" content=\"3 minutes\" \/>\n<script type=\"application\/ld+json\" class=\"yoast-schema-graph\">{\"@context\":\"https:\/\/schema.org\",\"@graph\":[{\"@type\":\"NewsArticle\",\"@id\":\"https:\/\/www.justiceinfo.net\/fr\/12443-141010-tpirnizeyimana-le-general-gatsinzi-de-nouveau-au-centre-dun-debat-au-tpir9251.html#article\",\"isPartOf\":{\"@id\":\"https:\/\/www.justiceinfo.net\/fr\/12443-141010-tpirnizeyimana-le-general-gatsinzi-de-nouveau-au-centre-dun-debat-au-tpir9251.html\"},\"author\":{\"name\":\"solivri\",\"@id\":\"https:\/\/www.justiceinfo.net\/fr#\/schema\/person\/6e53cba1629e2e66f3fc1821d3091865\"},\"headline\":\"14.10.10 - TPIR\/NIZEYIMANA - LE GENERAL GATSINZI DE NOUVEAU AU CENTRE D'UN DEBAT AU TPIR\",\"datePublished\":\"2010-10-13T22:00:00+00:00\",\"mainEntityOfPage\":{\"@id\":\"https:\/\/www.justiceinfo.net\/fr\/12443-141010-tpirnizeyimana-le-general-gatsinzi-de-nouveau-au-centre-dun-debat-au-tpir9251.html\"},\"wordCount\":675,\"commentCount\":0,\"publisher\":{\"@id\":\"https:\/\/www.justiceinfo.net\/fr#organization\"},\"articleSection\":[\"Hirondelle News\"],\"inLanguage\":\"fr-FR\",\"potentialAction\":[{\"@type\":\"CommentAction\",\"name\":\"Comment\",\"target\":[\"https:\/\/www.justiceinfo.net\/fr\/12443-141010-tpirnizeyimana-le-general-gatsinzi-de-nouveau-au-centre-dun-debat-au-tpir9251.html#respond\"]}]},{\"@type\":\"WebPage\",\"@id\":\"https:\/\/www.justiceinfo.net\/fr\/12443-141010-tpirnizeyimana-le-general-gatsinzi-de-nouveau-au-centre-dun-debat-au-tpir9251.html\",\"url\":\"https:\/\/www.justiceinfo.net\/fr\/12443-141010-tpirnizeyimana-le-general-gatsinzi-de-nouveau-au-centre-dun-debat-au-tpir9251.html\",\"name\":\"14.10.10 - TPIR\/NIZEYIMANA - LE GENERAL GATSINZI DE NOUVEAU AU CENTRE D'UN DEBAT AU TPIR - JusticeInfo.net\",\"isPartOf\":{\"@id\":\"https:\/\/www.justiceinfo.net\/fr#website\"},\"datePublished\":\"2010-10-13T22:00:00+00:00\",\"breadcrumb\":{\"@id\":\"https:\/\/www.justiceinfo.net\/fr\/12443-141010-tpirnizeyimana-le-general-gatsinzi-de-nouveau-au-centre-dun-debat-au-tpir9251.html#breadcrumb\"},\"inLanguage\":\"fr-FR\",\"potentialAction\":[{\"@type\":\"ReadAction\",\"target\":[\"https:\/\/www.justiceinfo.net\/fr\/12443-141010-tpirnizeyimana-le-general-gatsinzi-de-nouveau-au-centre-dun-debat-au-tpir9251.html\"]}]},{\"@type\":\"BreadcrumbList\",\"@id\":\"https:\/\/www.justiceinfo.net\/fr\/12443-141010-tpirnizeyimana-le-general-gatsinzi-de-nouveau-au-centre-dun-debat-au-tpir9251.html#breadcrumb\",\"itemListElement\":[{\"@type\":\"ListItem\",\"position\":1,\"name\":\"Home\",\"item\":\"https:\/\/www.justiceinfo.net\/fr\"},{\"@type\":\"ListItem\",\"position\":2,\"name\":\"14.10.10 - TPIR\/NIZEYIMANA - LE GENERAL GATSINZI DE NOUVEAU AU CENTRE D'UN DEBAT AU TPIR\"}]},{\"@type\":\"WebSite\",\"@id\":\"https:\/\/www.justiceinfo.net\/fr#website\",\"url\":\"https:\/\/www.justiceinfo.net\/fr\",\"name\":\"JusticeInfo.net\",\"description\":\"La justice doit \u00eatre vue pour \u00eatre rendue\",\"publisher\":{\"@id\":\"https:\/\/www.justiceinfo.net\/fr#organization\"},\"potentialAction\":[{\"@type\":\"SearchAction\",\"target\":{\"@type\":\"EntryPoint\",\"urlTemplate\":\"https:\/\/www.justiceinfo.net\/fr?s={search_term_string}\"},\"query-input\":{\"@type\":\"PropertyValueSpecification\",\"valueRequired\":true,\"valueName\":\"search_term_string\"}}],\"inLanguage\":\"fr-FR\"},{\"@type\":\"Organization\",\"@id\":\"https:\/\/www.justiceinfo.net\/fr#organization\",\"name\":\"Justice Info\",\"url\":\"https:\/\/www.justiceinfo.net\/fr\",\"logo\":{\"@type\":\"ImageObject\",\"inLanguage\":\"fr-FR\",\"@id\":\"https:\/\/www.justiceinfo.net\/fr#\/schema\/logo\/image\/\",\"url\":\"https:\/\/www.justiceinfo.net\/wp-content\/uploads\/justiceinfo_logo-trans_1200x1200px.png\",\"contentUrl\":\"https:\/\/www.justiceinfo.net\/wp-content\/uploads\/justiceinfo_logo-trans_1200x1200px.png\",\"width\":1199,\"height\":1200,\"caption\":\"Justice Info\"},\"image\":{\"@id\":\"https:\/\/www.justiceinfo.net\/fr#\/schema\/logo\/image\/\"},\"sameAs\":[\"https:\/\/www.facebook.com\/JusticeInfo\/\",\"https:\/\/x.com\/justiceinfonet\",\"https:\/\/www.linkedin.com\/company\/justice-info\",\"https:\/\/www.youtube.com\/channel\/UCyCEsARodyuWtkWyhn-e7pA\"]},{\"@type\":\"Person\",\"name\":\"solivri\",\"url\":\"\/fr\/?s=solivri\"}]}<\/script>\n<!-- \/ Yoast SEO Premium plugin. -->","yoast_head_json":{"title":"14.10.10 - TPIR\/NIZEYIMANA - LE GENERAL GATSINZI DE NOUVEAU AU CENTRE D'UN DEBAT AU TPIR - JusticeInfo.net","robots":{"index":"index","follow":"follow","max-snippet":"max-snippet:-1","max-image-preview":"max-image-preview:large","max-video-preview":"max-video-preview:-1"},"canonical":"https:\/\/www.justiceinfo.net\/fr\/12443-141010-tpirnizeyimana-le-general-gatsinzi-de-nouveau-au-centre-dun-debat-au-tpir9251.html","og_locale":"fr_FR","og_type":"article","og_title":"14.10.10 - TPIR\/NIZEYIMANA - LE GENERAL GATSINZI DE NOUVEAU AU CENTRE D'UN DEBAT AU TPIR","og_description":"Arusha, 14 octobre 2010 (FH) - Le Tribunal p&eacute;nal international pour le Rwanda (TPIR) vient de rejeter une requ&ecirc;te du procureur visant &agrave; faire d&eacute;poser, en lieu et place de son audition, une d&eacute;claration de l'actuel ministre rwandais charg&eacute; de la Gestion des catastrophes et des r&eacute;fugi&eacute;s, le g&eacute;n&eacute;ral Marcel Gatsinzi.","og_url":"https:\/\/www.justiceinfo.net\/fr\/12443-141010-tpirnizeyimana-le-general-gatsinzi-de-nouveau-au-centre-dun-debat-au-tpir9251.html","og_site_name":"JusticeInfo.net","article_publisher":"https:\/\/www.facebook.com\/JusticeInfo\/","article_published_time":"2010-10-13T22:00:00+00:00","og_image":[{"width":1200,"height":630,"url":"https:\/\/www.justiceinfo.net\/wp-content\/uploads\/JusticeInfoNet_logo_1200x630px.jpg","type":"image\/jpeg"}],"author":"solivri","twitter_card":"summary_large_image","twitter_creator":"@justiceinfonet","twitter_site":"@justiceinfonet","twitter_misc":{"\u00c9crit par":"solivri","Dur\u00e9e de lecture estim\u00e9e":"3 minutes"},"schema":{"@context":"https:\/\/schema.org","@graph":[{"@type":"NewsArticle","@id":"https:\/\/www.justiceinfo.net\/fr\/12443-141010-tpirnizeyimana-le-general-gatsinzi-de-nouveau-au-centre-dun-debat-au-tpir9251.html#article","isPartOf":{"@id":"https:\/\/www.justiceinfo.net\/fr\/12443-141010-tpirnizeyimana-le-general-gatsinzi-de-nouveau-au-centre-dun-debat-au-tpir9251.html"},"author":{"name":"solivri","@id":"https:\/\/www.justiceinfo.net\/fr#\/schema\/person\/6e53cba1629e2e66f3fc1821d3091865"},"headline":"14.10.10 - TPIR\/NIZEYIMANA - LE GENERAL GATSINZI DE NOUVEAU AU CENTRE D'UN DEBAT AU TPIR","datePublished":"2010-10-13T22:00:00+00:00","mainEntityOfPage":{"@id":"https:\/\/www.justiceinfo.net\/fr\/12443-141010-tpirnizeyimana-le-general-gatsinzi-de-nouveau-au-centre-dun-debat-au-tpir9251.html"},"wordCount":675,"commentCount":0,"publisher":{"@id":"https:\/\/www.justiceinfo.net\/fr#organization"},"articleSection":["Hirondelle News"],"inLanguage":"fr-FR","potentialAction":[{"@type":"CommentAction","name":"Comment","target":["https:\/\/www.justiceinfo.net\/fr\/12443-141010-tpirnizeyimana-le-general-gatsinzi-de-nouveau-au-centre-dun-debat-au-tpir9251.html#respond"]}]},{"@type":"WebPage","@id":"https:\/\/www.justiceinfo.net\/fr\/12443-141010-tpirnizeyimana-le-general-gatsinzi-de-nouveau-au-centre-dun-debat-au-tpir9251.html","url":"https:\/\/www.justiceinfo.net\/fr\/12443-141010-tpirnizeyimana-le-general-gatsinzi-de-nouveau-au-centre-dun-debat-au-tpir9251.html","name":"14.10.10 - TPIR\/NIZEYIMANA - LE GENERAL GATSINZI DE NOUVEAU AU CENTRE D'UN DEBAT AU TPIR - JusticeInfo.net","isPartOf":{"@id":"https:\/\/www.justiceinfo.net\/fr#website"},"datePublished":"2010-10-13T22:00:00+00:00","breadcrumb":{"@id":"https:\/\/www.justiceinfo.net\/fr\/12443-141010-tpirnizeyimana-le-general-gatsinzi-de-nouveau-au-centre-dun-debat-au-tpir9251.html#breadcrumb"},"inLanguage":"fr-FR","potentialAction":[{"@type":"ReadAction","target":["https:\/\/www.justiceinfo.net\/fr\/12443-141010-tpirnizeyimana-le-general-gatsinzi-de-nouveau-au-centre-dun-debat-au-tpir9251.html"]}]},{"@type":"BreadcrumbList","@id":"https:\/\/www.justiceinfo.net\/fr\/12443-141010-tpirnizeyimana-le-general-gatsinzi-de-nouveau-au-centre-dun-debat-au-tpir9251.html#breadcrumb","itemListElement":[{"@type":"ListItem","position":1,"name":"Home","item":"https:\/\/www.justiceinfo.net\/fr"},{"@type":"ListItem","position":2,"name":"14.10.10 - TPIR\/NIZEYIMANA - LE GENERAL GATSINZI DE NOUVEAU AU CENTRE D'UN DEBAT AU TPIR"}]},{"@type":"WebSite","@id":"https:\/\/www.justiceinfo.net\/fr#website","url":"https:\/\/www.justiceinfo.net\/fr","name":"JusticeInfo.net","description":"La justice doit \u00eatre vue pour \u00eatre rendue","publisher":{"@id":"https:\/\/www.justiceinfo.net\/fr#organization"},"potentialAction":[{"@type":"SearchAction","target":{"@type":"EntryPoint","urlTemplate":"https:\/\/www.justiceinfo.net\/fr?s={search_term_string}"},"query-input":{"@type":"PropertyValueSpecification","valueRequired":true,"valueName":"search_term_string"}}],"inLanguage":"fr-FR"},{"@type":"Organization","@id":"https:\/\/www.justiceinfo.net\/fr#organization","name":"Justice Info","url":"https:\/\/www.justiceinfo.net\/fr","logo":{"@type":"ImageObject","inLanguage":"fr-FR","@id":"https:\/\/www.justiceinfo.net\/fr#\/schema\/logo\/image\/","url":"https:\/\/www.justiceinfo.net\/wp-content\/uploads\/justiceinfo_logo-trans_1200x1200px.png","contentUrl":"https:\/\/www.justiceinfo.net\/wp-content\/uploads\/justiceinfo_logo-trans_1200x1200px.png","width":1199,"height":1200,"caption":"Justice Info"},"image":{"@id":"https:\/\/www.justiceinfo.net\/fr#\/schema\/logo\/image\/"},"sameAs":["https:\/\/www.facebook.com\/JusticeInfo\/","https:\/\/x.com\/justiceinfonet","https:\/\/www.linkedin.com\/company\/justice-info","https:\/\/www.youtube.com\/channel\/UCyCEsARodyuWtkWyhn-e7pA"]},{"@type":"Person","name":"solivri","url":"\/fr\/?s=solivri"}]}},"_links":{"self":[{"href":"https:\/\/www.justiceinfo.net\/fr\/wp-json\/wp\/v2\/posts\/12443","targetHints":{"allow":["GET"]}}],"collection":[{"href":"https:\/\/www.justiceinfo.net\/fr\/wp-json\/wp\/v2\/posts"}],"about":[{"href":"https:\/\/www.justiceinfo.net\/fr\/wp-json\/wp\/v2\/types\/post"}],"author":[{"embeddable":true,"href":"https:\/\/www.justiceinfo.net\/fr\/wp-json\/wp\/v2\/users\/64"}],"replies":[{"embeddable":true,"href":"https:\/\/www.justiceinfo.net\/fr\/wp-json\/wp\/v2\/comments?post=12443"}],"version-history":[{"count":0,"href":"https:\/\/www.justiceinfo.net\/fr\/wp-json\/wp\/v2\/posts\/12443\/revisions"}],"wp:attachment":[{"href":"https:\/\/www.justiceinfo.net\/fr\/wp-json\/wp\/v2\/media?parent=12443"}],"wp:term":[{"taxonomy":"category","embeddable":true,"href":"https:\/\/www.justiceinfo.net\/fr\/wp-json\/wp\/v2\/categories?post=12443"},{"taxonomy":"post_tag","embeddable":true,"href":"https:\/\/www.justiceinfo.net\/fr\/wp-json\/wp\/v2\/tags?post=12443"},{"taxonomy":"ji_location","embeddable":true,"href":"https:\/\/www.justiceinfo.net\/fr\/wp-json\/wp\/v2\/ji_location?post=12443"}],"curies":[{"name":"wp","href":"https:\/\/api.w.org\/{rel}","templated":true}]}}