{"id":12475,"date":"2010-10-27T00:00:00","date_gmt":"2010-10-26T22:00:00","guid":{"rendered":"https:\/\/www.justiceinfo.net\/12475-271010-tpirkaremera-le-proces-mrnd-reporte-au-8-novembre9283.html"},"modified":"2010-10-27T00:00:00","modified_gmt":"2010-10-26T22:00:00","slug":"271010-tpirkaremera-le-proces-mrnd-reporte-au-8-novembre9283","status":"publish","type":"post","link":"https:\/\/www.justiceinfo.net\/fr\/12475-271010-tpirkaremera-le-proces-mrnd-reporte-au-8-novembre9283.html","title":{"rendered":"27.10.10 - TPIR\/KAREMERA - LE PROCES MRND REPORTE AU 8 NOVEMBRE"},"content":{"rendered":"<p>Arusha, 27 octobre 2010 (FH) - Le proc&egrave;s des deux dirigeants de l'ex-parti pr&eacute;sidentiel rwandais, jug&eacute;s au Tribunal p&eacute;nal international pour le Rwanda (TPIR), a &eacute;t&eacute; suspendu mercredi, faute de t&eacute;moins, pour reprendre le 8 novembre, a constat&eacute; l'agence Hirondelle.<br \/>\n<!--more--><\/p>\n<p >\nLe report a &eacute;t&eacute; d&eacute;cid&eacute; par la chambre pour donner &agrave; l'&eacute;quipe de d&eacute;fense de l'ancien pr&eacute;sident du MRND, Mathieu Ngirumpatse, le temps de faire venir d'autres t&eacute;moins.\n<\/p>\n<p >\nL'autre accus&eacute;, l'ancien vice-pr&eacute;sident du parti, Edouard Karemera, a d&eacute;j&agrave; boucl&eacute; sa d&eacute;fense.\n<\/p>\n<p >\nDepuis la reprise du proc&egrave;s le 18 octobre, l'ancien num&eacute;ro un du MRND a cit&eacute; six t&eacute;moins, portant ainsi le nombre &agrave; 21 sur les 35 pr&eacute;vus.\n<\/p>\n<p >\nLe dernier des six t&eacute;moins, un ancien agent des services de renseignements rwandais, Albert Rukerintare, a ni&eacute; que l'accus&eacute; ait pu appeler &agrave; l'extermination des Tutsis. &laquo; Mathieu Ngirumpatse n'est pas le genre d'homme qui aurait pu faire pareille d&eacute;claration, en priv&eacute; ou en public&raquo;, a affirm&eacute; le t&eacute;moin.\n<\/p>\n<p >\nInculp&eacute;s de crimes de g&eacute;nocide et de crimes contre l'humanit&eacute;, Ngirumpatse et Karemera r&eacute;pondent surtout d'exactions commises en 1994 par des membres de leur parti, en particulier les jeunes, les fameux Interahamwe du MRND.\n<\/p>\n<p >\nIls r&eacute;torquent que la partie adverse n'a pas prouv&eacute; l'existence de liens de subordination entre eux et les auteurs de ces crimes, fussent-ils des membres du parti.\n<\/p>\n<p >\nNI-ER\/GF\n<\/p>\n<p>\n&nbsp;&copy; Agence Hirondelle<\/p>\n","protected":false},"excerpt":{"rendered":"<p>Arusha, 27 octobre 2010 (FH) - Le proc&egrave;s des deux dirigeants de l'ex-parti pr&eacute;sidentiel rwandais, jug&eacute;s au Tribunal p&eacute;nal international pour le Rwanda (TPIR), a &eacute;t&eacute; suspendu mercredi, faute de t&eacute;moins, pour reprendre le 8 novembre, a constat&eacute; l'agence Hirondelle.<\/p>\n","protected":false},"author":64,"featured_media":0,"comment_status":"open","ping_status":"closed","sticky":false,"template":"","format":"standard","meta":{"_acf_changed":false,"footnotes":""},"categories":[554],"tags":[],"ji_location":[],"class_list":["post-12475","post","type-post","status-publish","format-standard","hentry","category-hirondellenews"],"acf":[],"yoast_head":"<!-- This site is optimized with the Yoast SEO Premium plugin v25.3.1 (Yoast SEO v25.3.1) - https:\/\/yoast.com\/wordpress\/plugins\/seo\/ -->\n<title>27.10.10 - TPIR\/KAREMERA - LE PROCES MRND REPORTE AU 8 NOVEMBRE - JusticeInfo.net<\/title>\n<meta name=\"robots\" content=\"index, follow, max-snippet:-1, max-image-preview:large, max-video-preview:-1\" \/>\n<link rel=\"canonical\" href=\"https:\/\/www.justiceinfo.net\/fr\/12475-271010-tpirkaremera-le-proces-mrnd-reporte-au-8-novembre9283.html\" \/>\n<meta property=\"og:locale\" content=\"fr_FR\" \/>\n<meta property=\"og:type\" content=\"article\" \/>\n<meta property=\"og:title\" content=\"27.10.10 - TPIR\/KAREMERA - LE PROCES MRND REPORTE AU 8 NOVEMBRE\" \/>\n<meta property=\"og:description\" content=\"Arusha, 27 octobre 2010 (FH) - Le proc&egrave;s des deux dirigeants de l&#039;ex-parti pr&eacute;sidentiel rwandais, jug&eacute;s au Tribunal p&eacute;nal international pour le Rwanda (TPIR), a &eacute;t&eacute; suspendu mercredi, faute de t&eacute;moins, pour reprendre le 8 novembre, a constat&eacute; l&#039;agence Hirondelle.\" \/>\n<meta property=\"og:url\" content=\"https:\/\/www.justiceinfo.net\/fr\/12475-271010-tpirkaremera-le-proces-mrnd-reporte-au-8-novembre9283.html\" \/>\n<meta property=\"og:site_name\" content=\"JusticeInfo.net\" \/>\n<meta property=\"article:publisher\" content=\"https:\/\/www.facebook.com\/JusticeInfo\/\" \/>\n<meta property=\"article:published_time\" content=\"2010-10-26T22:00:00+00:00\" \/>\n<meta property=\"og:image\" content=\"https:\/\/www.justiceinfo.net\/wp-content\/uploads\/JusticeInfoNet_logo_1200x630px.jpg\" \/>\n\t<meta property=\"og:image:width\" content=\"1200\" \/>\n\t<meta property=\"og:image:height\" content=\"630\" \/>\n\t<meta property=\"og:image:type\" content=\"image\/jpeg\" \/>\n<meta name=\"author\" content=\"solivri\" \/>\n<meta name=\"twitter:card\" content=\"summary_large_image\" \/>\n<meta name=\"twitter:creator\" content=\"@justiceinfonet\" \/>\n<meta name=\"twitter:site\" content=\"@justiceinfonet\" \/>\n<meta name=\"twitter:label1\" content=\"\u00c9crit par\" \/>\n\t<meta name=\"twitter:data1\" content=\"solivri\" \/>\n\t<meta name=\"twitter:label2\" content=\"Dur\u00e9e de lecture estim\u00e9e\" \/>\n\t<meta name=\"twitter:data2\" content=\"1 minute\" \/>\n<script type=\"application\/ld+json\" class=\"yoast-schema-graph\">{\"@context\":\"https:\/\/schema.org\",\"@graph\":[{\"@type\":\"NewsArticle\",\"@id\":\"https:\/\/www.justiceinfo.net\/fr\/12475-271010-tpirkaremera-le-proces-mrnd-reporte-au-8-novembre9283.html#article\",\"isPartOf\":{\"@id\":\"https:\/\/www.justiceinfo.net\/fr\/12475-271010-tpirkaremera-le-proces-mrnd-reporte-au-8-novembre9283.html\"},\"author\":{\"name\":\"solivri\",\"@id\":\"https:\/\/www.justiceinfo.net\/fr#\/schema\/person\/6e53cba1629e2e66f3fc1821d3091865\"},\"headline\":\"27.10.10 - TPIR\/KAREMERA - LE PROCES MRND REPORTE AU 8 NOVEMBRE\",\"datePublished\":\"2010-10-26T22:00:00+00:00\",\"mainEntityOfPage\":{\"@id\":\"https:\/\/www.justiceinfo.net\/fr\/12475-271010-tpirkaremera-le-proces-mrnd-reporte-au-8-novembre9283.html\"},\"wordCount\":307,\"commentCount\":0,\"publisher\":{\"@id\":\"https:\/\/www.justiceinfo.net\/fr#organization\"},\"articleSection\":[\"Hirondelle News\"],\"inLanguage\":\"fr-FR\",\"potentialAction\":[{\"@type\":\"CommentAction\",\"name\":\"Comment\",\"target\":[\"https:\/\/www.justiceinfo.net\/fr\/12475-271010-tpirkaremera-le-proces-mrnd-reporte-au-8-novembre9283.html#respond\"]}]},{\"@type\":\"WebPage\",\"@id\":\"https:\/\/www.justiceinfo.net\/fr\/12475-271010-tpirkaremera-le-proces-mrnd-reporte-au-8-novembre9283.html\",\"url\":\"https:\/\/www.justiceinfo.net\/fr\/12475-271010-tpirkaremera-le-proces-mrnd-reporte-au-8-novembre9283.html\",\"name\":\"27.10.10 - TPIR\/KAREMERA - LE PROCES MRND REPORTE AU 8 NOVEMBRE - JusticeInfo.net\",\"isPartOf\":{\"@id\":\"https:\/\/www.justiceinfo.net\/fr#website\"},\"datePublished\":\"2010-10-26T22:00:00+00:00\",\"breadcrumb\":{\"@id\":\"https:\/\/www.justiceinfo.net\/fr\/12475-271010-tpirkaremera-le-proces-mrnd-reporte-au-8-novembre9283.html#breadcrumb\"},\"inLanguage\":\"fr-FR\",\"potentialAction\":[{\"@type\":\"ReadAction\",\"target\":[\"https:\/\/www.justiceinfo.net\/fr\/12475-271010-tpirkaremera-le-proces-mrnd-reporte-au-8-novembre9283.html\"]}]},{\"@type\":\"BreadcrumbList\",\"@id\":\"https:\/\/www.justiceinfo.net\/fr\/12475-271010-tpirkaremera-le-proces-mrnd-reporte-au-8-novembre9283.html#breadcrumb\",\"itemListElement\":[{\"@type\":\"ListItem\",\"position\":1,\"name\":\"Home\",\"item\":\"https:\/\/www.justiceinfo.net\/fr\"},{\"@type\":\"ListItem\",\"position\":2,\"name\":\"27.10.10 - TPIR\/KAREMERA - LE PROCES MRND REPORTE AU 8 NOVEMBRE\"}]},{\"@type\":\"WebSite\",\"@id\":\"https:\/\/www.justiceinfo.net\/fr#website\",\"url\":\"https:\/\/www.justiceinfo.net\/fr\",\"name\":\"JusticeInfo.net\",\"description\":\"La justice doit \u00eatre vue pour \u00eatre rendue\",\"publisher\":{\"@id\":\"https:\/\/www.justiceinfo.net\/fr#organization\"},\"potentialAction\":[{\"@type\":\"SearchAction\",\"target\":{\"@type\":\"EntryPoint\",\"urlTemplate\":\"https:\/\/www.justiceinfo.net\/fr?s={search_term_string}\"},\"query-input\":{\"@type\":\"PropertyValueSpecification\",\"valueRequired\":true,\"valueName\":\"search_term_string\"}}],\"inLanguage\":\"fr-FR\"},{\"@type\":\"Organization\",\"@id\":\"https:\/\/www.justiceinfo.net\/fr#organization\",\"name\":\"Justice Info\",\"url\":\"https:\/\/www.justiceinfo.net\/fr\",\"logo\":{\"@type\":\"ImageObject\",\"inLanguage\":\"fr-FR\",\"@id\":\"https:\/\/www.justiceinfo.net\/fr#\/schema\/logo\/image\/\",\"url\":\"https:\/\/www.justiceinfo.net\/wp-content\/uploads\/justiceinfo_logo-trans_1200x1200px.png\",\"contentUrl\":\"https:\/\/www.justiceinfo.net\/wp-content\/uploads\/justiceinfo_logo-trans_1200x1200px.png\",\"width\":1199,\"height\":1200,\"caption\":\"Justice Info\"},\"image\":{\"@id\":\"https:\/\/www.justiceinfo.net\/fr#\/schema\/logo\/image\/\"},\"sameAs\":[\"https:\/\/www.facebook.com\/JusticeInfo\/\",\"https:\/\/x.com\/justiceinfonet\",\"https:\/\/www.linkedin.com\/company\/justice-info\",\"https:\/\/www.youtube.com\/channel\/UCyCEsARodyuWtkWyhn-e7pA\"]},{\"@type\":\"Person\",\"name\":\"solivri\",\"url\":\"\/fr\/?s=solivri\"}]}<\/script>\n<!-- \/ Yoast SEO Premium plugin. -->","yoast_head_json":{"title":"27.10.10 - TPIR\/KAREMERA - LE PROCES MRND REPORTE AU 8 NOVEMBRE - JusticeInfo.net","robots":{"index":"index","follow":"follow","max-snippet":"max-snippet:-1","max-image-preview":"max-image-preview:large","max-video-preview":"max-video-preview:-1"},"canonical":"https:\/\/www.justiceinfo.net\/fr\/12475-271010-tpirkaremera-le-proces-mrnd-reporte-au-8-novembre9283.html","og_locale":"fr_FR","og_type":"article","og_title":"27.10.10 - TPIR\/KAREMERA - LE PROCES MRND REPORTE AU 8 NOVEMBRE","og_description":"Arusha, 27 octobre 2010 (FH) - Le proc&egrave;s des deux dirigeants de l'ex-parti pr&eacute;sidentiel rwandais, jug&eacute;s au Tribunal p&eacute;nal international pour le Rwanda (TPIR), a &eacute;t&eacute; suspendu mercredi, faute de t&eacute;moins, pour reprendre le 8 novembre, a constat&eacute; l'agence Hirondelle.","og_url":"https:\/\/www.justiceinfo.net\/fr\/12475-271010-tpirkaremera-le-proces-mrnd-reporte-au-8-novembre9283.html","og_site_name":"JusticeInfo.net","article_publisher":"https:\/\/www.facebook.com\/JusticeInfo\/","article_published_time":"2010-10-26T22:00:00+00:00","og_image":[{"width":1200,"height":630,"url":"https:\/\/www.justiceinfo.net\/wp-content\/uploads\/JusticeInfoNet_logo_1200x630px.jpg","type":"image\/jpeg"}],"author":"solivri","twitter_card":"summary_large_image","twitter_creator":"@justiceinfonet","twitter_site":"@justiceinfonet","twitter_misc":{"\u00c9crit par":"solivri","Dur\u00e9e de lecture estim\u00e9e":"1 minute"},"schema":{"@context":"https:\/\/schema.org","@graph":[{"@type":"NewsArticle","@id":"https:\/\/www.justiceinfo.net\/fr\/12475-271010-tpirkaremera-le-proces-mrnd-reporte-au-8-novembre9283.html#article","isPartOf":{"@id":"https:\/\/www.justiceinfo.net\/fr\/12475-271010-tpirkaremera-le-proces-mrnd-reporte-au-8-novembre9283.html"},"author":{"name":"solivri","@id":"https:\/\/www.justiceinfo.net\/fr#\/schema\/person\/6e53cba1629e2e66f3fc1821d3091865"},"headline":"27.10.10 - TPIR\/KAREMERA - LE PROCES MRND REPORTE AU 8 NOVEMBRE","datePublished":"2010-10-26T22:00:00+00:00","mainEntityOfPage":{"@id":"https:\/\/www.justiceinfo.net\/fr\/12475-271010-tpirkaremera-le-proces-mrnd-reporte-au-8-novembre9283.html"},"wordCount":307,"commentCount":0,"publisher":{"@id":"https:\/\/www.justiceinfo.net\/fr#organization"},"articleSection":["Hirondelle News"],"inLanguage":"fr-FR","potentialAction":[{"@type":"CommentAction","name":"Comment","target":["https:\/\/www.justiceinfo.net\/fr\/12475-271010-tpirkaremera-le-proces-mrnd-reporte-au-8-novembre9283.html#respond"]}]},{"@type":"WebPage","@id":"https:\/\/www.justiceinfo.net\/fr\/12475-271010-tpirkaremera-le-proces-mrnd-reporte-au-8-novembre9283.html","url":"https:\/\/www.justiceinfo.net\/fr\/12475-271010-tpirkaremera-le-proces-mrnd-reporte-au-8-novembre9283.html","name":"27.10.10 - TPIR\/KAREMERA - LE PROCES MRND REPORTE AU 8 NOVEMBRE - JusticeInfo.net","isPartOf":{"@id":"https:\/\/www.justiceinfo.net\/fr#website"},"datePublished":"2010-10-26T22:00:00+00:00","breadcrumb":{"@id":"https:\/\/www.justiceinfo.net\/fr\/12475-271010-tpirkaremera-le-proces-mrnd-reporte-au-8-novembre9283.html#breadcrumb"},"inLanguage":"fr-FR","potentialAction":[{"@type":"ReadAction","target":["https:\/\/www.justiceinfo.net\/fr\/12475-271010-tpirkaremera-le-proces-mrnd-reporte-au-8-novembre9283.html"]}]},{"@type":"BreadcrumbList","@id":"https:\/\/www.justiceinfo.net\/fr\/12475-271010-tpirkaremera-le-proces-mrnd-reporte-au-8-novembre9283.html#breadcrumb","itemListElement":[{"@type":"ListItem","position":1,"name":"Home","item":"https:\/\/www.justiceinfo.net\/fr"},{"@type":"ListItem","position":2,"name":"27.10.10 - TPIR\/KAREMERA - LE PROCES MRND REPORTE AU 8 NOVEMBRE"}]},{"@type":"WebSite","@id":"https:\/\/www.justiceinfo.net\/fr#website","url":"https:\/\/www.justiceinfo.net\/fr","name":"JusticeInfo.net","description":"La justice doit \u00eatre vue pour \u00eatre rendue","publisher":{"@id":"https:\/\/www.justiceinfo.net\/fr#organization"},"potentialAction":[{"@type":"SearchAction","target":{"@type":"EntryPoint","urlTemplate":"https:\/\/www.justiceinfo.net\/fr?s={search_term_string}"},"query-input":{"@type":"PropertyValueSpecification","valueRequired":true,"valueName":"search_term_string"}}],"inLanguage":"fr-FR"},{"@type":"Organization","@id":"https:\/\/www.justiceinfo.net\/fr#organization","name":"Justice Info","url":"https:\/\/www.justiceinfo.net\/fr","logo":{"@type":"ImageObject","inLanguage":"fr-FR","@id":"https:\/\/www.justiceinfo.net\/fr#\/schema\/logo\/image\/","url":"https:\/\/www.justiceinfo.net\/wp-content\/uploads\/justiceinfo_logo-trans_1200x1200px.png","contentUrl":"https:\/\/www.justiceinfo.net\/wp-content\/uploads\/justiceinfo_logo-trans_1200x1200px.png","width":1199,"height":1200,"caption":"Justice Info"},"image":{"@id":"https:\/\/www.justiceinfo.net\/fr#\/schema\/logo\/image\/"},"sameAs":["https:\/\/www.facebook.com\/JusticeInfo\/","https:\/\/x.com\/justiceinfonet","https:\/\/www.linkedin.com\/company\/justice-info","https:\/\/www.youtube.com\/channel\/UCyCEsARodyuWtkWyhn-e7pA"]},{"@type":"Person","name":"solivri","url":"\/fr\/?s=solivri"}]}},"_links":{"self":[{"href":"https:\/\/www.justiceinfo.net\/fr\/wp-json\/wp\/v2\/posts\/12475","targetHints":{"allow":["GET"]}}],"collection":[{"href":"https:\/\/www.justiceinfo.net\/fr\/wp-json\/wp\/v2\/posts"}],"about":[{"href":"https:\/\/www.justiceinfo.net\/fr\/wp-json\/wp\/v2\/types\/post"}],"author":[{"embeddable":true,"href":"https:\/\/www.justiceinfo.net\/fr\/wp-json\/wp\/v2\/users\/64"}],"replies":[{"embeddable":true,"href":"https:\/\/www.justiceinfo.net\/fr\/wp-json\/wp\/v2\/comments?post=12475"}],"version-history":[{"count":0,"href":"https:\/\/www.justiceinfo.net\/fr\/wp-json\/wp\/v2\/posts\/12475\/revisions"}],"wp:attachment":[{"href":"https:\/\/www.justiceinfo.net\/fr\/wp-json\/wp\/v2\/media?parent=12475"}],"wp:term":[{"taxonomy":"category","embeddable":true,"href":"https:\/\/www.justiceinfo.net\/fr\/wp-json\/wp\/v2\/categories?post=12475"},{"taxonomy":"post_tag","embeddable":true,"href":"https:\/\/www.justiceinfo.net\/fr\/wp-json\/wp\/v2\/tags?post=12475"},{"taxonomy":"ji_location","embeddable":true,"href":"https:\/\/www.justiceinfo.net\/fr\/wp-json\/wp\/v2\/ji_location?post=12475"}],"curies":[{"name":"wp","href":"https:\/\/api.w.org\/{rel}","templated":true}]}}