{"id":12477,"date":"2010-10-27T00:00:00","date_gmt":"2010-10-26T22:00:00","guid":{"rendered":"https:\/\/www.justiceinfo.net\/12477-271010-tpircondamnes-bagaragaza-deuxieme-condamne-du-tpir-accueilli-en-europe-analyse9285.html"},"modified":"2010-10-27T00:00:00","modified_gmt":"2010-10-26T22:00:00","slug":"271010-tpircondamnes-bagaragaza-deuxieme-condamne-du-tpir-accueilli-en-europe-analyse9285","status":"publish","type":"post","link":"https:\/\/www.justiceinfo.net\/fr\/12477-271010-tpircondamnes-bagaragaza-deuxieme-condamne-du-tpir-accueilli-en-europe-analyse9285.html","title":{"rendered":"27.10.10 - TPIR\/CONDAMNES - BAGARAGAZA, DEUXIEME CONDAMNE DU TPIR ACCUEILLI EN EUROPE (ANALYSE)"},"content":{"rendered":"<p>Arusha, 27 octobre 2011 (FH) - Parent de l'ex-pr&eacute;sident Juv&eacute;nal Habyarimana et ancien patron de la fili&egrave;re th&eacute; au Rwanda, Michel Bagaragaza est le deuxi&egrave;me condamn&eacute; du Tribunal p&eacute;nal international pour le Rwanda (TPIR) &agrave; &ecirc;tre envoy&eacute; purger le restant de sa peine dans une prison europ&eacute;enne.<br \/>\n<!--more--><\/p>\n<p >\n<p >\nLe 19 juillet, dans le plus grand secret, l'ancien responsable &eacute;conomique a &eacute;t&eacute; transf&eacute;r&eacute; dans un p&eacute;nitencier su&eacute;dois, a r&eacute;v&eacute;l&eacute; mardi &agrave; l'agence Hirondelle, le porte-parole du TPIR, Roland Amoussouga.\n<\/p>\n<p >\nLa Su&egrave;de fait partie des pays ayant sign&eacute; avec les Nations Unies l'accord sur l'ex&eacute;cution des peines du TPIR.\n<\/p>\n<p >\nLe premier condamn&eacute; du tribunal &agrave; avoir &eacute;t&eacute; admis dans un centre de d&eacute;tention en Europe est Georges Ruggiu, seul non Rwandais &agrave; avoir &eacute;t&eacute; inculp&eacute; par cette juridiction des Nations Unies.\n<\/p>\n<p >\nCet ancien animateur italo-belge de la tristement c&eacute;l&egrave;bre Radio-t&eacute;l&eacute;vision libre des mille collines (RTLM) avait &eacute;t&eacute; condamn&eacute; &agrave; 12 ans de prison le 1er&nbsp;juin 2000, apr&egrave;s avoir plaid&eacute; coupable d'incitation directe et publique &agrave; commettre le g&eacute;nocide et de pers&eacute;cution, sur les ondes de la RTLM.\n<\/p>\n<p >\nA Arusha, il vivait &agrave; l'&eacute;cart des autres d&eacute;tenus, craignant pour sa s&eacute;curit&eacute; apr&egrave;s ses aveux et son t&eacute;moignage contre d'autres accus&eacute;s du TPIR.\n<\/p>\n<p >\nC'est en f&eacute;vrier 2008 qu'il s'&eacute;tait envol&eacute; pour l'Italie &agrave; bord d'un avion de l'arm&eacute;e de l'air de ce pays qui a, comme la Su&egrave;de, sign&eacute; l'accord sur l'ex&eacute;cution des peines.\n<\/p>\n<p >\n<p >\nCet ancien employ&eacute; de la s&eacute;curit&eacute; sociale belge, qui regrette aujourd'hui le jour o&ugrave; il &eacute;choua dans les studios de la RTLM, est actuellement un homme libre apr&egrave;s avoir b&eacute;n&eacute;fici&eacute; d'une lib&eacute;ration anticip&eacute;e le 21 avril 2009, &agrave; l'insu des responsables du TPIR.\n<\/p>\n<p >\n<p >\nCes derniers, sans s'en plaindre publiquement, n'ont pas du tout appr&eacute;ci&eacute; cette d&eacute;cision prise unilat&eacute;ralement par l'Italie, en violation de l'article 27 du statut du TPIR. &laquo; Si le condamn&eacute; peut b&eacute;n&eacute;ficier d'une gr&acirc;ce ou d'une commutation de peine en vertu des lois de l'Etat dans lequel il est emprisonn&eacute;, cet Etat en avise le tribunal&quot;, stipule l'article. &laquo; Une gr&acirc;ce ou une commutation de peine n'est accord&eacute;e que si le pr&eacute;sident (du TPIR), en consultation avec les juges, en d&eacute;cide ainsi dans l'int&eacute;r&ecirc;t de la justice et sur la base des principes g&eacute;n&eacute;raux du droit &raquo;, ajoute le texte.\n<\/p>\n<p >\nLe cas de Michel Bagaragaza ressemble, par au moins deux points, &agrave; celui de Georges Ruggiu. L'ancien chef de la production et de la commercialisation du th&eacute;, principale culture rwandaise&nbsp; d'exportation avec le caf&eacute;, avait reconnu sa responsabilit&eacute; et charg&eacute; d'autres accus&eacute;s dont Protais Zigiranyirazo, le c&eacute;l&egrave;bre beau-fr&egrave;re de l'ex-pr&eacute;sident Habyarimana, acquitt&eacute; en appel en novembre 2009.\n<\/p>\n<p >\n<p >\nComme Ruggiu, Bagaragaza, qui a avou&eacute; avoir donn&eacute; argent et bi&egrave;re aux miliciens Interahamwe, principaux bras arm&eacute;s du g&eacute;nocide, &eacute;tait d&eacute;tenu &agrave; l'&eacute;cart des anciens poids lourds qu'il c&ocirc;toyait souvent par le pass&eacute; dans les salons hupp&eacute;s de Kigali.\n<\/p>\n<p >\n<p >\nLes craintes pour sa s&eacute;curit&eacute;, Bagaragaza les avait exprim&eacute;es avant m&ecirc;me sa reddition le 15 ao&ucirc;t 2005, raison pour laquelle il avait &eacute;t&eacute; transf&eacute;r&eacute; trois jours plus tard dans un centre de d&eacute;tention &agrave; La Haye, dans le cadre d'un &laquo; arrangement &raquo; avec le bureau du procureur.\n<\/p>\n<p >\n<p >\nHassan Bubacar Jallow, le procureur en chef du TPIR, esp&eacute;rait ainsi pouvoir le faire compara&icirc;tre, en &eacute;change de sa &laquo; collaboration &raquo;, devant un tribunal europ&eacute;en. Mais suite &agrave; l'&eacute;chec des tentatives de le faire juger d'abord en Norv&egrave;ge, puis aux Pays, l'ing&eacute;nieur agronome avait &eacute;t&eacute; renvoy&eacute; malgr&eacute; lui &agrave; Arusha, en mai 2008.\n<\/p>\n<p >\nUne autre clause de &laquo; l'arrangement &raquo; pr&eacute;voyait, en cas d'impossibilit&eacute; de jugement en Europe, la n&eacute;gociation d'un accord de plaidoyer de culpabilit&eacute;. Les deux parties ont ainsi officialis&eacute; leur transaction 17 septembre 2009. Jug&eacute; apr&egrave;s ces aveux, Bagaragaza fut condamn&eacute; le 5 novembre 2009 &agrave; 8 ans d'emprisonnement pour complicit&eacute; de g&eacute;nocide, l'une des peines les moins lourdes que le tribunal ait jamais prononc&eacute;es.\n<\/p>\n<p >\nDe sa nouvelle cellule, il ne manquera certainement pas, s'il ne l'a pas d&eacute;j&agrave; fait, d'adresser aux autorit&eacute;s su&eacute;doises une demande de lib&eacute;ration anticip&eacute;e, en se fondant notamment sur le cas de Ruggiu qui fera jurisprudence.\n<\/p>\n<p >\n<p >\nER\/GF\n<\/p>\n<p>\n&copy; Agence Hirondelle<\/p>\n","protected":false},"excerpt":{"rendered":"<p>Arusha, 27 octobre 2011 (FH) - Parent de l'ex-pr&eacute;sident Juv&eacute;nal Habyarimana et ancien patron de la fili&egrave;re th&eacute; au Rwanda, Michel Bagaragaza est le deuxi&egrave;me condamn&eacute; du Tribunal p&eacute;nal international pour le Rwanda (TPIR) &agrave; &ecirc;tre envoy&eacute; purger le restant de sa peine dans une prison europ&eacute;enne.<\/p>\n","protected":false},"author":64,"featured_media":0,"comment_status":"open","ping_status":"closed","sticky":false,"template":"","format":"standard","meta":{"_acf_changed":false,"footnotes":""},"categories":[554],"tags":[],"ji_location":[],"class_list":["post-12477","post","type-post","status-publish","format-standard","hentry","category-hirondellenews"],"acf":[],"yoast_head":"<!-- This site is optimized with the Yoast SEO Premium plugin v25.3.1 (Yoast SEO v25.3.1) - https:\/\/yoast.com\/wordpress\/plugins\/seo\/ -->\n<title>27.10.10 - TPIR\/CONDAMNES - BAGARAGAZA, DEUXIEME CONDAMNE DU TPIR ACCUEILLI EN EUROPE (ANALYSE) - JusticeInfo.net<\/title>\n<meta name=\"robots\" content=\"index, follow, max-snippet:-1, max-image-preview:large, max-video-preview:-1\" \/>\n<link rel=\"canonical\" href=\"https:\/\/www.justiceinfo.net\/fr\/12477-271010-tpircondamnes-bagaragaza-deuxieme-condamne-du-tpir-accueilli-en-europe-analyse9285.html\" \/>\n<meta property=\"og:locale\" content=\"fr_FR\" \/>\n<meta property=\"og:type\" content=\"article\" \/>\n<meta property=\"og:title\" content=\"27.10.10 - TPIR\/CONDAMNES - BAGARAGAZA, DEUXIEME CONDAMNE DU TPIR ACCUEILLI EN EUROPE (ANALYSE)\" \/>\n<meta property=\"og:description\" content=\"Arusha, 27 octobre 2011 (FH) - Parent de l&#039;ex-pr&eacute;sident Juv&eacute;nal Habyarimana et ancien patron de la fili&egrave;re th&eacute; au Rwanda, Michel Bagaragaza est le deuxi&egrave;me condamn&eacute; du Tribunal p&eacute;nal international pour le Rwanda (TPIR) &agrave; &ecirc;tre envoy&eacute; purger le restant de sa peine dans une prison europ&eacute;enne.\" \/>\n<meta property=\"og:url\" content=\"https:\/\/www.justiceinfo.net\/fr\/12477-271010-tpircondamnes-bagaragaza-deuxieme-condamne-du-tpir-accueilli-en-europe-analyse9285.html\" \/>\n<meta property=\"og:site_name\" content=\"JusticeInfo.net\" \/>\n<meta property=\"article:publisher\" content=\"https:\/\/www.facebook.com\/JusticeInfo\/\" \/>\n<meta property=\"article:published_time\" content=\"2010-10-26T22:00:00+00:00\" \/>\n<meta property=\"og:image\" content=\"https:\/\/www.justiceinfo.net\/wp-content\/uploads\/JusticeInfoNet_logo_1200x630px.jpg\" \/>\n\t<meta property=\"og:image:width\" content=\"1200\" \/>\n\t<meta property=\"og:image:height\" content=\"630\" \/>\n\t<meta property=\"og:image:type\" content=\"image\/jpeg\" \/>\n<meta name=\"author\" content=\"solivri\" \/>\n<meta name=\"twitter:card\" content=\"summary_large_image\" \/>\n<meta name=\"twitter:creator\" content=\"@justiceinfonet\" \/>\n<meta name=\"twitter:site\" content=\"@justiceinfonet\" \/>\n<meta name=\"twitter:label1\" content=\"\u00c9crit par\" \/>\n\t<meta name=\"twitter:data1\" content=\"solivri\" \/>\n\t<meta name=\"twitter:label2\" content=\"Dur\u00e9e de lecture estim\u00e9e\" \/>\n\t<meta name=\"twitter:data2\" content=\"4 minutes\" \/>\n<script type=\"application\/ld+json\" class=\"yoast-schema-graph\">{\"@context\":\"https:\/\/schema.org\",\"@graph\":[{\"@type\":\"NewsArticle\",\"@id\":\"https:\/\/www.justiceinfo.net\/fr\/12477-271010-tpircondamnes-bagaragaza-deuxieme-condamne-du-tpir-accueilli-en-europe-analyse9285.html#article\",\"isPartOf\":{\"@id\":\"https:\/\/www.justiceinfo.net\/fr\/12477-271010-tpircondamnes-bagaragaza-deuxieme-condamne-du-tpir-accueilli-en-europe-analyse9285.html\"},\"author\":{\"name\":\"solivri\",\"@id\":\"https:\/\/www.justiceinfo.net\/fr#\/schema\/person\/6e53cba1629e2e66f3fc1821d3091865\"},\"headline\":\"27.10.10 - TPIR\/CONDAMNES - BAGARAGAZA, DEUXIEME CONDAMNE DU TPIR ACCUEILLI EN EUROPE (ANALYSE)\",\"datePublished\":\"2010-10-26T22:00:00+00:00\",\"mainEntityOfPage\":{\"@id\":\"https:\/\/www.justiceinfo.net\/fr\/12477-271010-tpircondamnes-bagaragaza-deuxieme-condamne-du-tpir-accueilli-en-europe-analyse9285.html\"},\"wordCount\":947,\"commentCount\":0,\"publisher\":{\"@id\":\"https:\/\/www.justiceinfo.net\/fr#organization\"},\"articleSection\":[\"Hirondelle News\"],\"inLanguage\":\"fr-FR\",\"potentialAction\":[{\"@type\":\"CommentAction\",\"name\":\"Comment\",\"target\":[\"https:\/\/www.justiceinfo.net\/fr\/12477-271010-tpircondamnes-bagaragaza-deuxieme-condamne-du-tpir-accueilli-en-europe-analyse9285.html#respond\"]}]},{\"@type\":\"WebPage\",\"@id\":\"https:\/\/www.justiceinfo.net\/fr\/12477-271010-tpircondamnes-bagaragaza-deuxieme-condamne-du-tpir-accueilli-en-europe-analyse9285.html\",\"url\":\"https:\/\/www.justiceinfo.net\/fr\/12477-271010-tpircondamnes-bagaragaza-deuxieme-condamne-du-tpir-accueilli-en-europe-analyse9285.html\",\"name\":\"27.10.10 - TPIR\/CONDAMNES - BAGARAGAZA, DEUXIEME CONDAMNE DU TPIR ACCUEILLI EN EUROPE (ANALYSE) - JusticeInfo.net\",\"isPartOf\":{\"@id\":\"https:\/\/www.justiceinfo.net\/fr#website\"},\"datePublished\":\"2010-10-26T22:00:00+00:00\",\"breadcrumb\":{\"@id\":\"https:\/\/www.justiceinfo.net\/fr\/12477-271010-tpircondamnes-bagaragaza-deuxieme-condamne-du-tpir-accueilli-en-europe-analyse9285.html#breadcrumb\"},\"inLanguage\":\"fr-FR\",\"potentialAction\":[{\"@type\":\"ReadAction\",\"target\":[\"https:\/\/www.justiceinfo.net\/fr\/12477-271010-tpircondamnes-bagaragaza-deuxieme-condamne-du-tpir-accueilli-en-europe-analyse9285.html\"]}]},{\"@type\":\"BreadcrumbList\",\"@id\":\"https:\/\/www.justiceinfo.net\/fr\/12477-271010-tpircondamnes-bagaragaza-deuxieme-condamne-du-tpir-accueilli-en-europe-analyse9285.html#breadcrumb\",\"itemListElement\":[{\"@type\":\"ListItem\",\"position\":1,\"name\":\"Home\",\"item\":\"https:\/\/www.justiceinfo.net\/fr\"},{\"@type\":\"ListItem\",\"position\":2,\"name\":\"27.10.10 - TPIR\/CONDAMNES - BAGARAGAZA, DEUXIEME CONDAMNE DU TPIR ACCUEILLI EN EUROPE (ANALYSE)\"}]},{\"@type\":\"WebSite\",\"@id\":\"https:\/\/www.justiceinfo.net\/fr#website\",\"url\":\"https:\/\/www.justiceinfo.net\/fr\",\"name\":\"JusticeInfo.net\",\"description\":\"La justice doit \u00eatre vue pour \u00eatre rendue\",\"publisher\":{\"@id\":\"https:\/\/www.justiceinfo.net\/fr#organization\"},\"potentialAction\":[{\"@type\":\"SearchAction\",\"target\":{\"@type\":\"EntryPoint\",\"urlTemplate\":\"https:\/\/www.justiceinfo.net\/fr?s={search_term_string}\"},\"query-input\":{\"@type\":\"PropertyValueSpecification\",\"valueRequired\":true,\"valueName\":\"search_term_string\"}}],\"inLanguage\":\"fr-FR\"},{\"@type\":\"Organization\",\"@id\":\"https:\/\/www.justiceinfo.net\/fr#organization\",\"name\":\"Justice Info\",\"url\":\"https:\/\/www.justiceinfo.net\/fr\",\"logo\":{\"@type\":\"ImageObject\",\"inLanguage\":\"fr-FR\",\"@id\":\"https:\/\/www.justiceinfo.net\/fr#\/schema\/logo\/image\/\",\"url\":\"https:\/\/www.justiceinfo.net\/wp-content\/uploads\/justiceinfo_logo-trans_1200x1200px.png\",\"contentUrl\":\"https:\/\/www.justiceinfo.net\/wp-content\/uploads\/justiceinfo_logo-trans_1200x1200px.png\",\"width\":1199,\"height\":1200,\"caption\":\"Justice Info\"},\"image\":{\"@id\":\"https:\/\/www.justiceinfo.net\/fr#\/schema\/logo\/image\/\"},\"sameAs\":[\"https:\/\/www.facebook.com\/JusticeInfo\/\",\"https:\/\/x.com\/justiceinfonet\",\"https:\/\/www.linkedin.com\/company\/justice-info\",\"https:\/\/www.youtube.com\/channel\/UCyCEsARodyuWtkWyhn-e7pA\"]},{\"@type\":\"Person\",\"name\":\"solivri\",\"url\":\"\/fr\/?s=solivri\"}]}<\/script>\n<!-- \/ Yoast SEO Premium plugin. -->","yoast_head_json":{"title":"27.10.10 - TPIR\/CONDAMNES - BAGARAGAZA, DEUXIEME CONDAMNE DU TPIR ACCUEILLI EN EUROPE (ANALYSE) - JusticeInfo.net","robots":{"index":"index","follow":"follow","max-snippet":"max-snippet:-1","max-image-preview":"max-image-preview:large","max-video-preview":"max-video-preview:-1"},"canonical":"https:\/\/www.justiceinfo.net\/fr\/12477-271010-tpircondamnes-bagaragaza-deuxieme-condamne-du-tpir-accueilli-en-europe-analyse9285.html","og_locale":"fr_FR","og_type":"article","og_title":"27.10.10 - TPIR\/CONDAMNES - BAGARAGAZA, DEUXIEME CONDAMNE DU TPIR ACCUEILLI EN EUROPE (ANALYSE)","og_description":"Arusha, 27 octobre 2011 (FH) - Parent de l'ex-pr&eacute;sident Juv&eacute;nal Habyarimana et ancien patron de la fili&egrave;re th&eacute; au Rwanda, Michel Bagaragaza est le deuxi&egrave;me condamn&eacute; du Tribunal p&eacute;nal international pour le Rwanda (TPIR) &agrave; &ecirc;tre envoy&eacute; purger le restant de sa peine dans une prison europ&eacute;enne.","og_url":"https:\/\/www.justiceinfo.net\/fr\/12477-271010-tpircondamnes-bagaragaza-deuxieme-condamne-du-tpir-accueilli-en-europe-analyse9285.html","og_site_name":"JusticeInfo.net","article_publisher":"https:\/\/www.facebook.com\/JusticeInfo\/","article_published_time":"2010-10-26T22:00:00+00:00","og_image":[{"width":1200,"height":630,"url":"https:\/\/www.justiceinfo.net\/wp-content\/uploads\/JusticeInfoNet_logo_1200x630px.jpg","type":"image\/jpeg"}],"author":"solivri","twitter_card":"summary_large_image","twitter_creator":"@justiceinfonet","twitter_site":"@justiceinfonet","twitter_misc":{"\u00c9crit par":"solivri","Dur\u00e9e de lecture estim\u00e9e":"4 minutes"},"schema":{"@context":"https:\/\/schema.org","@graph":[{"@type":"NewsArticle","@id":"https:\/\/www.justiceinfo.net\/fr\/12477-271010-tpircondamnes-bagaragaza-deuxieme-condamne-du-tpir-accueilli-en-europe-analyse9285.html#article","isPartOf":{"@id":"https:\/\/www.justiceinfo.net\/fr\/12477-271010-tpircondamnes-bagaragaza-deuxieme-condamne-du-tpir-accueilli-en-europe-analyse9285.html"},"author":{"name":"solivri","@id":"https:\/\/www.justiceinfo.net\/fr#\/schema\/person\/6e53cba1629e2e66f3fc1821d3091865"},"headline":"27.10.10 - TPIR\/CONDAMNES - BAGARAGAZA, DEUXIEME CONDAMNE DU TPIR ACCUEILLI EN EUROPE (ANALYSE)","datePublished":"2010-10-26T22:00:00+00:00","mainEntityOfPage":{"@id":"https:\/\/www.justiceinfo.net\/fr\/12477-271010-tpircondamnes-bagaragaza-deuxieme-condamne-du-tpir-accueilli-en-europe-analyse9285.html"},"wordCount":947,"commentCount":0,"publisher":{"@id":"https:\/\/www.justiceinfo.net\/fr#organization"},"articleSection":["Hirondelle News"],"inLanguage":"fr-FR","potentialAction":[{"@type":"CommentAction","name":"Comment","target":["https:\/\/www.justiceinfo.net\/fr\/12477-271010-tpircondamnes-bagaragaza-deuxieme-condamne-du-tpir-accueilli-en-europe-analyse9285.html#respond"]}]},{"@type":"WebPage","@id":"https:\/\/www.justiceinfo.net\/fr\/12477-271010-tpircondamnes-bagaragaza-deuxieme-condamne-du-tpir-accueilli-en-europe-analyse9285.html","url":"https:\/\/www.justiceinfo.net\/fr\/12477-271010-tpircondamnes-bagaragaza-deuxieme-condamne-du-tpir-accueilli-en-europe-analyse9285.html","name":"27.10.10 - TPIR\/CONDAMNES - BAGARAGAZA, DEUXIEME CONDAMNE DU TPIR ACCUEILLI EN EUROPE (ANALYSE) - JusticeInfo.net","isPartOf":{"@id":"https:\/\/www.justiceinfo.net\/fr#website"},"datePublished":"2010-10-26T22:00:00+00:00","breadcrumb":{"@id":"https:\/\/www.justiceinfo.net\/fr\/12477-271010-tpircondamnes-bagaragaza-deuxieme-condamne-du-tpir-accueilli-en-europe-analyse9285.html#breadcrumb"},"inLanguage":"fr-FR","potentialAction":[{"@type":"ReadAction","target":["https:\/\/www.justiceinfo.net\/fr\/12477-271010-tpircondamnes-bagaragaza-deuxieme-condamne-du-tpir-accueilli-en-europe-analyse9285.html"]}]},{"@type":"BreadcrumbList","@id":"https:\/\/www.justiceinfo.net\/fr\/12477-271010-tpircondamnes-bagaragaza-deuxieme-condamne-du-tpir-accueilli-en-europe-analyse9285.html#breadcrumb","itemListElement":[{"@type":"ListItem","position":1,"name":"Home","item":"https:\/\/www.justiceinfo.net\/fr"},{"@type":"ListItem","position":2,"name":"27.10.10 - TPIR\/CONDAMNES - BAGARAGAZA, DEUXIEME CONDAMNE DU TPIR ACCUEILLI EN EUROPE (ANALYSE)"}]},{"@type":"WebSite","@id":"https:\/\/www.justiceinfo.net\/fr#website","url":"https:\/\/www.justiceinfo.net\/fr","name":"JusticeInfo.net","description":"La justice doit \u00eatre vue pour \u00eatre rendue","publisher":{"@id":"https:\/\/www.justiceinfo.net\/fr#organization"},"potentialAction":[{"@type":"SearchAction","target":{"@type":"EntryPoint","urlTemplate":"https:\/\/www.justiceinfo.net\/fr?s={search_term_string}"},"query-input":{"@type":"PropertyValueSpecification","valueRequired":true,"valueName":"search_term_string"}}],"inLanguage":"fr-FR"},{"@type":"Organization","@id":"https:\/\/www.justiceinfo.net\/fr#organization","name":"Justice Info","url":"https:\/\/www.justiceinfo.net\/fr","logo":{"@type":"ImageObject","inLanguage":"fr-FR","@id":"https:\/\/www.justiceinfo.net\/fr#\/schema\/logo\/image\/","url":"https:\/\/www.justiceinfo.net\/wp-content\/uploads\/justiceinfo_logo-trans_1200x1200px.png","contentUrl":"https:\/\/www.justiceinfo.net\/wp-content\/uploads\/justiceinfo_logo-trans_1200x1200px.png","width":1199,"height":1200,"caption":"Justice Info"},"image":{"@id":"https:\/\/www.justiceinfo.net\/fr#\/schema\/logo\/image\/"},"sameAs":["https:\/\/www.facebook.com\/JusticeInfo\/","https:\/\/x.com\/justiceinfonet","https:\/\/www.linkedin.com\/company\/justice-info","https:\/\/www.youtube.com\/channel\/UCyCEsARodyuWtkWyhn-e7pA"]},{"@type":"Person","name":"solivri","url":"\/fr\/?s=solivri"}]}},"_links":{"self":[{"href":"https:\/\/www.justiceinfo.net\/fr\/wp-json\/wp\/v2\/posts\/12477","targetHints":{"allow":["GET"]}}],"collection":[{"href":"https:\/\/www.justiceinfo.net\/fr\/wp-json\/wp\/v2\/posts"}],"about":[{"href":"https:\/\/www.justiceinfo.net\/fr\/wp-json\/wp\/v2\/types\/post"}],"author":[{"embeddable":true,"href":"https:\/\/www.justiceinfo.net\/fr\/wp-json\/wp\/v2\/users\/64"}],"replies":[{"embeddable":true,"href":"https:\/\/www.justiceinfo.net\/fr\/wp-json\/wp\/v2\/comments?post=12477"}],"version-history":[{"count":0,"href":"https:\/\/www.justiceinfo.net\/fr\/wp-json\/wp\/v2\/posts\/12477\/revisions"}],"wp:attachment":[{"href":"https:\/\/www.justiceinfo.net\/fr\/wp-json\/wp\/v2\/media?parent=12477"}],"wp:term":[{"taxonomy":"category","embeddable":true,"href":"https:\/\/www.justiceinfo.net\/fr\/wp-json\/wp\/v2\/categories?post=12477"},{"taxonomy":"post_tag","embeddable":true,"href":"https:\/\/www.justiceinfo.net\/fr\/wp-json\/wp\/v2\/tags?post=12477"},{"taxonomy":"ji_location","embeddable":true,"href":"https:\/\/www.justiceinfo.net\/fr\/wp-json\/wp\/v2\/ji_location?post=12477"}],"curies":[{"name":"wp","href":"https:\/\/api.w.org\/{rel}","templated":true}]}}