{"id":12507,"date":"2010-11-09T00:00:00","date_gmt":"2010-11-08T23:00:00","guid":{"rendered":"https:\/\/www.justiceinfo.net\/12507-091110-tpirkaremera-le-president-des-interahamwe-l-travaillait-pour-r-le-fpr-temoin9315.html"},"modified":"2010-11-09T00:00:00","modified_gmt":"2010-11-08T23:00:00","slug":"091110-tpirkaremera-le-president-des-interahamwe-l-travaillait-pour-r-le-fpr-temoin9315","status":"publish","type":"post","link":"https:\/\/www.justiceinfo.net\/fr\/12507-091110-tpirkaremera-le-president-des-interahamwe-l-travaillait-pour-r-le-fpr-temoin9315.html","title":{"rendered":"09.11.10 - TPIR\/KAREMERA - LE PRESIDENT DES INTERAHAMWE \u00ab TRAVAILLAIT POUR \u00bb LE FPR (TEMOIN)"},"content":{"rendered":"<p >\nArusha, 9 novembre 2010 (FH) - Un ancien membre du Front patriotique rwandais (FPR) actuellement en exil a affirm&eacute; mardi devant le Tribunal p&eacute;nal international pour le Rwanda (TPIR) que l'ancien pr&eacute;sident de la milice Interahamwe, Robert Kajuga, &laquo; travaillait pour &raquo; l'ex-r&eacute;bellion actuellement au pouvoir.\n<\/p>\n<p><!--more--><\/p>\n<p>\nLes Interahamwe furent les principaux bras arm&eacute;s du g&eacute;nocide des Tutsis de 1994.\n<\/p>\n<p >\n<p >\nPr&eacute;sident national de la milice, Robert Kajuga, aujourd'hui d&eacute;c&eacute;d&eacute;, &laquo; travaillait pour nous, comme d'autres membres des Interahamwe &raquo;, a affirm&eacute; Aloys Ruyenzi, pr&eacute;cisant qu'il portait le grade de caporal au sein de la r&eacute;bellion durant la p&eacute;riode d'avril 1992 &agrave; avril 1994.&nbsp;&nbsp;&nbsp;&nbsp;&nbsp;&nbsp;&nbsp;&nbsp;&nbsp;&nbsp;&nbsp;&nbsp;\n<\/p>\n<p >\nSelon le t&eacute;moin, Kajuga - r&eacute;put&eacute; tutsi- et certains de ses hommes commettaient des crimes dont la responsabilit&eacute; &eacute;tait ensuite rejet&eacute;e sur la partie gouvernementale.\n<\/p>\n<p >\n<p >\nRuyenzi d&eacute;posait &agrave; la demande de l'ex-pr&eacute;sident du MRND Mathieu Ngirumpatse jug&eacute; avec Edouard Karemera, ancien vice-pr&eacute;sident de cet ex- parti pr&eacute;sidentiel. Les deux hommes r&eacute;pondent notamment de crimes commis par des membres de leur formation politique, en particulier, les jeunes - les fameux Interahamwe du MRND.\n<\/p>\n<p >\n<p >\n&laquo; Vous ne pouvez pas pr&eacute;tendre conna&icirc;tre mieux que moi le fonctionnement du FPR &raquo;, a insist&eacute; le t&eacute;moin, ajoutant qu'il faisait partie, &agrave; l'&eacute;poque, de la garde rapproch&eacute;e de l'actuel pr&eacute;sident Paul Kagame, alors num&eacute;ro un de la branche arm&eacute;e du FPR.\n<\/p>\n<p >\n<p >\nInterrog&eacute; par Don Webster du bureau du procureur sur la nature exacte des crimes commis par Kajuga dans le cadre de sa collaboration all&eacute;gu&eacute;e avec les rebelles, il a r&eacute;pondu : &laquo; Je sais qu'il travaillait pour nous ; ce qu'il faisait, c'est ce que faisaient nos combattants qui avaient infiltr&eacute; le pays au-del&agrave; des lignes gouvernementales : des actes criminels &raquo;.\n<\/p>\n<p >\n<p >\nRuyenzi avait &eacute;t&eacute; l'un des t&eacute;moins de l'enqu&ecirc;te du juge fran&ccedil;ais Jean-Louis Brugui&egrave;re qui avait abouti en 2006 &agrave; l'&eacute;mission de mandats d'arr&ecirc;t contre neuf proches du pr&eacute;sident Kagame, accus&eacute;s d'avoir jou&eacute; un r&ocirc;le dans l'attentat contre l'avion du pr&eacute;sident Juv&eacute;nal Habyarimana, dont l'&eacute;quipage &eacute;tait fran&ccedil;ais.\n<\/p>\n<p >\n<p >\nSuite &agrave; ces mises en accusation, Kigali avait rompu les relations diplomatiques avec Paris, qui ont &eacute;t&eacute; r&eacute;tablies fin 2009.\n<\/p>\n<p >\n<p >\nLe juge anti-terroriste fran&ccedil;ais Marc Tr&eacute;vidic enqu&ecirc;te de nouveau sur cet attentat dont une commission rwandaise a d&eacute;j&agrave; imput&eacute; &agrave; la responsabilit&eacute; &agrave; des proches d'Habyarimana.\n<\/p>\n<p >\n<p >\nER\/GF\n<\/p>\n<p >\n<p>\n&copy; Agence Hirondelle<\/p>\n","protected":false},"excerpt":{"rendered":"<p>Arusha, 9 novembre 2010 (FH) - Un ancien membre du Front patriotique rwandais (FPR) actuellement en exil a affirm&eacute; mardi devant le Tribunal p&eacute;nal international pour le Rwanda (TPIR) que l'ancien pr&eacute;sident de la milice Interahamwe, Robert Kajuga, &laquo; travaillait pour &raquo; l'ex-r&eacute;bellion actuellement au pouvoir.<\/p>\n","protected":false},"author":64,"featured_media":0,"comment_status":"open","ping_status":"closed","sticky":false,"template":"","format":"standard","meta":{"_acf_changed":false,"footnotes":""},"categories":[554],"tags":[],"ji_location":[],"class_list":["post-12507","post","type-post","status-publish","format-standard","hentry","category-hirondellenews"],"acf":[],"yoast_head":"<!-- This site is optimized with the Yoast SEO Premium plugin v25.3.1 (Yoast SEO v25.3.1) - https:\/\/yoast.com\/wordpress\/plugins\/seo\/ -->\n<title>09.11.10 - TPIR\/KAREMERA - LE PRESIDENT DES INTERAHAMWE \u00ab TRAVAILLAIT POUR \u00bb LE FPR (TEMOIN) - JusticeInfo.net<\/title>\n<meta name=\"robots\" content=\"index, follow, max-snippet:-1, max-image-preview:large, max-video-preview:-1\" \/>\n<link rel=\"canonical\" href=\"https:\/\/www.justiceinfo.net\/fr\/12507-091110-tpirkaremera-le-president-des-interahamwe-l-travaillait-pour-r-le-fpr-temoin9315.html\" \/>\n<meta property=\"og:locale\" content=\"fr_FR\" \/>\n<meta property=\"og:type\" content=\"article\" \/>\n<meta property=\"og:title\" content=\"09.11.10 - TPIR\/KAREMERA - LE PRESIDENT DES INTERAHAMWE \u00ab TRAVAILLAIT POUR \u00bb LE FPR (TEMOIN)\" \/>\n<meta property=\"og:description\" content=\"Arusha, 9 novembre 2010 (FH) - Un ancien membre du Front patriotique rwandais (FPR) actuellement en exil a affirm&eacute; mardi devant le Tribunal p&eacute;nal international pour le Rwanda (TPIR) que l&#039;ancien pr&eacute;sident de la milice Interahamwe, Robert Kajuga, &laquo; travaillait pour &raquo; l&#039;ex-r&eacute;bellion actuellement au pouvoir.\" \/>\n<meta property=\"og:url\" content=\"https:\/\/www.justiceinfo.net\/fr\/12507-091110-tpirkaremera-le-president-des-interahamwe-l-travaillait-pour-r-le-fpr-temoin9315.html\" \/>\n<meta property=\"og:site_name\" content=\"JusticeInfo.net\" \/>\n<meta property=\"article:publisher\" content=\"https:\/\/www.facebook.com\/JusticeInfo\/\" \/>\n<meta property=\"article:published_time\" content=\"2010-11-08T23:00:00+00:00\" \/>\n<meta property=\"og:image\" content=\"https:\/\/www.justiceinfo.net\/wp-content\/uploads\/JusticeInfoNet_logo_1200x630px.jpg\" \/>\n\t<meta property=\"og:image:width\" content=\"1200\" \/>\n\t<meta property=\"og:image:height\" content=\"630\" \/>\n\t<meta property=\"og:image:type\" content=\"image\/jpeg\" \/>\n<meta name=\"author\" content=\"solivri\" \/>\n<meta name=\"twitter:card\" content=\"summary_large_image\" \/>\n<meta name=\"twitter:creator\" content=\"@justiceinfonet\" \/>\n<meta name=\"twitter:site\" content=\"@justiceinfonet\" \/>\n<meta name=\"twitter:label1\" content=\"\u00c9crit par\" \/>\n\t<meta name=\"twitter:data1\" content=\"solivri\" \/>\n\t<meta name=\"twitter:label2\" content=\"Dur\u00e9e de lecture estim\u00e9e\" \/>\n\t<meta name=\"twitter:data2\" content=\"2 minutes\" \/>\n<script type=\"application\/ld+json\" class=\"yoast-schema-graph\">{\"@context\":\"https:\/\/schema.org\",\"@graph\":[{\"@type\":\"NewsArticle\",\"@id\":\"https:\/\/www.justiceinfo.net\/fr\/12507-091110-tpirkaremera-le-president-des-interahamwe-l-travaillait-pour-r-le-fpr-temoin9315.html#article\",\"isPartOf\":{\"@id\":\"https:\/\/www.justiceinfo.net\/fr\/12507-091110-tpirkaremera-le-president-des-interahamwe-l-travaillait-pour-r-le-fpr-temoin9315.html\"},\"author\":{\"name\":\"solivri\",\"@id\":\"https:\/\/www.justiceinfo.net\/fr#\/schema\/person\/6e53cba1629e2e66f3fc1821d3091865\"},\"headline\":\"09.11.10 - TPIR\/KAREMERA - LE PRESIDENT DES INTERAHAMWE \u00ab TRAVAILLAIT POUR \u00bb LE FPR (TEMOIN)\",\"datePublished\":\"2010-11-08T23:00:00+00:00\",\"mainEntityOfPage\":{\"@id\":\"https:\/\/www.justiceinfo.net\/fr\/12507-091110-tpirkaremera-le-president-des-interahamwe-l-travaillait-pour-r-le-fpr-temoin9315.html\"},\"wordCount\":526,\"commentCount\":0,\"publisher\":{\"@id\":\"https:\/\/www.justiceinfo.net\/fr#organization\"},\"articleSection\":[\"Hirondelle News\"],\"inLanguage\":\"fr-FR\",\"potentialAction\":[{\"@type\":\"CommentAction\",\"name\":\"Comment\",\"target\":[\"https:\/\/www.justiceinfo.net\/fr\/12507-091110-tpirkaremera-le-president-des-interahamwe-l-travaillait-pour-r-le-fpr-temoin9315.html#respond\"]}]},{\"@type\":\"WebPage\",\"@id\":\"https:\/\/www.justiceinfo.net\/fr\/12507-091110-tpirkaremera-le-president-des-interahamwe-l-travaillait-pour-r-le-fpr-temoin9315.html\",\"url\":\"https:\/\/www.justiceinfo.net\/fr\/12507-091110-tpirkaremera-le-president-des-interahamwe-l-travaillait-pour-r-le-fpr-temoin9315.html\",\"name\":\"09.11.10 - TPIR\/KAREMERA - LE PRESIDENT DES INTERAHAMWE \u00ab TRAVAILLAIT POUR \u00bb LE FPR (TEMOIN) - JusticeInfo.net\",\"isPartOf\":{\"@id\":\"https:\/\/www.justiceinfo.net\/fr#website\"},\"datePublished\":\"2010-11-08T23:00:00+00:00\",\"breadcrumb\":{\"@id\":\"https:\/\/www.justiceinfo.net\/fr\/12507-091110-tpirkaremera-le-president-des-interahamwe-l-travaillait-pour-r-le-fpr-temoin9315.html#breadcrumb\"},\"inLanguage\":\"fr-FR\",\"potentialAction\":[{\"@type\":\"ReadAction\",\"target\":[\"https:\/\/www.justiceinfo.net\/fr\/12507-091110-tpirkaremera-le-president-des-interahamwe-l-travaillait-pour-r-le-fpr-temoin9315.html\"]}]},{\"@type\":\"BreadcrumbList\",\"@id\":\"https:\/\/www.justiceinfo.net\/fr\/12507-091110-tpirkaremera-le-president-des-interahamwe-l-travaillait-pour-r-le-fpr-temoin9315.html#breadcrumb\",\"itemListElement\":[{\"@type\":\"ListItem\",\"position\":1,\"name\":\"Home\",\"item\":\"https:\/\/www.justiceinfo.net\/fr\"},{\"@type\":\"ListItem\",\"position\":2,\"name\":\"09.11.10 - TPIR\/KAREMERA - LE PRESIDENT DES INTERAHAMWE \u00ab TRAVAILLAIT POUR \u00bb LE FPR (TEMOIN)\"}]},{\"@type\":\"WebSite\",\"@id\":\"https:\/\/www.justiceinfo.net\/fr#website\",\"url\":\"https:\/\/www.justiceinfo.net\/fr\",\"name\":\"JusticeInfo.net\",\"description\":\"La justice doit \u00eatre vue pour \u00eatre rendue\",\"publisher\":{\"@id\":\"https:\/\/www.justiceinfo.net\/fr#organization\"},\"potentialAction\":[{\"@type\":\"SearchAction\",\"target\":{\"@type\":\"EntryPoint\",\"urlTemplate\":\"https:\/\/www.justiceinfo.net\/fr?s={search_term_string}\"},\"query-input\":{\"@type\":\"PropertyValueSpecification\",\"valueRequired\":true,\"valueName\":\"search_term_string\"}}],\"inLanguage\":\"fr-FR\"},{\"@type\":\"Organization\",\"@id\":\"https:\/\/www.justiceinfo.net\/fr#organization\",\"name\":\"Justice Info\",\"url\":\"https:\/\/www.justiceinfo.net\/fr\",\"logo\":{\"@type\":\"ImageObject\",\"inLanguage\":\"fr-FR\",\"@id\":\"https:\/\/www.justiceinfo.net\/fr#\/schema\/logo\/image\/\",\"url\":\"https:\/\/www.justiceinfo.net\/wp-content\/uploads\/justiceinfo_logo-trans_1200x1200px.png\",\"contentUrl\":\"https:\/\/www.justiceinfo.net\/wp-content\/uploads\/justiceinfo_logo-trans_1200x1200px.png\",\"width\":1199,\"height\":1200,\"caption\":\"Justice Info\"},\"image\":{\"@id\":\"https:\/\/www.justiceinfo.net\/fr#\/schema\/logo\/image\/\"},\"sameAs\":[\"https:\/\/www.facebook.com\/JusticeInfo\/\",\"https:\/\/x.com\/justiceinfonet\",\"https:\/\/www.linkedin.com\/company\/justice-info\",\"https:\/\/www.youtube.com\/channel\/UCyCEsARodyuWtkWyhn-e7pA\"]},{\"@type\":\"Person\",\"name\":\"solivri\",\"url\":\"\/fr\/?s=solivri\"}]}<\/script>\n<!-- \/ Yoast SEO Premium plugin. -->","yoast_head_json":{"title":"09.11.10 - TPIR\/KAREMERA - LE PRESIDENT DES INTERAHAMWE \u00ab TRAVAILLAIT POUR \u00bb LE FPR (TEMOIN) - JusticeInfo.net","robots":{"index":"index","follow":"follow","max-snippet":"max-snippet:-1","max-image-preview":"max-image-preview:large","max-video-preview":"max-video-preview:-1"},"canonical":"https:\/\/www.justiceinfo.net\/fr\/12507-091110-tpirkaremera-le-president-des-interahamwe-l-travaillait-pour-r-le-fpr-temoin9315.html","og_locale":"fr_FR","og_type":"article","og_title":"09.11.10 - TPIR\/KAREMERA - LE PRESIDENT DES INTERAHAMWE \u00ab TRAVAILLAIT POUR \u00bb LE FPR (TEMOIN)","og_description":"Arusha, 9 novembre 2010 (FH) - Un ancien membre du Front patriotique rwandais (FPR) actuellement en exil a affirm&eacute; mardi devant le Tribunal p&eacute;nal international pour le Rwanda (TPIR) que l'ancien pr&eacute;sident de la milice Interahamwe, Robert Kajuga, &laquo; travaillait pour &raquo; l'ex-r&eacute;bellion actuellement au pouvoir.","og_url":"https:\/\/www.justiceinfo.net\/fr\/12507-091110-tpirkaremera-le-president-des-interahamwe-l-travaillait-pour-r-le-fpr-temoin9315.html","og_site_name":"JusticeInfo.net","article_publisher":"https:\/\/www.facebook.com\/JusticeInfo\/","article_published_time":"2010-11-08T23:00:00+00:00","og_image":[{"width":1200,"height":630,"url":"https:\/\/www.justiceinfo.net\/wp-content\/uploads\/JusticeInfoNet_logo_1200x630px.jpg","type":"image\/jpeg"}],"author":"solivri","twitter_card":"summary_large_image","twitter_creator":"@justiceinfonet","twitter_site":"@justiceinfonet","twitter_misc":{"\u00c9crit par":"solivri","Dur\u00e9e de lecture estim\u00e9e":"2 minutes"},"schema":{"@context":"https:\/\/schema.org","@graph":[{"@type":"NewsArticle","@id":"https:\/\/www.justiceinfo.net\/fr\/12507-091110-tpirkaremera-le-president-des-interahamwe-l-travaillait-pour-r-le-fpr-temoin9315.html#article","isPartOf":{"@id":"https:\/\/www.justiceinfo.net\/fr\/12507-091110-tpirkaremera-le-president-des-interahamwe-l-travaillait-pour-r-le-fpr-temoin9315.html"},"author":{"name":"solivri","@id":"https:\/\/www.justiceinfo.net\/fr#\/schema\/person\/6e53cba1629e2e66f3fc1821d3091865"},"headline":"09.11.10 - TPIR\/KAREMERA - LE PRESIDENT DES INTERAHAMWE \u00ab TRAVAILLAIT POUR \u00bb LE FPR (TEMOIN)","datePublished":"2010-11-08T23:00:00+00:00","mainEntityOfPage":{"@id":"https:\/\/www.justiceinfo.net\/fr\/12507-091110-tpirkaremera-le-president-des-interahamwe-l-travaillait-pour-r-le-fpr-temoin9315.html"},"wordCount":526,"commentCount":0,"publisher":{"@id":"https:\/\/www.justiceinfo.net\/fr#organization"},"articleSection":["Hirondelle News"],"inLanguage":"fr-FR","potentialAction":[{"@type":"CommentAction","name":"Comment","target":["https:\/\/www.justiceinfo.net\/fr\/12507-091110-tpirkaremera-le-president-des-interahamwe-l-travaillait-pour-r-le-fpr-temoin9315.html#respond"]}]},{"@type":"WebPage","@id":"https:\/\/www.justiceinfo.net\/fr\/12507-091110-tpirkaremera-le-president-des-interahamwe-l-travaillait-pour-r-le-fpr-temoin9315.html","url":"https:\/\/www.justiceinfo.net\/fr\/12507-091110-tpirkaremera-le-president-des-interahamwe-l-travaillait-pour-r-le-fpr-temoin9315.html","name":"09.11.10 - TPIR\/KAREMERA - LE PRESIDENT DES INTERAHAMWE \u00ab TRAVAILLAIT POUR \u00bb LE FPR (TEMOIN) - JusticeInfo.net","isPartOf":{"@id":"https:\/\/www.justiceinfo.net\/fr#website"},"datePublished":"2010-11-08T23:00:00+00:00","breadcrumb":{"@id":"https:\/\/www.justiceinfo.net\/fr\/12507-091110-tpirkaremera-le-president-des-interahamwe-l-travaillait-pour-r-le-fpr-temoin9315.html#breadcrumb"},"inLanguage":"fr-FR","potentialAction":[{"@type":"ReadAction","target":["https:\/\/www.justiceinfo.net\/fr\/12507-091110-tpirkaremera-le-president-des-interahamwe-l-travaillait-pour-r-le-fpr-temoin9315.html"]}]},{"@type":"BreadcrumbList","@id":"https:\/\/www.justiceinfo.net\/fr\/12507-091110-tpirkaremera-le-president-des-interahamwe-l-travaillait-pour-r-le-fpr-temoin9315.html#breadcrumb","itemListElement":[{"@type":"ListItem","position":1,"name":"Home","item":"https:\/\/www.justiceinfo.net\/fr"},{"@type":"ListItem","position":2,"name":"09.11.10 - TPIR\/KAREMERA - LE PRESIDENT DES INTERAHAMWE \u00ab TRAVAILLAIT POUR \u00bb LE FPR (TEMOIN)"}]},{"@type":"WebSite","@id":"https:\/\/www.justiceinfo.net\/fr#website","url":"https:\/\/www.justiceinfo.net\/fr","name":"JusticeInfo.net","description":"La justice doit \u00eatre vue pour \u00eatre rendue","publisher":{"@id":"https:\/\/www.justiceinfo.net\/fr#organization"},"potentialAction":[{"@type":"SearchAction","target":{"@type":"EntryPoint","urlTemplate":"https:\/\/www.justiceinfo.net\/fr?s={search_term_string}"},"query-input":{"@type":"PropertyValueSpecification","valueRequired":true,"valueName":"search_term_string"}}],"inLanguage":"fr-FR"},{"@type":"Organization","@id":"https:\/\/www.justiceinfo.net\/fr#organization","name":"Justice Info","url":"https:\/\/www.justiceinfo.net\/fr","logo":{"@type":"ImageObject","inLanguage":"fr-FR","@id":"https:\/\/www.justiceinfo.net\/fr#\/schema\/logo\/image\/","url":"https:\/\/www.justiceinfo.net\/wp-content\/uploads\/justiceinfo_logo-trans_1200x1200px.png","contentUrl":"https:\/\/www.justiceinfo.net\/wp-content\/uploads\/justiceinfo_logo-trans_1200x1200px.png","width":1199,"height":1200,"caption":"Justice Info"},"image":{"@id":"https:\/\/www.justiceinfo.net\/fr#\/schema\/logo\/image\/"},"sameAs":["https:\/\/www.facebook.com\/JusticeInfo\/","https:\/\/x.com\/justiceinfonet","https:\/\/www.linkedin.com\/company\/justice-info","https:\/\/www.youtube.com\/channel\/UCyCEsARodyuWtkWyhn-e7pA"]},{"@type":"Person","name":"solivri","url":"\/fr\/?s=solivri"}]}},"_links":{"self":[{"href":"https:\/\/www.justiceinfo.net\/fr\/wp-json\/wp\/v2\/posts\/12507","targetHints":{"allow":["GET"]}}],"collection":[{"href":"https:\/\/www.justiceinfo.net\/fr\/wp-json\/wp\/v2\/posts"}],"about":[{"href":"https:\/\/www.justiceinfo.net\/fr\/wp-json\/wp\/v2\/types\/post"}],"author":[{"embeddable":true,"href":"https:\/\/www.justiceinfo.net\/fr\/wp-json\/wp\/v2\/users\/64"}],"replies":[{"embeddable":true,"href":"https:\/\/www.justiceinfo.net\/fr\/wp-json\/wp\/v2\/comments?post=12507"}],"version-history":[{"count":0,"href":"https:\/\/www.justiceinfo.net\/fr\/wp-json\/wp\/v2\/posts\/12507\/revisions"}],"wp:attachment":[{"href":"https:\/\/www.justiceinfo.net\/fr\/wp-json\/wp\/v2\/media?parent=12507"}],"wp:term":[{"taxonomy":"category","embeddable":true,"href":"https:\/\/www.justiceinfo.net\/fr\/wp-json\/wp\/v2\/categories?post=12507"},{"taxonomy":"post_tag","embeddable":true,"href":"https:\/\/www.justiceinfo.net\/fr\/wp-json\/wp\/v2\/tags?post=12507"},{"taxonomy":"ji_location","embeddable":true,"href":"https:\/\/www.justiceinfo.net\/fr\/wp-json\/wp\/v2\/ji_location?post=12507"}],"curies":[{"name":"wp","href":"https:\/\/api.w.org\/{rel}","templated":true}]}}