{"id":12533,"date":"2010-11-19T00:00:00","date_gmt":"2010-11-18T23:00:00","guid":{"rendered":"https:\/\/www.justiceinfo.net\/12533-191110-cpibemba-le-proces-de-jean-pierre-bemba-debute-lundi-devant-la-cpi9341.html"},"modified":"2010-11-19T00:00:00","modified_gmt":"2010-11-18T23:00:00","slug":"191110-cpibemba-le-proces-de-jean-pierre-bemba-debute-lundi-devant-la-cpi9341","status":"publish","type":"post","link":"https:\/\/www.justiceinfo.net\/fr\/12533-191110-cpibemba-le-proces-de-jean-pierre-bemba-debute-lundi-devant-la-cpi9341.html","title":{"rendered":"19.11.10 - CPI\/BEMBA - LE PROCES DE JEAN-PIERRE BEMBA DEBUTE LUNDI DEVANT LA CPI"},"content":{"rendered":"<p>La Haye, 19 novembre 2010 (FH) - La Cour p&eacute;nale internationale (CPI) ouvrira, lundi, le proc&egrave;s de Jean-Pierre Bemba. Le s&eacute;nateur congolais, pr&eacute;sident du Mouvement pour la lib&eacute;ration du Congo (MLC), l'un des principaux partis d'opposition au r&eacute;gime de Kinshasa, est accus&eacute; de crimes contre l'humanit&eacute; et crimes de guerre pour meurtres, viols et pillage, commis en Centrafrique entre le 26 octobre 2002 et le 15 mars 2003. Arr&ecirc;t&eacute; dans sa r&eacute;sidence en banlieue de Bruxelles, en Belgique, le 24 mai 2008, Jean-Pierre Bemba avait &eacute;t&eacute; transf&eacute;r&eacute; &agrave; la CPI le 3 juillet.<br \/>\n<!--more--><\/p>\n<p >\nLe patron du MLC avait envoy&eacute; ses soldats &agrave; Bangui &agrave; la demande du pr&eacute;sident centrafricain Ange-F&eacute;lix Patass&eacute; pour soutenir le r&eacute;gime, menac&eacute; par la r&eacute;bellion du G&eacute;n&eacute;ral Fran&ccedil;ois Boziz&eacute;, aujourd'hui au pouvoir.\n<\/p>\n<p >\nAnge-F&eacute;lix Patass&eacute; avait fait appel &agrave; de nombreux mercenaires pour tenter de sauver son r&eacute;gime. Mais &agrave; l'exception des hommes du MLC, aucun d'entre eux n'a &eacute;t&eacute; inqui&eacute;t&eacute; par la CPI.\n<\/p>\n<p >\nSelon le procureur, qui a ouvert son enqu&ecirc;te en mai 2007 &agrave; la demande de Bangui, l'appel du pr&eacute;sident centrafricain a permis au MLC de &laquo; faire de la RCA une base arri&egrave;re strat&eacute;gique (...) et d'att&eacute;nuer les risques d'attaques du gouvernement de la RDC contre son mouvement &raquo;.\n<\/p>\n<p >\nEn d&eacute;pit des nombreuses ann&eacute;es de guerre men&eacute;e par le MLC sur le sol congolais, l'accus&eacute; n'est poursuivi que pour les actes criminels qu'auraient commis ses hommes en Centrafrique.\n<\/p>\n<p >\nCes actes portent essentiellement sur les viols commis par les soldats de M. Bemba en Centrafrique et sur sa responsabilit&eacute; en qualit&eacute; de sup&eacute;rieur hi&eacute;rarchique. &laquo; De nombreuses femmes ont contract&eacute; le VIH ou sont tomb&eacute;es enceintes du fait des viols, parfois collectifs &raquo;, selon le procureur, qui devra d&eacute;fendre sa th&egrave;se devant trois juges, trois femmes.\n<\/p>\n<p >\nIl affirme aussi que, en Centrafrique, &laquo; les hommes &eacute;taient &eacute;galement viol&eacute;s dans le cadre d'une tactique d&eacute;lib&eacute;r&eacute;e d'humiliation et afin de d&eacute;montrer leur impuissance &agrave; prot&eacute;ger leur famille &raquo;.&nbsp; &nbsp;\n<\/p>\n<p >\nPour les avocats de Jean-Pierre Bemba, ma&icirc;tre Aim&eacute; Kilolo, du barreau de Bruxelles et ma&icirc;tre Richard Nkwebe Liriss, du barreau de Kinshasa, le proc&egrave;s intent&eacute; contre Jean-Pierre Bemba est politique. &laquo; Pour Kabila [pr&eacute;sident de la RDC], la remise de l'accus&eacute; &agrave; La Haye &eacute;tait la solution id&eacute;ale pour &eacute;viter la perspective d'un futur d&eacute;fi &eacute;lectoral de la part de son ennemi politique &raquo;, estiment-ils.\n<\/p>\n<p >\nAu d&eacute;but de la proc&eacute;dure, le procureur, Luis Moreno Ocampo, avait aussi cibl&eacute; l'ex- pr&eacute;sident Ange-F&eacute;lix Patass&eacute;. Aucun mandat d'arr&ecirc;t n'a cependant &eacute;t&eacute; d&eacute;livr&eacute; contre ce dernier. Aujourd'hui, le procureur affirme ne pas avoir de preuves suffisantes. Rentr&eacute; de son exil au Togo, Ange-F&eacute;lix Patass&eacute; est d&eacute;sormais candidat &agrave; la pr&eacute;sidentielle en Centrafrique, pr&eacute;vue le 23 janvier 2011.\n<\/p>\n<p >\nA l'ouverture du proc&egrave;s, 135 victimes seront repr&eacute;sent&eacute;es &agrave; la Cour. Mais la chambre de premi&egrave;re instance, qui a d&eacute;j&agrave; report&eacute; le proc&egrave;s &agrave; trois reprises, n'a toujours pas r&eacute;pondu aux demandes &eacute;manant de 1200 autres victimes centrafricaines.\n<\/p>\n<p >\nD'autres victimes congolaises avaient demand&eacute; aux juges d'&eacute;tendre les accusations port&eacute;es contre Jean-Pierre Bemba aux crimes commis en 2002, en Ituri, dans l'est de la R&eacute;publique d&eacute;mocratique du Congo (RDC). Les juges ont rejet&eacute; la demande, le 25 octobre, au motif que le procureur n'avait pas encore boucl&eacute; formellement son enqu&ecirc;te en Ituri. Cette d&eacute;cision a provoqu&eacute; la stupeur de la F&eacute;d&eacute;ration internationale des droits de l'homme (FIDH) et de plusieurs organisations congolaises, qui ont estim&eacute; qu'il existe des &laquo; &eacute;l&eacute;ments permettant de conclure que le procureur n'a pas l'intention de poursuivre &raquo; et ont reproch&eacute; &agrave; la chambre pr&eacute;liminaire, charg&eacute;e de la mise en &eacute;tat du proc&egrave;s, de ne pas &laquo; assumer son r&ocirc;le de contr&ocirc;le des d&eacute;cisions et omissions du procureur &raquo;.\n<\/p>\n<p >\nIncarc&eacute;r&eacute; depuis le 24 mai 2008, suite &agrave; son arrestation dans une banlieue de Bruxelles, Jean-Pierre Bemba recevra, lundi, le soutien de ses partisans qui pr&eacute;voient de manifester devant la CPI &agrave; l'ouverture du proc&egrave;s.\n<\/p>\n<p >\nSM\/ER\/GF\n<\/p>\n<p>\n&copy; Agence Hirondelle<\/p>\n","protected":false},"excerpt":{"rendered":"<p>La Haye, 19 novembre 2010 (FH) - La Cour p&eacute;nale internationale (CPI) ouvrira, lundi, le proc&egrave;s de Jean-Pierre Bemba. Le s&eacute;nateur congolais, pr&eacute;sident du Mouvement pour la lib&eacute;ration du Congo (MLC), l'un des principaux partis d'opposition au r&eacute;gime de Kinshasa, est accus&eacute; de crimes contre l'humanit&eacute; et crimes de guerre pour meurtres, viols et pillage, [&hellip;]<\/p>\n","protected":false},"author":64,"featured_media":0,"comment_status":"open","ping_status":"closed","sticky":false,"template":"","format":"standard","meta":{"_acf_changed":false,"footnotes":""},"categories":[554],"tags":[],"ji_location":[],"class_list":["post-12533","post","type-post","status-publish","format-standard","hentry","category-hirondellenews"],"acf":[],"yoast_head":"<!-- This site is optimized with the Yoast SEO Premium plugin v25.3.1 (Yoast SEO v25.3.1) - https:\/\/yoast.com\/wordpress\/plugins\/seo\/ -->\n<title>19.11.10 - CPI\/BEMBA - LE PROCES DE JEAN-PIERRE BEMBA DEBUTE LUNDI DEVANT LA CPI - JusticeInfo.net<\/title>\n<meta name=\"robots\" content=\"index, follow, max-snippet:-1, max-image-preview:large, max-video-preview:-1\" \/>\n<link rel=\"canonical\" href=\"https:\/\/www.justiceinfo.net\/fr\/12533-191110-cpibemba-le-proces-de-jean-pierre-bemba-debute-lundi-devant-la-cpi9341.html\" \/>\n<meta property=\"og:locale\" content=\"fr_FR\" \/>\n<meta property=\"og:type\" content=\"article\" \/>\n<meta property=\"og:title\" content=\"19.11.10 - CPI\/BEMBA - LE PROCES DE JEAN-PIERRE BEMBA DEBUTE LUNDI DEVANT LA CPI\" \/>\n<meta property=\"og:description\" content=\"La Haye, 19 novembre 2010 (FH) - La Cour p&eacute;nale internationale (CPI) ouvrira, lundi, le proc&egrave;s de Jean-Pierre Bemba. Le s&eacute;nateur congolais, pr&eacute;sident du Mouvement pour la lib&eacute;ration du Congo (MLC), l&#039;un des principaux partis d&#039;opposition au r&eacute;gime de Kinshasa, est accus&eacute; de crimes contre l&#039;humanit&eacute; et crimes de guerre pour meurtres, viols et pillage, [&hellip;]\" \/>\n<meta property=\"og:url\" content=\"https:\/\/www.justiceinfo.net\/fr\/12533-191110-cpibemba-le-proces-de-jean-pierre-bemba-debute-lundi-devant-la-cpi9341.html\" \/>\n<meta property=\"og:site_name\" content=\"JusticeInfo.net\" \/>\n<meta property=\"article:publisher\" content=\"https:\/\/www.facebook.com\/JusticeInfo\/\" \/>\n<meta property=\"article:published_time\" content=\"2010-11-18T23:00:00+00:00\" \/>\n<meta property=\"og:image\" content=\"https:\/\/www.justiceinfo.net\/wp-content\/uploads\/JusticeInfoNet_logo_1200x630px.jpg\" \/>\n\t<meta property=\"og:image:width\" content=\"1200\" \/>\n\t<meta property=\"og:image:height\" content=\"630\" \/>\n\t<meta property=\"og:image:type\" content=\"image\/jpeg\" \/>\n<meta name=\"author\" content=\"solivri\" \/>\n<meta name=\"twitter:card\" content=\"summary_large_image\" \/>\n<meta name=\"twitter:creator\" content=\"@justiceinfonet\" \/>\n<meta name=\"twitter:site\" content=\"@justiceinfonet\" \/>\n<meta name=\"twitter:label1\" content=\"\u00c9crit par\" \/>\n\t<meta name=\"twitter:data1\" content=\"solivri\" \/>\n\t<meta name=\"twitter:label2\" content=\"Dur\u00e9e de lecture estim\u00e9e\" \/>\n\t<meta name=\"twitter:data2\" content=\"4 minutes\" \/>\n<script type=\"application\/ld+json\" class=\"yoast-schema-graph\">{\"@context\":\"https:\/\/schema.org\",\"@graph\":[{\"@type\":\"NewsArticle\",\"@id\":\"https:\/\/www.justiceinfo.net\/fr\/12533-191110-cpibemba-le-proces-de-jean-pierre-bemba-debute-lundi-devant-la-cpi9341.html#article\",\"isPartOf\":{\"@id\":\"https:\/\/www.justiceinfo.net\/fr\/12533-191110-cpibemba-le-proces-de-jean-pierre-bemba-debute-lundi-devant-la-cpi9341.html\"},\"author\":{\"name\":\"solivri\",\"@id\":\"https:\/\/www.justiceinfo.net\/fr#\/schema\/person\/6e53cba1629e2e66f3fc1821d3091865\"},\"headline\":\"19.11.10 - CPI\/BEMBA - LE PROCES DE JEAN-PIERRE BEMBA DEBUTE LUNDI DEVANT LA CPI\",\"datePublished\":\"2010-11-18T23:00:00+00:00\",\"mainEntityOfPage\":{\"@id\":\"https:\/\/www.justiceinfo.net\/fr\/12533-191110-cpibemba-le-proces-de-jean-pierre-bemba-debute-lundi-devant-la-cpi9341.html\"},\"wordCount\":879,\"commentCount\":0,\"publisher\":{\"@id\":\"https:\/\/www.justiceinfo.net\/fr#organization\"},\"articleSection\":[\"Hirondelle News\"],\"inLanguage\":\"fr-FR\",\"potentialAction\":[{\"@type\":\"CommentAction\",\"name\":\"Comment\",\"target\":[\"https:\/\/www.justiceinfo.net\/fr\/12533-191110-cpibemba-le-proces-de-jean-pierre-bemba-debute-lundi-devant-la-cpi9341.html#respond\"]}]},{\"@type\":\"WebPage\",\"@id\":\"https:\/\/www.justiceinfo.net\/fr\/12533-191110-cpibemba-le-proces-de-jean-pierre-bemba-debute-lundi-devant-la-cpi9341.html\",\"url\":\"https:\/\/www.justiceinfo.net\/fr\/12533-191110-cpibemba-le-proces-de-jean-pierre-bemba-debute-lundi-devant-la-cpi9341.html\",\"name\":\"19.11.10 - CPI\/BEMBA - LE PROCES DE JEAN-PIERRE BEMBA DEBUTE LUNDI DEVANT LA CPI - JusticeInfo.net\",\"isPartOf\":{\"@id\":\"https:\/\/www.justiceinfo.net\/fr#website\"},\"datePublished\":\"2010-11-18T23:00:00+00:00\",\"breadcrumb\":{\"@id\":\"https:\/\/www.justiceinfo.net\/fr\/12533-191110-cpibemba-le-proces-de-jean-pierre-bemba-debute-lundi-devant-la-cpi9341.html#breadcrumb\"},\"inLanguage\":\"fr-FR\",\"potentialAction\":[{\"@type\":\"ReadAction\",\"target\":[\"https:\/\/www.justiceinfo.net\/fr\/12533-191110-cpibemba-le-proces-de-jean-pierre-bemba-debute-lundi-devant-la-cpi9341.html\"]}]},{\"@type\":\"BreadcrumbList\",\"@id\":\"https:\/\/www.justiceinfo.net\/fr\/12533-191110-cpibemba-le-proces-de-jean-pierre-bemba-debute-lundi-devant-la-cpi9341.html#breadcrumb\",\"itemListElement\":[{\"@type\":\"ListItem\",\"position\":1,\"name\":\"Home\",\"item\":\"https:\/\/www.justiceinfo.net\/fr\"},{\"@type\":\"ListItem\",\"position\":2,\"name\":\"19.11.10 - CPI\/BEMBA - LE PROCES DE JEAN-PIERRE BEMBA DEBUTE LUNDI DEVANT LA CPI\"}]},{\"@type\":\"WebSite\",\"@id\":\"https:\/\/www.justiceinfo.net\/fr#website\",\"url\":\"https:\/\/www.justiceinfo.net\/fr\",\"name\":\"JusticeInfo.net\",\"description\":\"La justice doit \u00eatre vue pour \u00eatre rendue\",\"publisher\":{\"@id\":\"https:\/\/www.justiceinfo.net\/fr#organization\"},\"potentialAction\":[{\"@type\":\"SearchAction\",\"target\":{\"@type\":\"EntryPoint\",\"urlTemplate\":\"https:\/\/www.justiceinfo.net\/fr?s={search_term_string}\"},\"query-input\":{\"@type\":\"PropertyValueSpecification\",\"valueRequired\":true,\"valueName\":\"search_term_string\"}}],\"inLanguage\":\"fr-FR\"},{\"@type\":\"Organization\",\"@id\":\"https:\/\/www.justiceinfo.net\/fr#organization\",\"name\":\"Justice Info\",\"url\":\"https:\/\/www.justiceinfo.net\/fr\",\"logo\":{\"@type\":\"ImageObject\",\"inLanguage\":\"fr-FR\",\"@id\":\"https:\/\/www.justiceinfo.net\/fr#\/schema\/logo\/image\/\",\"url\":\"https:\/\/www.justiceinfo.net\/wp-content\/uploads\/justiceinfo_logo-trans_1200x1200px.png\",\"contentUrl\":\"https:\/\/www.justiceinfo.net\/wp-content\/uploads\/justiceinfo_logo-trans_1200x1200px.png\",\"width\":1199,\"height\":1200,\"caption\":\"Justice Info\"},\"image\":{\"@id\":\"https:\/\/www.justiceinfo.net\/fr#\/schema\/logo\/image\/\"},\"sameAs\":[\"https:\/\/www.facebook.com\/JusticeInfo\/\",\"https:\/\/x.com\/justiceinfonet\",\"https:\/\/www.linkedin.com\/company\/justice-info\",\"https:\/\/www.youtube.com\/channel\/UCyCEsARodyuWtkWyhn-e7pA\"]},{\"@type\":\"Person\",\"name\":\"solivri\",\"url\":\"\/fr\/?s=solivri\"}]}<\/script>\n<!-- \/ Yoast SEO Premium plugin. -->","yoast_head_json":{"title":"19.11.10 - CPI\/BEMBA - LE PROCES DE JEAN-PIERRE BEMBA DEBUTE LUNDI DEVANT LA CPI - JusticeInfo.net","robots":{"index":"index","follow":"follow","max-snippet":"max-snippet:-1","max-image-preview":"max-image-preview:large","max-video-preview":"max-video-preview:-1"},"canonical":"https:\/\/www.justiceinfo.net\/fr\/12533-191110-cpibemba-le-proces-de-jean-pierre-bemba-debute-lundi-devant-la-cpi9341.html","og_locale":"fr_FR","og_type":"article","og_title":"19.11.10 - CPI\/BEMBA - LE PROCES DE JEAN-PIERRE BEMBA DEBUTE LUNDI DEVANT LA CPI","og_description":"La Haye, 19 novembre 2010 (FH) - La Cour p&eacute;nale internationale (CPI) ouvrira, lundi, le proc&egrave;s de Jean-Pierre Bemba. Le s&eacute;nateur congolais, pr&eacute;sident du Mouvement pour la lib&eacute;ration du Congo (MLC), l'un des principaux partis d'opposition au r&eacute;gime de Kinshasa, est accus&eacute; de crimes contre l'humanit&eacute; et crimes de guerre pour meurtres, viols et pillage, [&hellip;]","og_url":"https:\/\/www.justiceinfo.net\/fr\/12533-191110-cpibemba-le-proces-de-jean-pierre-bemba-debute-lundi-devant-la-cpi9341.html","og_site_name":"JusticeInfo.net","article_publisher":"https:\/\/www.facebook.com\/JusticeInfo\/","article_published_time":"2010-11-18T23:00:00+00:00","og_image":[{"width":1200,"height":630,"url":"https:\/\/www.justiceinfo.net\/wp-content\/uploads\/JusticeInfoNet_logo_1200x630px.jpg","type":"image\/jpeg"}],"author":"solivri","twitter_card":"summary_large_image","twitter_creator":"@justiceinfonet","twitter_site":"@justiceinfonet","twitter_misc":{"\u00c9crit par":"solivri","Dur\u00e9e de lecture estim\u00e9e":"4 minutes"},"schema":{"@context":"https:\/\/schema.org","@graph":[{"@type":"NewsArticle","@id":"https:\/\/www.justiceinfo.net\/fr\/12533-191110-cpibemba-le-proces-de-jean-pierre-bemba-debute-lundi-devant-la-cpi9341.html#article","isPartOf":{"@id":"https:\/\/www.justiceinfo.net\/fr\/12533-191110-cpibemba-le-proces-de-jean-pierre-bemba-debute-lundi-devant-la-cpi9341.html"},"author":{"name":"solivri","@id":"https:\/\/www.justiceinfo.net\/fr#\/schema\/person\/6e53cba1629e2e66f3fc1821d3091865"},"headline":"19.11.10 - CPI\/BEMBA - LE PROCES DE JEAN-PIERRE BEMBA DEBUTE LUNDI DEVANT LA CPI","datePublished":"2010-11-18T23:00:00+00:00","mainEntityOfPage":{"@id":"https:\/\/www.justiceinfo.net\/fr\/12533-191110-cpibemba-le-proces-de-jean-pierre-bemba-debute-lundi-devant-la-cpi9341.html"},"wordCount":879,"commentCount":0,"publisher":{"@id":"https:\/\/www.justiceinfo.net\/fr#organization"},"articleSection":["Hirondelle News"],"inLanguage":"fr-FR","potentialAction":[{"@type":"CommentAction","name":"Comment","target":["https:\/\/www.justiceinfo.net\/fr\/12533-191110-cpibemba-le-proces-de-jean-pierre-bemba-debute-lundi-devant-la-cpi9341.html#respond"]}]},{"@type":"WebPage","@id":"https:\/\/www.justiceinfo.net\/fr\/12533-191110-cpibemba-le-proces-de-jean-pierre-bemba-debute-lundi-devant-la-cpi9341.html","url":"https:\/\/www.justiceinfo.net\/fr\/12533-191110-cpibemba-le-proces-de-jean-pierre-bemba-debute-lundi-devant-la-cpi9341.html","name":"19.11.10 - CPI\/BEMBA - LE PROCES DE JEAN-PIERRE BEMBA DEBUTE LUNDI DEVANT LA CPI - JusticeInfo.net","isPartOf":{"@id":"https:\/\/www.justiceinfo.net\/fr#website"},"datePublished":"2010-11-18T23:00:00+00:00","breadcrumb":{"@id":"https:\/\/www.justiceinfo.net\/fr\/12533-191110-cpibemba-le-proces-de-jean-pierre-bemba-debute-lundi-devant-la-cpi9341.html#breadcrumb"},"inLanguage":"fr-FR","potentialAction":[{"@type":"ReadAction","target":["https:\/\/www.justiceinfo.net\/fr\/12533-191110-cpibemba-le-proces-de-jean-pierre-bemba-debute-lundi-devant-la-cpi9341.html"]}]},{"@type":"BreadcrumbList","@id":"https:\/\/www.justiceinfo.net\/fr\/12533-191110-cpibemba-le-proces-de-jean-pierre-bemba-debute-lundi-devant-la-cpi9341.html#breadcrumb","itemListElement":[{"@type":"ListItem","position":1,"name":"Home","item":"https:\/\/www.justiceinfo.net\/fr"},{"@type":"ListItem","position":2,"name":"19.11.10 - CPI\/BEMBA - LE PROCES DE JEAN-PIERRE BEMBA DEBUTE LUNDI DEVANT LA CPI"}]},{"@type":"WebSite","@id":"https:\/\/www.justiceinfo.net\/fr#website","url":"https:\/\/www.justiceinfo.net\/fr","name":"JusticeInfo.net","description":"La justice doit \u00eatre vue pour \u00eatre rendue","publisher":{"@id":"https:\/\/www.justiceinfo.net\/fr#organization"},"potentialAction":[{"@type":"SearchAction","target":{"@type":"EntryPoint","urlTemplate":"https:\/\/www.justiceinfo.net\/fr?s={search_term_string}"},"query-input":{"@type":"PropertyValueSpecification","valueRequired":true,"valueName":"search_term_string"}}],"inLanguage":"fr-FR"},{"@type":"Organization","@id":"https:\/\/www.justiceinfo.net\/fr#organization","name":"Justice Info","url":"https:\/\/www.justiceinfo.net\/fr","logo":{"@type":"ImageObject","inLanguage":"fr-FR","@id":"https:\/\/www.justiceinfo.net\/fr#\/schema\/logo\/image\/","url":"https:\/\/www.justiceinfo.net\/wp-content\/uploads\/justiceinfo_logo-trans_1200x1200px.png","contentUrl":"https:\/\/www.justiceinfo.net\/wp-content\/uploads\/justiceinfo_logo-trans_1200x1200px.png","width":1199,"height":1200,"caption":"Justice Info"},"image":{"@id":"https:\/\/www.justiceinfo.net\/fr#\/schema\/logo\/image\/"},"sameAs":["https:\/\/www.facebook.com\/JusticeInfo\/","https:\/\/x.com\/justiceinfonet","https:\/\/www.linkedin.com\/company\/justice-info","https:\/\/www.youtube.com\/channel\/UCyCEsARodyuWtkWyhn-e7pA"]},{"@type":"Person","name":"solivri","url":"\/fr\/?s=solivri"}]}},"_links":{"self":[{"href":"https:\/\/www.justiceinfo.net\/fr\/wp-json\/wp\/v2\/posts\/12533","targetHints":{"allow":["GET"]}}],"collection":[{"href":"https:\/\/www.justiceinfo.net\/fr\/wp-json\/wp\/v2\/posts"}],"about":[{"href":"https:\/\/www.justiceinfo.net\/fr\/wp-json\/wp\/v2\/types\/post"}],"author":[{"embeddable":true,"href":"https:\/\/www.justiceinfo.net\/fr\/wp-json\/wp\/v2\/users\/64"}],"replies":[{"embeddable":true,"href":"https:\/\/www.justiceinfo.net\/fr\/wp-json\/wp\/v2\/comments?post=12533"}],"version-history":[{"count":0,"href":"https:\/\/www.justiceinfo.net\/fr\/wp-json\/wp\/v2\/posts\/12533\/revisions"}],"wp:attachment":[{"href":"https:\/\/www.justiceinfo.net\/fr\/wp-json\/wp\/v2\/media?parent=12533"}],"wp:term":[{"taxonomy":"category","embeddable":true,"href":"https:\/\/www.justiceinfo.net\/fr\/wp-json\/wp\/v2\/categories?post=12533"},{"taxonomy":"post_tag","embeddable":true,"href":"https:\/\/www.justiceinfo.net\/fr\/wp-json\/wp\/v2\/tags?post=12533"},{"taxonomy":"ji_location","embeddable":true,"href":"https:\/\/www.justiceinfo.net\/fr\/wp-json\/wp\/v2\/ji_location?post=12533"}],"curies":[{"name":"wp","href":"https:\/\/api.w.org\/{rel}","templated":true}]}}