{"id":12541,"date":"2010-11-19T00:00:00","date_gmt":"2010-11-18T23:00:00","guid":{"rendered":"https:\/\/www.justiceinfo.net\/12541-191110-francerwanda-des-associations-interpellent-le-nouveau-garde-des-sceaux-francais9349.html"},"modified":"2010-11-19T00:00:00","modified_gmt":"2010-11-18T23:00:00","slug":"191110-francerwanda-des-associations-interpellent-le-nouveau-garde-des-sceaux-francais9349","status":"publish","type":"post","link":"https:\/\/www.justiceinfo.net\/fr\/12541-191110-francerwanda-des-associations-interpellent-le-nouveau-garde-des-sceaux-francais9349.html","title":{"rendered":"19.11.10 - FRANCE\/RWANDA - DES ASSOCIATIONS INTERPELLENT LE NOUVEAU GARDE DES SCEAUX FRANCAIS"},"content":{"rendered":"<p >\nArusha, 19 novembre 2010 (FH) -Trois associations, dont le Collectif des parties civiles pour le Rwanda (CPCR), ont r&eacute;clam&eacute; vendredi au nouveau ministre fran&ccedil;ais de la Justice, Michel Marcier, que des juges d'instruction se consacrent &agrave; temps plein aux dossiers de pr&eacute;sum&eacute;s g&eacute;nocidaires rwandais vivant en France.\n<\/p>\n<p><!--more--><\/p>\n<p >\n<p >\n<p >\nLes deux autres sont African rights et Redress, toutes deux bas&eacute;es &agrave; Londres.\n<\/p>\n<p >\n<p >\nMich&egrave;le Alliot-Marie et Bernard Kouchner, respectivement ancien garde des Sceaux et ministre des Affaires &eacute;trang&egrave;res, avaient annonc&eacute; en janvier 2010 la cr&eacute;ation d'un p&ocirc;le sp&eacute;cialis&eacute; au tribunal de grande instance de Paris pour les crimes de g&eacute;nocide.\n<\/p>\n<p >\n<p >\nMais les trois associations font observer, dans une lettre au ministre, que les quatre juges parisiens charg&eacute;s de la vingtaine d'enqu&ecirc;tes ouvertes en France contre des auteurs pr&eacute;sum&eacute;s du g&eacute;nocide&nbsp; des Tutsis &laquo; ne peuvent tout mener de front &raquo;.\n<\/p>\n<p >\n<p >\nDeux de ces magistrats ont demand&eacute; r&eacute;cemment &agrave; &ecirc;tre d&eacute;charg&eacute;s des autres dossiers pour se consacrer &agrave; leurs enqu&ecirc;tes rwandaises mais &laquo; cette demande a &eacute;t&eacute; refus&eacute;e &raquo;, affirment les signataires de la lettre.\n<\/p>\n<p >\n<p >\n&laquo; M&ecirc;me si ce sont des crimes imprescriptibles, il est important que les suspects fassent l'objet d'enqu&ecirc;tes dans les plus brefs d&eacute;lais &raquo;, estiment les trois associations dans ce courrier dont l'agence Hirondelle a obtenu une copie.\n<\/p>\n<p >\n<p >\nElles se disent &laquo; particuli&egrave;rement &raquo; pr&eacute;occup&eacute;es &laquo; par le retard dans les proc&eacute;dures engag&eacute;es concernant les suspects pr&eacute;sents en France et par le manque de moyens mis &agrave; la disposition des juges d'instruction afin qu'ils puissent mener de telles enqu&ecirc;tes &raquo;.\n<\/p>\n<p >\n<p >\nLes trois associations rappellent que &laquo; la France a &eacute;t&eacute; condamn&eacute;e, en juin 2004, par la Cour europ&eacute;enne des droits de l'homme, pour retard apport&eacute; &agrave; rendre la justice dans l'affaire Wenceslas Munyeshyaka &raquo;, pr&ecirc;tre rwandais accus&eacute; d'avoir jou&eacute; un r&ocirc;le dans les massacres et viols &agrave; sa paroisse de la Sainte Famille, &agrave; Kigali, la capitale rwandaise.\n<\/p>\n<p >\n<p >\n&laquo; Nous demandons, puisque la France ne veut pas les extrader, que tous les pr&eacute;sum&eacute;s g&eacute;nocidaires rwandais pr&eacute;sents sur le sol fran&ccedil;ais fassent l'objet d'enqu&ecirc;tes et si n&eacute;cessaire soient poursuivis devant les juridictions fran&ccedil;aises &raquo;, ajoute la lettre.&nbsp;&nbsp;&nbsp;\n<\/p>\n<p >\nER\/GF\n<\/p>\n<p >\n<p>\n&copy; Agence Hirondelle<\/p>\n","protected":false},"excerpt":{"rendered":"<p>Arusha, 19 novembre 2010 (FH) -Trois associations, dont le Collectif des parties civiles pour le Rwanda (CPCR), ont r&eacute;clam&eacute; vendredi au nouveau ministre fran&ccedil;ais de la Justice, Michel Marcier, que des juges d'instruction se consacrent &agrave; temps plein aux dossiers de pr&eacute;sum&eacute;s g&eacute;nocidaires rwandais vivant en France.<\/p>\n","protected":false},"author":64,"featured_media":0,"comment_status":"open","ping_status":"closed","sticky":false,"template":"","format":"standard","meta":{"_acf_changed":false,"footnotes":""},"categories":[554],"tags":[],"ji_location":[],"class_list":["post-12541","post","type-post","status-publish","format-standard","hentry","category-hirondellenews"],"acf":[],"yoast_head":"<!-- This site is optimized with the Yoast SEO Premium plugin v25.3.1 (Yoast SEO v25.3.1) - https:\/\/yoast.com\/wordpress\/plugins\/seo\/ -->\n<title>19.11.10 - FRANCE\/RWANDA - DES ASSOCIATIONS INTERPELLENT LE NOUVEAU GARDE DES SCEAUX FRANCAIS - JusticeInfo.net<\/title>\n<meta name=\"robots\" content=\"index, follow, max-snippet:-1, max-image-preview:large, max-video-preview:-1\" \/>\n<link rel=\"canonical\" href=\"https:\/\/www.justiceinfo.net\/fr\/12541-191110-francerwanda-des-associations-interpellent-le-nouveau-garde-des-sceaux-francais9349.html\" \/>\n<meta property=\"og:locale\" content=\"fr_FR\" \/>\n<meta property=\"og:type\" content=\"article\" \/>\n<meta property=\"og:title\" content=\"19.11.10 - FRANCE\/RWANDA - DES ASSOCIATIONS INTERPELLENT LE NOUVEAU GARDE DES SCEAUX FRANCAIS\" \/>\n<meta property=\"og:description\" content=\"Arusha, 19 novembre 2010 (FH) -Trois associations, dont le Collectif des parties civiles pour le Rwanda (CPCR), ont r&eacute;clam&eacute; vendredi au nouveau ministre fran&ccedil;ais de la Justice, Michel Marcier, que des juges d&#039;instruction se consacrent &agrave; temps plein aux dossiers de pr&eacute;sum&eacute;s g&eacute;nocidaires rwandais vivant en France.\" \/>\n<meta property=\"og:url\" content=\"https:\/\/www.justiceinfo.net\/fr\/12541-191110-francerwanda-des-associations-interpellent-le-nouveau-garde-des-sceaux-francais9349.html\" \/>\n<meta property=\"og:site_name\" content=\"JusticeInfo.net\" \/>\n<meta property=\"article:publisher\" content=\"https:\/\/www.facebook.com\/JusticeInfo\/\" \/>\n<meta property=\"article:published_time\" content=\"2010-11-18T23:00:00+00:00\" \/>\n<meta property=\"og:image\" content=\"https:\/\/www.justiceinfo.net\/wp-content\/uploads\/JusticeInfoNet_logo_1200x630px.jpg\" \/>\n\t<meta property=\"og:image:width\" content=\"1200\" \/>\n\t<meta property=\"og:image:height\" content=\"630\" \/>\n\t<meta property=\"og:image:type\" content=\"image\/jpeg\" \/>\n<meta name=\"author\" content=\"solivri\" \/>\n<meta name=\"twitter:card\" content=\"summary_large_image\" \/>\n<meta name=\"twitter:creator\" content=\"@justiceinfonet\" \/>\n<meta name=\"twitter:site\" content=\"@justiceinfonet\" \/>\n<meta name=\"twitter:label1\" content=\"\u00c9crit par\" \/>\n\t<meta name=\"twitter:data1\" content=\"solivri\" \/>\n\t<meta name=\"twitter:label2\" content=\"Dur\u00e9e de lecture estim\u00e9e\" \/>\n\t<meta name=\"twitter:data2\" content=\"2 minutes\" \/>\n<script type=\"application\/ld+json\" class=\"yoast-schema-graph\">{\"@context\":\"https:\/\/schema.org\",\"@graph\":[{\"@type\":\"NewsArticle\",\"@id\":\"https:\/\/www.justiceinfo.net\/fr\/12541-191110-francerwanda-des-associations-interpellent-le-nouveau-garde-des-sceaux-francais9349.html#article\",\"isPartOf\":{\"@id\":\"https:\/\/www.justiceinfo.net\/fr\/12541-191110-francerwanda-des-associations-interpellent-le-nouveau-garde-des-sceaux-francais9349.html\"},\"author\":{\"name\":\"solivri\",\"@id\":\"https:\/\/www.justiceinfo.net\/fr#\/schema\/person\/6e53cba1629e2e66f3fc1821d3091865\"},\"headline\":\"19.11.10 - FRANCE\/RWANDA - DES ASSOCIATIONS INTERPELLENT LE NOUVEAU GARDE DES SCEAUX FRANCAIS\",\"datePublished\":\"2010-11-18T23:00:00+00:00\",\"mainEntityOfPage\":{\"@id\":\"https:\/\/www.justiceinfo.net\/fr\/12541-191110-francerwanda-des-associations-interpellent-le-nouveau-garde-des-sceaux-francais9349.html\"},\"wordCount\":478,\"commentCount\":0,\"publisher\":{\"@id\":\"https:\/\/www.justiceinfo.net\/fr#organization\"},\"articleSection\":[\"Hirondelle News\"],\"inLanguage\":\"fr-FR\",\"potentialAction\":[{\"@type\":\"CommentAction\",\"name\":\"Comment\",\"target\":[\"https:\/\/www.justiceinfo.net\/fr\/12541-191110-francerwanda-des-associations-interpellent-le-nouveau-garde-des-sceaux-francais9349.html#respond\"]}]},{\"@type\":\"WebPage\",\"@id\":\"https:\/\/www.justiceinfo.net\/fr\/12541-191110-francerwanda-des-associations-interpellent-le-nouveau-garde-des-sceaux-francais9349.html\",\"url\":\"https:\/\/www.justiceinfo.net\/fr\/12541-191110-francerwanda-des-associations-interpellent-le-nouveau-garde-des-sceaux-francais9349.html\",\"name\":\"19.11.10 - FRANCE\/RWANDA - DES ASSOCIATIONS INTERPELLENT LE NOUVEAU GARDE DES SCEAUX FRANCAIS - JusticeInfo.net\",\"isPartOf\":{\"@id\":\"https:\/\/www.justiceinfo.net\/fr#website\"},\"datePublished\":\"2010-11-18T23:00:00+00:00\",\"breadcrumb\":{\"@id\":\"https:\/\/www.justiceinfo.net\/fr\/12541-191110-francerwanda-des-associations-interpellent-le-nouveau-garde-des-sceaux-francais9349.html#breadcrumb\"},\"inLanguage\":\"fr-FR\",\"potentialAction\":[{\"@type\":\"ReadAction\",\"target\":[\"https:\/\/www.justiceinfo.net\/fr\/12541-191110-francerwanda-des-associations-interpellent-le-nouveau-garde-des-sceaux-francais9349.html\"]}]},{\"@type\":\"BreadcrumbList\",\"@id\":\"https:\/\/www.justiceinfo.net\/fr\/12541-191110-francerwanda-des-associations-interpellent-le-nouveau-garde-des-sceaux-francais9349.html#breadcrumb\",\"itemListElement\":[{\"@type\":\"ListItem\",\"position\":1,\"name\":\"Home\",\"item\":\"https:\/\/www.justiceinfo.net\/fr\"},{\"@type\":\"ListItem\",\"position\":2,\"name\":\"19.11.10 - FRANCE\/RWANDA - DES ASSOCIATIONS INTERPELLENT LE NOUVEAU GARDE DES SCEAUX FRANCAIS\"}]},{\"@type\":\"WebSite\",\"@id\":\"https:\/\/www.justiceinfo.net\/fr#website\",\"url\":\"https:\/\/www.justiceinfo.net\/fr\",\"name\":\"JusticeInfo.net\",\"description\":\"La justice doit \u00eatre vue pour \u00eatre rendue\",\"publisher\":{\"@id\":\"https:\/\/www.justiceinfo.net\/fr#organization\"},\"potentialAction\":[{\"@type\":\"SearchAction\",\"target\":{\"@type\":\"EntryPoint\",\"urlTemplate\":\"https:\/\/www.justiceinfo.net\/fr?s={search_term_string}\"},\"query-input\":{\"@type\":\"PropertyValueSpecification\",\"valueRequired\":true,\"valueName\":\"search_term_string\"}}],\"inLanguage\":\"fr-FR\"},{\"@type\":\"Organization\",\"@id\":\"https:\/\/www.justiceinfo.net\/fr#organization\",\"name\":\"Justice Info\",\"url\":\"https:\/\/www.justiceinfo.net\/fr\",\"logo\":{\"@type\":\"ImageObject\",\"inLanguage\":\"fr-FR\",\"@id\":\"https:\/\/www.justiceinfo.net\/fr#\/schema\/logo\/image\/\",\"url\":\"https:\/\/www.justiceinfo.net\/wp-content\/uploads\/justiceinfo_logo-trans_1200x1200px.png\",\"contentUrl\":\"https:\/\/www.justiceinfo.net\/wp-content\/uploads\/justiceinfo_logo-trans_1200x1200px.png\",\"width\":1199,\"height\":1200,\"caption\":\"Justice Info\"},\"image\":{\"@id\":\"https:\/\/www.justiceinfo.net\/fr#\/schema\/logo\/image\/\"},\"sameAs\":[\"https:\/\/www.facebook.com\/JusticeInfo\/\",\"https:\/\/x.com\/justiceinfonet\",\"https:\/\/www.linkedin.com\/company\/justice-info\",\"https:\/\/www.youtube.com\/channel\/UCyCEsARodyuWtkWyhn-e7pA\"]},{\"@type\":\"Person\",\"name\":\"solivri\",\"url\":\"\/fr\/?s=solivri\"}]}<\/script>\n<!-- \/ Yoast SEO Premium plugin. -->","yoast_head_json":{"title":"19.11.10 - FRANCE\/RWANDA - DES ASSOCIATIONS INTERPELLENT LE NOUVEAU GARDE DES SCEAUX FRANCAIS - JusticeInfo.net","robots":{"index":"index","follow":"follow","max-snippet":"max-snippet:-1","max-image-preview":"max-image-preview:large","max-video-preview":"max-video-preview:-1"},"canonical":"https:\/\/www.justiceinfo.net\/fr\/12541-191110-francerwanda-des-associations-interpellent-le-nouveau-garde-des-sceaux-francais9349.html","og_locale":"fr_FR","og_type":"article","og_title":"19.11.10 - FRANCE\/RWANDA - DES ASSOCIATIONS INTERPELLENT LE NOUVEAU GARDE DES SCEAUX FRANCAIS","og_description":"Arusha, 19 novembre 2010 (FH) -Trois associations, dont le Collectif des parties civiles pour le Rwanda (CPCR), ont r&eacute;clam&eacute; vendredi au nouveau ministre fran&ccedil;ais de la Justice, Michel Marcier, que des juges d'instruction se consacrent &agrave; temps plein aux dossiers de pr&eacute;sum&eacute;s g&eacute;nocidaires rwandais vivant en France.","og_url":"https:\/\/www.justiceinfo.net\/fr\/12541-191110-francerwanda-des-associations-interpellent-le-nouveau-garde-des-sceaux-francais9349.html","og_site_name":"JusticeInfo.net","article_publisher":"https:\/\/www.facebook.com\/JusticeInfo\/","article_published_time":"2010-11-18T23:00:00+00:00","og_image":[{"width":1200,"height":630,"url":"https:\/\/www.justiceinfo.net\/wp-content\/uploads\/JusticeInfoNet_logo_1200x630px.jpg","type":"image\/jpeg"}],"author":"solivri","twitter_card":"summary_large_image","twitter_creator":"@justiceinfonet","twitter_site":"@justiceinfonet","twitter_misc":{"\u00c9crit par":"solivri","Dur\u00e9e de lecture estim\u00e9e":"2 minutes"},"schema":{"@context":"https:\/\/schema.org","@graph":[{"@type":"NewsArticle","@id":"https:\/\/www.justiceinfo.net\/fr\/12541-191110-francerwanda-des-associations-interpellent-le-nouveau-garde-des-sceaux-francais9349.html#article","isPartOf":{"@id":"https:\/\/www.justiceinfo.net\/fr\/12541-191110-francerwanda-des-associations-interpellent-le-nouveau-garde-des-sceaux-francais9349.html"},"author":{"name":"solivri","@id":"https:\/\/www.justiceinfo.net\/fr#\/schema\/person\/6e53cba1629e2e66f3fc1821d3091865"},"headline":"19.11.10 - FRANCE\/RWANDA - DES ASSOCIATIONS INTERPELLENT LE NOUVEAU GARDE DES SCEAUX FRANCAIS","datePublished":"2010-11-18T23:00:00+00:00","mainEntityOfPage":{"@id":"https:\/\/www.justiceinfo.net\/fr\/12541-191110-francerwanda-des-associations-interpellent-le-nouveau-garde-des-sceaux-francais9349.html"},"wordCount":478,"commentCount":0,"publisher":{"@id":"https:\/\/www.justiceinfo.net\/fr#organization"},"articleSection":["Hirondelle News"],"inLanguage":"fr-FR","potentialAction":[{"@type":"CommentAction","name":"Comment","target":["https:\/\/www.justiceinfo.net\/fr\/12541-191110-francerwanda-des-associations-interpellent-le-nouveau-garde-des-sceaux-francais9349.html#respond"]}]},{"@type":"WebPage","@id":"https:\/\/www.justiceinfo.net\/fr\/12541-191110-francerwanda-des-associations-interpellent-le-nouveau-garde-des-sceaux-francais9349.html","url":"https:\/\/www.justiceinfo.net\/fr\/12541-191110-francerwanda-des-associations-interpellent-le-nouveau-garde-des-sceaux-francais9349.html","name":"19.11.10 - FRANCE\/RWANDA - DES ASSOCIATIONS INTERPELLENT LE NOUVEAU GARDE DES SCEAUX FRANCAIS - JusticeInfo.net","isPartOf":{"@id":"https:\/\/www.justiceinfo.net\/fr#website"},"datePublished":"2010-11-18T23:00:00+00:00","breadcrumb":{"@id":"https:\/\/www.justiceinfo.net\/fr\/12541-191110-francerwanda-des-associations-interpellent-le-nouveau-garde-des-sceaux-francais9349.html#breadcrumb"},"inLanguage":"fr-FR","potentialAction":[{"@type":"ReadAction","target":["https:\/\/www.justiceinfo.net\/fr\/12541-191110-francerwanda-des-associations-interpellent-le-nouveau-garde-des-sceaux-francais9349.html"]}]},{"@type":"BreadcrumbList","@id":"https:\/\/www.justiceinfo.net\/fr\/12541-191110-francerwanda-des-associations-interpellent-le-nouveau-garde-des-sceaux-francais9349.html#breadcrumb","itemListElement":[{"@type":"ListItem","position":1,"name":"Home","item":"https:\/\/www.justiceinfo.net\/fr"},{"@type":"ListItem","position":2,"name":"19.11.10 - FRANCE\/RWANDA - DES ASSOCIATIONS INTERPELLENT LE NOUVEAU GARDE DES SCEAUX FRANCAIS"}]},{"@type":"WebSite","@id":"https:\/\/www.justiceinfo.net\/fr#website","url":"https:\/\/www.justiceinfo.net\/fr","name":"JusticeInfo.net","description":"La justice doit \u00eatre vue pour \u00eatre rendue","publisher":{"@id":"https:\/\/www.justiceinfo.net\/fr#organization"},"potentialAction":[{"@type":"SearchAction","target":{"@type":"EntryPoint","urlTemplate":"https:\/\/www.justiceinfo.net\/fr?s={search_term_string}"},"query-input":{"@type":"PropertyValueSpecification","valueRequired":true,"valueName":"search_term_string"}}],"inLanguage":"fr-FR"},{"@type":"Organization","@id":"https:\/\/www.justiceinfo.net\/fr#organization","name":"Justice Info","url":"https:\/\/www.justiceinfo.net\/fr","logo":{"@type":"ImageObject","inLanguage":"fr-FR","@id":"https:\/\/www.justiceinfo.net\/fr#\/schema\/logo\/image\/","url":"https:\/\/www.justiceinfo.net\/wp-content\/uploads\/justiceinfo_logo-trans_1200x1200px.png","contentUrl":"https:\/\/www.justiceinfo.net\/wp-content\/uploads\/justiceinfo_logo-trans_1200x1200px.png","width":1199,"height":1200,"caption":"Justice Info"},"image":{"@id":"https:\/\/www.justiceinfo.net\/fr#\/schema\/logo\/image\/"},"sameAs":["https:\/\/www.facebook.com\/JusticeInfo\/","https:\/\/x.com\/justiceinfonet","https:\/\/www.linkedin.com\/company\/justice-info","https:\/\/www.youtube.com\/channel\/UCyCEsARodyuWtkWyhn-e7pA"]},{"@type":"Person","name":"solivri","url":"\/fr\/?s=solivri"}]}},"_links":{"self":[{"href":"https:\/\/www.justiceinfo.net\/fr\/wp-json\/wp\/v2\/posts\/12541","targetHints":{"allow":["GET"]}}],"collection":[{"href":"https:\/\/www.justiceinfo.net\/fr\/wp-json\/wp\/v2\/posts"}],"about":[{"href":"https:\/\/www.justiceinfo.net\/fr\/wp-json\/wp\/v2\/types\/post"}],"author":[{"embeddable":true,"href":"https:\/\/www.justiceinfo.net\/fr\/wp-json\/wp\/v2\/users\/64"}],"replies":[{"embeddable":true,"href":"https:\/\/www.justiceinfo.net\/fr\/wp-json\/wp\/v2\/comments?post=12541"}],"version-history":[{"count":0,"href":"https:\/\/www.justiceinfo.net\/fr\/wp-json\/wp\/v2\/posts\/12541\/revisions"}],"wp:attachment":[{"href":"https:\/\/www.justiceinfo.net\/fr\/wp-json\/wp\/v2\/media?parent=12541"}],"wp:term":[{"taxonomy":"category","embeddable":true,"href":"https:\/\/www.justiceinfo.net\/fr\/wp-json\/wp\/v2\/categories?post=12541"},{"taxonomy":"post_tag","embeddable":true,"href":"https:\/\/www.justiceinfo.net\/fr\/wp-json\/wp\/v2\/tags?post=12541"},{"taxonomy":"ji_location","embeddable":true,"href":"https:\/\/www.justiceinfo.net\/fr\/wp-json\/wp\/v2\/ji_location?post=12541"}],"curies":[{"name":"wp","href":"https:\/\/api.w.org\/{rel}","templated":true}]}}