{"id":12544,"date":"2010-11-22T00:00:00","date_gmt":"2010-11-21T23:00:00","guid":{"rendered":"https:\/\/www.justiceinfo.net\/12544-221110-cpibemba-ouverture-du-proces-de-jean-pierre-bemba-devant-la-cpi9352.html"},"modified":"2010-11-22T00:00:00","modified_gmt":"2010-11-21T23:00:00","slug":"221110-cpibemba-ouverture-du-proces-de-jean-pierre-bemba-devant-la-cpi9352","status":"publish","type":"post","link":"https:\/\/www.justiceinfo.net\/fr\/12544-221110-cpibemba-ouverture-du-proces-de-jean-pierre-bemba-devant-la-cpi9352.html","title":{"rendered":"22.11.10 - CPI\/BEMBA - OUVERTURE DU PROCES DE JEAN-PIERRE BEMBA DEVANT LA CPI"},"content":{"rendered":"<p>La Haye, 22 novembre 2010 (FH) - Le proc&egrave;s intent&eacute; contre Jean-Pierre Bemba s'est ouvert le 22 novembre 2010 devant la Cour p&eacute;nale internationale (CPI) &agrave; La Haye. A l'ouverture de l'audience, l'accus&eacute; a salu&eacute; ses partisans et sa femme, pr&eacute;sents dans la galerie du public. Jean-Pierre Bemba a ensuite plaid&eacute; &laquo; non coupable &raquo; des crimes contre l'humanit&eacute; et crimes de guerre dont l'accuse le procureur.<br \/>\n<!--more--><\/p>\n<p >\n<p >\nPr&eacute;sent &agrave; l'ouverture du proc&egrave;s, le procureur Luis Moreno Ocampo a rappel&eacute; les charges, en insistant sur les viols commis par les soldats du Mouvement pour la Lib&eacute;ration du Congo (MLC) en Centrafrique, en 2002 et 2003. &laquo; Les femmes et les filles ont &eacute;t&eacute; viol&eacute;es, quel que soit leur &acirc;ge (...) Des viols commis en public, sous le regard de leurs familles&raquo;, a-t-il pr&eacute;cis&eacute;.\n<\/p>\n<p >\nLes soldats de Jean-Pierre Bemba avait &eacute;t&eacute; appel&eacute;s par Ange-F&eacute;lix Patasse en octobre 2002, pour renforcer son arm&eacute;e, confront&eacute;e &agrave; la r&eacute;bellion conduite par le g&eacute;n&eacute;ral Fran&ccedil;ois Bozize, aujourd'hui au pouvoir.\n<\/p>\n<p >\nL'accusation poursuit le pr&eacute;sident du Mouvement pour la Lib&eacute;ration du Congo (MLC) en qualit&eacute; de sup&eacute;rieur hi&eacute;rarchique. Jean-Pierre Bemba n'&eacute;tait pas sur la ligne de front, il n'a pas ordonn&eacute; les crimes, mais il aurait du emp&ecirc;cher et punir ses soldats, a d&eacute;clar&eacute; en substance le procureur.\n<\/p>\n<p >\nJean-Pierre Bemba a aussi &laquo; institutionnalis&eacute; le pillage &raquo;. &laquo; Les biens pill&eacute;s par les soldats, non pay&eacute;s, &eacute;taient ensuite transport&eacute;s au Congo, a-t-il pr&eacute;cis&eacute;, les civils qui r&eacute;sistaient aux viols et au pillage &eacute;taient tu&eacute;s &raquo;.\n<\/p>\n<p >\nSelon le substitut, Petra Kneuer, &laquo; il n'a pas puni ces crimes, parce qu'ils r&eacute;pondaient &agrave; ses objectifs &raquo;.&nbsp; Apr&egrave;s la mort du mar&eacute;chal Mobutu et l'arriv&eacute;e au pouvoir de Laurent-D&eacute;sir&eacute; Kabila &agrave; la t&ecirc;te de la R&eacute;publique d&eacute;mocratique du Congo (RDC), Jean-Pierre Bemba s'&eacute;tait engag&eacute; dans la lutte arm&eacute;e et avait cr&eacute;&eacute;, en 1998, le Mouvement pour la lib&eacute;ration du Congo, consid&eacute;r&eacute; aujourd'hui comme l'un des principaux partis d'opposition &agrave; Kinshasa. Pour le procureur, &laquo; Jean-Pierre Bemba avait besoin d'alli&eacute;s en Centrafrique &raquo; et le pr&eacute;sident Ange-F&eacute;lix Patass&eacute; comptait parmi ceux l&agrave;.&nbsp; &nbsp;\n<\/p>\n<p >\nApr&egrave;s le procureur, les deux repr&eacute;sentants des victimes ont pris la parole. Maitre Marie Edith Douzima-Lawson a affirm&eacute; que &laquo; les attentes sont grandes pour ces victimes, atteintes dans leur chair &raquo;. De nouvelles victimes ont &eacute;t&eacute; admises et pourront elles aussi &ecirc;tre repr&eacute;sent&eacute;es dans cette affaire. Elles sont aujourd'hui 759. Cette pr&eacute;sence leur donne le droit d'intervenir dans le proc&egrave;s, dans des conditions d&eacute;finies par les juges. Elles ne peuvent, par exemple, pas conduire de t&eacute;moin &agrave; la barre, mais elles peuvent en revanche plaider leur cause.\n<\/p>\n<p >\nSi Jean-Pierre Bemba devait &ecirc;tre condamn&eacute; au terme de ce proc&egrave;s, qui devrait durer plus d'un an, elles auront aussi la possibilit&eacute; de demander des r&eacute;parations.\n<\/p>\n<p >\nL'avocat principal de l'accus&eacute;, ma&icirc;tre Nkwebe Liriss, a refus&eacute; de &laquo; r&eacute;pondre aux victimes &raquo;, a-t-il d&eacute;clar&eacute; d&egrave;s le d&eacute;but de sa plaidoirie, &laquo; parce que je ne r&eacute;ponds pas sur la base d'&eacute;motions mais je r&eacute;ponds sur la base de preuves &raquo;. L'avocat du Barreau de Kinshasa a ensuite rejet&eacute; les accusations sur d'autres, plus responsables &agrave; ses yeux et reproch&eacute; au procureur de ne pr&eacute;senter qu'un seul homme dans le box des accus&eacute;s. &laquo; Plusieurs autres commandant centrafricains ne sont pas l&agrave;, c'est pourtant eux qui ont conduit cette guerre &raquo; a-t-il d&eacute;clar&eacute;, tandis que Jean-Pierre Bemba se trouvait &laquo; &agrave; plus de 2000 kilom&egrave;tres des combats &raquo;.\n<\/p>\n<p >\nLe procureur doit pr&eacute;senter, le 23 novembre, son premier t&eacute;moin.\n<\/p>\n<p >\nSM\/GF\n<\/p>\n<p >\n<p>\n&copy; Agence Hirondelle<\/p>\n","protected":false},"excerpt":{"rendered":"<p>La Haye, 22 novembre 2010 (FH) - Le proc&egrave;s intent&eacute; contre Jean-Pierre Bemba s'est ouvert le 22 novembre 2010 devant la Cour p&eacute;nale internationale (CPI) &agrave; La Haye. A l'ouverture de l'audience, l'accus&eacute; a salu&eacute; ses partisans et sa femme, pr&eacute;sents dans la galerie du public. Jean-Pierre Bemba a ensuite plaid&eacute; &laquo; non coupable &raquo; [&hellip;]<\/p>\n","protected":false},"author":64,"featured_media":0,"comment_status":"open","ping_status":"closed","sticky":false,"template":"","format":"standard","meta":{"_acf_changed":false,"footnotes":""},"categories":[554],"tags":[],"ji_location":[],"class_list":["post-12544","post","type-post","status-publish","format-standard","hentry","category-hirondellenews"],"acf":[],"yoast_head":"<!-- This site is optimized with the Yoast SEO Premium plugin v25.3.1 (Yoast SEO v25.3.1) - https:\/\/yoast.com\/wordpress\/plugins\/seo\/ -->\n<title>22.11.10 - CPI\/BEMBA - OUVERTURE DU PROCES DE JEAN-PIERRE BEMBA DEVANT LA CPI - JusticeInfo.net<\/title>\n<meta name=\"robots\" content=\"index, follow, max-snippet:-1, max-image-preview:large, max-video-preview:-1\" \/>\n<link rel=\"canonical\" href=\"https:\/\/www.justiceinfo.net\/fr\/12544-221110-cpibemba-ouverture-du-proces-de-jean-pierre-bemba-devant-la-cpi9352.html\" \/>\n<meta property=\"og:locale\" content=\"fr_FR\" \/>\n<meta property=\"og:type\" content=\"article\" \/>\n<meta property=\"og:title\" content=\"22.11.10 - CPI\/BEMBA - OUVERTURE DU PROCES DE JEAN-PIERRE BEMBA DEVANT LA CPI\" \/>\n<meta property=\"og:description\" content=\"La Haye, 22 novembre 2010 (FH) - Le proc&egrave;s intent&eacute; contre Jean-Pierre Bemba s&#039;est ouvert le 22 novembre 2010 devant la Cour p&eacute;nale internationale (CPI) &agrave; La Haye. A l&#039;ouverture de l&#039;audience, l&#039;accus&eacute; a salu&eacute; ses partisans et sa femme, pr&eacute;sents dans la galerie du public. Jean-Pierre Bemba a ensuite plaid&eacute; &laquo; non coupable &raquo; [&hellip;]\" \/>\n<meta property=\"og:url\" content=\"https:\/\/www.justiceinfo.net\/fr\/12544-221110-cpibemba-ouverture-du-proces-de-jean-pierre-bemba-devant-la-cpi9352.html\" \/>\n<meta property=\"og:site_name\" content=\"JusticeInfo.net\" \/>\n<meta property=\"article:publisher\" content=\"https:\/\/www.facebook.com\/JusticeInfo\/\" \/>\n<meta property=\"article:published_time\" content=\"2010-11-21T23:00:00+00:00\" \/>\n<meta property=\"og:image\" content=\"https:\/\/www.justiceinfo.net\/wp-content\/uploads\/JusticeInfoNet_logo_1200x630px.jpg\" \/>\n\t<meta property=\"og:image:width\" content=\"1200\" \/>\n\t<meta property=\"og:image:height\" content=\"630\" \/>\n\t<meta property=\"og:image:type\" content=\"image\/jpeg\" \/>\n<meta name=\"author\" content=\"solivri\" \/>\n<meta name=\"twitter:card\" content=\"summary_large_image\" \/>\n<meta name=\"twitter:creator\" content=\"@justiceinfonet\" \/>\n<meta name=\"twitter:site\" content=\"@justiceinfonet\" \/>\n<meta name=\"twitter:label1\" content=\"\u00c9crit par\" \/>\n\t<meta name=\"twitter:data1\" content=\"solivri\" \/>\n\t<meta name=\"twitter:label2\" content=\"Dur\u00e9e de lecture estim\u00e9e\" \/>\n\t<meta name=\"twitter:data2\" content=\"4 minutes\" \/>\n<script type=\"application\/ld+json\" class=\"yoast-schema-graph\">{\"@context\":\"https:\/\/schema.org\",\"@graph\":[{\"@type\":\"NewsArticle\",\"@id\":\"https:\/\/www.justiceinfo.net\/fr\/12544-221110-cpibemba-ouverture-du-proces-de-jean-pierre-bemba-devant-la-cpi9352.html#article\",\"isPartOf\":{\"@id\":\"https:\/\/www.justiceinfo.net\/fr\/12544-221110-cpibemba-ouverture-du-proces-de-jean-pierre-bemba-devant-la-cpi9352.html\"},\"author\":{\"name\":\"solivri\",\"@id\":\"https:\/\/www.justiceinfo.net\/fr#\/schema\/person\/6e53cba1629e2e66f3fc1821d3091865\"},\"headline\":\"22.11.10 - CPI\/BEMBA - OUVERTURE DU PROCES DE JEAN-PIERRE BEMBA DEVANT LA CPI\",\"datePublished\":\"2010-11-21T23:00:00+00:00\",\"mainEntityOfPage\":{\"@id\":\"https:\/\/www.justiceinfo.net\/fr\/12544-221110-cpibemba-ouverture-du-proces-de-jean-pierre-bemba-devant-la-cpi9352.html\"},\"wordCount\":786,\"commentCount\":0,\"publisher\":{\"@id\":\"https:\/\/www.justiceinfo.net\/fr#organization\"},\"articleSection\":[\"Hirondelle News\"],\"inLanguage\":\"fr-FR\",\"potentialAction\":[{\"@type\":\"CommentAction\",\"name\":\"Comment\",\"target\":[\"https:\/\/www.justiceinfo.net\/fr\/12544-221110-cpibemba-ouverture-du-proces-de-jean-pierre-bemba-devant-la-cpi9352.html#respond\"]}]},{\"@type\":\"WebPage\",\"@id\":\"https:\/\/www.justiceinfo.net\/fr\/12544-221110-cpibemba-ouverture-du-proces-de-jean-pierre-bemba-devant-la-cpi9352.html\",\"url\":\"https:\/\/www.justiceinfo.net\/fr\/12544-221110-cpibemba-ouverture-du-proces-de-jean-pierre-bemba-devant-la-cpi9352.html\",\"name\":\"22.11.10 - CPI\/BEMBA - OUVERTURE DU PROCES DE JEAN-PIERRE BEMBA DEVANT LA CPI - JusticeInfo.net\",\"isPartOf\":{\"@id\":\"https:\/\/www.justiceinfo.net\/fr#website\"},\"datePublished\":\"2010-11-21T23:00:00+00:00\",\"breadcrumb\":{\"@id\":\"https:\/\/www.justiceinfo.net\/fr\/12544-221110-cpibemba-ouverture-du-proces-de-jean-pierre-bemba-devant-la-cpi9352.html#breadcrumb\"},\"inLanguage\":\"fr-FR\",\"potentialAction\":[{\"@type\":\"ReadAction\",\"target\":[\"https:\/\/www.justiceinfo.net\/fr\/12544-221110-cpibemba-ouverture-du-proces-de-jean-pierre-bemba-devant-la-cpi9352.html\"]}]},{\"@type\":\"BreadcrumbList\",\"@id\":\"https:\/\/www.justiceinfo.net\/fr\/12544-221110-cpibemba-ouverture-du-proces-de-jean-pierre-bemba-devant-la-cpi9352.html#breadcrumb\",\"itemListElement\":[{\"@type\":\"ListItem\",\"position\":1,\"name\":\"Home\",\"item\":\"https:\/\/www.justiceinfo.net\/fr\"},{\"@type\":\"ListItem\",\"position\":2,\"name\":\"22.11.10 - CPI\/BEMBA - OUVERTURE DU PROCES DE JEAN-PIERRE BEMBA DEVANT LA CPI\"}]},{\"@type\":\"WebSite\",\"@id\":\"https:\/\/www.justiceinfo.net\/fr#website\",\"url\":\"https:\/\/www.justiceinfo.net\/fr\",\"name\":\"JusticeInfo.net\",\"description\":\"La justice doit \u00eatre vue pour \u00eatre rendue\",\"publisher\":{\"@id\":\"https:\/\/www.justiceinfo.net\/fr#organization\"},\"potentialAction\":[{\"@type\":\"SearchAction\",\"target\":{\"@type\":\"EntryPoint\",\"urlTemplate\":\"https:\/\/www.justiceinfo.net\/fr?s={search_term_string}\"},\"query-input\":{\"@type\":\"PropertyValueSpecification\",\"valueRequired\":true,\"valueName\":\"search_term_string\"}}],\"inLanguage\":\"fr-FR\"},{\"@type\":\"Organization\",\"@id\":\"https:\/\/www.justiceinfo.net\/fr#organization\",\"name\":\"Justice Info\",\"url\":\"https:\/\/www.justiceinfo.net\/fr\",\"logo\":{\"@type\":\"ImageObject\",\"inLanguage\":\"fr-FR\",\"@id\":\"https:\/\/www.justiceinfo.net\/fr#\/schema\/logo\/image\/\",\"url\":\"https:\/\/www.justiceinfo.net\/wp-content\/uploads\/justiceinfo_logo-trans_1200x1200px.png\",\"contentUrl\":\"https:\/\/www.justiceinfo.net\/wp-content\/uploads\/justiceinfo_logo-trans_1200x1200px.png\",\"width\":1199,\"height\":1200,\"caption\":\"Justice Info\"},\"image\":{\"@id\":\"https:\/\/www.justiceinfo.net\/fr#\/schema\/logo\/image\/\"},\"sameAs\":[\"https:\/\/www.facebook.com\/JusticeInfo\/\",\"https:\/\/x.com\/justiceinfonet\",\"https:\/\/www.linkedin.com\/company\/justice-info\",\"https:\/\/www.youtube.com\/channel\/UCyCEsARodyuWtkWyhn-e7pA\"]},{\"@type\":\"Person\",\"name\":\"solivri\",\"url\":\"\/fr\/?s=solivri\"}]}<\/script>\n<!-- \/ Yoast SEO Premium plugin. -->","yoast_head_json":{"title":"22.11.10 - CPI\/BEMBA - OUVERTURE DU PROCES DE JEAN-PIERRE BEMBA DEVANT LA CPI - JusticeInfo.net","robots":{"index":"index","follow":"follow","max-snippet":"max-snippet:-1","max-image-preview":"max-image-preview:large","max-video-preview":"max-video-preview:-1"},"canonical":"https:\/\/www.justiceinfo.net\/fr\/12544-221110-cpibemba-ouverture-du-proces-de-jean-pierre-bemba-devant-la-cpi9352.html","og_locale":"fr_FR","og_type":"article","og_title":"22.11.10 - CPI\/BEMBA - OUVERTURE DU PROCES DE JEAN-PIERRE BEMBA DEVANT LA CPI","og_description":"La Haye, 22 novembre 2010 (FH) - Le proc&egrave;s intent&eacute; contre Jean-Pierre Bemba s'est ouvert le 22 novembre 2010 devant la Cour p&eacute;nale internationale (CPI) &agrave; La Haye. A l'ouverture de l'audience, l'accus&eacute; a salu&eacute; ses partisans et sa femme, pr&eacute;sents dans la galerie du public. Jean-Pierre Bemba a ensuite plaid&eacute; &laquo; non coupable &raquo; [&hellip;]","og_url":"https:\/\/www.justiceinfo.net\/fr\/12544-221110-cpibemba-ouverture-du-proces-de-jean-pierre-bemba-devant-la-cpi9352.html","og_site_name":"JusticeInfo.net","article_publisher":"https:\/\/www.facebook.com\/JusticeInfo\/","article_published_time":"2010-11-21T23:00:00+00:00","og_image":[{"width":1200,"height":630,"url":"https:\/\/www.justiceinfo.net\/wp-content\/uploads\/JusticeInfoNet_logo_1200x630px.jpg","type":"image\/jpeg"}],"author":"solivri","twitter_card":"summary_large_image","twitter_creator":"@justiceinfonet","twitter_site":"@justiceinfonet","twitter_misc":{"\u00c9crit par":"solivri","Dur\u00e9e de lecture estim\u00e9e":"4 minutes"},"schema":{"@context":"https:\/\/schema.org","@graph":[{"@type":"NewsArticle","@id":"https:\/\/www.justiceinfo.net\/fr\/12544-221110-cpibemba-ouverture-du-proces-de-jean-pierre-bemba-devant-la-cpi9352.html#article","isPartOf":{"@id":"https:\/\/www.justiceinfo.net\/fr\/12544-221110-cpibemba-ouverture-du-proces-de-jean-pierre-bemba-devant-la-cpi9352.html"},"author":{"name":"solivri","@id":"https:\/\/www.justiceinfo.net\/fr#\/schema\/person\/6e53cba1629e2e66f3fc1821d3091865"},"headline":"22.11.10 - CPI\/BEMBA - OUVERTURE DU PROCES DE JEAN-PIERRE BEMBA DEVANT LA CPI","datePublished":"2010-11-21T23:00:00+00:00","mainEntityOfPage":{"@id":"https:\/\/www.justiceinfo.net\/fr\/12544-221110-cpibemba-ouverture-du-proces-de-jean-pierre-bemba-devant-la-cpi9352.html"},"wordCount":786,"commentCount":0,"publisher":{"@id":"https:\/\/www.justiceinfo.net\/fr#organization"},"articleSection":["Hirondelle News"],"inLanguage":"fr-FR","potentialAction":[{"@type":"CommentAction","name":"Comment","target":["https:\/\/www.justiceinfo.net\/fr\/12544-221110-cpibemba-ouverture-du-proces-de-jean-pierre-bemba-devant-la-cpi9352.html#respond"]}]},{"@type":"WebPage","@id":"https:\/\/www.justiceinfo.net\/fr\/12544-221110-cpibemba-ouverture-du-proces-de-jean-pierre-bemba-devant-la-cpi9352.html","url":"https:\/\/www.justiceinfo.net\/fr\/12544-221110-cpibemba-ouverture-du-proces-de-jean-pierre-bemba-devant-la-cpi9352.html","name":"22.11.10 - CPI\/BEMBA - OUVERTURE DU PROCES DE JEAN-PIERRE BEMBA DEVANT LA CPI - JusticeInfo.net","isPartOf":{"@id":"https:\/\/www.justiceinfo.net\/fr#website"},"datePublished":"2010-11-21T23:00:00+00:00","breadcrumb":{"@id":"https:\/\/www.justiceinfo.net\/fr\/12544-221110-cpibemba-ouverture-du-proces-de-jean-pierre-bemba-devant-la-cpi9352.html#breadcrumb"},"inLanguage":"fr-FR","potentialAction":[{"@type":"ReadAction","target":["https:\/\/www.justiceinfo.net\/fr\/12544-221110-cpibemba-ouverture-du-proces-de-jean-pierre-bemba-devant-la-cpi9352.html"]}]},{"@type":"BreadcrumbList","@id":"https:\/\/www.justiceinfo.net\/fr\/12544-221110-cpibemba-ouverture-du-proces-de-jean-pierre-bemba-devant-la-cpi9352.html#breadcrumb","itemListElement":[{"@type":"ListItem","position":1,"name":"Home","item":"https:\/\/www.justiceinfo.net\/fr"},{"@type":"ListItem","position":2,"name":"22.11.10 - CPI\/BEMBA - OUVERTURE DU PROCES DE JEAN-PIERRE BEMBA DEVANT LA CPI"}]},{"@type":"WebSite","@id":"https:\/\/www.justiceinfo.net\/fr#website","url":"https:\/\/www.justiceinfo.net\/fr","name":"JusticeInfo.net","description":"La justice doit \u00eatre vue pour \u00eatre rendue","publisher":{"@id":"https:\/\/www.justiceinfo.net\/fr#organization"},"potentialAction":[{"@type":"SearchAction","target":{"@type":"EntryPoint","urlTemplate":"https:\/\/www.justiceinfo.net\/fr?s={search_term_string}"},"query-input":{"@type":"PropertyValueSpecification","valueRequired":true,"valueName":"search_term_string"}}],"inLanguage":"fr-FR"},{"@type":"Organization","@id":"https:\/\/www.justiceinfo.net\/fr#organization","name":"Justice Info","url":"https:\/\/www.justiceinfo.net\/fr","logo":{"@type":"ImageObject","inLanguage":"fr-FR","@id":"https:\/\/www.justiceinfo.net\/fr#\/schema\/logo\/image\/","url":"https:\/\/www.justiceinfo.net\/wp-content\/uploads\/justiceinfo_logo-trans_1200x1200px.png","contentUrl":"https:\/\/www.justiceinfo.net\/wp-content\/uploads\/justiceinfo_logo-trans_1200x1200px.png","width":1199,"height":1200,"caption":"Justice Info"},"image":{"@id":"https:\/\/www.justiceinfo.net\/fr#\/schema\/logo\/image\/"},"sameAs":["https:\/\/www.facebook.com\/JusticeInfo\/","https:\/\/x.com\/justiceinfonet","https:\/\/www.linkedin.com\/company\/justice-info","https:\/\/www.youtube.com\/channel\/UCyCEsARodyuWtkWyhn-e7pA"]},{"@type":"Person","name":"solivri","url":"\/fr\/?s=solivri"}]}},"_links":{"self":[{"href":"https:\/\/www.justiceinfo.net\/fr\/wp-json\/wp\/v2\/posts\/12544","targetHints":{"allow":["GET"]}}],"collection":[{"href":"https:\/\/www.justiceinfo.net\/fr\/wp-json\/wp\/v2\/posts"}],"about":[{"href":"https:\/\/www.justiceinfo.net\/fr\/wp-json\/wp\/v2\/types\/post"}],"author":[{"embeddable":true,"href":"https:\/\/www.justiceinfo.net\/fr\/wp-json\/wp\/v2\/users\/64"}],"replies":[{"embeddable":true,"href":"https:\/\/www.justiceinfo.net\/fr\/wp-json\/wp\/v2\/comments?post=12544"}],"version-history":[{"count":0,"href":"https:\/\/www.justiceinfo.net\/fr\/wp-json\/wp\/v2\/posts\/12544\/revisions"}],"wp:attachment":[{"href":"https:\/\/www.justiceinfo.net\/fr\/wp-json\/wp\/v2\/media?parent=12544"}],"wp:term":[{"taxonomy":"category","embeddable":true,"href":"https:\/\/www.justiceinfo.net\/fr\/wp-json\/wp\/v2\/categories?post=12544"},{"taxonomy":"post_tag","embeddable":true,"href":"https:\/\/www.justiceinfo.net\/fr\/wp-json\/wp\/v2\/tags?post=12544"},{"taxonomy":"ji_location","embeddable":true,"href":"https:\/\/www.justiceinfo.net\/fr\/wp-json\/wp\/v2\/ji_location?post=12544"}],"curies":[{"name":"wp","href":"https:\/\/api.w.org\/{rel}","templated":true}]}}