{"id":12549,"date":"2010-11-24T00:00:00","date_gmt":"2010-11-23T23:00:00","guid":{"rendered":"https:\/\/www.justiceinfo.net\/12549-241110-tpiruwinkindi-uwinkindi-retrait-du-chef-dentente-en-vue-de-commettre-le-genocide9357.html"},"modified":"2010-11-24T00:00:00","modified_gmt":"2010-11-23T23:00:00","slug":"241110-tpiruwinkindi-uwinkindi-retrait-du-chef-dentente-en-vue-de-commettre-le-genocide9357","status":"publish","type":"post","link":"https:\/\/www.justiceinfo.net\/fr\/12549-241110-tpiruwinkindi-uwinkindi-retrait-du-chef-dentente-en-vue-de-commettre-le-genocide9357.html","title":{"rendered":"24.11.10 - TPIR\/UWINKINDI - UWINKINDI : RETRAIT DU CHEF D\u2019ENTENTE EN VUE DE COMMETTRE LE GENOCIDE"},"content":{"rendered":"<p>Arusha, 24 novembre 2010 (FH) - Le procureur pr&egrave;s le Tribunal p&eacute;nal international pour le Rwanda (TPIR) a obtenu de la chambre l'autorisation de retirer le chef d' &laquo; entente en vue de commettre le g&eacute;nocide &raquo; du dossier d'un pasteur pentec&ocirc;tiste arr&ecirc;t&eacute; le 30 juin en Ouganda.<br \/>\n<!--more-->Le procureur re&ccedil;oit &eacute;galement carte blanche pour corriger, dans l'acte d'accusation, l'identification du pasteur Uwinkindi pr&eacute;nomm&eacute; Jean et non Jean-Bosco. <\/p>\n<p >\nPar la m&ecirc;me occasion, il va ajouter &laquo; l'entreprise criminelle commune &raquo; ainsi que &laquo; l'aide et l'encouragement &raquo; comme nouvelles formes de responsabilit&eacute; qu'il n'avait pas plaid&eacute;es dans le pr&eacute;c&eacute;dent acte d'accusation.\n<\/p>\n<p >\nDans sa d&eacute;cision, la chambre lui a accord&eacute; jusqu'au jeudi 25 novembre pour d&eacute;poser le nouvel acte d'accusation dans lequel l'homme d'&eacute;glise ne devrait plus &ecirc;tre inculp&eacute; que de g&eacute;nocide et extermination.\n<\/p>\n<p >\nApr&egrave;s ce d&eacute;p&ocirc;t, une &laquo; nouvelle comparution initiale &raquo; aura le lieu le 1er&nbsp;d&eacute;cembre, &agrave; l'occasion de laquelle il dira s'il plaide coupable ou non coupable.\n<\/p>\n<p >\nCette d&eacute;cision de la chambre intervient alors que le procureur du TPIR Hassan Bubacar Jallow a d&eacute;pos&eacute; au d&eacute;but du mois des requ&ecirc;tes visant &agrave; renvoyer trois dossiers au Rwanda, dont celui du pasteur.\n<\/p>\n<p >\nSelon le r&egrave;glement, c'est le pr&eacute;sident du TPIR qui donne le coup d'envoi de la proc&eacute;dure en d&eacute;signant une chambre pour chaque demande.\n<\/p>\n<p >\n&laquo; En tous cas, pour ce qui est de mon client, aucune chambre n'a encore &eacute;t&eacute; d&eacute;sign&eacute;e &raquo;, indiquait mercredi &agrave; l'agence Hirondelle, Me Claver Sindayigaya, l'avocat principal rwandais d'Uwinkindi.\n<\/p>\n<p >\nC'est cette chambre qui, une fois mise en place, fixera la date du d&eacute;p&ocirc;t des arguments de la d&eacute;fense ainsi que celle d'une probable audience publique sur la demande du procureur. &laquo; Et comme le r&egrave;glement pr&eacute;voit &eacute;galement une proc&eacute;dure d'appel, quelle que soit la d&eacute;cision de la chambre, cela nous m&egrave;nera certainement au milieu de l'ann&eacute;e prochaine &raquo;, a estim&eacute; un haut cadre du TPIR qui a pr&eacute;f&eacute;r&eacute; rester anonyme.\n<\/p>\n<p >\nAujourd'hui &acirc;g&eacute; de 59 ans, l'homme d'&eacute;glise, qui ne comprend ni le fran&ccedil;ais ni l'anglais, les deux langues officielles du tribunal, est n&eacute; dans la pr&eacute;fecture de Kibuye (ouest). Mais ses responsabilit&eacute;s pastorales l'avaient conduit au Bugesera (est), une r&eacute;gion qui connaissait une des plus fortes concentrations de Tutsis.\n<\/p>\n<p >\nC'est l&agrave; qu'il aurait, selon le pr&eacute;sent acte d'accusation, profit&eacute; de l'assassinat du pr&eacute;sident Juv&eacute;nal Habyarimana le 6 avril 1994 pour participer activement &agrave; la campagne d'&eacute;limination physique des Tutsis sans m&ecirc;me &eacute;pargner ceux, parmi lesquels des enfants et des femmes, qui avaient cherch&eacute; refuge &agrave; son &eacute;glise de Kayenzi.\n<\/p>\n<p >\nToujours selon le procureur, les tueurs qui ont sem&eacute; la mort dans cette r&eacute;gion avaient &eacute;lu leur domicile dans ce lieu de culte.\n<\/p>\n<p >\n<p >\nER\/GF\n<\/p>\n<p>\n&copy; Agence Hirondelle<\/p>\n","protected":false},"excerpt":{"rendered":"<p>Arusha, 24 novembre 2010 (FH) - Le procureur pr&egrave;s le Tribunal p&eacute;nal international pour le Rwanda (TPIR) a obtenu de la chambre l'autorisation de retirer le chef d' &laquo; entente en vue de commettre le g&eacute;nocide &raquo; du dossier d'un pasteur pentec&ocirc;tiste arr&ecirc;t&eacute; le 30 juin en Ouganda.<\/p>\n","protected":false},"author":64,"featured_media":0,"comment_status":"open","ping_status":"closed","sticky":false,"template":"","format":"standard","meta":{"_acf_changed":false,"footnotes":""},"categories":[554],"tags":[],"ji_location":[],"class_list":["post-12549","post","type-post","status-publish","format-standard","hentry","category-hirondellenews"],"acf":[],"yoast_head":"<!-- This site is optimized with the Yoast SEO Premium plugin v25.3.1 (Yoast SEO v25.3.1) - https:\/\/yoast.com\/wordpress\/plugins\/seo\/ -->\n<title>24.11.10 - TPIR\/UWINKINDI - UWINKINDI : RETRAIT DU CHEF D\u2019ENTENTE EN VUE DE COMMETTRE LE GENOCIDE - JusticeInfo.net<\/title>\n<meta name=\"robots\" content=\"index, follow, max-snippet:-1, max-image-preview:large, max-video-preview:-1\" \/>\n<link rel=\"canonical\" href=\"https:\/\/www.justiceinfo.net\/fr\/12549-241110-tpiruwinkindi-uwinkindi-retrait-du-chef-dentente-en-vue-de-commettre-le-genocide9357.html\" \/>\n<meta property=\"og:locale\" content=\"fr_FR\" \/>\n<meta property=\"og:type\" content=\"article\" \/>\n<meta property=\"og:title\" content=\"24.11.10 - TPIR\/UWINKINDI - UWINKINDI : RETRAIT DU CHEF D\u2019ENTENTE EN VUE DE COMMETTRE LE GENOCIDE\" \/>\n<meta property=\"og:description\" content=\"Arusha, 24 novembre 2010 (FH) - Le procureur pr&egrave;s le Tribunal p&eacute;nal international pour le Rwanda (TPIR) a obtenu de la chambre l&#039;autorisation de retirer le chef d&#039; &laquo; entente en vue de commettre le g&eacute;nocide &raquo; du dossier d&#039;un pasteur pentec&ocirc;tiste arr&ecirc;t&eacute; le 30 juin en Ouganda.\" \/>\n<meta property=\"og:url\" content=\"https:\/\/www.justiceinfo.net\/fr\/12549-241110-tpiruwinkindi-uwinkindi-retrait-du-chef-dentente-en-vue-de-commettre-le-genocide9357.html\" \/>\n<meta property=\"og:site_name\" content=\"JusticeInfo.net\" \/>\n<meta property=\"article:publisher\" content=\"https:\/\/www.facebook.com\/JusticeInfo\/\" \/>\n<meta property=\"article:published_time\" content=\"2010-11-23T23:00:00+00:00\" \/>\n<meta property=\"og:image\" content=\"https:\/\/www.justiceinfo.net\/wp-content\/uploads\/JusticeInfoNet_logo_1200x630px.jpg\" \/>\n\t<meta property=\"og:image:width\" content=\"1200\" \/>\n\t<meta property=\"og:image:height\" content=\"630\" \/>\n\t<meta property=\"og:image:type\" content=\"image\/jpeg\" \/>\n<meta name=\"author\" content=\"solivri\" \/>\n<meta name=\"twitter:card\" content=\"summary_large_image\" \/>\n<meta name=\"twitter:creator\" content=\"@justiceinfonet\" \/>\n<meta name=\"twitter:site\" content=\"@justiceinfonet\" \/>\n<meta name=\"twitter:label1\" content=\"\u00c9crit par\" \/>\n\t<meta name=\"twitter:data1\" content=\"solivri\" \/>\n\t<meta name=\"twitter:label2\" content=\"Dur\u00e9e de lecture estim\u00e9e\" \/>\n\t<meta name=\"twitter:data2\" content=\"3 minutes\" \/>\n<script type=\"application\/ld+json\" class=\"yoast-schema-graph\">{\"@context\":\"https:\/\/schema.org\",\"@graph\":[{\"@type\":\"NewsArticle\",\"@id\":\"https:\/\/www.justiceinfo.net\/fr\/12549-241110-tpiruwinkindi-uwinkindi-retrait-du-chef-dentente-en-vue-de-commettre-le-genocide9357.html#article\",\"isPartOf\":{\"@id\":\"https:\/\/www.justiceinfo.net\/fr\/12549-241110-tpiruwinkindi-uwinkindi-retrait-du-chef-dentente-en-vue-de-commettre-le-genocide9357.html\"},\"author\":{\"name\":\"solivri\",\"@id\":\"https:\/\/www.justiceinfo.net\/fr#\/schema\/person\/6e53cba1629e2e66f3fc1821d3091865\"},\"headline\":\"24.11.10 - TPIR\/UWINKINDI - UWINKINDI : RETRAIT DU CHEF D\u2019ENTENTE EN VUE DE COMMETTRE LE GENOCIDE\",\"datePublished\":\"2010-11-23T23:00:00+00:00\",\"mainEntityOfPage\":{\"@id\":\"https:\/\/www.justiceinfo.net\/fr\/12549-241110-tpiruwinkindi-uwinkindi-retrait-du-chef-dentente-en-vue-de-commettre-le-genocide9357.html\"},\"wordCount\":614,\"commentCount\":0,\"publisher\":{\"@id\":\"https:\/\/www.justiceinfo.net\/fr#organization\"},\"articleSection\":[\"Hirondelle News\"],\"inLanguage\":\"fr-FR\",\"potentialAction\":[{\"@type\":\"CommentAction\",\"name\":\"Comment\",\"target\":[\"https:\/\/www.justiceinfo.net\/fr\/12549-241110-tpiruwinkindi-uwinkindi-retrait-du-chef-dentente-en-vue-de-commettre-le-genocide9357.html#respond\"]}]},{\"@type\":\"WebPage\",\"@id\":\"https:\/\/www.justiceinfo.net\/fr\/12549-241110-tpiruwinkindi-uwinkindi-retrait-du-chef-dentente-en-vue-de-commettre-le-genocide9357.html\",\"url\":\"https:\/\/www.justiceinfo.net\/fr\/12549-241110-tpiruwinkindi-uwinkindi-retrait-du-chef-dentente-en-vue-de-commettre-le-genocide9357.html\",\"name\":\"24.11.10 - TPIR\/UWINKINDI - UWINKINDI : RETRAIT DU CHEF D\u2019ENTENTE EN VUE DE COMMETTRE LE GENOCIDE - JusticeInfo.net\",\"isPartOf\":{\"@id\":\"https:\/\/www.justiceinfo.net\/fr#website\"},\"datePublished\":\"2010-11-23T23:00:00+00:00\",\"breadcrumb\":{\"@id\":\"https:\/\/www.justiceinfo.net\/fr\/12549-241110-tpiruwinkindi-uwinkindi-retrait-du-chef-dentente-en-vue-de-commettre-le-genocide9357.html#breadcrumb\"},\"inLanguage\":\"fr-FR\",\"potentialAction\":[{\"@type\":\"ReadAction\",\"target\":[\"https:\/\/www.justiceinfo.net\/fr\/12549-241110-tpiruwinkindi-uwinkindi-retrait-du-chef-dentente-en-vue-de-commettre-le-genocide9357.html\"]}]},{\"@type\":\"BreadcrumbList\",\"@id\":\"https:\/\/www.justiceinfo.net\/fr\/12549-241110-tpiruwinkindi-uwinkindi-retrait-du-chef-dentente-en-vue-de-commettre-le-genocide9357.html#breadcrumb\",\"itemListElement\":[{\"@type\":\"ListItem\",\"position\":1,\"name\":\"Home\",\"item\":\"https:\/\/www.justiceinfo.net\/fr\"},{\"@type\":\"ListItem\",\"position\":2,\"name\":\"24.11.10 - TPIR\/UWINKINDI - UWINKINDI : RETRAIT DU CHEF D\u2019ENTENTE EN VUE DE COMMETTRE LE GENOCIDE\"}]},{\"@type\":\"WebSite\",\"@id\":\"https:\/\/www.justiceinfo.net\/fr#website\",\"url\":\"https:\/\/www.justiceinfo.net\/fr\",\"name\":\"JusticeInfo.net\",\"description\":\"La justice doit \u00eatre vue pour \u00eatre rendue\",\"publisher\":{\"@id\":\"https:\/\/www.justiceinfo.net\/fr#organization\"},\"potentialAction\":[{\"@type\":\"SearchAction\",\"target\":{\"@type\":\"EntryPoint\",\"urlTemplate\":\"https:\/\/www.justiceinfo.net\/fr?s={search_term_string}\"},\"query-input\":{\"@type\":\"PropertyValueSpecification\",\"valueRequired\":true,\"valueName\":\"search_term_string\"}}],\"inLanguage\":\"fr-FR\"},{\"@type\":\"Organization\",\"@id\":\"https:\/\/www.justiceinfo.net\/fr#organization\",\"name\":\"Justice Info\",\"url\":\"https:\/\/www.justiceinfo.net\/fr\",\"logo\":{\"@type\":\"ImageObject\",\"inLanguage\":\"fr-FR\",\"@id\":\"https:\/\/www.justiceinfo.net\/fr#\/schema\/logo\/image\/\",\"url\":\"https:\/\/www.justiceinfo.net\/wp-content\/uploads\/justiceinfo_logo-trans_1200x1200px.png\",\"contentUrl\":\"https:\/\/www.justiceinfo.net\/wp-content\/uploads\/justiceinfo_logo-trans_1200x1200px.png\",\"width\":1199,\"height\":1200,\"caption\":\"Justice Info\"},\"image\":{\"@id\":\"https:\/\/www.justiceinfo.net\/fr#\/schema\/logo\/image\/\"},\"sameAs\":[\"https:\/\/www.facebook.com\/JusticeInfo\/\",\"https:\/\/x.com\/justiceinfonet\",\"https:\/\/www.linkedin.com\/company\/justice-info\",\"https:\/\/www.youtube.com\/channel\/UCyCEsARodyuWtkWyhn-e7pA\"]},{\"@type\":\"Person\",\"name\":\"solivri\",\"url\":\"\/fr\/?s=solivri\"}]}<\/script>\n<!-- \/ Yoast SEO Premium plugin. -->","yoast_head_json":{"title":"24.11.10 - TPIR\/UWINKINDI - UWINKINDI : RETRAIT DU CHEF D\u2019ENTENTE EN VUE DE COMMETTRE LE GENOCIDE - JusticeInfo.net","robots":{"index":"index","follow":"follow","max-snippet":"max-snippet:-1","max-image-preview":"max-image-preview:large","max-video-preview":"max-video-preview:-1"},"canonical":"https:\/\/www.justiceinfo.net\/fr\/12549-241110-tpiruwinkindi-uwinkindi-retrait-du-chef-dentente-en-vue-de-commettre-le-genocide9357.html","og_locale":"fr_FR","og_type":"article","og_title":"24.11.10 - TPIR\/UWINKINDI - UWINKINDI : RETRAIT DU CHEF D\u2019ENTENTE EN VUE DE COMMETTRE LE GENOCIDE","og_description":"Arusha, 24 novembre 2010 (FH) - Le procureur pr&egrave;s le Tribunal p&eacute;nal international pour le Rwanda (TPIR) a obtenu de la chambre l'autorisation de retirer le chef d' &laquo; entente en vue de commettre le g&eacute;nocide &raquo; du dossier d'un pasteur pentec&ocirc;tiste arr&ecirc;t&eacute; le 30 juin en Ouganda.","og_url":"https:\/\/www.justiceinfo.net\/fr\/12549-241110-tpiruwinkindi-uwinkindi-retrait-du-chef-dentente-en-vue-de-commettre-le-genocide9357.html","og_site_name":"JusticeInfo.net","article_publisher":"https:\/\/www.facebook.com\/JusticeInfo\/","article_published_time":"2010-11-23T23:00:00+00:00","og_image":[{"width":1200,"height":630,"url":"https:\/\/www.justiceinfo.net\/wp-content\/uploads\/JusticeInfoNet_logo_1200x630px.jpg","type":"image\/jpeg"}],"author":"solivri","twitter_card":"summary_large_image","twitter_creator":"@justiceinfonet","twitter_site":"@justiceinfonet","twitter_misc":{"\u00c9crit par":"solivri","Dur\u00e9e de lecture estim\u00e9e":"3 minutes"},"schema":{"@context":"https:\/\/schema.org","@graph":[{"@type":"NewsArticle","@id":"https:\/\/www.justiceinfo.net\/fr\/12549-241110-tpiruwinkindi-uwinkindi-retrait-du-chef-dentente-en-vue-de-commettre-le-genocide9357.html#article","isPartOf":{"@id":"https:\/\/www.justiceinfo.net\/fr\/12549-241110-tpiruwinkindi-uwinkindi-retrait-du-chef-dentente-en-vue-de-commettre-le-genocide9357.html"},"author":{"name":"solivri","@id":"https:\/\/www.justiceinfo.net\/fr#\/schema\/person\/6e53cba1629e2e66f3fc1821d3091865"},"headline":"24.11.10 - TPIR\/UWINKINDI - UWINKINDI : RETRAIT DU CHEF D\u2019ENTENTE EN VUE DE COMMETTRE LE GENOCIDE","datePublished":"2010-11-23T23:00:00+00:00","mainEntityOfPage":{"@id":"https:\/\/www.justiceinfo.net\/fr\/12549-241110-tpiruwinkindi-uwinkindi-retrait-du-chef-dentente-en-vue-de-commettre-le-genocide9357.html"},"wordCount":614,"commentCount":0,"publisher":{"@id":"https:\/\/www.justiceinfo.net\/fr#organization"},"articleSection":["Hirondelle News"],"inLanguage":"fr-FR","potentialAction":[{"@type":"CommentAction","name":"Comment","target":["https:\/\/www.justiceinfo.net\/fr\/12549-241110-tpiruwinkindi-uwinkindi-retrait-du-chef-dentente-en-vue-de-commettre-le-genocide9357.html#respond"]}]},{"@type":"WebPage","@id":"https:\/\/www.justiceinfo.net\/fr\/12549-241110-tpiruwinkindi-uwinkindi-retrait-du-chef-dentente-en-vue-de-commettre-le-genocide9357.html","url":"https:\/\/www.justiceinfo.net\/fr\/12549-241110-tpiruwinkindi-uwinkindi-retrait-du-chef-dentente-en-vue-de-commettre-le-genocide9357.html","name":"24.11.10 - TPIR\/UWINKINDI - UWINKINDI : RETRAIT DU CHEF D\u2019ENTENTE EN VUE DE COMMETTRE LE GENOCIDE - JusticeInfo.net","isPartOf":{"@id":"https:\/\/www.justiceinfo.net\/fr#website"},"datePublished":"2010-11-23T23:00:00+00:00","breadcrumb":{"@id":"https:\/\/www.justiceinfo.net\/fr\/12549-241110-tpiruwinkindi-uwinkindi-retrait-du-chef-dentente-en-vue-de-commettre-le-genocide9357.html#breadcrumb"},"inLanguage":"fr-FR","potentialAction":[{"@type":"ReadAction","target":["https:\/\/www.justiceinfo.net\/fr\/12549-241110-tpiruwinkindi-uwinkindi-retrait-du-chef-dentente-en-vue-de-commettre-le-genocide9357.html"]}]},{"@type":"BreadcrumbList","@id":"https:\/\/www.justiceinfo.net\/fr\/12549-241110-tpiruwinkindi-uwinkindi-retrait-du-chef-dentente-en-vue-de-commettre-le-genocide9357.html#breadcrumb","itemListElement":[{"@type":"ListItem","position":1,"name":"Home","item":"https:\/\/www.justiceinfo.net\/fr"},{"@type":"ListItem","position":2,"name":"24.11.10 - TPIR\/UWINKINDI - UWINKINDI : RETRAIT DU CHEF D\u2019ENTENTE EN VUE DE COMMETTRE LE GENOCIDE"}]},{"@type":"WebSite","@id":"https:\/\/www.justiceinfo.net\/fr#website","url":"https:\/\/www.justiceinfo.net\/fr","name":"JusticeInfo.net","description":"La justice doit \u00eatre vue pour \u00eatre rendue","publisher":{"@id":"https:\/\/www.justiceinfo.net\/fr#organization"},"potentialAction":[{"@type":"SearchAction","target":{"@type":"EntryPoint","urlTemplate":"https:\/\/www.justiceinfo.net\/fr?s={search_term_string}"},"query-input":{"@type":"PropertyValueSpecification","valueRequired":true,"valueName":"search_term_string"}}],"inLanguage":"fr-FR"},{"@type":"Organization","@id":"https:\/\/www.justiceinfo.net\/fr#organization","name":"Justice Info","url":"https:\/\/www.justiceinfo.net\/fr","logo":{"@type":"ImageObject","inLanguage":"fr-FR","@id":"https:\/\/www.justiceinfo.net\/fr#\/schema\/logo\/image\/","url":"https:\/\/www.justiceinfo.net\/wp-content\/uploads\/justiceinfo_logo-trans_1200x1200px.png","contentUrl":"https:\/\/www.justiceinfo.net\/wp-content\/uploads\/justiceinfo_logo-trans_1200x1200px.png","width":1199,"height":1200,"caption":"Justice Info"},"image":{"@id":"https:\/\/www.justiceinfo.net\/fr#\/schema\/logo\/image\/"},"sameAs":["https:\/\/www.facebook.com\/JusticeInfo\/","https:\/\/x.com\/justiceinfonet","https:\/\/www.linkedin.com\/company\/justice-info","https:\/\/www.youtube.com\/channel\/UCyCEsARodyuWtkWyhn-e7pA"]},{"@type":"Person","name":"solivri","url":"\/fr\/?s=solivri"}]}},"_links":{"self":[{"href":"https:\/\/www.justiceinfo.net\/fr\/wp-json\/wp\/v2\/posts\/12549","targetHints":{"allow":["GET"]}}],"collection":[{"href":"https:\/\/www.justiceinfo.net\/fr\/wp-json\/wp\/v2\/posts"}],"about":[{"href":"https:\/\/www.justiceinfo.net\/fr\/wp-json\/wp\/v2\/types\/post"}],"author":[{"embeddable":true,"href":"https:\/\/www.justiceinfo.net\/fr\/wp-json\/wp\/v2\/users\/64"}],"replies":[{"embeddable":true,"href":"https:\/\/www.justiceinfo.net\/fr\/wp-json\/wp\/v2\/comments?post=12549"}],"version-history":[{"count":0,"href":"https:\/\/www.justiceinfo.net\/fr\/wp-json\/wp\/v2\/posts\/12549\/revisions"}],"wp:attachment":[{"href":"https:\/\/www.justiceinfo.net\/fr\/wp-json\/wp\/v2\/media?parent=12549"}],"wp:term":[{"taxonomy":"category","embeddable":true,"href":"https:\/\/www.justiceinfo.net\/fr\/wp-json\/wp\/v2\/categories?post=12549"},{"taxonomy":"post_tag","embeddable":true,"href":"https:\/\/www.justiceinfo.net\/fr\/wp-json\/wp\/v2\/tags?post=12549"},{"taxonomy":"ji_location","embeddable":true,"href":"https:\/\/www.justiceinfo.net\/fr\/wp-json\/wp\/v2\/ji_location?post=12549"}],"curies":[{"name":"wp","href":"https:\/\/api.w.org\/{rel}","templated":true}]}}