{"id":12566,"date":"2010-11-29T00:00:00","date_gmt":"2010-11-28T23:00:00","guid":{"rendered":"https:\/\/www.justiceinfo.net\/12566-291110-tpirfrance-deux-temoins-au-tpir-prets-a-charger-un-accuse-en-france9374.html"},"modified":"2010-11-29T00:00:00","modified_gmt":"2010-11-28T23:00:00","slug":"291110-tpirfrance-deux-temoins-au-tpir-prets-a-charger-un-accuse-en-france9374","status":"publish","type":"post","link":"https:\/\/www.justiceinfo.net\/fr\/12566-291110-tpirfrance-deux-temoins-au-tpir-prets-a-charger-un-accuse-en-france9374.html","title":{"rendered":"29.11.10 - TPIR\/FRANCE - DEUX TEMOINS AU TPIR PRETS A CHARGER UN ACCUSE EN FRANCE"},"content":{"rendered":"<p>Arusha, 29 novembre 2010 (FH) - Le Tribunal p&eacute;nal international pour le Rwanda (TPIR) a autoris&eacute; la divulgation &agrave; la justice fran&ccedil;aise de l'identit&eacute; de deux t&eacute;moins potentiels dans le cadre de l'enqu&ecirc;te sur le r&ocirc;le pr&eacute;sum&eacute; du capitaine Pascal Simbikangwa dans le g&eacute;nocide des Tutsis de 1994, apprend-on lundi. <\/p>\n<p><!--more--><\/p>\n<p >\n<p >\n<p >\nPoursuivi en France, Simbikangwa est d&eacute;tenu &agrave; Paris.\n<\/p>\n<p >\n<p >\nLa d&eacute;cision a &eacute;t&eacute; prise suite &agrave; une requ&ecirc;te du procureur au TPIR qui veut ainsi, avec l'accord de ces t&eacute;moins, &laquo; faciliter les enqu&ecirc;tes et les poursuites en France &raquo; contre Simbikangwa.\n<\/p>\n<p >\nCes deux t&eacute;moins avaient d&eacute;pos&eacute; au TPIR dans le proc&egrave;s Bagosora et consorts sous les pseudonymes XXC et AAA, selon cette d&eacute;cision consult&eacute;e lundi sur le site internet du tribunal.\n<\/p>\n<p >\n<p >\nPour le t&eacute;moin XXC, pr&ecirc;t &agrave; &ecirc;tre entendu &agrave; visage d&eacute;couvert dans la proc&eacute;dure fran&ccedil;aise, il s'agit de &laquo; la lev&eacute;e totale &raquo; de toutes les mesures de protection dont il b&eacute;n&eacute;ficiait. Pour AAA, le tribunal autorise les autorit&eacute;s judiciaires fran&ccedil;aises &agrave; divulguer son identit&eacute;, ses d&eacute;clarations &eacute;crites et son t&eacute;moignage au TPIR, seulement aux parties dans l'affaire Simbikangwa, donc pas au public.\n<\/p>\n<p >\n<p >\nLa chambre a cependant refus&eacute; la divulgation de l'identit&eacute; d'un troisi&egrave;me t&eacute;moin, DCB, qui, dans un r&eacute;cent affidavit, s'y est oppos&eacute;.\n<\/p>\n<p >\n<p >\nLe procureur avait expliqu&eacute;, dans sa requ&ecirc;te, que DCB, qui a &eacute;galement t&eacute;moign&eacute; dans l'affaire Bagosora aujourd'hui pendante devant la chambre d'appel, &eacute;tait pr&ecirc;t &agrave; d&eacute;poser contre Agathe Kanziga, la veuve de l'ex-pr&eacute;sident Juv&eacute;nal Habyarimana et contre le docteur Eug&egrave;ne Rwamucyo.\n<\/p>\n<p >\n<p >\nEn septembre dernier, le TPIR avait d&eacute;j&agrave; autoris&eacute; la divulgation aux autorit&eacute;s judiciaires fran&ccedil;aises de l'identit&eacute; et de la d&eacute;position du t&eacute;moin FAE pressenti pour &ecirc;tre entendu dans les enqu&ecirc;tes concernant Agathe et Rwamucyo.\n<\/p>\n<p >\n<p >\nDeux juges fran&ccedil;aises enqu&ecirc;tant sur l'implication pr&eacute;sum&eacute;e dans le g&eacute;nocide de 1994 de Rwandais r&eacute;fugi&eacute;s en France, Fabienne Pous et Mich&egrave;le Ganascia, avaient rencontr&eacute; le 16 octobre 2009 le procureur en chef du TPIR, Hassan Bubacar Jallow, au si&egrave;ge du tribunal &agrave; Arusha, en Tanzanie. Selon une source bien inform&eacute;e au tribunal, elles recherchaient des &eacute;l&eacute;ments de preuve aupr&egrave;s de M. Jallow dont les services ont eu &agrave; mener des enqu&ecirc;tes notamment sur Agathe Kanziga soup&ccedil;onn&eacute;e d'avoir pris part &agrave; l'organisation du g&eacute;nocide.\n<\/p>\n<p >\n<p >\nLe capitaine Simbikangwa, un agent des renseignements militaires en 1994, est soup&ccedil;onn&eacute; d'avoir organis&eacute; et arm&eacute; les milices et d'avoir fait torturer des Tutsis.\n<\/p>\n<p >\n<p >\nQuant au docteur Rwamucyo, des rescap&eacute;s l'accusent d'avoir particip&eacute; en tant que responsable du service de la m&eacute;decine du travail du centre universitaire de sant&eacute; publique de Butare (sud), &agrave; une r&eacute;union en mai 1994 au cours de laquelle il aurait appel&eacute; les Hutus &agrave; tuer les Tutsis, dans un langage cod&eacute;.\n<\/p>\n<p >\n<p >\nER\/GF\n<\/p>\n<p >\n<p>\n&copy; Agence Hirondelle\n<\/p><\/p>\n","protected":false},"excerpt":{"rendered":"<p>Arusha, 29 novembre 2010 (FH) - Le Tribunal p&eacute;nal international pour le Rwanda (TPIR) a autoris&eacute; la divulgation &agrave; la justice fran&ccedil;aise de l'identit&eacute; de deux t&eacute;moins potentiels dans le cadre de l'enqu&ecirc;te sur le r&ocirc;le pr&eacute;sum&eacute; du capitaine Pascal Simbikangwa dans le g&eacute;nocide des Tutsis de 1994, apprend-on lundi.<\/p>\n","protected":false},"author":64,"featured_media":0,"comment_status":"open","ping_status":"closed","sticky":false,"template":"","format":"standard","meta":{"_acf_changed":false,"footnotes":""},"categories":[554],"tags":[],"ji_location":[],"class_list":["post-12566","post","type-post","status-publish","format-standard","hentry","category-hirondellenews"],"acf":[],"yoast_head":"<!-- This site is optimized with the Yoast SEO Premium plugin v25.3.1 (Yoast SEO v25.3.1) - https:\/\/yoast.com\/wordpress\/plugins\/seo\/ -->\n<title>29.11.10 - TPIR\/FRANCE - DEUX TEMOINS AU TPIR PRETS A CHARGER UN ACCUSE EN FRANCE - JusticeInfo.net<\/title>\n<meta name=\"robots\" content=\"index, follow, max-snippet:-1, max-image-preview:large, max-video-preview:-1\" \/>\n<link rel=\"canonical\" href=\"https:\/\/www.justiceinfo.net\/fr\/12566-291110-tpirfrance-deux-temoins-au-tpir-prets-a-charger-un-accuse-en-france9374.html\" \/>\n<meta property=\"og:locale\" content=\"fr_FR\" \/>\n<meta property=\"og:type\" content=\"article\" \/>\n<meta property=\"og:title\" content=\"29.11.10 - TPIR\/FRANCE - DEUX TEMOINS AU TPIR PRETS A CHARGER UN ACCUSE EN FRANCE\" \/>\n<meta property=\"og:description\" content=\"Arusha, 29 novembre 2010 (FH) - Le Tribunal p&eacute;nal international pour le Rwanda (TPIR) a autoris&eacute; la divulgation &agrave; la justice fran&ccedil;aise de l&#039;identit&eacute; de deux t&eacute;moins potentiels dans le cadre de l&#039;enqu&ecirc;te sur le r&ocirc;le pr&eacute;sum&eacute; du capitaine Pascal Simbikangwa dans le g&eacute;nocide des Tutsis de 1994, apprend-on lundi.\" \/>\n<meta property=\"og:url\" content=\"https:\/\/www.justiceinfo.net\/fr\/12566-291110-tpirfrance-deux-temoins-au-tpir-prets-a-charger-un-accuse-en-france9374.html\" \/>\n<meta property=\"og:site_name\" content=\"JusticeInfo.net\" \/>\n<meta property=\"article:publisher\" content=\"https:\/\/www.facebook.com\/JusticeInfo\/\" \/>\n<meta property=\"article:published_time\" content=\"2010-11-28T23:00:00+00:00\" \/>\n<meta property=\"og:image\" content=\"https:\/\/www.justiceinfo.net\/wp-content\/uploads\/JusticeInfoNet_logo_1200x630px.jpg\" \/>\n\t<meta property=\"og:image:width\" content=\"1200\" \/>\n\t<meta property=\"og:image:height\" content=\"630\" \/>\n\t<meta property=\"og:image:type\" content=\"image\/jpeg\" \/>\n<meta name=\"author\" content=\"solivri\" \/>\n<meta name=\"twitter:card\" content=\"summary_large_image\" \/>\n<meta name=\"twitter:creator\" content=\"@justiceinfonet\" \/>\n<meta name=\"twitter:site\" content=\"@justiceinfonet\" \/>\n<meta name=\"twitter:label1\" content=\"\u00c9crit par\" \/>\n\t<meta name=\"twitter:data1\" content=\"solivri\" \/>\n\t<meta name=\"twitter:label2\" content=\"Dur\u00e9e de lecture estim\u00e9e\" \/>\n\t<meta name=\"twitter:data2\" content=\"3 minutes\" \/>\n<script type=\"application\/ld+json\" class=\"yoast-schema-graph\">{\"@context\":\"https:\/\/schema.org\",\"@graph\":[{\"@type\":\"NewsArticle\",\"@id\":\"https:\/\/www.justiceinfo.net\/fr\/12566-291110-tpirfrance-deux-temoins-au-tpir-prets-a-charger-un-accuse-en-france9374.html#article\",\"isPartOf\":{\"@id\":\"https:\/\/www.justiceinfo.net\/fr\/12566-291110-tpirfrance-deux-temoins-au-tpir-prets-a-charger-un-accuse-en-france9374.html\"},\"author\":{\"name\":\"solivri\",\"@id\":\"https:\/\/www.justiceinfo.net\/fr#\/schema\/person\/6e53cba1629e2e66f3fc1821d3091865\"},\"headline\":\"29.11.10 - TPIR\/FRANCE - DEUX TEMOINS AU TPIR PRETS A CHARGER UN ACCUSE EN FRANCE\",\"datePublished\":\"2010-11-28T23:00:00+00:00\",\"mainEntityOfPage\":{\"@id\":\"https:\/\/www.justiceinfo.net\/fr\/12566-291110-tpirfrance-deux-temoins-au-tpir-prets-a-charger-un-accuse-en-france9374.html\"},\"wordCount\":630,\"commentCount\":0,\"publisher\":{\"@id\":\"https:\/\/www.justiceinfo.net\/fr#organization\"},\"articleSection\":[\"Hirondelle News\"],\"inLanguage\":\"fr-FR\",\"potentialAction\":[{\"@type\":\"CommentAction\",\"name\":\"Comment\",\"target\":[\"https:\/\/www.justiceinfo.net\/fr\/12566-291110-tpirfrance-deux-temoins-au-tpir-prets-a-charger-un-accuse-en-france9374.html#respond\"]}]},{\"@type\":\"WebPage\",\"@id\":\"https:\/\/www.justiceinfo.net\/fr\/12566-291110-tpirfrance-deux-temoins-au-tpir-prets-a-charger-un-accuse-en-france9374.html\",\"url\":\"https:\/\/www.justiceinfo.net\/fr\/12566-291110-tpirfrance-deux-temoins-au-tpir-prets-a-charger-un-accuse-en-france9374.html\",\"name\":\"29.11.10 - TPIR\/FRANCE - DEUX TEMOINS AU TPIR PRETS A CHARGER UN ACCUSE EN FRANCE - JusticeInfo.net\",\"isPartOf\":{\"@id\":\"https:\/\/www.justiceinfo.net\/fr#website\"},\"datePublished\":\"2010-11-28T23:00:00+00:00\",\"breadcrumb\":{\"@id\":\"https:\/\/www.justiceinfo.net\/fr\/12566-291110-tpirfrance-deux-temoins-au-tpir-prets-a-charger-un-accuse-en-france9374.html#breadcrumb\"},\"inLanguage\":\"fr-FR\",\"potentialAction\":[{\"@type\":\"ReadAction\",\"target\":[\"https:\/\/www.justiceinfo.net\/fr\/12566-291110-tpirfrance-deux-temoins-au-tpir-prets-a-charger-un-accuse-en-france9374.html\"]}]},{\"@type\":\"BreadcrumbList\",\"@id\":\"https:\/\/www.justiceinfo.net\/fr\/12566-291110-tpirfrance-deux-temoins-au-tpir-prets-a-charger-un-accuse-en-france9374.html#breadcrumb\",\"itemListElement\":[{\"@type\":\"ListItem\",\"position\":1,\"name\":\"Home\",\"item\":\"https:\/\/www.justiceinfo.net\/fr\"},{\"@type\":\"ListItem\",\"position\":2,\"name\":\"29.11.10 - TPIR\/FRANCE - DEUX TEMOINS AU TPIR PRETS A CHARGER UN ACCUSE EN FRANCE\"}]},{\"@type\":\"WebSite\",\"@id\":\"https:\/\/www.justiceinfo.net\/fr#website\",\"url\":\"https:\/\/www.justiceinfo.net\/fr\",\"name\":\"JusticeInfo.net\",\"description\":\"La justice doit \u00eatre vue pour \u00eatre rendue\",\"publisher\":{\"@id\":\"https:\/\/www.justiceinfo.net\/fr#organization\"},\"potentialAction\":[{\"@type\":\"SearchAction\",\"target\":{\"@type\":\"EntryPoint\",\"urlTemplate\":\"https:\/\/www.justiceinfo.net\/fr?s={search_term_string}\"},\"query-input\":{\"@type\":\"PropertyValueSpecification\",\"valueRequired\":true,\"valueName\":\"search_term_string\"}}],\"inLanguage\":\"fr-FR\"},{\"@type\":\"Organization\",\"@id\":\"https:\/\/www.justiceinfo.net\/fr#organization\",\"name\":\"Justice Info\",\"url\":\"https:\/\/www.justiceinfo.net\/fr\",\"logo\":{\"@type\":\"ImageObject\",\"inLanguage\":\"fr-FR\",\"@id\":\"https:\/\/www.justiceinfo.net\/fr#\/schema\/logo\/image\/\",\"url\":\"https:\/\/www.justiceinfo.net\/wp-content\/uploads\/justiceinfo_logo-trans_1200x1200px.png\",\"contentUrl\":\"https:\/\/www.justiceinfo.net\/wp-content\/uploads\/justiceinfo_logo-trans_1200x1200px.png\",\"width\":1199,\"height\":1200,\"caption\":\"Justice Info\"},\"image\":{\"@id\":\"https:\/\/www.justiceinfo.net\/fr#\/schema\/logo\/image\/\"},\"sameAs\":[\"https:\/\/www.facebook.com\/JusticeInfo\/\",\"https:\/\/x.com\/justiceinfonet\",\"https:\/\/www.linkedin.com\/company\/justice-info\",\"https:\/\/www.youtube.com\/channel\/UCyCEsARodyuWtkWyhn-e7pA\"]},{\"@type\":\"Person\",\"name\":\"solivri\",\"url\":\"\/fr\/?s=solivri\"}]}<\/script>\n<!-- \/ Yoast SEO Premium plugin. -->","yoast_head_json":{"title":"29.11.10 - TPIR\/FRANCE - DEUX TEMOINS AU TPIR PRETS A CHARGER UN ACCUSE EN FRANCE - JusticeInfo.net","robots":{"index":"index","follow":"follow","max-snippet":"max-snippet:-1","max-image-preview":"max-image-preview:large","max-video-preview":"max-video-preview:-1"},"canonical":"https:\/\/www.justiceinfo.net\/fr\/12566-291110-tpirfrance-deux-temoins-au-tpir-prets-a-charger-un-accuse-en-france9374.html","og_locale":"fr_FR","og_type":"article","og_title":"29.11.10 - TPIR\/FRANCE - DEUX TEMOINS AU TPIR PRETS A CHARGER UN ACCUSE EN FRANCE","og_description":"Arusha, 29 novembre 2010 (FH) - Le Tribunal p&eacute;nal international pour le Rwanda (TPIR) a autoris&eacute; la divulgation &agrave; la justice fran&ccedil;aise de l'identit&eacute; de deux t&eacute;moins potentiels dans le cadre de l'enqu&ecirc;te sur le r&ocirc;le pr&eacute;sum&eacute; du capitaine Pascal Simbikangwa dans le g&eacute;nocide des Tutsis de 1994, apprend-on lundi.","og_url":"https:\/\/www.justiceinfo.net\/fr\/12566-291110-tpirfrance-deux-temoins-au-tpir-prets-a-charger-un-accuse-en-france9374.html","og_site_name":"JusticeInfo.net","article_publisher":"https:\/\/www.facebook.com\/JusticeInfo\/","article_published_time":"2010-11-28T23:00:00+00:00","og_image":[{"width":1200,"height":630,"url":"https:\/\/www.justiceinfo.net\/wp-content\/uploads\/JusticeInfoNet_logo_1200x630px.jpg","type":"image\/jpeg"}],"author":"solivri","twitter_card":"summary_large_image","twitter_creator":"@justiceinfonet","twitter_site":"@justiceinfonet","twitter_misc":{"\u00c9crit par":"solivri","Dur\u00e9e de lecture estim\u00e9e":"3 minutes"},"schema":{"@context":"https:\/\/schema.org","@graph":[{"@type":"NewsArticle","@id":"https:\/\/www.justiceinfo.net\/fr\/12566-291110-tpirfrance-deux-temoins-au-tpir-prets-a-charger-un-accuse-en-france9374.html#article","isPartOf":{"@id":"https:\/\/www.justiceinfo.net\/fr\/12566-291110-tpirfrance-deux-temoins-au-tpir-prets-a-charger-un-accuse-en-france9374.html"},"author":{"name":"solivri","@id":"https:\/\/www.justiceinfo.net\/fr#\/schema\/person\/6e53cba1629e2e66f3fc1821d3091865"},"headline":"29.11.10 - TPIR\/FRANCE - DEUX TEMOINS AU TPIR PRETS A CHARGER UN ACCUSE EN FRANCE","datePublished":"2010-11-28T23:00:00+00:00","mainEntityOfPage":{"@id":"https:\/\/www.justiceinfo.net\/fr\/12566-291110-tpirfrance-deux-temoins-au-tpir-prets-a-charger-un-accuse-en-france9374.html"},"wordCount":630,"commentCount":0,"publisher":{"@id":"https:\/\/www.justiceinfo.net\/fr#organization"},"articleSection":["Hirondelle News"],"inLanguage":"fr-FR","potentialAction":[{"@type":"CommentAction","name":"Comment","target":["https:\/\/www.justiceinfo.net\/fr\/12566-291110-tpirfrance-deux-temoins-au-tpir-prets-a-charger-un-accuse-en-france9374.html#respond"]}]},{"@type":"WebPage","@id":"https:\/\/www.justiceinfo.net\/fr\/12566-291110-tpirfrance-deux-temoins-au-tpir-prets-a-charger-un-accuse-en-france9374.html","url":"https:\/\/www.justiceinfo.net\/fr\/12566-291110-tpirfrance-deux-temoins-au-tpir-prets-a-charger-un-accuse-en-france9374.html","name":"29.11.10 - TPIR\/FRANCE - DEUX TEMOINS AU TPIR PRETS A CHARGER UN ACCUSE EN FRANCE - JusticeInfo.net","isPartOf":{"@id":"https:\/\/www.justiceinfo.net\/fr#website"},"datePublished":"2010-11-28T23:00:00+00:00","breadcrumb":{"@id":"https:\/\/www.justiceinfo.net\/fr\/12566-291110-tpirfrance-deux-temoins-au-tpir-prets-a-charger-un-accuse-en-france9374.html#breadcrumb"},"inLanguage":"fr-FR","potentialAction":[{"@type":"ReadAction","target":["https:\/\/www.justiceinfo.net\/fr\/12566-291110-tpirfrance-deux-temoins-au-tpir-prets-a-charger-un-accuse-en-france9374.html"]}]},{"@type":"BreadcrumbList","@id":"https:\/\/www.justiceinfo.net\/fr\/12566-291110-tpirfrance-deux-temoins-au-tpir-prets-a-charger-un-accuse-en-france9374.html#breadcrumb","itemListElement":[{"@type":"ListItem","position":1,"name":"Home","item":"https:\/\/www.justiceinfo.net\/fr"},{"@type":"ListItem","position":2,"name":"29.11.10 - TPIR\/FRANCE - DEUX TEMOINS AU TPIR PRETS A CHARGER UN ACCUSE EN FRANCE"}]},{"@type":"WebSite","@id":"https:\/\/www.justiceinfo.net\/fr#website","url":"https:\/\/www.justiceinfo.net\/fr","name":"JusticeInfo.net","description":"La justice doit \u00eatre vue pour \u00eatre rendue","publisher":{"@id":"https:\/\/www.justiceinfo.net\/fr#organization"},"potentialAction":[{"@type":"SearchAction","target":{"@type":"EntryPoint","urlTemplate":"https:\/\/www.justiceinfo.net\/fr?s={search_term_string}"},"query-input":{"@type":"PropertyValueSpecification","valueRequired":true,"valueName":"search_term_string"}}],"inLanguage":"fr-FR"},{"@type":"Organization","@id":"https:\/\/www.justiceinfo.net\/fr#organization","name":"Justice Info","url":"https:\/\/www.justiceinfo.net\/fr","logo":{"@type":"ImageObject","inLanguage":"fr-FR","@id":"https:\/\/www.justiceinfo.net\/fr#\/schema\/logo\/image\/","url":"https:\/\/www.justiceinfo.net\/wp-content\/uploads\/justiceinfo_logo-trans_1200x1200px.png","contentUrl":"https:\/\/www.justiceinfo.net\/wp-content\/uploads\/justiceinfo_logo-trans_1200x1200px.png","width":1199,"height":1200,"caption":"Justice Info"},"image":{"@id":"https:\/\/www.justiceinfo.net\/fr#\/schema\/logo\/image\/"},"sameAs":["https:\/\/www.facebook.com\/JusticeInfo\/","https:\/\/x.com\/justiceinfonet","https:\/\/www.linkedin.com\/company\/justice-info","https:\/\/www.youtube.com\/channel\/UCyCEsARodyuWtkWyhn-e7pA"]},{"@type":"Person","name":"solivri","url":"\/fr\/?s=solivri"}]}},"_links":{"self":[{"href":"https:\/\/www.justiceinfo.net\/fr\/wp-json\/wp\/v2\/posts\/12566","targetHints":{"allow":["GET"]}}],"collection":[{"href":"https:\/\/www.justiceinfo.net\/fr\/wp-json\/wp\/v2\/posts"}],"about":[{"href":"https:\/\/www.justiceinfo.net\/fr\/wp-json\/wp\/v2\/types\/post"}],"author":[{"embeddable":true,"href":"https:\/\/www.justiceinfo.net\/fr\/wp-json\/wp\/v2\/users\/64"}],"replies":[{"embeddable":true,"href":"https:\/\/www.justiceinfo.net\/fr\/wp-json\/wp\/v2\/comments?post=12566"}],"version-history":[{"count":0,"href":"https:\/\/www.justiceinfo.net\/fr\/wp-json\/wp\/v2\/posts\/12566\/revisions"}],"wp:attachment":[{"href":"https:\/\/www.justiceinfo.net\/fr\/wp-json\/wp\/v2\/media?parent=12566"}],"wp:term":[{"taxonomy":"category","embeddable":true,"href":"https:\/\/www.justiceinfo.net\/fr\/wp-json\/wp\/v2\/categories?post=12566"},{"taxonomy":"post_tag","embeddable":true,"href":"https:\/\/www.justiceinfo.net\/fr\/wp-json\/wp\/v2\/tags?post=12566"},{"taxonomy":"ji_location","embeddable":true,"href":"https:\/\/www.justiceinfo.net\/fr\/wp-json\/wp\/v2\/ji_location?post=12566"}],"curies":[{"name":"wp","href":"https:\/\/api.w.org\/{rel}","templated":true}]}}