{"id":125731,"date":"2023-12-08T10:20:17","date_gmt":"2023-12-08T09:20:17","guid":{"rendered":"https:\/\/www.justiceinfo.net\/?p=125731"},"modified":"2025-12-23T17:47:47","modified_gmt":"2025-12-23T16:47:47","slug":"lundin-proces-pas-lieu-etre","status":"publish","type":"post","link":"https:\/\/www.justiceinfo.net\/fr\/125731-lundin-proces-pas-lieu-etre.html","title":{"rendered":"Lundin, le proc\u00e8s \"qui n'a pas lieu d'\u00eatre\""},"content":{"rendered":"\n<p><strong>Le proc\u00e8s <a href=\"https:\/\/www.justiceinfo.net\/fr\/tag\/lundin-fr\">Lundin<\/a> ach\u00e8ve ce vendredi sa treizi\u00e8me semaine. Il en reste quatre-vingt-dix. Torgny Wetterberg, le d\u00e9fenseur de Ian Lundin, l\u2019un des deux dirigeants de la soci\u00e9t\u00e9 su\u00e9doise Lundin Petroleum jug\u00e9s pour complicit\u00e9 de crimes de guerre commis au Sud-Soudan entre 1997 et 2003, a entam\u00e9 sa pr\u00e9sentation des faits depuis le 29 novembre.<\/strong><\/p>\n\n\n\n<!--more-->\n\n\n\n<p>Ce proc\u00e8s n\u2019a pas lieu d\u2019\u00eatre, explique \u00e0 qui veut l\u2019entendre l\u2019avocat. L\u2019accusation est bourr\u00e9e de fautes, sans fondements, la pr\u00e9sentation du procureur \u00e9tait confuse, et \u00ab&nbsp;c\u2019\u00e9tait peut-\u00eatre une strat\u00e9gie voulue&nbsp;\u00bb. \u00ab&nbsp;Le procureur a fait r\u00e9f\u00e9rence \u00e0 des gens qu\u2019il n\u2019a pas rencontr\u00e9s, et pourtant il leur a donn\u00e9s une grande importance dans sa pr\u00e9sentation&nbsp;\u00bb. Sans surprise, Torgny Wetterberg d\u00e9molit m\u00e9thodiquement les faits pr\u00e9sent\u00e9s <a href=\"https:\/\/www.justiceinfo.net\/fr\/122038-lundin-grave-intime-proces-plus-long-suede-sinstalle-pour-durer.html\">devant le tribunal de Stockholm<\/a> par l\u2019\u00e9quipe du procureur pendant vingt-quatre jours, entre septembre et novembre dernier, pour tenter de faire condamner pour complicit\u00e9 de crimes de guerre son client, Ian Lundin, l\u2019ancien pr\u00e9sident de la compagnie p\u00e9troli\u00e8re du m\u00eame nom.<\/p>\n\n\n\n<h2 class=\"wp-block-heading\" id=\"h-nbsp-vous-allez-etre-etonnes-nbsp\">\u00ab&nbsp;Vous allez \u00eatre \u00e9tonn\u00e9s&nbsp;\u00bb<\/h2>\n\n\n\n<p>Me Wetterberg annonce une pr\u00e9sentation en 44 chapitres, pr\u00e9vue pour se terminer le 8 f\u00e9vrier 2024. Plusieurs vont concerner, pr\u00e9cise-t-il, les rapports des ONG et du Civilian Protection Monitoring Team, dont la mission, apr\u00e8s la signature d\u2019un accord de paix entre le gouvernement de Khartoum et la r\u00e9bellion sud-soudanaise en 2002, \u00e9tait de contr\u00f4ler et d\u2019enqu\u00eater sur les exactions commises contre les civils. Des rapports, comme <a href=\"https:\/\/reliefweb.int\/report\/sudan\/scorched-earth-oil-and-war-sudan\">celui de l\u2019ONG Christian Aid<\/a> publi\u00e9 en 2001, ont largement contribu\u00e9 \u00e0 l\u2019\u00e9laboration du dossier d\u2019accusation. \u00ab&nbsp;Vous allez \u00eatre \u00e9tonn\u00e9&nbsp;\u00bb, pr\u00e9vient Wetterberg.&nbsp;<\/p>\n\n\n\n<p>Les avocats de Ian Lundin et ceux de l\u2019autre dirigeant mis en cause dans cette affaire, le Suisse Alexandre Schneiter, qui entreront en sc\u00e8ne fin f\u00e9vrier, se sont partag\u00e9s la t\u00e2che. \u00ab&nbsp;Nous avons fait une enqu\u00eate sur la fa\u00e7on dont ces diff\u00e9rents rapports d'ONG sont li\u00e9s les uns aux autres&nbsp;\u00bb. L\u2019autre \u00e9quipe s\u2019est int\u00e9ress\u00e9e aux individus auteurs de ces rapports.&nbsp;<\/p>\n\n\n\n<p>Ian Lundin lui-m\u00eame, et Thomas Tendorf, le second avocat du patron de la compagnie p\u00e9troli\u00e8re su\u00e9doise, est assis avec Wetterberg sous les fen\u00eatres d\u2019un mur, \u00e0 gauche de la tribune o\u00f9 si\u00e8gent le pr\u00e9sident du tribunal et les cinq jur\u00e9s, et face \u00e0 l\u2019\u00e9quipe du procureur. Face au pr\u00e9sident, au milieu de la salle d\u2019audience, est assis l\u2019autre pr\u00e9venu, Alexandre Schneiter, ancien directeur de Lundin Petroleum, entour\u00e9 de ses avocats.<\/p>\n\n\n\n<h2 class=\"wp-block-heading\" id=\"h-nbsp-la-situation-etait-calme-nbsp\">\u00ab&nbsp;La situation \u00e9tait calme&nbsp;\u00bb<\/h2>\n\n\n\n<p>Wetterberg&nbsp;revient sur la route construite par Lundin, qui devait permettre de conduire les op\u00e9rations de la compagnie p\u00e9troli\u00e8re dans le bloc 5A, une zone d\u2019extraction situ\u00e9e dans l\u2019actuel Soudan du Sud, mais qui a, durant la p\u00e9riode incrimin\u00e9e, surtout servie selon l\u2019accusation de voie rapide pour le transport de troupes militaires et la r\u00e9pression des rebelles. \u00ab&nbsp;La situation \u00e9tait calme quand ce contrat pour la route a \u00e9t\u00e9 sign\u00e9. Ce n\u2019\u00e9tait pas black&nbsp;\u00bb, dit l\u2019avocat en r\u00e9f\u00e9rence au code couleur utilis\u00e9 par le p\u00e9trolier quand les activit\u00e9s d\u2019extraction de Lundin \u00e9taient au point mort, \u00e0 d\u2019autres p\u00e9riodes que celles vis\u00e9es par le proc\u00e8s, dans le bloc 5A pour cause d\u2019ins\u00e9curit\u00e9.&nbsp;<\/p>\n\n\n\n<p>La d\u00e9fense tente par ailleurs de montrer que le r\u00e9gime de Khartoum n'avait aucun contr\u00f4le sur certaines milices pro-gouvernementales actives dans le bloc 5A contre des \u00e9l\u00e9ments de la r\u00e9bellion. \u00ab&nbsp;M\u00eame si certains d'entre eux sont appel\u00e9s \u2018alli\u00e9s du r\u00e9gime\u2019, nous savons tr\u00e8s peu de choses sur ces groupes, ajoute l\u2019avocat, s'ils avaient un objectif, combien ils \u00e9taient, s'il y avait une cha\u00eene de commandement ? L'enqu\u00eate ne r\u00e9pond pas \u00e0 ces questions&nbsp;\u00bb.<\/p>\n\n\n\n<p>Selon l\u2019avocat, ces milices n'\u00e9taient pas loyales envers l'\u00c9tat mais se battaient pour elles-m\u00eames. \u00ab&nbsp;Nous pensons que tous les exemples que nous avons montr\u00e9s contredisent l'id\u00e9e que le gouvernement aurait encourag\u00e9 les combats entre les diff\u00e9rents groupes Nuer et qu'il aurait au contraire favoris\u00e9 la paix entre eux&nbsp;\u00bb. Les Nuer, avec les Dinkas, formant un des deux plus grands groupes ethniques de la sous-r\u00e9gion, riche en ressources p\u00e9troli\u00e8res.<\/p>\n\n\n\n<p>\u00ab&nbsp;L'accusation s'est appuy\u00e9e sur le fait que les conflits dans le bloc 5A font partie de la guerre civile entre le SPLM\/A [branche arm\u00e9e du&nbsp;Mouvement populaire de lib\u00e9ration du Soudan] et le gouvernement, d\u00e9clare-t-il \u00e0 Justice Info. Ce que nous avons montr\u00e9, c'est que si vous regardez les enqu\u00eates, y compris celles de l'Unicef, cette image n'est pas correcte. Nous avons montr\u00e9 qu'il existait de nombreux conflits entre groupes ethniques, notamment en montrant les r\u00e9unions organis\u00e9es pour tenter de faire la paix entre ces groupes et o\u00f9 le gouvernement \u00e9tait impliqu\u00e9. Si l'accusation ne d\u00e9montre pas qu'il s'agit d'une guerre civile, alors toute l'accusation tombe sur ce seul point. Tout le reste peut \u00eatre oubli\u00e9 \u00bb.&nbsp;<\/p>\n\n\n\n<p>La d\u00e9fense tente ainsi de contrer l\u2019accusation, expos\u00e9e durant ces deux derniers mois, qui affirme que&nbsp;les populations vivaient en relative s\u00e9curit\u00e9 dans la zone d\u00e9sign\u00e9e sous le terme de \u00ab&nbsp;bloc 5A&nbsp;\u00bb, avant l'arriv\u00e9e de la soci\u00e9t\u00e9 Lundin en 1997. Le procureur a soulign\u00e9 que la d\u00e9t\u00e9rioration de la situation, apr\u00e8s son arriv\u00e9e et&nbsp;celle d\u2019autres p\u00e9troliers, est document\u00e9e dans des rapports internes de Lundin Oil, qui \u00e9voquent la pr\u00e9sence des compagnies p\u00e9troli\u00e8res comme facteur aggravant. L\u2019accusation a pr\u00e9sent\u00e9 des communications avec des repr\u00e9sentants de l\u2019\u00c9tat du Soudan, indiquant que Lundin Oil lui demandait d\u2019agir militairement pour assurer sa s\u00e9curit\u00e9. S\u2019appuyant sur des articles de presse et des rapports d\u2018ONG, elle en a conclu que les dirigeants de Lundin Oil ne pouvaient ignorer que la violence aveugle du r\u00e9gime \u00e0 l'encontre des civils serait renforc\u00e9e par les op\u00e9rations militaires qu\u2019ils sollicitaient, et que leur indiff\u00e9rence \u00e0 cet \u00e9gard les rend complices de crimes de guerre.<\/p>\n\n\n\n<h2 class=\"wp-block-heading\" id=\"h-ils-discutent-de-choses-qui-n-ont-pas-eu-lieu\">\"Ils discutent de choses qui n'ont pas eu lieu\"<\/h2>\n\n\n\n<p>Dans la salle 34, au deuxi\u00e8me \u00e9tage du tribunal de Stockholm, il y a toujours aussi peu de monde dans les rangs du public et de la presse. Mais en ce 5 d\u00e9cembre, des spectateurs inattendus arriv\u00e9s quelques jours plus t\u00f4t du Sud Soudan, invit\u00e9s par l\u2019ONG Civil Rights Defenders, sont pr\u00e9sents et \u00e9coutent attentivement l\u2019argumentation de Wetterberg. Parmi eux, l\u2019une des parties civiles James Dong Kuong Ninrew, qui sera entendu fin mai 2024. Et un juriste, George Tai, qui avait 15 ans quand il a \u00e9t\u00e9 t\u00e9moin de massacres dans la r\u00e9gion de Leer, au Sud du Soudan. Interrog\u00e9 \u00e0 la pause de mi-journ\u00e9e, il raconte&nbsp;: \u00ab&nbsp;C'est bien d'\u00e9couter ce qui se passe. Mais je suis d\u00e9\u00e7u qu'ils discutent de choses qui n'ont pas eu lieu, comme le cessez-le-feu dont ils parlent. J'ai entendu, par exemple, qu\u2019en 1999, il y avait eu un cessez-le-feu pendant presque sept mois. Mais ce n'\u00e9tait pas le cas, les combats se poursuivaient&nbsp;\u00bb.<\/p>\n\n\n\n<p>Prenant la parole \u00e0 son tour mardi 5 d\u00e9cembre, Me Tendorf, le co-conseil de Wetterberg, s\u2019attache \u00e0 montrer que les conflits inter-ethniques se poursuivent apr\u00e8s l\u2019ind\u00e9pendance du Sud-Soudan, en s\u2019appuyant sur des rapports de l\u2019Onu.\u00a0Il veut \u00e9tablir que les conflits inter ou intra-ethniques sont profonds, et existaient avant, pendant et apr\u00e8s la pr\u00e9sence de Lundin.<\/p>\n\n\n\n<p>La d\u00e9fense du p\u00e9trolier su\u00e9dois pr\u00e9sente ses arguments jusqu\u2019au 8 f\u00e9vrier 2024. Ian Lundin lui-m\u00eame ne sera interrog\u00e9 par la cour qu\u2019\u00e0 partir du 10 d\u00e9cembre 2024, dans un an.<\/p>\n\n\n<div class=\"articleLink articleLink--editorRecommanded articleLink--textInImage articleLink--textTop\" style=\"\">\r\n\t\t\t\t\t\r\n\t\t\t<div class=\"articleLinkSurTitle\">Recommand\u00e9 par la r\u00e9daction<\/div>\r\n\t\t\t<a class=\"articleLinkImageLink\" href=\"https:\/\/www.justiceinfo.net\/fr\/122939-procureur-suedois-defie-lundin-oil.html\"><div class=\"articleLinkImageContainer \"><img loading=\"lazy\" decoding=\"async\" width=\"540\" height=\"360\" src=\"https:\/\/www.justiceinfo.net\/wp-content\/uploads\/Sweden_prosecutor-Magnus-Elving--540x360.jpg\" class=\"articleLinkImage backgroundImageTag w-100 wp-post-image\" alt=\"Magnus Elving est le procureur su\u00e9dois qui a poursuivi la multinationale Lundin pour complicit\u00e9 de crimes de guerre au Soudan du Sud.\" srcset=\"\" sizes=\"auto, (max-width: 540px) 100vw, 540px\" \/><\/div><\/a>\r\n\t\t\t<a href=\"https:\/\/www.justiceinfo.net\/fr\/122939-procureur-suedois-defie-lundin-oil.html\" class=\"articleLinkTitle articleLinkTitle--default\">\r\n\t\t\tLe procureur su\u00e9dois qui a d\u00e9fi\u00e9 Lundin Oil\r\n\t\t<\/a>\r\n\t\t\r\n\t\t\t\t<\/div>\n","protected":false},"excerpt":{"rendered":"<p>Le proc\u00e8s Lundin ach\u00e8ve ce vendredi sa treizi\u00e8me semaine. Il en reste quatre-vingt-dix. Torgny Wetterberg, le d\u00e9fenseur de Ian Lundin, l\u2019un des deux dirigeants de la soci\u00e9t\u00e9 su\u00e9doise Lundin Petroleum jug\u00e9s pour complicit\u00e9 de crimes de guerre commis au Sud-Soudan entre 1997 et 2003, a entam\u00e9 sa pr\u00e9sentation des faits depuis le 29 novembre.<\/p>\n","protected":false},"author":103,"featured_media":125744,"comment_status":"open","ping_status":"closed","sticky":false,"template":"","format":"standard","meta":{"_acf_changed":false,"footnotes":""},"categories":[2800],"tags":[2674,4100,3394],"ji_location":[2480,2494],"class_list":["post-125731","post","type-post","status-publish","format-standard","has-post-thumbnail","hentry","category-competence-universelle","tag-crime-de-guerre","tag-lundin-fr","tag-responsabilite-des-entreprises","ji_location-sud-soudan","ji_location-suede"],"acf":[],"yoast_head":"<!-- This site is optimized with the Yoast SEO Premium plugin v25.3.1 (Yoast SEO v25.3.1) - https:\/\/yoast.com\/wordpress\/plugins\/seo\/ -->\n<title>Lundin, le proc\u00e8s qui n\u2019a pas lieu d\u2019\u00eatre<\/title>\n<meta name=\"description\" content=\"13 semaines apr\u00e8s le d\u00e9but du proc\u00e8s Lundin en Su\u00e8de, la d\u00e9fense prend la parole. 2 dirigeants de la soci\u00e9t\u00e9 Lundin Petroleum sont jug\u00e9s pour complicit\u00e9 de crimes de guerre commis au Sud-Soudan.\" \/>\n<meta name=\"robots\" content=\"index, follow, max-snippet:-1, max-image-preview:large, max-video-preview:-1\" \/>\n<link rel=\"canonical\" href=\"https:\/\/www.justiceinfo.net\/fr\/125731-lundin-proces-pas-lieu-etre.html\" \/>\n<meta property=\"og:locale\" content=\"fr_FR\" \/>\n<meta property=\"og:type\" content=\"article\" \/>\n<meta property=\"og:title\" content=\"Lundin, le proc\u00e8s &quot;qui n&#039;a pas lieu d&#039;\u00eatre&quot;\" \/>\n<meta property=\"og:description\" content=\"13 semaines apr\u00e8s le d\u00e9but du proc\u00e8s Lundin en Su\u00e8de, la d\u00e9fense prend la parole. 2 dirigeants de la soci\u00e9t\u00e9 Lundin Petroleum sont jug\u00e9s pour complicit\u00e9 de crimes de guerre commis au Sud-Soudan.\" \/>\n<meta property=\"og:url\" content=\"https:\/\/www.justiceinfo.net\/fr\/125731-lundin-proces-pas-lieu-etre.html\" \/>\n<meta property=\"og:site_name\" content=\"JusticeInfo.net\" \/>\n<meta property=\"article:publisher\" content=\"https:\/\/www.facebook.com\/JusticeInfo\/\" \/>\n<meta property=\"article:published_time\" content=\"2023-12-08T09:20:17+00:00\" \/>\n<meta property=\"article:modified_time\" content=\"2025-12-23T16:47:47+00:00\" \/>\n<meta property=\"og:image\" content=\"https:\/\/www.justiceinfo.net\/wp-content\/uploads\/Sweden_Lundin-trial_@Jonathan-Nackstrand-AFP.jpg\" \/>\n\t<meta property=\"og:image:width\" content=\"1200\" \/>\n\t<meta property=\"og:image:height\" content=\"800\" \/>\n\t<meta property=\"og:image:type\" content=\"image\/jpeg\" \/>\n<meta name=\"author\" content=\"Olivier Truc\" \/>\n<meta name=\"twitter:card\" content=\"summary_large_image\" \/>\n<meta name=\"twitter:creator\" content=\"@OlivierSweden\" \/>\n<meta name=\"twitter:site\" content=\"@justiceinfonet\" \/>\n<meta name=\"twitter:label1\" content=\"\u00c9crit par\" \/>\n\t<meta name=\"twitter:data1\" content=\"Olivier Truc\" \/>\n\t<meta name=\"twitter:label2\" content=\"Dur\u00e9e de lecture estim\u00e9e\" \/>\n\t<meta name=\"twitter:data2\" content=\"7 minutes\" \/>\n<script type=\"application\/ld+json\" class=\"yoast-schema-graph\">{\"@context\":\"https:\/\/schema.org\",\"@graph\":[{\"@type\":\"NewsArticle\",\"@id\":\"https:\/\/www.justiceinfo.net\/fr\/125731-lundin-proces-pas-lieu-etre.html#article\",\"isPartOf\":{\"@id\":\"https:\/\/www.justiceinfo.net\/fr\/125731-lundin-proces-pas-lieu-etre.html\"},\"author\":{\"name\":\"Olivier Truc\",\"@id\":\"https:\/\/www.justiceinfo.net\/fr#\/schema\/person\/b4e2f16741fb32b05e211566617e8a9d\"},\"headline\":\"Lundin, le proc\u00e8s \\\"qui n'a pas lieu d'\u00eatre\\\"\",\"datePublished\":\"2023-12-08T09:20:17+00:00\",\"dateModified\":\"2025-12-23T16:47:47+00:00\",\"mainEntityOfPage\":{\"@id\":\"https:\/\/www.justiceinfo.net\/fr\/125731-lundin-proces-pas-lieu-etre.html\"},\"wordCount\":1399,\"commentCount\":0,\"publisher\":{\"@id\":\"https:\/\/www.justiceinfo.net\/fr#organization\"},\"image\":{\"@id\":\"https:\/\/www.justiceinfo.net\/fr\/125731-lundin-proces-pas-lieu-etre.html#primaryimage\"},\"thumbnailUrl\":\"https:\/\/www.justiceinfo.net\/wp-content\/uploads\/Sweden_Lundin-trial_@Jonathan-Nackstrand-AFP.jpg\",\"keywords\":[\"crime de guerre\",\"Lundin\",\"responsabilit\u00e9 des entreprises\"],\"articleSection\":[\"Comp\u00e9tence universelle\"],\"inLanguage\":\"fr-FR\",\"potentialAction\":[{\"@type\":\"CommentAction\",\"name\":\"Comment\",\"target\":[\"https:\/\/www.justiceinfo.net\/fr\/125731-lundin-proces-pas-lieu-etre.html#respond\"]}]},{\"@type\":\"WebPage\",\"@id\":\"https:\/\/www.justiceinfo.net\/fr\/125731-lundin-proces-pas-lieu-etre.html\",\"url\":\"https:\/\/www.justiceinfo.net\/fr\/125731-lundin-proces-pas-lieu-etre.html\",\"name\":\"Lundin, le proc\u00e8s qui n\u2019a pas lieu d\u2019\u00eatre\",\"isPartOf\":{\"@id\":\"https:\/\/www.justiceinfo.net\/fr#website\"},\"primaryImageOfPage\":{\"@id\":\"https:\/\/www.justiceinfo.net\/fr\/125731-lundin-proces-pas-lieu-etre.html#primaryimage\"},\"image\":{\"@id\":\"https:\/\/www.justiceinfo.net\/fr\/125731-lundin-proces-pas-lieu-etre.html#primaryimage\"},\"thumbnailUrl\":\"https:\/\/www.justiceinfo.net\/wp-content\/uploads\/Sweden_Lundin-trial_@Jonathan-Nackstrand-AFP.jpg\",\"datePublished\":\"2023-12-08T09:20:17+00:00\",\"dateModified\":\"2025-12-23T16:47:47+00:00\",\"description\":\"13 semaines apr\u00e8s le d\u00e9but du proc\u00e8s Lundin en Su\u00e8de, la d\u00e9fense prend la parole. 2 dirigeants de la soci\u00e9t\u00e9 Lundin Petroleum sont jug\u00e9s pour complicit\u00e9 de crimes de guerre commis au Sud-Soudan.\",\"breadcrumb\":{\"@id\":\"https:\/\/www.justiceinfo.net\/fr\/125731-lundin-proces-pas-lieu-etre.html#breadcrumb\"},\"inLanguage\":\"fr-FR\",\"potentialAction\":[{\"@type\":\"ReadAction\",\"target\":[\"https:\/\/www.justiceinfo.net\/fr\/125731-lundin-proces-pas-lieu-etre.html\"]}]},{\"@type\":\"ImageObject\",\"inLanguage\":\"fr-FR\",\"@id\":\"https:\/\/www.justiceinfo.net\/fr\/125731-lundin-proces-pas-lieu-etre.html#primaryimage\",\"url\":\"https:\/\/www.justiceinfo.net\/wp-content\/uploads\/Sweden_Lundin-trial_@Jonathan-Nackstrand-AFP.jpg\",\"contentUrl\":\"https:\/\/www.justiceinfo.net\/wp-content\/uploads\/Sweden_Lundin-trial_@Jonathan-Nackstrand-AFP.jpg\",\"width\":1200,\"height\":800,\"caption\":\"Ian Lundin, ancien pr\u00e9sident de Lundin Oil, arrive le 5 septembre au tribunal de district de Stockholm, en Su\u00e8de, \u00e0 l'ouverture de son proc\u00e8s pour complicit\u00e9 de crimes de guerre au Soudan. Ses avocats ont la parole, depuis le 29 novembre et jusqu'au 8 f\u00e9vrier prochain, pour pr\u00e9senter sa d\u00e9fense. \u00a9 Jonathan Nackstrand \/ AFP\"},{\"@type\":\"BreadcrumbList\",\"@id\":\"https:\/\/www.justiceinfo.net\/fr\/125731-lundin-proces-pas-lieu-etre.html#breadcrumb\",\"itemListElement\":[{\"@type\":\"ListItem\",\"position\":1,\"name\":\"Home\",\"item\":\"https:\/\/www.justiceinfo.net\/fr\"},{\"@type\":\"ListItem\",\"position\":2,\"name\":\"Lundin, le proc\u00e8s \\\"qui n'a pas lieu d'\u00eatre\\\"\"}]},{\"@type\":\"WebSite\",\"@id\":\"https:\/\/www.justiceinfo.net\/fr#website\",\"url\":\"https:\/\/www.justiceinfo.net\/fr\",\"name\":\"JusticeInfo.net\",\"description\":\"La justice doit \u00eatre vue pour \u00eatre rendue\",\"publisher\":{\"@id\":\"https:\/\/www.justiceinfo.net\/fr#organization\"},\"potentialAction\":[{\"@type\":\"SearchAction\",\"target\":{\"@type\":\"EntryPoint\",\"urlTemplate\":\"https:\/\/www.justiceinfo.net\/fr?s={search_term_string}\"},\"query-input\":{\"@type\":\"PropertyValueSpecification\",\"valueRequired\":true,\"valueName\":\"search_term_string\"}}],\"inLanguage\":\"fr-FR\"},{\"@type\":\"Organization\",\"@id\":\"https:\/\/www.justiceinfo.net\/fr#organization\",\"name\":\"Justice Info\",\"url\":\"https:\/\/www.justiceinfo.net\/fr\",\"logo\":{\"@type\":\"ImageObject\",\"inLanguage\":\"fr-FR\",\"@id\":\"https:\/\/www.justiceinfo.net\/fr#\/schema\/logo\/image\/\",\"url\":\"https:\/\/www.justiceinfo.net\/wp-content\/uploads\/justiceinfo_logo-trans_1200x1200px.png\",\"contentUrl\":\"https:\/\/www.justiceinfo.net\/wp-content\/uploads\/justiceinfo_logo-trans_1200x1200px.png\",\"width\":1199,\"height\":1200,\"caption\":\"Justice Info\"},\"image\":{\"@id\":\"https:\/\/www.justiceinfo.net\/fr#\/schema\/logo\/image\/\"},\"sameAs\":[\"https:\/\/www.facebook.com\/JusticeInfo\/\",\"https:\/\/x.com\/justiceinfonet\",\"https:\/\/www.linkedin.com\/company\/justice-info\",\"https:\/\/www.youtube.com\/channel\/UCyCEsARodyuWtkWyhn-e7pA\"]},{\"@type\":\"Person\",\"name\":\"Olivier Truc\",\"sameAs\":[\"https:\/\/x.com\/OlivierSweden\"],\"url\":\"https:\/\/www.justiceinfo.net\/fr\/auteur\/oliviertruc\"}]}<\/script>\n<!-- \/ Yoast SEO Premium plugin. -->","yoast_head_json":{"title":"Lundin, le proc\u00e8s qui n\u2019a pas lieu d\u2019\u00eatre","description":"13 semaines apr\u00e8s le d\u00e9but du proc\u00e8s Lundin en Su\u00e8de, la d\u00e9fense prend la parole. 2 dirigeants de la soci\u00e9t\u00e9 Lundin Petroleum sont jug\u00e9s pour complicit\u00e9 de crimes de guerre commis au Sud-Soudan.","robots":{"index":"index","follow":"follow","max-snippet":"max-snippet:-1","max-image-preview":"max-image-preview:large","max-video-preview":"max-video-preview:-1"},"canonical":"https:\/\/www.justiceinfo.net\/fr\/125731-lundin-proces-pas-lieu-etre.html","og_locale":"fr_FR","og_type":"article","og_title":"Lundin, le proc\u00e8s \"qui n'a pas lieu d'\u00eatre\"","og_description":"13 semaines apr\u00e8s le d\u00e9but du proc\u00e8s Lundin en Su\u00e8de, la d\u00e9fense prend la parole. 2 dirigeants de la soci\u00e9t\u00e9 Lundin Petroleum sont jug\u00e9s pour complicit\u00e9 de crimes de guerre commis au Sud-Soudan.","og_url":"https:\/\/www.justiceinfo.net\/fr\/125731-lundin-proces-pas-lieu-etre.html","og_site_name":"JusticeInfo.net","article_publisher":"https:\/\/www.facebook.com\/JusticeInfo\/","article_published_time":"2023-12-08T09:20:17+00:00","article_modified_time":"2025-12-23T16:47:47+00:00","og_image":[{"width":1200,"height":800,"url":"https:\/\/www.justiceinfo.net\/wp-content\/uploads\/Sweden_Lundin-trial_@Jonathan-Nackstrand-AFP.jpg","type":"image\/jpeg"}],"author":"Olivier Truc","twitter_card":"summary_large_image","twitter_creator":"@OlivierSweden","twitter_site":"@justiceinfonet","twitter_misc":{"\u00c9crit par":"Olivier Truc","Dur\u00e9e de lecture estim\u00e9e":"7 minutes"},"schema":{"@context":"https:\/\/schema.org","@graph":[{"@type":"NewsArticle","@id":"https:\/\/www.justiceinfo.net\/fr\/125731-lundin-proces-pas-lieu-etre.html#article","isPartOf":{"@id":"https:\/\/www.justiceinfo.net\/fr\/125731-lundin-proces-pas-lieu-etre.html"},"author":{"name":"Olivier Truc","@id":"https:\/\/www.justiceinfo.net\/fr#\/schema\/person\/b4e2f16741fb32b05e211566617e8a9d"},"headline":"Lundin, le proc\u00e8s \"qui n'a pas lieu d'\u00eatre\"","datePublished":"2023-12-08T09:20:17+00:00","dateModified":"2025-12-23T16:47:47+00:00","mainEntityOfPage":{"@id":"https:\/\/www.justiceinfo.net\/fr\/125731-lundin-proces-pas-lieu-etre.html"},"wordCount":1399,"commentCount":0,"publisher":{"@id":"https:\/\/www.justiceinfo.net\/fr#organization"},"image":{"@id":"https:\/\/www.justiceinfo.net\/fr\/125731-lundin-proces-pas-lieu-etre.html#primaryimage"},"thumbnailUrl":"https:\/\/www.justiceinfo.net\/wp-content\/uploads\/Sweden_Lundin-trial_@Jonathan-Nackstrand-AFP.jpg","keywords":["crime de guerre","Lundin","responsabilit\u00e9 des entreprises"],"articleSection":["Comp\u00e9tence universelle"],"inLanguage":"fr-FR","potentialAction":[{"@type":"CommentAction","name":"Comment","target":["https:\/\/www.justiceinfo.net\/fr\/125731-lundin-proces-pas-lieu-etre.html#respond"]}]},{"@type":"WebPage","@id":"https:\/\/www.justiceinfo.net\/fr\/125731-lundin-proces-pas-lieu-etre.html","url":"https:\/\/www.justiceinfo.net\/fr\/125731-lundin-proces-pas-lieu-etre.html","name":"Lundin, le proc\u00e8s qui n\u2019a pas lieu d\u2019\u00eatre","isPartOf":{"@id":"https:\/\/www.justiceinfo.net\/fr#website"},"primaryImageOfPage":{"@id":"https:\/\/www.justiceinfo.net\/fr\/125731-lundin-proces-pas-lieu-etre.html#primaryimage"},"image":{"@id":"https:\/\/www.justiceinfo.net\/fr\/125731-lundin-proces-pas-lieu-etre.html#primaryimage"},"thumbnailUrl":"https:\/\/www.justiceinfo.net\/wp-content\/uploads\/Sweden_Lundin-trial_@Jonathan-Nackstrand-AFP.jpg","datePublished":"2023-12-08T09:20:17+00:00","dateModified":"2025-12-23T16:47:47+00:00","description":"13 semaines apr\u00e8s le d\u00e9but du proc\u00e8s Lundin en Su\u00e8de, la d\u00e9fense prend la parole. 2 dirigeants de la soci\u00e9t\u00e9 Lundin Petroleum sont jug\u00e9s pour complicit\u00e9 de crimes de guerre commis au Sud-Soudan.","breadcrumb":{"@id":"https:\/\/www.justiceinfo.net\/fr\/125731-lundin-proces-pas-lieu-etre.html#breadcrumb"},"inLanguage":"fr-FR","potentialAction":[{"@type":"ReadAction","target":["https:\/\/www.justiceinfo.net\/fr\/125731-lundin-proces-pas-lieu-etre.html"]}]},{"@type":"ImageObject","inLanguage":"fr-FR","@id":"https:\/\/www.justiceinfo.net\/fr\/125731-lundin-proces-pas-lieu-etre.html#primaryimage","url":"https:\/\/www.justiceinfo.net\/wp-content\/uploads\/Sweden_Lundin-trial_@Jonathan-Nackstrand-AFP.jpg","contentUrl":"https:\/\/www.justiceinfo.net\/wp-content\/uploads\/Sweden_Lundin-trial_@Jonathan-Nackstrand-AFP.jpg","width":1200,"height":800,"caption":"Ian Lundin, ancien pr\u00e9sident de Lundin Oil, arrive le 5 septembre au tribunal de district de Stockholm, en Su\u00e8de, \u00e0 l'ouverture de son proc\u00e8s pour complicit\u00e9 de crimes de guerre au Soudan. Ses avocats ont la parole, depuis le 29 novembre et jusqu'au 8 f\u00e9vrier prochain, pour pr\u00e9senter sa d\u00e9fense. \u00a9 Jonathan Nackstrand \/ AFP"},{"@type":"BreadcrumbList","@id":"https:\/\/www.justiceinfo.net\/fr\/125731-lundin-proces-pas-lieu-etre.html#breadcrumb","itemListElement":[{"@type":"ListItem","position":1,"name":"Home","item":"https:\/\/www.justiceinfo.net\/fr"},{"@type":"ListItem","position":2,"name":"Lundin, le proc\u00e8s \"qui n'a pas lieu d'\u00eatre\""}]},{"@type":"WebSite","@id":"https:\/\/www.justiceinfo.net\/fr#website","url":"https:\/\/www.justiceinfo.net\/fr","name":"JusticeInfo.net","description":"La justice doit \u00eatre vue pour \u00eatre rendue","publisher":{"@id":"https:\/\/www.justiceinfo.net\/fr#organization"},"potentialAction":[{"@type":"SearchAction","target":{"@type":"EntryPoint","urlTemplate":"https:\/\/www.justiceinfo.net\/fr?s={search_term_string}"},"query-input":{"@type":"PropertyValueSpecification","valueRequired":true,"valueName":"search_term_string"}}],"inLanguage":"fr-FR"},{"@type":"Organization","@id":"https:\/\/www.justiceinfo.net\/fr#organization","name":"Justice Info","url":"https:\/\/www.justiceinfo.net\/fr","logo":{"@type":"ImageObject","inLanguage":"fr-FR","@id":"https:\/\/www.justiceinfo.net\/fr#\/schema\/logo\/image\/","url":"https:\/\/www.justiceinfo.net\/wp-content\/uploads\/justiceinfo_logo-trans_1200x1200px.png","contentUrl":"https:\/\/www.justiceinfo.net\/wp-content\/uploads\/justiceinfo_logo-trans_1200x1200px.png","width":1199,"height":1200,"caption":"Justice Info"},"image":{"@id":"https:\/\/www.justiceinfo.net\/fr#\/schema\/logo\/image\/"},"sameAs":["https:\/\/www.facebook.com\/JusticeInfo\/","https:\/\/x.com\/justiceinfonet","https:\/\/www.linkedin.com\/company\/justice-info","https:\/\/www.youtube.com\/channel\/UCyCEsARodyuWtkWyhn-e7pA"]},{"@type":"Person","name":"Olivier Truc","sameAs":["https:\/\/x.com\/OlivierSweden"],"url":"https:\/\/www.justiceinfo.net\/fr\/auteur\/oliviertruc"}]}},"_links":{"self":[{"href":"https:\/\/www.justiceinfo.net\/fr\/wp-json\/wp\/v2\/posts\/125731","targetHints":{"allow":["GET"]}}],"collection":[{"href":"https:\/\/www.justiceinfo.net\/fr\/wp-json\/wp\/v2\/posts"}],"about":[{"href":"https:\/\/www.justiceinfo.net\/fr\/wp-json\/wp\/v2\/types\/post"}],"author":[{"embeddable":true,"href":"https:\/\/www.justiceinfo.net\/fr\/wp-json\/wp\/v2\/users\/103"}],"replies":[{"embeddable":true,"href":"https:\/\/www.justiceinfo.net\/fr\/wp-json\/wp\/v2\/comments?post=125731"}],"version-history":[{"count":16,"href":"https:\/\/www.justiceinfo.net\/fr\/wp-json\/wp\/v2\/posts\/125731\/revisions"}],"predecessor-version":[{"id":125907,"href":"https:\/\/www.justiceinfo.net\/fr\/wp-json\/wp\/v2\/posts\/125731\/revisions\/125907"}],"wp:featuredmedia":[{"embeddable":true,"href":"https:\/\/www.justiceinfo.net\/fr\/wp-json\/wp\/v2\/media\/125744"}],"wp:attachment":[{"href":"https:\/\/www.justiceinfo.net\/fr\/wp-json\/wp\/v2\/media?parent=125731"}],"wp:term":[{"taxonomy":"category","embeddable":true,"href":"https:\/\/www.justiceinfo.net\/fr\/wp-json\/wp\/v2\/categories?post=125731"},{"taxonomy":"post_tag","embeddable":true,"href":"https:\/\/www.justiceinfo.net\/fr\/wp-json\/wp\/v2\/tags?post=125731"},{"taxonomy":"ji_location","embeddable":true,"href":"https:\/\/www.justiceinfo.net\/fr\/wp-json\/wp\/v2\/ji_location?post=125731"}],"curies":[{"name":"wp","href":"https:\/\/api.w.org\/{rel}","templated":true}]}}