{"id":12604,"date":"2010-12-16T00:00:00","date_gmt":"2010-12-15T23:00:00","guid":{"rendered":"https:\/\/www.justiceinfo.net\/12604-161210-tpirmandat-le-pari-manque-du-tpir-pour-lan-20109412.html"},"modified":"2010-12-16T00:00:00","modified_gmt":"2010-12-15T23:00:00","slug":"161210-tpirmandat-le-pari-manque-du-tpir-pour-lan-20109412","status":"publish","type":"post","link":"https:\/\/www.justiceinfo.net\/fr\/12604-161210-tpirmandat-le-pari-manque-du-tpir-pour-lan-20109412.html","title":{"rendered":"16.12.10 - TPIR\/MANDAT - LE PARI MANQUE DU TPIR POUR L'AN 2010"},"content":{"rendered":"<p>Arusha, 16 d&eacute;cembre 2010 (FH) - Le Tribunal p&eacute;nal international pour le Rwanda (TPIR) qui comptait rendre ses jugements cette ann&eacute;e dans trois grands proc&egrave;s collectifs a d&ucirc; se fixer de nouveaux d&eacute;lais pour ces d&eacute;cisions tant attendues. <\/p>\n<p><!--more--><\/p>\n<p >\n<p >\n<p >\nLe juge Dennis Byron, pr&eacute;sident du TPIR, avait annonc&eacute; ce pari le 3 d&eacute;cembre 2009 devant le Conseil de s&eacute;curit&eacute;, alors que dans l'un des trois proc&egrave;s, les d&eacute;bats &eacute;taient clos depuis un an.\n<\/p>\n<p >\n<p >\nCes trois affaires, qui comptent parmi les plus importantes de l'histoire du tribunal, impliquent 14 personnes, dont cinq anciens ministres et les anciens patrons de l'arm&eacute;e et de la gendarmerie. De grands dignitaires accus&eacute;s d'avoir particip&eacute; au plus haut niveau &agrave; la pr&eacute;paration du g&eacute;nocide des Tutsis de 1994.\n<\/p>\n<p >\n<p >\nS'exprimant devant la m&ecirc;me institution, il y a une dizaine de jours, le juge Byron s'est rendu &agrave; l'&eacute;vidence. &laquo; Nous attendons les jugements dans quatre proc&egrave;s (dont les trois) impliquant 15 accus&eacute;s au cours du premier semestre de l'ann&eacute;e 2011 &raquo;, a-t-il indiqu&eacute;, en pr&eacute;cisant que les autres accus&eacute;s seraient fix&eacute;s sur leur sort au cours du deuxi&egrave;me semestre.\n<\/p>\n<p >\nDans le proc&egrave;s &laquo; gouvernement II &raquo;, o&ugrave; ont comparu les anciens ministres des Affaires &eacute;trang&egrave;res J&eacute;r&ocirc;me Bicamumpaka, de la Sant&eacute; Casimir Bizimungu, du Commerce Justin Mugenzi, et de la Fonction Publique Prosper Mugiraneza, les juges planchent sur le jugement depuis deux ans. C'est en effet en d&eacute;cembre 2008 que les parties ont plaid&eacute; leurs conclusions finales.\n<\/p>\n<p >\nCes anciens dignitaires, dont le proc&egrave;s a commenc&eacute; en novembre 2003, sont notamment accus&eacute;s d'incitation au g&eacute;nocide lors de diff&eacute;rentes r&eacute;unions &agrave; travers le pays.\n<\/p>\n<p >\nDans l'affaire &laquo; Butare &raquo; impliquant six accus&eacute;s dont l'ancienne ministre de la Famille Pauline Nyiramasuhuko, unique femme inculp&eacute;e par le TPIR, les d&eacute;bats ont &eacute;t&eacute; clos le 30 avril 2009 avec les r&eacute;quisitions et les plaidoiries finales. Parmi les co-accus&eacute;s de Nyiramasuhuko, figure son fils Ars&egrave;ne Shalom Ntahobali, accus&eacute; notamment d'avoir commis des viols sur ordre de sa m&egrave;re. Ouvert en juin 2001, ce proc&egrave;s, c&eacute;l&egrave;bre pour sa lenteur, est par ailleurs le plus long et sans doute aussi le plus co&ucirc;teux de l'histoire de la justice p&eacute;nale internationale.\n<\/p>\n<p >\nS'y ajoute celui de quatre officiers, dont les anciens chefs d'&eacute;tat-major de l'arm&eacute;e et de la gendarmerie, les g&eacute;n&eacute;raux Augustin Bizimungu et Augustin Ndindiliyimana. L'affaire a d&eacute;but&eacute; en septembre 2004 et les d&eacute;bats sont clos depuis juin 2009.\n<\/p>\n<p >\nLe TPIR, appel&eacute; en tant que tribunal des Nations Unies, &agrave; donner l'exemple, respecte-t-il le droit d'&ecirc;tre jug&eacute; dans un d&eacute;lai raisonnable ? Les accus&eacute;s et leurs avocats, du moins dans ces trois affaires, r&eacute;pondent par la n&eacute;gative. Parmi les plus impatients, figure Mugiraneza qui a d&eacute;j&agrave; demand&eacute; en vain &agrave; quatre reprises l'annulation de l'acte d'accusation, arguant de ce retard.\n<\/p>\n<p >\n<p >\nSa derni&egrave;re requ&ecirc;te a &eacute;t&eacute; rejet&eacute;e par la chambre en juin dernier, mais avec une opinion dissidente &laquo; historique &raquo; de la part de l'un des trois juges. Bien qu'en d&eacute;saccord avec l'abandon des poursuites, le juge Emile Francis Short estime que les droits de l'ex-ministre ont &eacute;t&eacute; effectivement viol&eacute;s. Ainsi, conclut-il, la r&eacute;paration devrait &ecirc;tre une r&eacute;duction de peine en cas de verdict de culpabilit&eacute; et une compensation en cas d'acquittement.\n<\/p>\n<p >\nPourquoi tant de retard ? Le juge Byron explique que la plupart des juges, &agrave; commencer par lui-m&ecirc;me, si&egrave;gent dans plusieurs proc&egrave;s &agrave; la fois. Mais le principal probl&egrave;me est actuellement, selon lui, l'&eacute;rosion du personnel. Depuis le d&eacute;but de l'ann&eacute;e, 100 employ&eacute;s ont quitt&eacute; le tribunal. Certains sont partis dans le cadre de la compression progressive et d'autres ont rejoint des institutions plus p&eacute;rennes, notamment au sein m&ecirc;me du syst&egrave;me des Nations Unies.\n<\/p>\n<p >\n<p >\nParmi eux, figurent par ailleurs 19 membres du &laquo; personnel d'appui juridique aux chambres &raquo;, a pr&eacute;cis&eacute; le porte-parole du TPIR, Roland Amoussouga. Si la question n'est pas r&eacute;gl&eacute;e, &laquo; nous ne pouvons pas exclure de nouveaux retards dans les jugements &raquo;, a pr&eacute;venu le pr&eacute;sident du tribunal, devant le Conseil de s&eacute;curit&eacute; qui lui a demand&eacute; avec insistance de terminer les proc&egrave;s en premi&egrave;re instance l'ann&eacute;e prochaine.\n<\/p>\n<p >\n<p >\nER\/GF\n<\/p>\n<p>\n&copy; Agence Hirondelle<\/p>\n","protected":false},"excerpt":{"rendered":"<p>Arusha, 16 d&eacute;cembre 2010 (FH) - Le Tribunal p&eacute;nal international pour le Rwanda (TPIR) qui comptait rendre ses jugements cette ann&eacute;e dans trois grands proc&egrave;s collectifs a d&ucirc; se fixer de nouveaux d&eacute;lais pour ces d&eacute;cisions tant attendues.<\/p>\n","protected":false},"author":64,"featured_media":0,"comment_status":"open","ping_status":"closed","sticky":false,"template":"","format":"standard","meta":{"_acf_changed":false,"footnotes":""},"categories":[554],"tags":[],"ji_location":[],"class_list":["post-12604","post","type-post","status-publish","format-standard","hentry","category-hirondellenews"],"acf":[],"yoast_head":"<!-- This site is optimized with the Yoast SEO Premium plugin v25.3.1 (Yoast SEO v25.3.1) - https:\/\/yoast.com\/wordpress\/plugins\/seo\/ -->\n<title>16.12.10 - TPIR\/MANDAT - LE PARI MANQUE DU TPIR POUR L&#039;AN 2010 - JusticeInfo.net<\/title>\n<meta name=\"robots\" content=\"index, follow, max-snippet:-1, max-image-preview:large, max-video-preview:-1\" \/>\n<link rel=\"canonical\" href=\"https:\/\/www.justiceinfo.net\/fr\/12604-161210-tpirmandat-le-pari-manque-du-tpir-pour-lan-20109412.html\" \/>\n<meta property=\"og:locale\" content=\"fr_FR\" \/>\n<meta property=\"og:type\" content=\"article\" \/>\n<meta property=\"og:title\" content=\"16.12.10 - TPIR\/MANDAT - LE PARI MANQUE DU TPIR POUR L&#039;AN 2010\" \/>\n<meta property=\"og:description\" content=\"Arusha, 16 d&eacute;cembre 2010 (FH) - Le Tribunal p&eacute;nal international pour le Rwanda (TPIR) qui comptait rendre ses jugements cette ann&eacute;e dans trois grands proc&egrave;s collectifs a d&ucirc; se fixer de nouveaux d&eacute;lais pour ces d&eacute;cisions tant attendues.\" \/>\n<meta property=\"og:url\" content=\"https:\/\/www.justiceinfo.net\/fr\/12604-161210-tpirmandat-le-pari-manque-du-tpir-pour-lan-20109412.html\" \/>\n<meta property=\"og:site_name\" content=\"JusticeInfo.net\" \/>\n<meta property=\"article:publisher\" content=\"https:\/\/www.facebook.com\/JusticeInfo\/\" \/>\n<meta property=\"article:published_time\" content=\"2010-12-15T23:00:00+00:00\" \/>\n<meta property=\"og:image\" content=\"https:\/\/www.justiceinfo.net\/wp-content\/uploads\/JusticeInfoNet_logo_1200x630px.jpg\" \/>\n\t<meta property=\"og:image:width\" content=\"1200\" \/>\n\t<meta property=\"og:image:height\" content=\"630\" \/>\n\t<meta property=\"og:image:type\" content=\"image\/jpeg\" \/>\n<meta name=\"author\" content=\"solivri\" \/>\n<meta name=\"twitter:card\" content=\"summary_large_image\" \/>\n<meta name=\"twitter:creator\" content=\"@justiceinfonet\" \/>\n<meta name=\"twitter:site\" content=\"@justiceinfonet\" \/>\n<meta name=\"twitter:label1\" content=\"\u00c9crit par\" \/>\n\t<meta name=\"twitter:data1\" content=\"solivri\" \/>\n\t<meta name=\"twitter:label2\" content=\"Dur\u00e9e de lecture estim\u00e9e\" \/>\n\t<meta name=\"twitter:data2\" content=\"4 minutes\" \/>\n<script type=\"application\/ld+json\" class=\"yoast-schema-graph\">{\"@context\":\"https:\/\/schema.org\",\"@graph\":[{\"@type\":\"NewsArticle\",\"@id\":\"https:\/\/www.justiceinfo.net\/fr\/12604-161210-tpirmandat-le-pari-manque-du-tpir-pour-lan-20109412.html#article\",\"isPartOf\":{\"@id\":\"https:\/\/www.justiceinfo.net\/fr\/12604-161210-tpirmandat-le-pari-manque-du-tpir-pour-lan-20109412.html\"},\"author\":{\"name\":\"solivri\",\"@id\":\"https:\/\/www.justiceinfo.net\/fr#\/schema\/person\/6e53cba1629e2e66f3fc1821d3091865\"},\"headline\":\"16.12.10 - TPIR\/MANDAT - LE PARI MANQUE DU TPIR POUR L'AN 2010\",\"datePublished\":\"2010-12-15T23:00:00+00:00\",\"mainEntityOfPage\":{\"@id\":\"https:\/\/www.justiceinfo.net\/fr\/12604-161210-tpirmandat-le-pari-manque-du-tpir-pour-lan-20109412.html\"},\"wordCount\":893,\"commentCount\":0,\"publisher\":{\"@id\":\"https:\/\/www.justiceinfo.net\/fr#organization\"},\"articleSection\":[\"Hirondelle News\"],\"inLanguage\":\"fr-FR\",\"potentialAction\":[{\"@type\":\"CommentAction\",\"name\":\"Comment\",\"target\":[\"https:\/\/www.justiceinfo.net\/fr\/12604-161210-tpirmandat-le-pari-manque-du-tpir-pour-lan-20109412.html#respond\"]}]},{\"@type\":\"WebPage\",\"@id\":\"https:\/\/www.justiceinfo.net\/fr\/12604-161210-tpirmandat-le-pari-manque-du-tpir-pour-lan-20109412.html\",\"url\":\"https:\/\/www.justiceinfo.net\/fr\/12604-161210-tpirmandat-le-pari-manque-du-tpir-pour-lan-20109412.html\",\"name\":\"16.12.10 - TPIR\/MANDAT - LE PARI MANQUE DU TPIR POUR L'AN 2010 - JusticeInfo.net\",\"isPartOf\":{\"@id\":\"https:\/\/www.justiceinfo.net\/fr#website\"},\"datePublished\":\"2010-12-15T23:00:00+00:00\",\"breadcrumb\":{\"@id\":\"https:\/\/www.justiceinfo.net\/fr\/12604-161210-tpirmandat-le-pari-manque-du-tpir-pour-lan-20109412.html#breadcrumb\"},\"inLanguage\":\"fr-FR\",\"potentialAction\":[{\"@type\":\"ReadAction\",\"target\":[\"https:\/\/www.justiceinfo.net\/fr\/12604-161210-tpirmandat-le-pari-manque-du-tpir-pour-lan-20109412.html\"]}]},{\"@type\":\"BreadcrumbList\",\"@id\":\"https:\/\/www.justiceinfo.net\/fr\/12604-161210-tpirmandat-le-pari-manque-du-tpir-pour-lan-20109412.html#breadcrumb\",\"itemListElement\":[{\"@type\":\"ListItem\",\"position\":1,\"name\":\"Home\",\"item\":\"https:\/\/www.justiceinfo.net\/fr\"},{\"@type\":\"ListItem\",\"position\":2,\"name\":\"16.12.10 - TPIR\/MANDAT - LE PARI MANQUE DU TPIR POUR L'AN 2010\"}]},{\"@type\":\"WebSite\",\"@id\":\"https:\/\/www.justiceinfo.net\/fr#website\",\"url\":\"https:\/\/www.justiceinfo.net\/fr\",\"name\":\"JusticeInfo.net\",\"description\":\"La justice doit \u00eatre vue pour \u00eatre rendue\",\"publisher\":{\"@id\":\"https:\/\/www.justiceinfo.net\/fr#organization\"},\"potentialAction\":[{\"@type\":\"SearchAction\",\"target\":{\"@type\":\"EntryPoint\",\"urlTemplate\":\"https:\/\/www.justiceinfo.net\/fr?s={search_term_string}\"},\"query-input\":{\"@type\":\"PropertyValueSpecification\",\"valueRequired\":true,\"valueName\":\"search_term_string\"}}],\"inLanguage\":\"fr-FR\"},{\"@type\":\"Organization\",\"@id\":\"https:\/\/www.justiceinfo.net\/fr#organization\",\"name\":\"Justice Info\",\"url\":\"https:\/\/www.justiceinfo.net\/fr\",\"logo\":{\"@type\":\"ImageObject\",\"inLanguage\":\"fr-FR\",\"@id\":\"https:\/\/www.justiceinfo.net\/fr#\/schema\/logo\/image\/\",\"url\":\"https:\/\/www.justiceinfo.net\/wp-content\/uploads\/justiceinfo_logo-trans_1200x1200px.png\",\"contentUrl\":\"https:\/\/www.justiceinfo.net\/wp-content\/uploads\/justiceinfo_logo-trans_1200x1200px.png\",\"width\":1199,\"height\":1200,\"caption\":\"Justice Info\"},\"image\":{\"@id\":\"https:\/\/www.justiceinfo.net\/fr#\/schema\/logo\/image\/\"},\"sameAs\":[\"https:\/\/www.facebook.com\/JusticeInfo\/\",\"https:\/\/x.com\/justiceinfonet\",\"https:\/\/www.linkedin.com\/company\/justice-info\",\"https:\/\/www.youtube.com\/channel\/UCyCEsARodyuWtkWyhn-e7pA\"]},{\"@type\":\"Person\",\"name\":\"solivri\",\"url\":\"\/fr\/?s=solivri\"}]}<\/script>\n<!-- \/ Yoast SEO Premium plugin. -->","yoast_head_json":{"title":"16.12.10 - TPIR\/MANDAT - LE PARI MANQUE DU TPIR POUR L'AN 2010 - JusticeInfo.net","robots":{"index":"index","follow":"follow","max-snippet":"max-snippet:-1","max-image-preview":"max-image-preview:large","max-video-preview":"max-video-preview:-1"},"canonical":"https:\/\/www.justiceinfo.net\/fr\/12604-161210-tpirmandat-le-pari-manque-du-tpir-pour-lan-20109412.html","og_locale":"fr_FR","og_type":"article","og_title":"16.12.10 - TPIR\/MANDAT - LE PARI MANQUE DU TPIR POUR L'AN 2010","og_description":"Arusha, 16 d&eacute;cembre 2010 (FH) - Le Tribunal p&eacute;nal international pour le Rwanda (TPIR) qui comptait rendre ses jugements cette ann&eacute;e dans trois grands proc&egrave;s collectifs a d&ucirc; se fixer de nouveaux d&eacute;lais pour ces d&eacute;cisions tant attendues.","og_url":"https:\/\/www.justiceinfo.net\/fr\/12604-161210-tpirmandat-le-pari-manque-du-tpir-pour-lan-20109412.html","og_site_name":"JusticeInfo.net","article_publisher":"https:\/\/www.facebook.com\/JusticeInfo\/","article_published_time":"2010-12-15T23:00:00+00:00","og_image":[{"width":1200,"height":630,"url":"https:\/\/www.justiceinfo.net\/wp-content\/uploads\/JusticeInfoNet_logo_1200x630px.jpg","type":"image\/jpeg"}],"author":"solivri","twitter_card":"summary_large_image","twitter_creator":"@justiceinfonet","twitter_site":"@justiceinfonet","twitter_misc":{"\u00c9crit par":"solivri","Dur\u00e9e de lecture estim\u00e9e":"4 minutes"},"schema":{"@context":"https:\/\/schema.org","@graph":[{"@type":"NewsArticle","@id":"https:\/\/www.justiceinfo.net\/fr\/12604-161210-tpirmandat-le-pari-manque-du-tpir-pour-lan-20109412.html#article","isPartOf":{"@id":"https:\/\/www.justiceinfo.net\/fr\/12604-161210-tpirmandat-le-pari-manque-du-tpir-pour-lan-20109412.html"},"author":{"name":"solivri","@id":"https:\/\/www.justiceinfo.net\/fr#\/schema\/person\/6e53cba1629e2e66f3fc1821d3091865"},"headline":"16.12.10 - TPIR\/MANDAT - LE PARI MANQUE DU TPIR POUR L'AN 2010","datePublished":"2010-12-15T23:00:00+00:00","mainEntityOfPage":{"@id":"https:\/\/www.justiceinfo.net\/fr\/12604-161210-tpirmandat-le-pari-manque-du-tpir-pour-lan-20109412.html"},"wordCount":893,"commentCount":0,"publisher":{"@id":"https:\/\/www.justiceinfo.net\/fr#organization"},"articleSection":["Hirondelle News"],"inLanguage":"fr-FR","potentialAction":[{"@type":"CommentAction","name":"Comment","target":["https:\/\/www.justiceinfo.net\/fr\/12604-161210-tpirmandat-le-pari-manque-du-tpir-pour-lan-20109412.html#respond"]}]},{"@type":"WebPage","@id":"https:\/\/www.justiceinfo.net\/fr\/12604-161210-tpirmandat-le-pari-manque-du-tpir-pour-lan-20109412.html","url":"https:\/\/www.justiceinfo.net\/fr\/12604-161210-tpirmandat-le-pari-manque-du-tpir-pour-lan-20109412.html","name":"16.12.10 - TPIR\/MANDAT - LE PARI MANQUE DU TPIR POUR L'AN 2010 - JusticeInfo.net","isPartOf":{"@id":"https:\/\/www.justiceinfo.net\/fr#website"},"datePublished":"2010-12-15T23:00:00+00:00","breadcrumb":{"@id":"https:\/\/www.justiceinfo.net\/fr\/12604-161210-tpirmandat-le-pari-manque-du-tpir-pour-lan-20109412.html#breadcrumb"},"inLanguage":"fr-FR","potentialAction":[{"@type":"ReadAction","target":["https:\/\/www.justiceinfo.net\/fr\/12604-161210-tpirmandat-le-pari-manque-du-tpir-pour-lan-20109412.html"]}]},{"@type":"BreadcrumbList","@id":"https:\/\/www.justiceinfo.net\/fr\/12604-161210-tpirmandat-le-pari-manque-du-tpir-pour-lan-20109412.html#breadcrumb","itemListElement":[{"@type":"ListItem","position":1,"name":"Home","item":"https:\/\/www.justiceinfo.net\/fr"},{"@type":"ListItem","position":2,"name":"16.12.10 - TPIR\/MANDAT - LE PARI MANQUE DU TPIR POUR L'AN 2010"}]},{"@type":"WebSite","@id":"https:\/\/www.justiceinfo.net\/fr#website","url":"https:\/\/www.justiceinfo.net\/fr","name":"JusticeInfo.net","description":"La justice doit \u00eatre vue pour \u00eatre rendue","publisher":{"@id":"https:\/\/www.justiceinfo.net\/fr#organization"},"potentialAction":[{"@type":"SearchAction","target":{"@type":"EntryPoint","urlTemplate":"https:\/\/www.justiceinfo.net\/fr?s={search_term_string}"},"query-input":{"@type":"PropertyValueSpecification","valueRequired":true,"valueName":"search_term_string"}}],"inLanguage":"fr-FR"},{"@type":"Organization","@id":"https:\/\/www.justiceinfo.net\/fr#organization","name":"Justice Info","url":"https:\/\/www.justiceinfo.net\/fr","logo":{"@type":"ImageObject","inLanguage":"fr-FR","@id":"https:\/\/www.justiceinfo.net\/fr#\/schema\/logo\/image\/","url":"https:\/\/www.justiceinfo.net\/wp-content\/uploads\/justiceinfo_logo-trans_1200x1200px.png","contentUrl":"https:\/\/www.justiceinfo.net\/wp-content\/uploads\/justiceinfo_logo-trans_1200x1200px.png","width":1199,"height":1200,"caption":"Justice Info"},"image":{"@id":"https:\/\/www.justiceinfo.net\/fr#\/schema\/logo\/image\/"},"sameAs":["https:\/\/www.facebook.com\/JusticeInfo\/","https:\/\/x.com\/justiceinfonet","https:\/\/www.linkedin.com\/company\/justice-info","https:\/\/www.youtube.com\/channel\/UCyCEsARodyuWtkWyhn-e7pA"]},{"@type":"Person","name":"solivri","url":"\/fr\/?s=solivri"}]}},"_links":{"self":[{"href":"https:\/\/www.justiceinfo.net\/fr\/wp-json\/wp\/v2\/posts\/12604","targetHints":{"allow":["GET"]}}],"collection":[{"href":"https:\/\/www.justiceinfo.net\/fr\/wp-json\/wp\/v2\/posts"}],"about":[{"href":"https:\/\/www.justiceinfo.net\/fr\/wp-json\/wp\/v2\/types\/post"}],"author":[{"embeddable":true,"href":"https:\/\/www.justiceinfo.net\/fr\/wp-json\/wp\/v2\/users\/64"}],"replies":[{"embeddable":true,"href":"https:\/\/www.justiceinfo.net\/fr\/wp-json\/wp\/v2\/comments?post=12604"}],"version-history":[{"count":0,"href":"https:\/\/www.justiceinfo.net\/fr\/wp-json\/wp\/v2\/posts\/12604\/revisions"}],"wp:attachment":[{"href":"https:\/\/www.justiceinfo.net\/fr\/wp-json\/wp\/v2\/media?parent=12604"}],"wp:term":[{"taxonomy":"category","embeddable":true,"href":"https:\/\/www.justiceinfo.net\/fr\/wp-json\/wp\/v2\/categories?post=12604"},{"taxonomy":"post_tag","embeddable":true,"href":"https:\/\/www.justiceinfo.net\/fr\/wp-json\/wp\/v2\/tags?post=12604"},{"taxonomy":"ji_location","embeddable":true,"href":"https:\/\/www.justiceinfo.net\/fr\/wp-json\/wp\/v2\/ji_location?post=12604"}],"curies":[{"name":"wp","href":"https:\/\/api.w.org\/{rel}","templated":true}]}}