{"id":12614,"date":"2011-01-04T00:00:00","date_gmt":"2011-01-03T23:00:00","guid":{"rendered":"https:\/\/www.justiceinfo.net\/12614-040111-tpirproces-reprise-des-audiences-lundi-prochain-avec-le-proces-mrnd9422.html"},"modified":"2011-01-04T00:00:00","modified_gmt":"2011-01-03T23:00:00","slug":"040111-tpirproces-reprise-des-audiences-lundi-prochain-avec-le-proces-mrnd9422","status":"publish","type":"post","link":"https:\/\/www.justiceinfo.net\/fr\/12614-040111-tpirproces-reprise-des-audiences-lundi-prochain-avec-le-proces-mrnd9422.html","title":{"rendered":"04.01.11 - TPIR\/PROCES - REPRISE DES AUDIENCES LUNDI PROCHAIN AVEC LE PROCES MRND"},"content":{"rendered":"<p>Arusha, 4 janvier 2011 (FH) - La premi&egrave;re audience de l'ann&eacute;e 2011 au Tribunal p&eacute;nal international pour le Rwanda (TPIR) est fix&eacute;e au lundi 10 janvier dans le cadre du proc&egrave;s de deux dirigeants de l'ex-parti pr&eacute;sidentiel, le MRND.<br \/>\n<!--more--><\/p>\n<p >\n<p >\nA la reprise, l'ex-pr&eacute;sident du parti, Mathieu Ngirumpatse, citera de nouveaux t&eacute;moins de sa d&eacute;fense suspendue depuis le 24 novembre. L'ancien vice-pr&eacute;sident du MRND, Edouard Karemera, a pour sa part termin&eacute; la pr&eacute;sentation de ses moyens &agrave; d&eacute;charge.\n<\/p>\n<p >\nInculp&eacute;s de crimes de g&eacute;nocide et de crimes contre l'humanit&eacute;, Ngirumpatse et Karemera r&eacute;pondent essentiellement d'exactions commises en 1994 par des membres de leur parti, surtout l'aile jeunesse, les Interahamwe.\n<\/p>\n<p >\n<p >\nC'est ce que l'on appelle au TPIR la responsabilit&eacute; de sup&eacute;rieur hi&eacute;rarchique.\n<\/p>\n<p >\n<p >\nLes deux hommes, qui clament leur innocence, r&eacute;torquent que le procureur n'a pas prouv&eacute; l'existence d'un lien de subordination, de fait ou de droit, entre eux et les auteurs mat&eacute;riels des crimes.\n<\/p>\n<p >\n<p >\nLeur proc&egrave;s, qui a connu bien des vicissitudes, compte parmi les plus lents et les plus complexes du tribunal d'Arusha, et semble encore devoir durer quelques bonnes semaines.\n<\/p>\n<p >\nLe 17 janvier, c'est un autre membre du parti de l'ex-pr&eacute;sident Juv&eacute;nal Habyarimana qui compara&icirc;tra. Ministre du Plan dans le gouvernement en place pendant le g&eacute;nocide, Augustin Ngirabatware poursuivra sa d&eacute;fense suspendue depuis 14 d&eacute;cembre.\n<\/p>\n<p >\nBrillant &eacute;conomiste form&eacute; l'Universit&eacute; de Fribourg en Suisse, Ngirabatware qui est le gendre de F&eacute;licien Kabuga - pr&eacute;sent&eacute; comme l'argentier du g&eacute;nocide des Tutsis de 1994, est notamment accus&eacute; d'avoir incit&eacute; aux massacres dans la pr&eacute;fecture de Gisenyi (nord) et, en particulier, &agrave; Nyamyumba, sa commune natale.\n<\/p>\n<p >\nInculp&eacute;, pour ces faits, de crimes de g&eacute;nocide et de crimes contre l'humanit&eacute;, l'ancien dignitaire clame son innocence en d&eacute;veloppant, depuis le d&eacute;but de son audition le 16 novembre, une d&eacute;fense d'alibi pour la plupart des faits port&eacute;s contre lui.\n<\/p>\n<p >\n<p >\nAlibi que le procureur s'efforce de d&eacute;monter depuis le d&eacute;but du contre interrogatoire, le 6 d&eacute;cembre.\n<\/p>\n<p >\n<p >\nToujours le 17 d&eacute;cembre, l'ex-maire de Kivumu (ouest), Gr&eacute;goire Ndahimana, poursuivi notamment pour le massacre des Tutsis qui avaient cherch&eacute; refuge dans l'&eacute;glise de Nyange, dans sa commune, passera &agrave; la contre-attaque. Petite &eacute;glise obscure de campagne avant le g&eacute;nocide, Nyange est d&eacute;sormais un symbole des massacres, car pr&egrave;s de 2.000 Tutsis y p&eacute;rirent &agrave; la mi- avril 1994, ensevelis dans l'effondrement de l'&eacute;difice religieux. L'&eacute;glise fut d&eacute;molie en plein jour par un bulldozer, sur ordre, selon le procureur, du maire et d'autres personnalit&eacute;s influentes de l'endroit, dont l'abb&eacute; Athanase Seromba, d&eacute;j&agrave; condamn&eacute; pour l'h&eacute;catombe.\n<\/p>\n<p >\nLes autres proc&egrave;s reprendront ou d&eacute;buteront dans les mois suivants.\n<\/p>\n<p >\nEntre temps, le Conseil de s&eacute;curit&eacute; a vot&eacute; le 22 d&eacute;cembre, alors que le TPIR venait d'entrer en vacances, une r&eacute;solution qui &eacute;tait attendue depuis plusieurs mois. Ce texte pr&eacute;sent&eacute; par l'Autriche cr&eacute;e un &laquo;m&eacute;canisme international &raquo; charg&eacute; d'exercer les fonctions r&eacute;siduelles du TPIR et du Tribunal p&eacute;nal international pour l'ex-international pour l'ex-Yougoslavie (TPIY).\n<\/p>\n<p >\nLa r&eacute;solution demande aux deux tribunaux de &laquo; tout faire pour achever rapidement leurs travaux, au plus tard le 31 d&eacute;cembre 2014, de pr&eacute;parer leur fermeture et d'assurer une transition sans heurt avec le M&eacute;canisme, notamment en cr&eacute;ant en leur sein une &eacute;quipe pr&eacute;paratoire &raquo;.\n<\/p>\n<p >\n<p >\nElle fixe l'entr&eacute;e en fonction de ce &laquo; M&eacute;canisme &raquo;, pour une p&eacute;riode initiale de quatre ans, au 1er juillet 2012 pour le TPIR et au 1er juillet 2013 pour le TPIY, et pr&eacute;voit qu'&agrave; compter de ces dates, toutes les comp&eacute;tences du TPIY et du TPIR seront transf&eacute;r&eacute;es &agrave; la nouvelle institution.\n<\/p>\n<p >\n<p >\nER\/GF\n<\/p>\n<p>\n&copy; Agence Hirondelle<\/p>\n","protected":false},"excerpt":{"rendered":"<p>Arusha, 4 janvier 2011 (FH) - La premi&egrave;re audience de l'ann&eacute;e 2011 au Tribunal p&eacute;nal international pour le Rwanda (TPIR) est fix&eacute;e au lundi 10 janvier dans le cadre du proc&egrave;s de deux dirigeants de l'ex-parti pr&eacute;sidentiel, le MRND.<\/p>\n","protected":false},"author":64,"featured_media":0,"comment_status":"open","ping_status":"closed","sticky":false,"template":"","format":"standard","meta":{"_acf_changed":false,"footnotes":""},"categories":[554],"tags":[],"ji_location":[],"class_list":["post-12614","post","type-post","status-publish","format-standard","hentry","category-hirondellenews"],"acf":[],"yoast_head":"<!-- This site is optimized with the Yoast SEO Premium plugin v25.3.1 (Yoast SEO v25.3.1) - https:\/\/yoast.com\/wordpress\/plugins\/seo\/ -->\n<title>04.01.11 - TPIR\/PROCES - REPRISE DES AUDIENCES LUNDI PROCHAIN AVEC LE PROCES MRND - JusticeInfo.net<\/title>\n<meta name=\"robots\" content=\"index, follow, max-snippet:-1, max-image-preview:large, max-video-preview:-1\" \/>\n<link rel=\"canonical\" href=\"https:\/\/www.justiceinfo.net\/fr\/12614-040111-tpirproces-reprise-des-audiences-lundi-prochain-avec-le-proces-mrnd9422.html\" \/>\n<meta property=\"og:locale\" content=\"fr_FR\" \/>\n<meta property=\"og:type\" content=\"article\" \/>\n<meta property=\"og:title\" content=\"04.01.11 - TPIR\/PROCES - REPRISE DES AUDIENCES LUNDI PROCHAIN AVEC LE PROCES MRND\" \/>\n<meta property=\"og:description\" content=\"Arusha, 4 janvier 2011 (FH) - La premi&egrave;re audience de l&#039;ann&eacute;e 2011 au Tribunal p&eacute;nal international pour le Rwanda (TPIR) est fix&eacute;e au lundi 10 janvier dans le cadre du proc&egrave;s de deux dirigeants de l&#039;ex-parti pr&eacute;sidentiel, le MRND.\" \/>\n<meta property=\"og:url\" content=\"https:\/\/www.justiceinfo.net\/fr\/12614-040111-tpirproces-reprise-des-audiences-lundi-prochain-avec-le-proces-mrnd9422.html\" \/>\n<meta property=\"og:site_name\" content=\"JusticeInfo.net\" \/>\n<meta property=\"article:publisher\" content=\"https:\/\/www.facebook.com\/JusticeInfo\/\" \/>\n<meta property=\"article:published_time\" content=\"2011-01-03T23:00:00+00:00\" \/>\n<meta property=\"og:image\" content=\"https:\/\/www.justiceinfo.net\/wp-content\/uploads\/JusticeInfoNet_logo_1200x630px.jpg\" \/>\n\t<meta property=\"og:image:width\" content=\"1200\" \/>\n\t<meta property=\"og:image:height\" content=\"630\" \/>\n\t<meta property=\"og:image:type\" content=\"image\/jpeg\" \/>\n<meta name=\"author\" content=\"solivri\" \/>\n<meta name=\"twitter:card\" content=\"summary_large_image\" \/>\n<meta name=\"twitter:creator\" content=\"@justiceinfonet\" \/>\n<meta name=\"twitter:site\" content=\"@justiceinfonet\" \/>\n<meta name=\"twitter:label1\" content=\"\u00c9crit par\" \/>\n\t<meta name=\"twitter:data1\" content=\"solivri\" \/>\n\t<meta name=\"twitter:label2\" content=\"Dur\u00e9e de lecture estim\u00e9e\" \/>\n\t<meta name=\"twitter:data2\" content=\"4 minutes\" \/>\n<script type=\"application\/ld+json\" class=\"yoast-schema-graph\">{\"@context\":\"https:\/\/schema.org\",\"@graph\":[{\"@type\":\"NewsArticle\",\"@id\":\"https:\/\/www.justiceinfo.net\/fr\/12614-040111-tpirproces-reprise-des-audiences-lundi-prochain-avec-le-proces-mrnd9422.html#article\",\"isPartOf\":{\"@id\":\"https:\/\/www.justiceinfo.net\/fr\/12614-040111-tpirproces-reprise-des-audiences-lundi-prochain-avec-le-proces-mrnd9422.html\"},\"author\":{\"name\":\"solivri\",\"@id\":\"https:\/\/www.justiceinfo.net\/fr#\/schema\/person\/6e53cba1629e2e66f3fc1821d3091865\"},\"headline\":\"04.01.11 - TPIR\/PROCES - REPRISE DES AUDIENCES LUNDI PROCHAIN AVEC LE PROCES MRND\",\"datePublished\":\"2011-01-03T23:00:00+00:00\",\"mainEntityOfPage\":{\"@id\":\"https:\/\/www.justiceinfo.net\/fr\/12614-040111-tpirproces-reprise-des-audiences-lundi-prochain-avec-le-proces-mrnd9422.html\"},\"wordCount\":781,\"commentCount\":0,\"publisher\":{\"@id\":\"https:\/\/www.justiceinfo.net\/fr#organization\"},\"articleSection\":[\"Hirondelle News\"],\"inLanguage\":\"fr-FR\",\"potentialAction\":[{\"@type\":\"CommentAction\",\"name\":\"Comment\",\"target\":[\"https:\/\/www.justiceinfo.net\/fr\/12614-040111-tpirproces-reprise-des-audiences-lundi-prochain-avec-le-proces-mrnd9422.html#respond\"]}]},{\"@type\":\"WebPage\",\"@id\":\"https:\/\/www.justiceinfo.net\/fr\/12614-040111-tpirproces-reprise-des-audiences-lundi-prochain-avec-le-proces-mrnd9422.html\",\"url\":\"https:\/\/www.justiceinfo.net\/fr\/12614-040111-tpirproces-reprise-des-audiences-lundi-prochain-avec-le-proces-mrnd9422.html\",\"name\":\"04.01.11 - TPIR\/PROCES - REPRISE DES AUDIENCES LUNDI PROCHAIN AVEC LE PROCES MRND - JusticeInfo.net\",\"isPartOf\":{\"@id\":\"https:\/\/www.justiceinfo.net\/fr#website\"},\"datePublished\":\"2011-01-03T23:00:00+00:00\",\"breadcrumb\":{\"@id\":\"https:\/\/www.justiceinfo.net\/fr\/12614-040111-tpirproces-reprise-des-audiences-lundi-prochain-avec-le-proces-mrnd9422.html#breadcrumb\"},\"inLanguage\":\"fr-FR\",\"potentialAction\":[{\"@type\":\"ReadAction\",\"target\":[\"https:\/\/www.justiceinfo.net\/fr\/12614-040111-tpirproces-reprise-des-audiences-lundi-prochain-avec-le-proces-mrnd9422.html\"]}]},{\"@type\":\"BreadcrumbList\",\"@id\":\"https:\/\/www.justiceinfo.net\/fr\/12614-040111-tpirproces-reprise-des-audiences-lundi-prochain-avec-le-proces-mrnd9422.html#breadcrumb\",\"itemListElement\":[{\"@type\":\"ListItem\",\"position\":1,\"name\":\"Home\",\"item\":\"https:\/\/www.justiceinfo.net\/fr\"},{\"@type\":\"ListItem\",\"position\":2,\"name\":\"04.01.11 - TPIR\/PROCES - REPRISE DES AUDIENCES LUNDI PROCHAIN AVEC LE PROCES MRND\"}]},{\"@type\":\"WebSite\",\"@id\":\"https:\/\/www.justiceinfo.net\/fr#website\",\"url\":\"https:\/\/www.justiceinfo.net\/fr\",\"name\":\"JusticeInfo.net\",\"description\":\"La justice doit \u00eatre vue pour \u00eatre rendue\",\"publisher\":{\"@id\":\"https:\/\/www.justiceinfo.net\/fr#organization\"},\"potentialAction\":[{\"@type\":\"SearchAction\",\"target\":{\"@type\":\"EntryPoint\",\"urlTemplate\":\"https:\/\/www.justiceinfo.net\/fr?s={search_term_string}\"},\"query-input\":{\"@type\":\"PropertyValueSpecification\",\"valueRequired\":true,\"valueName\":\"search_term_string\"}}],\"inLanguage\":\"fr-FR\"},{\"@type\":\"Organization\",\"@id\":\"https:\/\/www.justiceinfo.net\/fr#organization\",\"name\":\"Justice Info\",\"url\":\"https:\/\/www.justiceinfo.net\/fr\",\"logo\":{\"@type\":\"ImageObject\",\"inLanguage\":\"fr-FR\",\"@id\":\"https:\/\/www.justiceinfo.net\/fr#\/schema\/logo\/image\/\",\"url\":\"https:\/\/www.justiceinfo.net\/wp-content\/uploads\/justiceinfo_logo-trans_1200x1200px.png\",\"contentUrl\":\"https:\/\/www.justiceinfo.net\/wp-content\/uploads\/justiceinfo_logo-trans_1200x1200px.png\",\"width\":1199,\"height\":1200,\"caption\":\"Justice Info\"},\"image\":{\"@id\":\"https:\/\/www.justiceinfo.net\/fr#\/schema\/logo\/image\/\"},\"sameAs\":[\"https:\/\/www.facebook.com\/JusticeInfo\/\",\"https:\/\/x.com\/justiceinfonet\",\"https:\/\/www.linkedin.com\/company\/justice-info\",\"https:\/\/www.youtube.com\/channel\/UCyCEsARodyuWtkWyhn-e7pA\"]},{\"@type\":\"Person\",\"name\":\"solivri\",\"url\":\"\/fr\/?s=solivri\"}]}<\/script>\n<!-- \/ Yoast SEO Premium plugin. -->","yoast_head_json":{"title":"04.01.11 - TPIR\/PROCES - REPRISE DES AUDIENCES LUNDI PROCHAIN AVEC LE PROCES MRND - JusticeInfo.net","robots":{"index":"index","follow":"follow","max-snippet":"max-snippet:-1","max-image-preview":"max-image-preview:large","max-video-preview":"max-video-preview:-1"},"canonical":"https:\/\/www.justiceinfo.net\/fr\/12614-040111-tpirproces-reprise-des-audiences-lundi-prochain-avec-le-proces-mrnd9422.html","og_locale":"fr_FR","og_type":"article","og_title":"04.01.11 - TPIR\/PROCES - REPRISE DES AUDIENCES LUNDI PROCHAIN AVEC LE PROCES MRND","og_description":"Arusha, 4 janvier 2011 (FH) - La premi&egrave;re audience de l'ann&eacute;e 2011 au Tribunal p&eacute;nal international pour le Rwanda (TPIR) est fix&eacute;e au lundi 10 janvier dans le cadre du proc&egrave;s de deux dirigeants de l'ex-parti pr&eacute;sidentiel, le MRND.","og_url":"https:\/\/www.justiceinfo.net\/fr\/12614-040111-tpirproces-reprise-des-audiences-lundi-prochain-avec-le-proces-mrnd9422.html","og_site_name":"JusticeInfo.net","article_publisher":"https:\/\/www.facebook.com\/JusticeInfo\/","article_published_time":"2011-01-03T23:00:00+00:00","og_image":[{"width":1200,"height":630,"url":"https:\/\/www.justiceinfo.net\/wp-content\/uploads\/JusticeInfoNet_logo_1200x630px.jpg","type":"image\/jpeg"}],"author":"solivri","twitter_card":"summary_large_image","twitter_creator":"@justiceinfonet","twitter_site":"@justiceinfonet","twitter_misc":{"\u00c9crit par":"solivri","Dur\u00e9e de lecture estim\u00e9e":"4 minutes"},"schema":{"@context":"https:\/\/schema.org","@graph":[{"@type":"NewsArticle","@id":"https:\/\/www.justiceinfo.net\/fr\/12614-040111-tpirproces-reprise-des-audiences-lundi-prochain-avec-le-proces-mrnd9422.html#article","isPartOf":{"@id":"https:\/\/www.justiceinfo.net\/fr\/12614-040111-tpirproces-reprise-des-audiences-lundi-prochain-avec-le-proces-mrnd9422.html"},"author":{"name":"solivri","@id":"https:\/\/www.justiceinfo.net\/fr#\/schema\/person\/6e53cba1629e2e66f3fc1821d3091865"},"headline":"04.01.11 - TPIR\/PROCES - REPRISE DES AUDIENCES LUNDI PROCHAIN AVEC LE PROCES MRND","datePublished":"2011-01-03T23:00:00+00:00","mainEntityOfPage":{"@id":"https:\/\/www.justiceinfo.net\/fr\/12614-040111-tpirproces-reprise-des-audiences-lundi-prochain-avec-le-proces-mrnd9422.html"},"wordCount":781,"commentCount":0,"publisher":{"@id":"https:\/\/www.justiceinfo.net\/fr#organization"},"articleSection":["Hirondelle News"],"inLanguage":"fr-FR","potentialAction":[{"@type":"CommentAction","name":"Comment","target":["https:\/\/www.justiceinfo.net\/fr\/12614-040111-tpirproces-reprise-des-audiences-lundi-prochain-avec-le-proces-mrnd9422.html#respond"]}]},{"@type":"WebPage","@id":"https:\/\/www.justiceinfo.net\/fr\/12614-040111-tpirproces-reprise-des-audiences-lundi-prochain-avec-le-proces-mrnd9422.html","url":"https:\/\/www.justiceinfo.net\/fr\/12614-040111-tpirproces-reprise-des-audiences-lundi-prochain-avec-le-proces-mrnd9422.html","name":"04.01.11 - TPIR\/PROCES - REPRISE DES AUDIENCES LUNDI PROCHAIN AVEC LE PROCES MRND - JusticeInfo.net","isPartOf":{"@id":"https:\/\/www.justiceinfo.net\/fr#website"},"datePublished":"2011-01-03T23:00:00+00:00","breadcrumb":{"@id":"https:\/\/www.justiceinfo.net\/fr\/12614-040111-tpirproces-reprise-des-audiences-lundi-prochain-avec-le-proces-mrnd9422.html#breadcrumb"},"inLanguage":"fr-FR","potentialAction":[{"@type":"ReadAction","target":["https:\/\/www.justiceinfo.net\/fr\/12614-040111-tpirproces-reprise-des-audiences-lundi-prochain-avec-le-proces-mrnd9422.html"]}]},{"@type":"BreadcrumbList","@id":"https:\/\/www.justiceinfo.net\/fr\/12614-040111-tpirproces-reprise-des-audiences-lundi-prochain-avec-le-proces-mrnd9422.html#breadcrumb","itemListElement":[{"@type":"ListItem","position":1,"name":"Home","item":"https:\/\/www.justiceinfo.net\/fr"},{"@type":"ListItem","position":2,"name":"04.01.11 - TPIR\/PROCES - REPRISE DES AUDIENCES LUNDI PROCHAIN AVEC LE PROCES MRND"}]},{"@type":"WebSite","@id":"https:\/\/www.justiceinfo.net\/fr#website","url":"https:\/\/www.justiceinfo.net\/fr","name":"JusticeInfo.net","description":"La justice doit \u00eatre vue pour \u00eatre rendue","publisher":{"@id":"https:\/\/www.justiceinfo.net\/fr#organization"},"potentialAction":[{"@type":"SearchAction","target":{"@type":"EntryPoint","urlTemplate":"https:\/\/www.justiceinfo.net\/fr?s={search_term_string}"},"query-input":{"@type":"PropertyValueSpecification","valueRequired":true,"valueName":"search_term_string"}}],"inLanguage":"fr-FR"},{"@type":"Organization","@id":"https:\/\/www.justiceinfo.net\/fr#organization","name":"Justice Info","url":"https:\/\/www.justiceinfo.net\/fr","logo":{"@type":"ImageObject","inLanguage":"fr-FR","@id":"https:\/\/www.justiceinfo.net\/fr#\/schema\/logo\/image\/","url":"https:\/\/www.justiceinfo.net\/wp-content\/uploads\/justiceinfo_logo-trans_1200x1200px.png","contentUrl":"https:\/\/www.justiceinfo.net\/wp-content\/uploads\/justiceinfo_logo-trans_1200x1200px.png","width":1199,"height":1200,"caption":"Justice Info"},"image":{"@id":"https:\/\/www.justiceinfo.net\/fr#\/schema\/logo\/image\/"},"sameAs":["https:\/\/www.facebook.com\/JusticeInfo\/","https:\/\/x.com\/justiceinfonet","https:\/\/www.linkedin.com\/company\/justice-info","https:\/\/www.youtube.com\/channel\/UCyCEsARodyuWtkWyhn-e7pA"]},{"@type":"Person","name":"solivri","url":"\/fr\/?s=solivri"}]}},"_links":{"self":[{"href":"https:\/\/www.justiceinfo.net\/fr\/wp-json\/wp\/v2\/posts\/12614","targetHints":{"allow":["GET"]}}],"collection":[{"href":"https:\/\/www.justiceinfo.net\/fr\/wp-json\/wp\/v2\/posts"}],"about":[{"href":"https:\/\/www.justiceinfo.net\/fr\/wp-json\/wp\/v2\/types\/post"}],"author":[{"embeddable":true,"href":"https:\/\/www.justiceinfo.net\/fr\/wp-json\/wp\/v2\/users\/64"}],"replies":[{"embeddable":true,"href":"https:\/\/www.justiceinfo.net\/fr\/wp-json\/wp\/v2\/comments?post=12614"}],"version-history":[{"count":0,"href":"https:\/\/www.justiceinfo.net\/fr\/wp-json\/wp\/v2\/posts\/12614\/revisions"}],"wp:attachment":[{"href":"https:\/\/www.justiceinfo.net\/fr\/wp-json\/wp\/v2\/media?parent=12614"}],"wp:term":[{"taxonomy":"category","embeddable":true,"href":"https:\/\/www.justiceinfo.net\/fr\/wp-json\/wp\/v2\/categories?post=12614"},{"taxonomy":"post_tag","embeddable":true,"href":"https:\/\/www.justiceinfo.net\/fr\/wp-json\/wp\/v2\/tags?post=12614"},{"taxonomy":"ji_location","embeddable":true,"href":"https:\/\/www.justiceinfo.net\/fr\/wp-json\/wp\/v2\/ji_location?post=12614"}],"curies":[{"name":"wp","href":"https:\/\/api.w.org\/{rel}","templated":true}]}}