{"id":12629,"date":"2011-01-14T00:00:00","date_gmt":"2011-01-13T23:00:00","guid":{"rendered":"https:\/\/www.justiceinfo.net\/12629-140111-tpironu-mandat-et-organisation-du-mecanisme-residuel-du-tpiy-et-du-tpir9437.html"},"modified":"2011-01-14T00:00:00","modified_gmt":"2011-01-13T23:00:00","slug":"140111-tpironu-mandat-et-organisation-du-mecanisme-residuel-du-tpiy-et-du-tpir9437","status":"publish","type":"post","link":"https:\/\/www.justiceinfo.net\/fr\/12629-140111-tpironu-mandat-et-organisation-du-mecanisme-residuel-du-tpiy-et-du-tpir9437.html","title":{"rendered":"14.01.11 - TPIR\/ONU - MANDAT ET ORGANISATION DU MECANISME RESIDUEL DU TPIY ET DU TPIR"},"content":{"rendered":"<p>Arusha, 14 janvier 2011 (FH) - Apr&egrave;s plusieurs mois de consultations, le Conseil de s&eacute;curit&eacute; de l'ONU a adopt&eacute; le 22 d&eacute;cembre 2010 la r&eacute;solution 1966 cr&eacute;ant &laquo; le m&eacute;canisme international charg&eacute; d'exercer les fonctions r&eacute;siduelles des tribunaux p&eacute;naux &raquo; pour le Rwanda et pour l'ex-Yougoslavie. Pr&eacute;sent&eacute;e par l'Autriche, la r&eacute;solution demande aux deux tribunaux ad hoc &laquo; de tout faire pour achever rapidement leurs travaux, au plus tard le 31 d&eacute;cembre 2014, de pr&eacute;parer leur fermeture et d'assurer une transition sans heurt avec le m&eacute;canisme, notamment en cr&eacute;ant en leur sein une &eacute;quipe pr&eacute;paratoire &raquo;.<br \/>\n<!--more--><\/p>\n<p >\n<p >\n<p >\nElle fixe l'entr&eacute;e en fonction de ce &laquo; m&eacute;canisme &raquo;, pour une p&eacute;riode initiale de quatre ans, au 1er juillet 2012 pour le TPIR et au 1er juillet 2013 pour le TPIY, et pr&eacute;voit qu'&agrave; compter de ces dates, toutes les comp&eacute;tences du TPIY et du TPIR seront transf&eacute;r&eacute;es &agrave; la nouvelle institution.\n<\/p>\n<p >\n<p >\nToutefois, le TPIY et le TPIR sont comp&eacute;tents, &agrave; titre transitoire, pour mener tous les proc&egrave;s et toutes les proc&eacute;dures de renvoi dont ils auront &eacute;t&eacute; saisis &agrave; la date de l'entr&eacute;e en fonction de la division du m&eacute;canisme concern&eacute;e. Si un fugitif est arr&ecirc;t&eacute; plus de 12 mois avant la date d'entr&eacute;e en fonction de la division, ou si un nouveau proc&egrave;s est ordonn&eacute; par la chambre d'appel plus de 6 mois avant cette date, le TPIY ou le TPIR auront comp&eacute;tence, conform&eacute;ment &agrave; leur statut et r&egrave;glement de proc&eacute;dure et de preuve respectif, pour mener et conclure le proc&egrave;s de l'int&eacute;ress&eacute; ou renvoyer l'affaire, s'il y a lieu, devant les autorit&eacute;s d'un Etat. Ce qui veut dire qu'&agrave; un moment donn&eacute;, le TPIR et le m&eacute;canisme pourront coexister.\n<\/p>\n<p >\nLe mandat du m&eacute;canisme\n<\/p>\n<p >\nEgalement adopt&eacute; par le Conseil, le statut du &laquo; m&eacute;canisme international &raquo; comprend 32 articles dont le premier stipule qu'il &laquo; succ&egrave;de au TPIY et au TPIR dans leur comp&eacute;tence mat&eacute;rielle, territoriale, temporelle et personnelle &raquo;.\n<\/p>\n<p >\n<p >\nEn ce qui concerne le dossier rwandais, le m&eacute;canisme a pour mandat de juger, s'ils sont arr&ecirc;t&eacute;s, &laquo; les plus hauts dirigeants soup&ccedil;onn&eacute;s de porter la plus lourde responsabilit&eacute; &raquo; parmi les dix inculp&eacute;s encore en fuite. Le procureur Hassan Bubacar Jallow a d&eacute;j&agrave; identifi&eacute; ces &laquo; gros poissons &raquo; : le richissime homme d'affaires F&eacute;licien Kabuga pr&eacute;sent&eacute; comme l'argentier du g&eacute;nocide, l'ex-ministre de la D&eacute;fense, Augustin Bizimana, et l'ancien commandant du bataillon de la Garde pr&eacute;sidentielle (GP), le major Protais Mpiranya.\n<\/p>\n<p >\n<p >\nLe principe est de renvoyer devant des juridictions nationales les autres accus&eacute;s en cavale. Le m&eacute;canisme ne jugera un inculp&eacute; de cette deuxi&egrave;me cat&eacute;gorie &laquo; qu'apr&egrave;s avoir &eacute;puis&eacute; toutes solutions raisonnables &raquo; pour confier l'affaire &agrave; un pays.\n<\/p>\n<p >\nLes organes\n<\/p>\n<p >\nLe m&eacute;canisme comprend deux divisions, l'une exer&ccedil;ant les fonctions du TPIY et l'autre celles du TPIR. La premi&egrave;re a son si&egrave;ge &agrave; La Haye, aux Pays Bas et la deuxi&egrave;me &agrave; Arusha, en Tanzanie.\n<\/p>\n<p >\n<p >\nPour ce qui est&nbsp; des organes de la nouvelle structure, le m&eacute;canisme comprend une chambre de premi&egrave;re instance pour chaque division et une chambre d'appel commune au deux entit&eacute;s. Le deuxi&egrave;me organe est le bureau du procureur commun aux deux divisions et le troisi&egrave;me, le greffe, charg&eacute; de la gestion administrative et financi&egrave;re des deux divisions.\n<\/p>\n<p >\nLe m&eacute;canisme devra disposer d'une liste de 25 juges &eacute;lus par l'Assembl&eacute;e g&eacute;n&eacute;rale sur une liste pr&eacute;sent&eacute;e par le Conseil de s&eacute;curit&eacute;. C'est parmi les 25 que le secr&eacute;taire g&eacute;n&eacute;ral de l'ONU, apr&egrave;s consultation du pr&eacute;sident du Conseil de s&eacute;curit&eacute; et des juges, nomme un pr&eacute;sident &agrave; temps plein, qui est membre de la chambre d'appel, en nomme les autres juges et en pr&eacute;side les d&eacute;bats.\n<\/p>\n<p >\nLa poursuite est coiff&eacute;e par le procureur qui d&eacute;signe un responsable d&eacute;l&eacute;gu&eacute; au niveau de chaque division du m&eacute;canisme. Le procureur, nomm&eacute; par le Conseil de s&eacute;curit&eacute; sur proposition du secr&eacute;taire g&eacute;n&eacute;ral, est pr&eacute;sent &agrave; La Haye ou &agrave; Arusha, selon les exigences de ses fonctions. Son mandat est de quatre ans renouvelable.\n<\/p>\n<p >\nL'administration du m&eacute;canisme est assur&eacute;e par le greffier, nomm&eacute; par le secr&eacute;taire g&eacute;n&eacute;ral de l'ONU pour un mandat de 4 ans renouvelable et repr&eacute;sent&eacute; par un adjoint aupr&egrave;s de chaque division. Comme le procureur, il est pr&eacute;sent &agrave; Arusha ou &agrave; La Haye, selon les exigences de sa charge.\n<\/p>\n<p >\nLes archives\n<\/p>\n<p >\nLe Conseil de s&eacute;curit&eacute; s'est enfin prononc&eacute; sur un sujet qui avait fait couler beaucoup d'encre et de salive : les archives des tribunaux. &laquo; Le m&eacute;canisme est charg&eacute; de g&eacute;rer les archives du TPIY et du TPIR, sous l'angle notamment de leur conservation et de leur accessibilit&eacute;. Les archives sont conserv&eacute;es aupr&egrave;s de la division concern&eacute;e &raquo;, c'est-&agrave;-dire celles du TPIY &agrave; La Haye et celles du TPIR &agrave; Arusha.\n<\/p>\n<p >\n<p >\nLe principe de l'accessibilit&eacute; est acquis, mais la structure &laquo; veille &agrave; pr&eacute;server les informations confidentielles &raquo;. Le Rwanda avait plaid&eacute; &agrave; maintes reprises qu'il &eacute;tait la destination naturelle des archives du tribunal d'Arusha.\n<\/p>\n<p >\nER\/GF\n<\/p>\n<p >\n<p>\n&copy; Agence Hirondelle<\/p>\n","protected":false},"excerpt":{"rendered":"<p>Arusha, 14 janvier 2011 (FH) - Apr&egrave;s plusieurs mois de consultations, le Conseil de s&eacute;curit&eacute; de l'ONU a adopt&eacute; le 22 d&eacute;cembre 2010 la r&eacute;solution 1966 cr&eacute;ant &laquo; le m&eacute;canisme international charg&eacute; d'exercer les fonctions r&eacute;siduelles des tribunaux p&eacute;naux &raquo; pour le Rwanda et pour l'ex-Yougoslavie. Pr&eacute;sent&eacute;e par l'Autriche, la r&eacute;solution demande aux deux tribunaux [&hellip;]<\/p>\n","protected":false},"author":64,"featured_media":0,"comment_status":"open","ping_status":"closed","sticky":false,"template":"","format":"standard","meta":{"_acf_changed":false,"footnotes":""},"categories":[554],"tags":[],"ji_location":[],"class_list":["post-12629","post","type-post","status-publish","format-standard","hentry","category-hirondellenews"],"acf":[],"yoast_head":"<!-- This site is optimized with the Yoast SEO Premium plugin v25.3.1 (Yoast SEO v25.3.1) - https:\/\/yoast.com\/wordpress\/plugins\/seo\/ -->\n<title>14.01.11 - TPIR\/ONU - MANDAT ET ORGANISATION DU MECANISME RESIDUEL DU TPIY ET DU TPIR - JusticeInfo.net<\/title>\n<meta name=\"robots\" content=\"index, follow, max-snippet:-1, max-image-preview:large, max-video-preview:-1\" \/>\n<link rel=\"canonical\" href=\"https:\/\/www.justiceinfo.net\/fr\/12629-140111-tpironu-mandat-et-organisation-du-mecanisme-residuel-du-tpiy-et-du-tpir9437.html\" \/>\n<meta property=\"og:locale\" content=\"fr_FR\" \/>\n<meta property=\"og:type\" content=\"article\" \/>\n<meta property=\"og:title\" content=\"14.01.11 - TPIR\/ONU - MANDAT ET ORGANISATION DU MECANISME RESIDUEL DU TPIY ET DU TPIR\" \/>\n<meta property=\"og:description\" content=\"Arusha, 14 janvier 2011 (FH) - Apr&egrave;s plusieurs mois de consultations, le Conseil de s&eacute;curit&eacute; de l&#039;ONU a adopt&eacute; le 22 d&eacute;cembre 2010 la r&eacute;solution 1966 cr&eacute;ant &laquo; le m&eacute;canisme international charg&eacute; d&#039;exercer les fonctions r&eacute;siduelles des tribunaux p&eacute;naux &raquo; pour le Rwanda et pour l&#039;ex-Yougoslavie. Pr&eacute;sent&eacute;e par l&#039;Autriche, la r&eacute;solution demande aux deux tribunaux [&hellip;]\" \/>\n<meta property=\"og:url\" content=\"https:\/\/www.justiceinfo.net\/fr\/12629-140111-tpironu-mandat-et-organisation-du-mecanisme-residuel-du-tpiy-et-du-tpir9437.html\" \/>\n<meta property=\"og:site_name\" content=\"JusticeInfo.net\" \/>\n<meta property=\"article:publisher\" content=\"https:\/\/www.facebook.com\/JusticeInfo\/\" \/>\n<meta property=\"article:published_time\" content=\"2011-01-13T23:00:00+00:00\" \/>\n<meta property=\"og:image\" content=\"https:\/\/www.justiceinfo.net\/wp-content\/uploads\/JusticeInfoNet_logo_1200x630px.jpg\" \/>\n\t<meta property=\"og:image:width\" content=\"1200\" \/>\n\t<meta property=\"og:image:height\" content=\"630\" \/>\n\t<meta property=\"og:image:type\" content=\"image\/jpeg\" \/>\n<meta name=\"author\" content=\"solivri\" \/>\n<meta name=\"twitter:card\" content=\"summary_large_image\" \/>\n<meta name=\"twitter:creator\" content=\"@justiceinfonet\" \/>\n<meta name=\"twitter:site\" content=\"@justiceinfonet\" \/>\n<meta name=\"twitter:label1\" content=\"\u00c9crit par\" \/>\n\t<meta name=\"twitter:data1\" content=\"solivri\" \/>\n\t<meta name=\"twitter:label2\" content=\"Dur\u00e9e de lecture estim\u00e9e\" \/>\n\t<meta name=\"twitter:data2\" content=\"5 minutes\" \/>\n<script type=\"application\/ld+json\" class=\"yoast-schema-graph\">{\"@context\":\"https:\/\/schema.org\",\"@graph\":[{\"@type\":\"NewsArticle\",\"@id\":\"https:\/\/www.justiceinfo.net\/fr\/12629-140111-tpironu-mandat-et-organisation-du-mecanisme-residuel-du-tpiy-et-du-tpir9437.html#article\",\"isPartOf\":{\"@id\":\"https:\/\/www.justiceinfo.net\/fr\/12629-140111-tpironu-mandat-et-organisation-du-mecanisme-residuel-du-tpiy-et-du-tpir9437.html\"},\"author\":{\"name\":\"solivri\",\"@id\":\"https:\/\/www.justiceinfo.net\/fr#\/schema\/person\/6e53cba1629e2e66f3fc1821d3091865\"},\"headline\":\"14.01.11 - TPIR\/ONU - MANDAT ET ORGANISATION DU MECANISME RESIDUEL DU TPIY ET DU TPIR\",\"datePublished\":\"2011-01-13T23:00:00+00:00\",\"mainEntityOfPage\":{\"@id\":\"https:\/\/www.justiceinfo.net\/fr\/12629-140111-tpironu-mandat-et-organisation-du-mecanisme-residuel-du-tpiy-et-du-tpir9437.html\"},\"wordCount\":1114,\"commentCount\":0,\"publisher\":{\"@id\":\"https:\/\/www.justiceinfo.net\/fr#organization\"},\"articleSection\":[\"Hirondelle News\"],\"inLanguage\":\"fr-FR\",\"potentialAction\":[{\"@type\":\"CommentAction\",\"name\":\"Comment\",\"target\":[\"https:\/\/www.justiceinfo.net\/fr\/12629-140111-tpironu-mandat-et-organisation-du-mecanisme-residuel-du-tpiy-et-du-tpir9437.html#respond\"]}]},{\"@type\":\"WebPage\",\"@id\":\"https:\/\/www.justiceinfo.net\/fr\/12629-140111-tpironu-mandat-et-organisation-du-mecanisme-residuel-du-tpiy-et-du-tpir9437.html\",\"url\":\"https:\/\/www.justiceinfo.net\/fr\/12629-140111-tpironu-mandat-et-organisation-du-mecanisme-residuel-du-tpiy-et-du-tpir9437.html\",\"name\":\"14.01.11 - TPIR\/ONU - MANDAT ET ORGANISATION DU MECANISME RESIDUEL DU TPIY ET DU TPIR - JusticeInfo.net\",\"isPartOf\":{\"@id\":\"https:\/\/www.justiceinfo.net\/fr#website\"},\"datePublished\":\"2011-01-13T23:00:00+00:00\",\"breadcrumb\":{\"@id\":\"https:\/\/www.justiceinfo.net\/fr\/12629-140111-tpironu-mandat-et-organisation-du-mecanisme-residuel-du-tpiy-et-du-tpir9437.html#breadcrumb\"},\"inLanguage\":\"fr-FR\",\"potentialAction\":[{\"@type\":\"ReadAction\",\"target\":[\"https:\/\/www.justiceinfo.net\/fr\/12629-140111-tpironu-mandat-et-organisation-du-mecanisme-residuel-du-tpiy-et-du-tpir9437.html\"]}]},{\"@type\":\"BreadcrumbList\",\"@id\":\"https:\/\/www.justiceinfo.net\/fr\/12629-140111-tpironu-mandat-et-organisation-du-mecanisme-residuel-du-tpiy-et-du-tpir9437.html#breadcrumb\",\"itemListElement\":[{\"@type\":\"ListItem\",\"position\":1,\"name\":\"Home\",\"item\":\"https:\/\/www.justiceinfo.net\/fr\"},{\"@type\":\"ListItem\",\"position\":2,\"name\":\"14.01.11 - TPIR\/ONU - MANDAT ET ORGANISATION DU MECANISME RESIDUEL DU TPIY ET DU TPIR\"}]},{\"@type\":\"WebSite\",\"@id\":\"https:\/\/www.justiceinfo.net\/fr#website\",\"url\":\"https:\/\/www.justiceinfo.net\/fr\",\"name\":\"JusticeInfo.net\",\"description\":\"La justice doit \u00eatre vue pour \u00eatre rendue\",\"publisher\":{\"@id\":\"https:\/\/www.justiceinfo.net\/fr#organization\"},\"potentialAction\":[{\"@type\":\"SearchAction\",\"target\":{\"@type\":\"EntryPoint\",\"urlTemplate\":\"https:\/\/www.justiceinfo.net\/fr?s={search_term_string}\"},\"query-input\":{\"@type\":\"PropertyValueSpecification\",\"valueRequired\":true,\"valueName\":\"search_term_string\"}}],\"inLanguage\":\"fr-FR\"},{\"@type\":\"Organization\",\"@id\":\"https:\/\/www.justiceinfo.net\/fr#organization\",\"name\":\"Justice Info\",\"url\":\"https:\/\/www.justiceinfo.net\/fr\",\"logo\":{\"@type\":\"ImageObject\",\"inLanguage\":\"fr-FR\",\"@id\":\"https:\/\/www.justiceinfo.net\/fr#\/schema\/logo\/image\/\",\"url\":\"https:\/\/www.justiceinfo.net\/wp-content\/uploads\/justiceinfo_logo-trans_1200x1200px.png\",\"contentUrl\":\"https:\/\/www.justiceinfo.net\/wp-content\/uploads\/justiceinfo_logo-trans_1200x1200px.png\",\"width\":1199,\"height\":1200,\"caption\":\"Justice Info\"},\"image\":{\"@id\":\"https:\/\/www.justiceinfo.net\/fr#\/schema\/logo\/image\/\"},\"sameAs\":[\"https:\/\/www.facebook.com\/JusticeInfo\/\",\"https:\/\/x.com\/justiceinfonet\",\"https:\/\/www.linkedin.com\/company\/justice-info\",\"https:\/\/www.youtube.com\/channel\/UCyCEsARodyuWtkWyhn-e7pA\"]},{\"@type\":\"Person\",\"name\":\"solivri\",\"url\":\"\/fr\/?s=solivri\"}]}<\/script>\n<!-- \/ Yoast SEO Premium plugin. -->","yoast_head_json":{"title":"14.01.11 - TPIR\/ONU - MANDAT ET ORGANISATION DU MECANISME RESIDUEL DU TPIY ET DU TPIR - JusticeInfo.net","robots":{"index":"index","follow":"follow","max-snippet":"max-snippet:-1","max-image-preview":"max-image-preview:large","max-video-preview":"max-video-preview:-1"},"canonical":"https:\/\/www.justiceinfo.net\/fr\/12629-140111-tpironu-mandat-et-organisation-du-mecanisme-residuel-du-tpiy-et-du-tpir9437.html","og_locale":"fr_FR","og_type":"article","og_title":"14.01.11 - TPIR\/ONU - MANDAT ET ORGANISATION DU MECANISME RESIDUEL DU TPIY ET DU TPIR","og_description":"Arusha, 14 janvier 2011 (FH) - Apr&egrave;s plusieurs mois de consultations, le Conseil de s&eacute;curit&eacute; de l'ONU a adopt&eacute; le 22 d&eacute;cembre 2010 la r&eacute;solution 1966 cr&eacute;ant &laquo; le m&eacute;canisme international charg&eacute; d'exercer les fonctions r&eacute;siduelles des tribunaux p&eacute;naux &raquo; pour le Rwanda et pour l'ex-Yougoslavie. Pr&eacute;sent&eacute;e par l'Autriche, la r&eacute;solution demande aux deux tribunaux [&hellip;]","og_url":"https:\/\/www.justiceinfo.net\/fr\/12629-140111-tpironu-mandat-et-organisation-du-mecanisme-residuel-du-tpiy-et-du-tpir9437.html","og_site_name":"JusticeInfo.net","article_publisher":"https:\/\/www.facebook.com\/JusticeInfo\/","article_published_time":"2011-01-13T23:00:00+00:00","og_image":[{"width":1200,"height":630,"url":"https:\/\/www.justiceinfo.net\/wp-content\/uploads\/JusticeInfoNet_logo_1200x630px.jpg","type":"image\/jpeg"}],"author":"solivri","twitter_card":"summary_large_image","twitter_creator":"@justiceinfonet","twitter_site":"@justiceinfonet","twitter_misc":{"\u00c9crit par":"solivri","Dur\u00e9e de lecture estim\u00e9e":"5 minutes"},"schema":{"@context":"https:\/\/schema.org","@graph":[{"@type":"NewsArticle","@id":"https:\/\/www.justiceinfo.net\/fr\/12629-140111-tpironu-mandat-et-organisation-du-mecanisme-residuel-du-tpiy-et-du-tpir9437.html#article","isPartOf":{"@id":"https:\/\/www.justiceinfo.net\/fr\/12629-140111-tpironu-mandat-et-organisation-du-mecanisme-residuel-du-tpiy-et-du-tpir9437.html"},"author":{"name":"solivri","@id":"https:\/\/www.justiceinfo.net\/fr#\/schema\/person\/6e53cba1629e2e66f3fc1821d3091865"},"headline":"14.01.11 - TPIR\/ONU - MANDAT ET ORGANISATION DU MECANISME RESIDUEL DU TPIY ET DU TPIR","datePublished":"2011-01-13T23:00:00+00:00","mainEntityOfPage":{"@id":"https:\/\/www.justiceinfo.net\/fr\/12629-140111-tpironu-mandat-et-organisation-du-mecanisme-residuel-du-tpiy-et-du-tpir9437.html"},"wordCount":1114,"commentCount":0,"publisher":{"@id":"https:\/\/www.justiceinfo.net\/fr#organization"},"articleSection":["Hirondelle News"],"inLanguage":"fr-FR","potentialAction":[{"@type":"CommentAction","name":"Comment","target":["https:\/\/www.justiceinfo.net\/fr\/12629-140111-tpironu-mandat-et-organisation-du-mecanisme-residuel-du-tpiy-et-du-tpir9437.html#respond"]}]},{"@type":"WebPage","@id":"https:\/\/www.justiceinfo.net\/fr\/12629-140111-tpironu-mandat-et-organisation-du-mecanisme-residuel-du-tpiy-et-du-tpir9437.html","url":"https:\/\/www.justiceinfo.net\/fr\/12629-140111-tpironu-mandat-et-organisation-du-mecanisme-residuel-du-tpiy-et-du-tpir9437.html","name":"14.01.11 - TPIR\/ONU - MANDAT ET ORGANISATION DU MECANISME RESIDUEL DU TPIY ET DU TPIR - JusticeInfo.net","isPartOf":{"@id":"https:\/\/www.justiceinfo.net\/fr#website"},"datePublished":"2011-01-13T23:00:00+00:00","breadcrumb":{"@id":"https:\/\/www.justiceinfo.net\/fr\/12629-140111-tpironu-mandat-et-organisation-du-mecanisme-residuel-du-tpiy-et-du-tpir9437.html#breadcrumb"},"inLanguage":"fr-FR","potentialAction":[{"@type":"ReadAction","target":["https:\/\/www.justiceinfo.net\/fr\/12629-140111-tpironu-mandat-et-organisation-du-mecanisme-residuel-du-tpiy-et-du-tpir9437.html"]}]},{"@type":"BreadcrumbList","@id":"https:\/\/www.justiceinfo.net\/fr\/12629-140111-tpironu-mandat-et-organisation-du-mecanisme-residuel-du-tpiy-et-du-tpir9437.html#breadcrumb","itemListElement":[{"@type":"ListItem","position":1,"name":"Home","item":"https:\/\/www.justiceinfo.net\/fr"},{"@type":"ListItem","position":2,"name":"14.01.11 - TPIR\/ONU - MANDAT ET ORGANISATION DU MECANISME RESIDUEL DU TPIY ET DU TPIR"}]},{"@type":"WebSite","@id":"https:\/\/www.justiceinfo.net\/fr#website","url":"https:\/\/www.justiceinfo.net\/fr","name":"JusticeInfo.net","description":"La justice doit \u00eatre vue pour \u00eatre rendue","publisher":{"@id":"https:\/\/www.justiceinfo.net\/fr#organization"},"potentialAction":[{"@type":"SearchAction","target":{"@type":"EntryPoint","urlTemplate":"https:\/\/www.justiceinfo.net\/fr?s={search_term_string}"},"query-input":{"@type":"PropertyValueSpecification","valueRequired":true,"valueName":"search_term_string"}}],"inLanguage":"fr-FR"},{"@type":"Organization","@id":"https:\/\/www.justiceinfo.net\/fr#organization","name":"Justice Info","url":"https:\/\/www.justiceinfo.net\/fr","logo":{"@type":"ImageObject","inLanguage":"fr-FR","@id":"https:\/\/www.justiceinfo.net\/fr#\/schema\/logo\/image\/","url":"https:\/\/www.justiceinfo.net\/wp-content\/uploads\/justiceinfo_logo-trans_1200x1200px.png","contentUrl":"https:\/\/www.justiceinfo.net\/wp-content\/uploads\/justiceinfo_logo-trans_1200x1200px.png","width":1199,"height":1200,"caption":"Justice Info"},"image":{"@id":"https:\/\/www.justiceinfo.net\/fr#\/schema\/logo\/image\/"},"sameAs":["https:\/\/www.facebook.com\/JusticeInfo\/","https:\/\/x.com\/justiceinfonet","https:\/\/www.linkedin.com\/company\/justice-info","https:\/\/www.youtube.com\/channel\/UCyCEsARodyuWtkWyhn-e7pA"]},{"@type":"Person","name":"solivri","url":"\/fr\/?s=solivri"}]}},"_links":{"self":[{"href":"https:\/\/www.justiceinfo.net\/fr\/wp-json\/wp\/v2\/posts\/12629","targetHints":{"allow":["GET"]}}],"collection":[{"href":"https:\/\/www.justiceinfo.net\/fr\/wp-json\/wp\/v2\/posts"}],"about":[{"href":"https:\/\/www.justiceinfo.net\/fr\/wp-json\/wp\/v2\/types\/post"}],"author":[{"embeddable":true,"href":"https:\/\/www.justiceinfo.net\/fr\/wp-json\/wp\/v2\/users\/64"}],"replies":[{"embeddable":true,"href":"https:\/\/www.justiceinfo.net\/fr\/wp-json\/wp\/v2\/comments?post=12629"}],"version-history":[{"count":0,"href":"https:\/\/www.justiceinfo.net\/fr\/wp-json\/wp\/v2\/posts\/12629\/revisions"}],"wp:attachment":[{"href":"https:\/\/www.justiceinfo.net\/fr\/wp-json\/wp\/v2\/media?parent=12629"}],"wp:term":[{"taxonomy":"category","embeddable":true,"href":"https:\/\/www.justiceinfo.net\/fr\/wp-json\/wp\/v2\/categories?post=12629"},{"taxonomy":"post_tag","embeddable":true,"href":"https:\/\/www.justiceinfo.net\/fr\/wp-json\/wp\/v2\/tags?post=12629"},{"taxonomy":"ji_location","embeddable":true,"href":"https:\/\/www.justiceinfo.net\/fr\/wp-json\/wp\/v2\/ji_location?post=12629"}],"curies":[{"name":"wp","href":"https:\/\/api.w.org\/{rel}","templated":true}]}}