{"id":12640,"date":"2011-01-17T00:00:00","date_gmt":"2011-01-16T23:00:00","guid":{"rendered":"https:\/\/www.justiceinfo.net\/12640-170111-tpirkaremera-musicien-poete-avocat-et-homme-politique-ngirumpatse-se-defend9448.html"},"modified":"2011-01-17T00:00:00","modified_gmt":"2011-01-16T23:00:00","slug":"170111-tpirkaremera-musicien-poete-avocat-et-homme-politique-ngirumpatse-se-defend9448","status":"publish","type":"post","link":"https:\/\/www.justiceinfo.net\/fr\/12640-170111-tpirkaremera-musicien-poete-avocat-et-homme-politique-ngirumpatse-se-defend9448.html","title":{"rendered":"17.01.11 - TPIR\/KAREMERA - MUSICIEN, POETE, AVOCAT ET HOMME POLITIQUE, NGIRUMPATSE SE DEFEND"},"content":{"rendered":"<p>Arusha, 17 janvier 2011 (FH) -&nbsp; A 9 heures exactes, temps d'Arusha, Mathieu Ngirumpatse quitte sa place habituelle &agrave; c&ocirc;t&eacute; de ses avocats pour s'installer dans le box des t&eacute;moins, en face de ses trois juges. &laquo; Comment allez-vous, Monsieur Ngirumpatse ? &raquo;, lui demande son avocate principale, Chantal Hounkpatin. &laquo; Comme d'habitude, c'est-&agrave;-dire avec des hauts et des bas, des crises de fatigue. Mais j'essaierai de mon mieux &raquo;, r&eacute;pond ce lundi l'ancien pr&eacute;sident du Mouvement r&eacute;publicain national pour la d&eacute;mocratie et le d&eacute;veloppement (MRND). La question de Me Hounkpatin est loin d'&ecirc;tre banale car le mauvais &eacute;tat de sant&eacute; de Ngirumpatse a, par le pass&eacute;, paralys&eacute; de longs mois durant le proc&egrave;s dans lequel il est jug&eacute; pour crimes de g&eacute;nocide et crimes de guerre, avec l'ancien vice-pr&eacute;sident du parti, Edouard Karemera qui a d&eacute;j&agrave; termin&eacute; sa d&eacute;fense.<br \/>\n<!--more--><\/p>\n<p >\nL'accus&eacute; relate ensuite son parcours social, acad&eacute;mique et professionnel, depuis sa naissance le 12 d&eacute;cembre 1939 dans la commune Tare, pr&egrave;s de l'&eacute;glise paroissiale de Rulindo, &agrave; une quarantaine de kilom&egrave;tres au nord de la capitale, Kigali. &laquo; Mon p&egrave;re a &eacute;t&eacute; l'un des premiers &agrave; se pr&eacute;senter devant les missionnaires (catholiques) d&egrave;s leur arriv&eacute;e. Baptis&eacute;, il devint par la suite enseignant &raquo;, a racont&eacute; Ngirumpatse, soulignant que ses parents &laquo; avaient un statut &eacute;lev&eacute; dans la soci&eacute;t&eacute; de l'&eacute;poque &raquo;.\n<\/p>\n<p >\n<p >\nPour bien &eacute;lever leurs 15 enfants, Anastase Murambya et son &eacute;pouse leur inculqu&egrave;rent les valeurs traditionnelles rwandaises et le message d'amour de J&eacute;sus Christ. En tant que bons Rwandais, &laquo; nos parents nous ont appris &agrave; &ecirc;tre courageux, droits, honn&ecirc;tes et int&egrave;gres &raquo;, a affirm&eacute; Ngirumpatse. &laquo; Sur le plan des valeurs religieuses, ils nous ont appris &agrave; aimer les autres, les aider, leur rendre service sans attendre qu'ils le demandent &raquo;, a-t-il poursuivi. En prime, le p&egrave;re, excellent joueur de l'inanga, la cithare traditionnelle rwandaise, a transmis son art &agrave; sa nombreuse prog&eacute;niture. &laquo; Nous sommes pratiquement une famille de musiciens &raquo;, a dit l'accus&eacute;, auteur compositeur&nbsp; et po&egrave;te bien connu dans son pays.\n<\/p>\n<p >\n<p >\nApr&egrave;s l'&eacute;cole primaire, le futur homme politique entre au Petit S&eacute;minaire de Kabgayi, dans le centre du pays, puis au Coll&egrave;ge Saint-Paul &agrave; Bukavu (Congo belge). Inscrit &agrave; l'Universit&eacute; de Bujumbura, au Burundi, en 1960, il est oblig&eacute; de rentrer pr&eacute;cipitamment dans son pays &laquo; suite &agrave; la d&eacute;t&eacute;rioration de la situation dans la r&eacute;gion des Grands lacs &raquo;.\n<\/p>\n<p >\n<p >\nA partir de 1962, il travaille au Parquet g&eacute;n&eacute;ral comme substitut du procureur. En novembre 1973, le nouveau chef de l'Etat Juv&eacute;nal Habyarimana, qu'il a connu sur les bancs de l'&eacute;cole, le nomme ambassadeur du Rwanda &agrave; Addis-Abeba, en Ethiopie. Cinq ans plus tard, il est nomm&eacute; en Allemagne. &laquo; N'avez-vous pas le sentiment d'avoir &eacute;t&eacute; favoris&eacute; ? &raquo;, demande Me Hounkpatin.\n<\/p>\n<p >\n<p >\n&laquo; Je n'ai jamais sollicit&eacute; de poste dans ma vie professionnelle. J'&eacute;tais m&ecirc;me souvent surpris &raquo; par les nominations, r&eacute;pond l'accus&eacute;-t&eacute;moin.\n<\/p>\n<p >\n<p >\nEn 1982, pour achever sa formation de juriste interrompue en 1960, il s'inscrit &agrave; l'Universit&eacute; de Strasbourg, en France, dont il sort avec un doctorat en 1985.\n<\/p>\n<p >\n<p >\nRentr&eacute; dans son pays, il sera tour &agrave; tour , conseiller diplomatique du pr&eacute;sident Habyarimana, directeur g&eacute;n&eacute;ral de la Soci&eacute;t&eacute; nationale d'assurances du Rwanda (SONARWA) et ministre de la Justice. Il affirme n'avoir jamais pratiqu&eacute; de discrimination ethnique ni recherch&eacute; &agrave; amasser des biens durant toutes ces ann&eacute;es de responsabilit&eacute;. &laquo; Ce qui comptait pour moi, c'est la comp&eacute;tence et non l'ethnie (...) Je n'ai jamais attach&eacute; beaucoup d'importance &agrave; l'argent &raquo;, explique-t-il.\n<\/p>\n<p >\n<p >\nAu d&eacute;clenchement du g&eacute;nocide, le fils de Murambya est pr&eacute;sident du MRND et avocat. Parall&egrave;lement, il anime plusieurs associations, dont la chorale de Kigali, dont il est le principal organiste et pour laquelle il compose de la musique liturgique. La plupart de ses associations &laquo; ouvertes &agrave; toutes les ethnies, sans discrimination &raquo;, fonctionnent encore aujourd'hui au Rwanda, &laquo; avec d'autres hommes &raquo;, se f&eacute;licite-t-il.\n<\/p>\n<p >\n<p >\nLe musicien, po&egrave;te, avocat et homme politique, devrait, apr&egrave;s ce pr&eacute;ambule, aborder dans le courant de la semaine, le fond des all&eacute;gations port&eacute;es contre lui.\n<\/p>\n<p >\nER\/GF\n<\/p>\n<p>\n&copy; Agence Hirondelle<\/p>\n","protected":false},"excerpt":{"rendered":"<p>Arusha, 17 janvier 2011 (FH) -&nbsp; A 9 heures exactes, temps d'Arusha, Mathieu Ngirumpatse quitte sa place habituelle &agrave; c&ocirc;t&eacute; de ses avocats pour s'installer dans le box des t&eacute;moins, en face de ses trois juges. &laquo; Comment allez-vous, Monsieur Ngirumpatse ? &raquo;, lui demande son avocate principale, Chantal Hounkpatin. &laquo; Comme d'habitude, c'est-&agrave;-dire avec [&hellip;]<\/p>\n","protected":false},"author":64,"featured_media":0,"comment_status":"open","ping_status":"closed","sticky":false,"template":"","format":"standard","meta":{"_acf_changed":false,"footnotes":""},"categories":[554],"tags":[],"ji_location":[],"class_list":["post-12640","post","type-post","status-publish","format-standard","hentry","category-hirondellenews"],"acf":[],"yoast_head":"<!-- This site is optimized with the Yoast SEO Premium plugin v25.3.1 (Yoast SEO v25.3.1) - https:\/\/yoast.com\/wordpress\/plugins\/seo\/ -->\n<title>17.01.11 - TPIR\/KAREMERA - MUSICIEN, POETE, AVOCAT ET HOMME POLITIQUE, NGIRUMPATSE SE DEFEND - JusticeInfo.net<\/title>\n<meta name=\"robots\" content=\"index, follow, max-snippet:-1, max-image-preview:large, max-video-preview:-1\" \/>\n<link rel=\"canonical\" href=\"https:\/\/www.justiceinfo.net\/fr\/12640-170111-tpirkaremera-musicien-poete-avocat-et-homme-politique-ngirumpatse-se-defend9448.html\" \/>\n<meta property=\"og:locale\" content=\"fr_FR\" \/>\n<meta property=\"og:type\" content=\"article\" \/>\n<meta property=\"og:title\" content=\"17.01.11 - TPIR\/KAREMERA - MUSICIEN, POETE, AVOCAT ET HOMME POLITIQUE, NGIRUMPATSE SE DEFEND\" \/>\n<meta property=\"og:description\" content=\"Arusha, 17 janvier 2011 (FH) -&nbsp; A 9 heures exactes, temps d&#039;Arusha, Mathieu Ngirumpatse quitte sa place habituelle &agrave; c&ocirc;t&eacute; de ses avocats pour s&#039;installer dans le box des t&eacute;moins, en face de ses trois juges. &laquo; Comment allez-vous, Monsieur Ngirumpatse ? &raquo;, lui demande son avocate principale, Chantal Hounkpatin. &laquo; Comme d&#039;habitude, c&#039;est-&agrave;-dire avec [&hellip;]\" \/>\n<meta property=\"og:url\" content=\"https:\/\/www.justiceinfo.net\/fr\/12640-170111-tpirkaremera-musicien-poete-avocat-et-homme-politique-ngirumpatse-se-defend9448.html\" \/>\n<meta property=\"og:site_name\" content=\"JusticeInfo.net\" \/>\n<meta property=\"article:publisher\" content=\"https:\/\/www.facebook.com\/JusticeInfo\/\" \/>\n<meta property=\"article:published_time\" content=\"2011-01-16T23:00:00+00:00\" \/>\n<meta property=\"og:image\" content=\"https:\/\/www.justiceinfo.net\/wp-content\/uploads\/JusticeInfoNet_logo_1200x630px.jpg\" \/>\n\t<meta property=\"og:image:width\" content=\"1200\" \/>\n\t<meta property=\"og:image:height\" content=\"630\" \/>\n\t<meta property=\"og:image:type\" content=\"image\/jpeg\" \/>\n<meta name=\"author\" content=\"solivri\" \/>\n<meta name=\"twitter:card\" content=\"summary_large_image\" \/>\n<meta name=\"twitter:creator\" content=\"@justiceinfonet\" \/>\n<meta name=\"twitter:site\" content=\"@justiceinfonet\" \/>\n<meta name=\"twitter:label1\" content=\"\u00c9crit par\" \/>\n\t<meta name=\"twitter:data1\" content=\"solivri\" \/>\n\t<meta name=\"twitter:label2\" content=\"Dur\u00e9e de lecture estim\u00e9e\" \/>\n\t<meta name=\"twitter:data2\" content=\"4 minutes\" \/>\n<script type=\"application\/ld+json\" class=\"yoast-schema-graph\">{\"@context\":\"https:\/\/schema.org\",\"@graph\":[{\"@type\":\"NewsArticle\",\"@id\":\"https:\/\/www.justiceinfo.net\/fr\/12640-170111-tpirkaremera-musicien-poete-avocat-et-homme-politique-ngirumpatse-se-defend9448.html#article\",\"isPartOf\":{\"@id\":\"https:\/\/www.justiceinfo.net\/fr\/12640-170111-tpirkaremera-musicien-poete-avocat-et-homme-politique-ngirumpatse-se-defend9448.html\"},\"author\":{\"name\":\"solivri\",\"@id\":\"https:\/\/www.justiceinfo.net\/fr#\/schema\/person\/6e53cba1629e2e66f3fc1821d3091865\"},\"headline\":\"17.01.11 - TPIR\/KAREMERA - MUSICIEN, POETE, AVOCAT ET HOMME POLITIQUE, NGIRUMPATSE SE DEFEND\",\"datePublished\":\"2011-01-16T23:00:00+00:00\",\"mainEntityOfPage\":{\"@id\":\"https:\/\/www.justiceinfo.net\/fr\/12640-170111-tpirkaremera-musicien-poete-avocat-et-homme-politique-ngirumpatse-se-defend9448.html\"},\"wordCount\":868,\"commentCount\":0,\"publisher\":{\"@id\":\"https:\/\/www.justiceinfo.net\/fr#organization\"},\"articleSection\":[\"Hirondelle News\"],\"inLanguage\":\"fr-FR\",\"potentialAction\":[{\"@type\":\"CommentAction\",\"name\":\"Comment\",\"target\":[\"https:\/\/www.justiceinfo.net\/fr\/12640-170111-tpirkaremera-musicien-poete-avocat-et-homme-politique-ngirumpatse-se-defend9448.html#respond\"]}]},{\"@type\":\"WebPage\",\"@id\":\"https:\/\/www.justiceinfo.net\/fr\/12640-170111-tpirkaremera-musicien-poete-avocat-et-homme-politique-ngirumpatse-se-defend9448.html\",\"url\":\"https:\/\/www.justiceinfo.net\/fr\/12640-170111-tpirkaremera-musicien-poete-avocat-et-homme-politique-ngirumpatse-se-defend9448.html\",\"name\":\"17.01.11 - TPIR\/KAREMERA - MUSICIEN, POETE, AVOCAT ET HOMME POLITIQUE, NGIRUMPATSE SE DEFEND - JusticeInfo.net\",\"isPartOf\":{\"@id\":\"https:\/\/www.justiceinfo.net\/fr#website\"},\"datePublished\":\"2011-01-16T23:00:00+00:00\",\"breadcrumb\":{\"@id\":\"https:\/\/www.justiceinfo.net\/fr\/12640-170111-tpirkaremera-musicien-poete-avocat-et-homme-politique-ngirumpatse-se-defend9448.html#breadcrumb\"},\"inLanguage\":\"fr-FR\",\"potentialAction\":[{\"@type\":\"ReadAction\",\"target\":[\"https:\/\/www.justiceinfo.net\/fr\/12640-170111-tpirkaremera-musicien-poete-avocat-et-homme-politique-ngirumpatse-se-defend9448.html\"]}]},{\"@type\":\"BreadcrumbList\",\"@id\":\"https:\/\/www.justiceinfo.net\/fr\/12640-170111-tpirkaremera-musicien-poete-avocat-et-homme-politique-ngirumpatse-se-defend9448.html#breadcrumb\",\"itemListElement\":[{\"@type\":\"ListItem\",\"position\":1,\"name\":\"Home\",\"item\":\"https:\/\/www.justiceinfo.net\/fr\"},{\"@type\":\"ListItem\",\"position\":2,\"name\":\"17.01.11 - TPIR\/KAREMERA - MUSICIEN, POETE, AVOCAT ET HOMME POLITIQUE, NGIRUMPATSE SE DEFEND\"}]},{\"@type\":\"WebSite\",\"@id\":\"https:\/\/www.justiceinfo.net\/fr#website\",\"url\":\"https:\/\/www.justiceinfo.net\/fr\",\"name\":\"JusticeInfo.net\",\"description\":\"La justice doit \u00eatre vue pour \u00eatre rendue\",\"publisher\":{\"@id\":\"https:\/\/www.justiceinfo.net\/fr#organization\"},\"potentialAction\":[{\"@type\":\"SearchAction\",\"target\":{\"@type\":\"EntryPoint\",\"urlTemplate\":\"https:\/\/www.justiceinfo.net\/fr?s={search_term_string}\"},\"query-input\":{\"@type\":\"PropertyValueSpecification\",\"valueRequired\":true,\"valueName\":\"search_term_string\"}}],\"inLanguage\":\"fr-FR\"},{\"@type\":\"Organization\",\"@id\":\"https:\/\/www.justiceinfo.net\/fr#organization\",\"name\":\"Justice Info\",\"url\":\"https:\/\/www.justiceinfo.net\/fr\",\"logo\":{\"@type\":\"ImageObject\",\"inLanguage\":\"fr-FR\",\"@id\":\"https:\/\/www.justiceinfo.net\/fr#\/schema\/logo\/image\/\",\"url\":\"https:\/\/www.justiceinfo.net\/wp-content\/uploads\/justiceinfo_logo-trans_1200x1200px.png\",\"contentUrl\":\"https:\/\/www.justiceinfo.net\/wp-content\/uploads\/justiceinfo_logo-trans_1200x1200px.png\",\"width\":1199,\"height\":1200,\"caption\":\"Justice Info\"},\"image\":{\"@id\":\"https:\/\/www.justiceinfo.net\/fr#\/schema\/logo\/image\/\"},\"sameAs\":[\"https:\/\/www.facebook.com\/JusticeInfo\/\",\"https:\/\/x.com\/justiceinfonet\",\"https:\/\/www.linkedin.com\/company\/justice-info\",\"https:\/\/www.youtube.com\/channel\/UCyCEsARodyuWtkWyhn-e7pA\"]},{\"@type\":\"Person\",\"name\":\"solivri\",\"url\":\"\/fr\/?s=solivri\"}]}<\/script>\n<!-- \/ Yoast SEO Premium plugin. -->","yoast_head_json":{"title":"17.01.11 - TPIR\/KAREMERA - MUSICIEN, POETE, AVOCAT ET HOMME POLITIQUE, NGIRUMPATSE SE DEFEND - JusticeInfo.net","robots":{"index":"index","follow":"follow","max-snippet":"max-snippet:-1","max-image-preview":"max-image-preview:large","max-video-preview":"max-video-preview:-1"},"canonical":"https:\/\/www.justiceinfo.net\/fr\/12640-170111-tpirkaremera-musicien-poete-avocat-et-homme-politique-ngirumpatse-se-defend9448.html","og_locale":"fr_FR","og_type":"article","og_title":"17.01.11 - TPIR\/KAREMERA - MUSICIEN, POETE, AVOCAT ET HOMME POLITIQUE, NGIRUMPATSE SE DEFEND","og_description":"Arusha, 17 janvier 2011 (FH) -&nbsp; A 9 heures exactes, temps d'Arusha, Mathieu Ngirumpatse quitte sa place habituelle &agrave; c&ocirc;t&eacute; de ses avocats pour s'installer dans le box des t&eacute;moins, en face de ses trois juges. &laquo; Comment allez-vous, Monsieur Ngirumpatse ? &raquo;, lui demande son avocate principale, Chantal Hounkpatin. &laquo; Comme d'habitude, c'est-&agrave;-dire avec [&hellip;]","og_url":"https:\/\/www.justiceinfo.net\/fr\/12640-170111-tpirkaremera-musicien-poete-avocat-et-homme-politique-ngirumpatse-se-defend9448.html","og_site_name":"JusticeInfo.net","article_publisher":"https:\/\/www.facebook.com\/JusticeInfo\/","article_published_time":"2011-01-16T23:00:00+00:00","og_image":[{"width":1200,"height":630,"url":"https:\/\/www.justiceinfo.net\/wp-content\/uploads\/JusticeInfoNet_logo_1200x630px.jpg","type":"image\/jpeg"}],"author":"solivri","twitter_card":"summary_large_image","twitter_creator":"@justiceinfonet","twitter_site":"@justiceinfonet","twitter_misc":{"\u00c9crit par":"solivri","Dur\u00e9e de lecture estim\u00e9e":"4 minutes"},"schema":{"@context":"https:\/\/schema.org","@graph":[{"@type":"NewsArticle","@id":"https:\/\/www.justiceinfo.net\/fr\/12640-170111-tpirkaremera-musicien-poete-avocat-et-homme-politique-ngirumpatse-se-defend9448.html#article","isPartOf":{"@id":"https:\/\/www.justiceinfo.net\/fr\/12640-170111-tpirkaremera-musicien-poete-avocat-et-homme-politique-ngirumpatse-se-defend9448.html"},"author":{"name":"solivri","@id":"https:\/\/www.justiceinfo.net\/fr#\/schema\/person\/6e53cba1629e2e66f3fc1821d3091865"},"headline":"17.01.11 - TPIR\/KAREMERA - MUSICIEN, POETE, AVOCAT ET HOMME POLITIQUE, NGIRUMPATSE SE DEFEND","datePublished":"2011-01-16T23:00:00+00:00","mainEntityOfPage":{"@id":"https:\/\/www.justiceinfo.net\/fr\/12640-170111-tpirkaremera-musicien-poete-avocat-et-homme-politique-ngirumpatse-se-defend9448.html"},"wordCount":868,"commentCount":0,"publisher":{"@id":"https:\/\/www.justiceinfo.net\/fr#organization"},"articleSection":["Hirondelle News"],"inLanguage":"fr-FR","potentialAction":[{"@type":"CommentAction","name":"Comment","target":["https:\/\/www.justiceinfo.net\/fr\/12640-170111-tpirkaremera-musicien-poete-avocat-et-homme-politique-ngirumpatse-se-defend9448.html#respond"]}]},{"@type":"WebPage","@id":"https:\/\/www.justiceinfo.net\/fr\/12640-170111-tpirkaremera-musicien-poete-avocat-et-homme-politique-ngirumpatse-se-defend9448.html","url":"https:\/\/www.justiceinfo.net\/fr\/12640-170111-tpirkaremera-musicien-poete-avocat-et-homme-politique-ngirumpatse-se-defend9448.html","name":"17.01.11 - TPIR\/KAREMERA - MUSICIEN, POETE, AVOCAT ET HOMME POLITIQUE, NGIRUMPATSE SE DEFEND - JusticeInfo.net","isPartOf":{"@id":"https:\/\/www.justiceinfo.net\/fr#website"},"datePublished":"2011-01-16T23:00:00+00:00","breadcrumb":{"@id":"https:\/\/www.justiceinfo.net\/fr\/12640-170111-tpirkaremera-musicien-poete-avocat-et-homme-politique-ngirumpatse-se-defend9448.html#breadcrumb"},"inLanguage":"fr-FR","potentialAction":[{"@type":"ReadAction","target":["https:\/\/www.justiceinfo.net\/fr\/12640-170111-tpirkaremera-musicien-poete-avocat-et-homme-politique-ngirumpatse-se-defend9448.html"]}]},{"@type":"BreadcrumbList","@id":"https:\/\/www.justiceinfo.net\/fr\/12640-170111-tpirkaremera-musicien-poete-avocat-et-homme-politique-ngirumpatse-se-defend9448.html#breadcrumb","itemListElement":[{"@type":"ListItem","position":1,"name":"Home","item":"https:\/\/www.justiceinfo.net\/fr"},{"@type":"ListItem","position":2,"name":"17.01.11 - TPIR\/KAREMERA - MUSICIEN, POETE, AVOCAT ET HOMME POLITIQUE, NGIRUMPATSE SE DEFEND"}]},{"@type":"WebSite","@id":"https:\/\/www.justiceinfo.net\/fr#website","url":"https:\/\/www.justiceinfo.net\/fr","name":"JusticeInfo.net","description":"La justice doit \u00eatre vue pour \u00eatre rendue","publisher":{"@id":"https:\/\/www.justiceinfo.net\/fr#organization"},"potentialAction":[{"@type":"SearchAction","target":{"@type":"EntryPoint","urlTemplate":"https:\/\/www.justiceinfo.net\/fr?s={search_term_string}"},"query-input":{"@type":"PropertyValueSpecification","valueRequired":true,"valueName":"search_term_string"}}],"inLanguage":"fr-FR"},{"@type":"Organization","@id":"https:\/\/www.justiceinfo.net\/fr#organization","name":"Justice Info","url":"https:\/\/www.justiceinfo.net\/fr","logo":{"@type":"ImageObject","inLanguage":"fr-FR","@id":"https:\/\/www.justiceinfo.net\/fr#\/schema\/logo\/image\/","url":"https:\/\/www.justiceinfo.net\/wp-content\/uploads\/justiceinfo_logo-trans_1200x1200px.png","contentUrl":"https:\/\/www.justiceinfo.net\/wp-content\/uploads\/justiceinfo_logo-trans_1200x1200px.png","width":1199,"height":1200,"caption":"Justice Info"},"image":{"@id":"https:\/\/www.justiceinfo.net\/fr#\/schema\/logo\/image\/"},"sameAs":["https:\/\/www.facebook.com\/JusticeInfo\/","https:\/\/x.com\/justiceinfonet","https:\/\/www.linkedin.com\/company\/justice-info","https:\/\/www.youtube.com\/channel\/UCyCEsARodyuWtkWyhn-e7pA"]},{"@type":"Person","name":"solivri","url":"\/fr\/?s=solivri"}]}},"_links":{"self":[{"href":"https:\/\/www.justiceinfo.net\/fr\/wp-json\/wp\/v2\/posts\/12640","targetHints":{"allow":["GET"]}}],"collection":[{"href":"https:\/\/www.justiceinfo.net\/fr\/wp-json\/wp\/v2\/posts"}],"about":[{"href":"https:\/\/www.justiceinfo.net\/fr\/wp-json\/wp\/v2\/types\/post"}],"author":[{"embeddable":true,"href":"https:\/\/www.justiceinfo.net\/fr\/wp-json\/wp\/v2\/users\/64"}],"replies":[{"embeddable":true,"href":"https:\/\/www.justiceinfo.net\/fr\/wp-json\/wp\/v2\/comments?post=12640"}],"version-history":[{"count":0,"href":"https:\/\/www.justiceinfo.net\/fr\/wp-json\/wp\/v2\/posts\/12640\/revisions"}],"wp:attachment":[{"href":"https:\/\/www.justiceinfo.net\/fr\/wp-json\/wp\/v2\/media?parent=12640"}],"wp:term":[{"taxonomy":"category","embeddable":true,"href":"https:\/\/www.justiceinfo.net\/fr\/wp-json\/wp\/v2\/categories?post=12640"},{"taxonomy":"post_tag","embeddable":true,"href":"https:\/\/www.justiceinfo.net\/fr\/wp-json\/wp\/v2\/tags?post=12640"},{"taxonomy":"ji_location","embeddable":true,"href":"https:\/\/www.justiceinfo.net\/fr\/wp-json\/wp\/v2\/ji_location?post=12640"}],"curies":[{"name":"wp","href":"https:\/\/api.w.org\/{rel}","templated":true}]}}