{"id":12662,"date":"2011-01-24T00:00:00","date_gmt":"2011-01-23T23:00:00","guid":{"rendered":"https:\/\/www.justiceinfo.net\/12662-240111-tpirkaremera-les-denegations-de-matthieu-ngirumpatse-ex-president-du-mrnd9470.html"},"modified":"2011-01-24T00:00:00","modified_gmt":"2011-01-23T23:00:00","slug":"240111-tpirkaremera-les-denegations-de-matthieu-ngirumpatse-ex-president-du-mrnd9470","status":"publish","type":"post","link":"https:\/\/www.justiceinfo.net\/fr\/12662-240111-tpirkaremera-les-denegations-de-matthieu-ngirumpatse-ex-president-du-mrnd9470.html","title":{"rendered":"24.01.11 - TPIR\/KAREMERA - LES DENEGATIONS DE MATTHIEU NGIRUMPATSE, EX-PRESIDENT DU MRND"},"content":{"rendered":"<p>Arusha, 24 janvier 2011 (FH) - &laquo; C'est faux ! C'est un mensonge ! C'est de la propagande ! &raquo;. L'ancien pr&eacute;sident du MRND, Matthieu Ngirumpatse, qui t&eacute;moigne pour sa d&eacute;fense devant le Tribunal p&eacute;nal international, a puis&eacute; &agrave; plusieurs reprises lundi dans ce registre pour r&eacute;futer les all&eacute;gations contre lui, notamment en ce qui concerne l'entra&icirc;nement militaire qu'auraient re&ccedil;u les Interahamwe, l'aile jeunesse de son parti, en 1993. <\/p>\n<p><!--more--><\/p>\n<p >\n<p >\n<p >\n&laquo; Ce sont des accusations mont&eacute;es de toutes pi&egrave;ces. C'est de la propagande &raquo;, a d&eacute;clar&eacute; l'ancien dirigeant bien cal&eacute; dans le box des t&eacute;moins qu'il occupe depuis le d&eacute;but de la semaine derni&egrave;re. &laquo; Le procureur n'a amen&eacute; aucun t&eacute;moin ayant particip&eacute; &agrave; ces pr&eacute;tendus entra&icirc;nements &raquo;, a-t-il fait remarquer.\n<\/p>\n<p >\n<p >\nIl a indiqu&eacute; que la question avait &eacute;t&eacute; discut&eacute;e lors d'un conseil des ministres pr&eacute;sid&eacute; par le Premier ministre Agathe Uwilingiyimana, &laquo; qui &eacute;tait de l'opposition &raquo;, et que l'ex&eacute;cutif avait conclu &agrave; l'inexistence de cette formation.\n<\/p>\n<p >\n<p >\n&laquo; La propagande &eacute;tait tellement bien orchestr&eacute;e que moi-m&ecirc;me, j'ai failli y croire &raquo;, a racont&eacute; M.Ngirumpatse qui &eacute;tait conduit par son avocat Fr&eacute;d&eacute;ric Weyl.\n<\/p>\n<p >\n<p >\nIl a tout autant ni&eacute; que le ministre de la D&eacute;fense de l'&eacute;poque, Augustin Bizimana, le directeur de cabinet au minist&egrave;re, le colonel Th&eacute;oneste Bagosora, et d'autres officiers aient jamais planifi&eacute; l'entra&icirc;nement militaire des &laquo; Interahamwe du MRND &raquo;.\n<\/p>\n<p >\n<p >\nL'avocat fran&ccedil;ais lui a alors rappel&eacute; les t&eacute;moignages &agrave; charge selon lesquels les Interahamwe avaient re&ccedil;u une formation dans diff&eacute;rents camps militaires du pays, dont celui de Bigogwe, dans le nord. &laquo; C'est un mensonge. Il y avait des officiers belges au camp Bigogwe. Ils ont ni&eacute; l'existence de ces entra&icirc;nements. Ca, c'est un exemple typique &raquo;, a r&eacute;pondu l'accus&eacute;.\n<\/p>\n<p >\n<p >\nL'ex-pr&eacute;sident du MRND a par ailleurs ni&eacute; que son parti ait jamais &eacute;labor&eacute; une liste de Tutsis &agrave; tuer. &laquo; Ce sont des accusations de propagande. Cette liste est une cr&eacute;ation pour les besoins du proc&egrave;s. Toutes nos archives (du parti) ont &eacute;t&eacute; r&eacute;cup&eacute;r&eacute;es par le FPR dans la nuit du 6 avril 1994. Si cette liste avait exist&eacute;, la premi&egrave;re chose que le FPR aurait faite, c'est de la pr&eacute;senter au procureur. Tout cela a &eacute;t&eacute; invent&eacute; pour &eacute;tablir la th&eacute;orie de la planification, mais &ccedil;a n'a jamais exist&eacute; &raquo;, a-t-il protest&eacute;.\n<\/p>\n<p >\n<p >\nIl a enfin rejet&eacute; l'all&eacute;gation selon laquelle la gendarmerie et l'arm&eacute;e &eacute;taient &laquo; derri&egrave;re le MRND &raquo;. &laquo; C'est totalement faux &raquo;, a affirm&eacute; Ngirumpatse qui sera confront&eacute;, &agrave; la fin de cet interrogatoire principal, aux questions du procureur.\n<\/p>\n<p >\n<p >\nPo&egrave;te, musicien et avocat, cet ancien dirigeant est jug&eacute; avec l'ancien vice-pr&eacute;sident du parti, Edouard Karemera qui a d&eacute;j&agrave; termin&eacute; sa d&eacute;fense. Inculp&eacute;s de crimes de g&eacute;nocide et de crimes contre l'humanit&eacute;, ils sont notamment poursuivis pour des exactions commises par des membres de leur parti.\n<\/p>\n<p >\nER\/GF\n<\/p>\n<p>\n&copy; Agence Hirondelle\n<\/p><\/p>\n","protected":false},"excerpt":{"rendered":"<p>Arusha, 24 janvier 2011 (FH) - &laquo; C'est faux ! C'est un mensonge ! C'est de la propagande ! &raquo;. L'ancien pr&eacute;sident du MRND, Matthieu Ngirumpatse, qui t&eacute;moigne pour sa d&eacute;fense devant le Tribunal p&eacute;nal international, a puis&eacute; &agrave; plusieurs reprises lundi dans ce registre pour r&eacute;futer les all&eacute;gations contre lui, notamment en ce qui [&hellip;]<\/p>\n","protected":false},"author":64,"featured_media":0,"comment_status":"open","ping_status":"closed","sticky":false,"template":"","format":"standard","meta":{"_acf_changed":false,"footnotes":""},"categories":[554],"tags":[],"ji_location":[],"class_list":["post-12662","post","type-post","status-publish","format-standard","hentry","category-hirondellenews"],"acf":[],"yoast_head":"<!-- This site is optimized with the Yoast SEO Premium plugin v25.3.1 (Yoast SEO v25.3.1) - https:\/\/yoast.com\/wordpress\/plugins\/seo\/ -->\n<title>24.01.11 - TPIR\/KAREMERA - LES DENEGATIONS DE MATTHIEU NGIRUMPATSE, EX-PRESIDENT DU MRND - JusticeInfo.net<\/title>\n<meta name=\"robots\" content=\"index, follow, max-snippet:-1, max-image-preview:large, max-video-preview:-1\" \/>\n<link rel=\"canonical\" href=\"https:\/\/www.justiceinfo.net\/fr\/12662-240111-tpirkaremera-les-denegations-de-matthieu-ngirumpatse-ex-president-du-mrnd9470.html\" \/>\n<meta property=\"og:locale\" content=\"fr_FR\" \/>\n<meta property=\"og:type\" content=\"article\" \/>\n<meta property=\"og:title\" content=\"24.01.11 - TPIR\/KAREMERA - LES DENEGATIONS DE MATTHIEU NGIRUMPATSE, EX-PRESIDENT DU MRND\" \/>\n<meta property=\"og:description\" content=\"Arusha, 24 janvier 2011 (FH) - &laquo; C&#039;est faux ! C&#039;est un mensonge ! C&#039;est de la propagande ! &raquo;. L&#039;ancien pr&eacute;sident du MRND, Matthieu Ngirumpatse, qui t&eacute;moigne pour sa d&eacute;fense devant le Tribunal p&eacute;nal international, a puis&eacute; &agrave; plusieurs reprises lundi dans ce registre pour r&eacute;futer les all&eacute;gations contre lui, notamment en ce qui [&hellip;]\" \/>\n<meta property=\"og:url\" content=\"https:\/\/www.justiceinfo.net\/fr\/12662-240111-tpirkaremera-les-denegations-de-matthieu-ngirumpatse-ex-president-du-mrnd9470.html\" \/>\n<meta property=\"og:site_name\" content=\"JusticeInfo.net\" \/>\n<meta property=\"article:publisher\" content=\"https:\/\/www.facebook.com\/JusticeInfo\/\" \/>\n<meta property=\"article:published_time\" content=\"2011-01-23T23:00:00+00:00\" \/>\n<meta property=\"og:image\" content=\"https:\/\/www.justiceinfo.net\/wp-content\/uploads\/JusticeInfoNet_logo_1200x630px.jpg\" \/>\n\t<meta property=\"og:image:width\" content=\"1200\" \/>\n\t<meta property=\"og:image:height\" content=\"630\" \/>\n\t<meta property=\"og:image:type\" content=\"image\/jpeg\" \/>\n<meta name=\"author\" content=\"solivri\" \/>\n<meta name=\"twitter:card\" content=\"summary_large_image\" \/>\n<meta name=\"twitter:creator\" content=\"@justiceinfonet\" \/>\n<meta name=\"twitter:site\" content=\"@justiceinfonet\" \/>\n<meta name=\"twitter:label1\" content=\"\u00c9crit par\" \/>\n\t<meta name=\"twitter:data1\" content=\"solivri\" \/>\n\t<meta name=\"twitter:label2\" content=\"Dur\u00e9e de lecture estim\u00e9e\" \/>\n\t<meta name=\"twitter:data2\" content=\"3 minutes\" \/>\n<script type=\"application\/ld+json\" class=\"yoast-schema-graph\">{\"@context\":\"https:\/\/schema.org\",\"@graph\":[{\"@type\":\"NewsArticle\",\"@id\":\"https:\/\/www.justiceinfo.net\/fr\/12662-240111-tpirkaremera-les-denegations-de-matthieu-ngirumpatse-ex-president-du-mrnd9470.html#article\",\"isPartOf\":{\"@id\":\"https:\/\/www.justiceinfo.net\/fr\/12662-240111-tpirkaremera-les-denegations-de-matthieu-ngirumpatse-ex-president-du-mrnd9470.html\"},\"author\":{\"name\":\"solivri\",\"@id\":\"https:\/\/www.justiceinfo.net\/fr#\/schema\/person\/6e53cba1629e2e66f3fc1821d3091865\"},\"headline\":\"24.01.11 - TPIR\/KAREMERA - LES DENEGATIONS DE MATTHIEU NGIRUMPATSE, EX-PRESIDENT DU MRND\",\"datePublished\":\"2011-01-23T23:00:00+00:00\",\"mainEntityOfPage\":{\"@id\":\"https:\/\/www.justiceinfo.net\/fr\/12662-240111-tpirkaremera-les-denegations-de-matthieu-ngirumpatse-ex-president-du-mrnd9470.html\"},\"wordCount\":645,\"commentCount\":0,\"publisher\":{\"@id\":\"https:\/\/www.justiceinfo.net\/fr#organization\"},\"articleSection\":[\"Hirondelle News\"],\"inLanguage\":\"fr-FR\",\"potentialAction\":[{\"@type\":\"CommentAction\",\"name\":\"Comment\",\"target\":[\"https:\/\/www.justiceinfo.net\/fr\/12662-240111-tpirkaremera-les-denegations-de-matthieu-ngirumpatse-ex-president-du-mrnd9470.html#respond\"]}]},{\"@type\":\"WebPage\",\"@id\":\"https:\/\/www.justiceinfo.net\/fr\/12662-240111-tpirkaremera-les-denegations-de-matthieu-ngirumpatse-ex-president-du-mrnd9470.html\",\"url\":\"https:\/\/www.justiceinfo.net\/fr\/12662-240111-tpirkaremera-les-denegations-de-matthieu-ngirumpatse-ex-president-du-mrnd9470.html\",\"name\":\"24.01.11 - TPIR\/KAREMERA - LES DENEGATIONS DE MATTHIEU NGIRUMPATSE, EX-PRESIDENT DU MRND - JusticeInfo.net\",\"isPartOf\":{\"@id\":\"https:\/\/www.justiceinfo.net\/fr#website\"},\"datePublished\":\"2011-01-23T23:00:00+00:00\",\"breadcrumb\":{\"@id\":\"https:\/\/www.justiceinfo.net\/fr\/12662-240111-tpirkaremera-les-denegations-de-matthieu-ngirumpatse-ex-president-du-mrnd9470.html#breadcrumb\"},\"inLanguage\":\"fr-FR\",\"potentialAction\":[{\"@type\":\"ReadAction\",\"target\":[\"https:\/\/www.justiceinfo.net\/fr\/12662-240111-tpirkaremera-les-denegations-de-matthieu-ngirumpatse-ex-president-du-mrnd9470.html\"]}]},{\"@type\":\"BreadcrumbList\",\"@id\":\"https:\/\/www.justiceinfo.net\/fr\/12662-240111-tpirkaremera-les-denegations-de-matthieu-ngirumpatse-ex-president-du-mrnd9470.html#breadcrumb\",\"itemListElement\":[{\"@type\":\"ListItem\",\"position\":1,\"name\":\"Home\",\"item\":\"https:\/\/www.justiceinfo.net\/fr\"},{\"@type\":\"ListItem\",\"position\":2,\"name\":\"24.01.11 - TPIR\/KAREMERA - LES DENEGATIONS DE MATTHIEU NGIRUMPATSE, EX-PRESIDENT DU MRND\"}]},{\"@type\":\"WebSite\",\"@id\":\"https:\/\/www.justiceinfo.net\/fr#website\",\"url\":\"https:\/\/www.justiceinfo.net\/fr\",\"name\":\"JusticeInfo.net\",\"description\":\"La justice doit \u00eatre vue pour \u00eatre rendue\",\"publisher\":{\"@id\":\"https:\/\/www.justiceinfo.net\/fr#organization\"},\"potentialAction\":[{\"@type\":\"SearchAction\",\"target\":{\"@type\":\"EntryPoint\",\"urlTemplate\":\"https:\/\/www.justiceinfo.net\/fr?s={search_term_string}\"},\"query-input\":{\"@type\":\"PropertyValueSpecification\",\"valueRequired\":true,\"valueName\":\"search_term_string\"}}],\"inLanguage\":\"fr-FR\"},{\"@type\":\"Organization\",\"@id\":\"https:\/\/www.justiceinfo.net\/fr#organization\",\"name\":\"Justice Info\",\"url\":\"https:\/\/www.justiceinfo.net\/fr\",\"logo\":{\"@type\":\"ImageObject\",\"inLanguage\":\"fr-FR\",\"@id\":\"https:\/\/www.justiceinfo.net\/fr#\/schema\/logo\/image\/\",\"url\":\"https:\/\/www.justiceinfo.net\/wp-content\/uploads\/justiceinfo_logo-trans_1200x1200px.png\",\"contentUrl\":\"https:\/\/www.justiceinfo.net\/wp-content\/uploads\/justiceinfo_logo-trans_1200x1200px.png\",\"width\":1199,\"height\":1200,\"caption\":\"Justice Info\"},\"image\":{\"@id\":\"https:\/\/www.justiceinfo.net\/fr#\/schema\/logo\/image\/\"},\"sameAs\":[\"https:\/\/www.facebook.com\/JusticeInfo\/\",\"https:\/\/x.com\/justiceinfonet\",\"https:\/\/www.linkedin.com\/company\/justice-info\",\"https:\/\/www.youtube.com\/channel\/UCyCEsARodyuWtkWyhn-e7pA\"]},{\"@type\":\"Person\",\"name\":\"solivri\",\"url\":\"\/fr\/?s=solivri\"}]}<\/script>\n<!-- \/ Yoast SEO Premium plugin. -->","yoast_head_json":{"title":"24.01.11 - TPIR\/KAREMERA - LES DENEGATIONS DE MATTHIEU NGIRUMPATSE, EX-PRESIDENT DU MRND - JusticeInfo.net","robots":{"index":"index","follow":"follow","max-snippet":"max-snippet:-1","max-image-preview":"max-image-preview:large","max-video-preview":"max-video-preview:-1"},"canonical":"https:\/\/www.justiceinfo.net\/fr\/12662-240111-tpirkaremera-les-denegations-de-matthieu-ngirumpatse-ex-president-du-mrnd9470.html","og_locale":"fr_FR","og_type":"article","og_title":"24.01.11 - TPIR\/KAREMERA - LES DENEGATIONS DE MATTHIEU NGIRUMPATSE, EX-PRESIDENT DU MRND","og_description":"Arusha, 24 janvier 2011 (FH) - &laquo; C'est faux ! C'est un mensonge ! C'est de la propagande ! &raquo;. L'ancien pr&eacute;sident du MRND, Matthieu Ngirumpatse, qui t&eacute;moigne pour sa d&eacute;fense devant le Tribunal p&eacute;nal international, a puis&eacute; &agrave; plusieurs reprises lundi dans ce registre pour r&eacute;futer les all&eacute;gations contre lui, notamment en ce qui [&hellip;]","og_url":"https:\/\/www.justiceinfo.net\/fr\/12662-240111-tpirkaremera-les-denegations-de-matthieu-ngirumpatse-ex-president-du-mrnd9470.html","og_site_name":"JusticeInfo.net","article_publisher":"https:\/\/www.facebook.com\/JusticeInfo\/","article_published_time":"2011-01-23T23:00:00+00:00","og_image":[{"width":1200,"height":630,"url":"https:\/\/www.justiceinfo.net\/wp-content\/uploads\/JusticeInfoNet_logo_1200x630px.jpg","type":"image\/jpeg"}],"author":"solivri","twitter_card":"summary_large_image","twitter_creator":"@justiceinfonet","twitter_site":"@justiceinfonet","twitter_misc":{"\u00c9crit par":"solivri","Dur\u00e9e de lecture estim\u00e9e":"3 minutes"},"schema":{"@context":"https:\/\/schema.org","@graph":[{"@type":"NewsArticle","@id":"https:\/\/www.justiceinfo.net\/fr\/12662-240111-tpirkaremera-les-denegations-de-matthieu-ngirumpatse-ex-president-du-mrnd9470.html#article","isPartOf":{"@id":"https:\/\/www.justiceinfo.net\/fr\/12662-240111-tpirkaremera-les-denegations-de-matthieu-ngirumpatse-ex-president-du-mrnd9470.html"},"author":{"name":"solivri","@id":"https:\/\/www.justiceinfo.net\/fr#\/schema\/person\/6e53cba1629e2e66f3fc1821d3091865"},"headline":"24.01.11 - TPIR\/KAREMERA - LES DENEGATIONS DE MATTHIEU NGIRUMPATSE, EX-PRESIDENT DU MRND","datePublished":"2011-01-23T23:00:00+00:00","mainEntityOfPage":{"@id":"https:\/\/www.justiceinfo.net\/fr\/12662-240111-tpirkaremera-les-denegations-de-matthieu-ngirumpatse-ex-president-du-mrnd9470.html"},"wordCount":645,"commentCount":0,"publisher":{"@id":"https:\/\/www.justiceinfo.net\/fr#organization"},"articleSection":["Hirondelle News"],"inLanguage":"fr-FR","potentialAction":[{"@type":"CommentAction","name":"Comment","target":["https:\/\/www.justiceinfo.net\/fr\/12662-240111-tpirkaremera-les-denegations-de-matthieu-ngirumpatse-ex-president-du-mrnd9470.html#respond"]}]},{"@type":"WebPage","@id":"https:\/\/www.justiceinfo.net\/fr\/12662-240111-tpirkaremera-les-denegations-de-matthieu-ngirumpatse-ex-president-du-mrnd9470.html","url":"https:\/\/www.justiceinfo.net\/fr\/12662-240111-tpirkaremera-les-denegations-de-matthieu-ngirumpatse-ex-president-du-mrnd9470.html","name":"24.01.11 - TPIR\/KAREMERA - LES DENEGATIONS DE MATTHIEU NGIRUMPATSE, EX-PRESIDENT DU MRND - JusticeInfo.net","isPartOf":{"@id":"https:\/\/www.justiceinfo.net\/fr#website"},"datePublished":"2011-01-23T23:00:00+00:00","breadcrumb":{"@id":"https:\/\/www.justiceinfo.net\/fr\/12662-240111-tpirkaremera-les-denegations-de-matthieu-ngirumpatse-ex-president-du-mrnd9470.html#breadcrumb"},"inLanguage":"fr-FR","potentialAction":[{"@type":"ReadAction","target":["https:\/\/www.justiceinfo.net\/fr\/12662-240111-tpirkaremera-les-denegations-de-matthieu-ngirumpatse-ex-president-du-mrnd9470.html"]}]},{"@type":"BreadcrumbList","@id":"https:\/\/www.justiceinfo.net\/fr\/12662-240111-tpirkaremera-les-denegations-de-matthieu-ngirumpatse-ex-president-du-mrnd9470.html#breadcrumb","itemListElement":[{"@type":"ListItem","position":1,"name":"Home","item":"https:\/\/www.justiceinfo.net\/fr"},{"@type":"ListItem","position":2,"name":"24.01.11 - TPIR\/KAREMERA - LES DENEGATIONS DE MATTHIEU NGIRUMPATSE, EX-PRESIDENT DU MRND"}]},{"@type":"WebSite","@id":"https:\/\/www.justiceinfo.net\/fr#website","url":"https:\/\/www.justiceinfo.net\/fr","name":"JusticeInfo.net","description":"La justice doit \u00eatre vue pour \u00eatre rendue","publisher":{"@id":"https:\/\/www.justiceinfo.net\/fr#organization"},"potentialAction":[{"@type":"SearchAction","target":{"@type":"EntryPoint","urlTemplate":"https:\/\/www.justiceinfo.net\/fr?s={search_term_string}"},"query-input":{"@type":"PropertyValueSpecification","valueRequired":true,"valueName":"search_term_string"}}],"inLanguage":"fr-FR"},{"@type":"Organization","@id":"https:\/\/www.justiceinfo.net\/fr#organization","name":"Justice Info","url":"https:\/\/www.justiceinfo.net\/fr","logo":{"@type":"ImageObject","inLanguage":"fr-FR","@id":"https:\/\/www.justiceinfo.net\/fr#\/schema\/logo\/image\/","url":"https:\/\/www.justiceinfo.net\/wp-content\/uploads\/justiceinfo_logo-trans_1200x1200px.png","contentUrl":"https:\/\/www.justiceinfo.net\/wp-content\/uploads\/justiceinfo_logo-trans_1200x1200px.png","width":1199,"height":1200,"caption":"Justice Info"},"image":{"@id":"https:\/\/www.justiceinfo.net\/fr#\/schema\/logo\/image\/"},"sameAs":["https:\/\/www.facebook.com\/JusticeInfo\/","https:\/\/x.com\/justiceinfonet","https:\/\/www.linkedin.com\/company\/justice-info","https:\/\/www.youtube.com\/channel\/UCyCEsARodyuWtkWyhn-e7pA"]},{"@type":"Person","name":"solivri","url":"\/fr\/?s=solivri"}]}},"_links":{"self":[{"href":"https:\/\/www.justiceinfo.net\/fr\/wp-json\/wp\/v2\/posts\/12662","targetHints":{"allow":["GET"]}}],"collection":[{"href":"https:\/\/www.justiceinfo.net\/fr\/wp-json\/wp\/v2\/posts"}],"about":[{"href":"https:\/\/www.justiceinfo.net\/fr\/wp-json\/wp\/v2\/types\/post"}],"author":[{"embeddable":true,"href":"https:\/\/www.justiceinfo.net\/fr\/wp-json\/wp\/v2\/users\/64"}],"replies":[{"embeddable":true,"href":"https:\/\/www.justiceinfo.net\/fr\/wp-json\/wp\/v2\/comments?post=12662"}],"version-history":[{"count":0,"href":"https:\/\/www.justiceinfo.net\/fr\/wp-json\/wp\/v2\/posts\/12662\/revisions"}],"wp:attachment":[{"href":"https:\/\/www.justiceinfo.net\/fr\/wp-json\/wp\/v2\/media?parent=12662"}],"wp:term":[{"taxonomy":"category","embeddable":true,"href":"https:\/\/www.justiceinfo.net\/fr\/wp-json\/wp\/v2\/categories?post=12662"},{"taxonomy":"post_tag","embeddable":true,"href":"https:\/\/www.justiceinfo.net\/fr\/wp-json\/wp\/v2\/tags?post=12662"},{"taxonomy":"ji_location","embeddable":true,"href":"https:\/\/www.justiceinfo.net\/fr\/wp-json\/wp\/v2\/ji_location?post=12662"}],"curies":[{"name":"wp","href":"https:\/\/api.w.org\/{rel}","templated":true}]}}