{"id":12693,"date":"2011-01-31T00:00:00","date_gmt":"2011-01-30T23:00:00","guid":{"rendered":"https:\/\/www.justiceinfo.net\/12693-310111-tpirmilitaires-i-le-proces-en-appel-du-colonel-bagosora-souvre-le-30-mars9501.html"},"modified":"2011-01-31T00:00:00","modified_gmt":"2011-01-30T23:00:00","slug":"310111-tpirmilitaires-i-le-proces-en-appel-du-colonel-bagosora-souvre-le-30-mars9501","status":"publish","type":"post","link":"https:\/\/www.justiceinfo.net\/fr\/12693-310111-tpirmilitaires-i-le-proces-en-appel-du-colonel-bagosora-souvre-le-30-mars9501.html","title":{"rendered":"31.01.11 - TPIR\/MILITAIRES I - LE PROCES EN APPEL DU COLONEL BAGOSORA S'OUVRE LE 30 MARS"},"content":{"rendered":"<p>Arusha, 31 janvier 2011 (FH) - Le proc&egrave;s en appel du colonel Th&eacute;oneste Bagosora, le plus c&eacute;l&egrave;bre des d&eacute;tenus du Tribunal p&eacute;nal international pour le Rwanda (TPIR), s'ouvre le 30 mars, soit plus deux ans apr&egrave;s sa condamnation en premi&egrave;re instance, apprend-on lundi. <\/p>\n<p><!--more--><\/p>\n<p >\n<p >\nLe colonel qui avait &eacute;t&eacute; pr&eacute;sent&eacute; par le procureur comme &laquo; le cerveau &raquo; du g&eacute;nocide des Tutsis de 1994 au Rwanda, a &eacute;t&eacute; condamn&eacute; &agrave; la perp&eacute;tuit&eacute; le 18 d&eacute;cembre 2008 apr&egrave;s avoir &eacute;t&eacute; reconnu coupable de crimes de g&eacute;nocide, crimes contre l'humanit&eacute; et crimes de guerre.\n<\/p>\n<p >\nDans la m&ecirc;me affaire, l'ancien commandant des op&eacute;rations dans le secteur de Gisenyi (nord), le lieutenant-colonel Anatole Nsengiyumva, et l'ancien commandant du bataillon paracommando le major Aloys Ntabakuze ont &eacute;galement &eacute;cop&eacute; de la prison &agrave; vie tandis que le g&eacute;n&eacute;ral Gratien Kabiligi a &eacute;t&eacute; acquitt&eacute; et remis en libert&eacute;.\n<\/p>\n<p >\nSelon une ordonnance publi&eacute;e lundi sur le site internet du TPIR, les trois condamn&eacute;s plaideront leur cause devant les juges d'appel du 30 mars au 1er&nbsp;avril prochains.\n<\/p>\n<p >\nPour tenter de renverser la vapeur, Ma&icirc;tre Rapha&euml;l Constant, le conseil principal de Bagosora, a demand&eacute; &agrave; la chambre d'appel d'ordonner la comparution du g&eacute;n&eacute;ral Marcel Gatsinzi, qui fut chef d'&eacute;tat-major int&eacute;rimaire de l'arm&eacute;e rwandaise pendant les 10 premiers jours du g&eacute;nocide.\n<\/p>\n<p >\nCet officier g&eacute;n&eacute;ral des anciennes Forces arm&eacute;es rwandaises (FAR) d&eacute;tient actuellement le portefeuille de la gestion des catastrophes et de la question des r&eacute;fugi&eacute;s.\n<\/p>\n<p >\nBagosora n'avait pas r&eacute;ussi &agrave; obtenir, en premi&egrave;re instance, la d&eacute;position du g&eacute;n&eacute;ral Gatsinzi.\n<\/p>\n<p >\nDans une requ&ecirc;te en anglais d&eacute;pos&eacute;e en septembre 2010 et sur laquelle la chambre d'appel ne s'est pas encore prononc&eacute;e, le colonel demande que le ministre&nbsp; vienne t&eacute;moigner &laquo; de vive voix au si&egrave;ge du tribunal &agrave; Arusha &raquo;, en Tanzanie.\n<\/p>\n<p >\n<p >\nLes juges de premi&egrave;re instance ont conclu &agrave; la responsabilit&eacute; de Bagosora dans l'assassinat du Premier ministre de l'&eacute;poque, Agathe Uwilingiyimana, des dix casques bleus belges qui &eacute;taient charg&eacute;s de la prot&eacute;ger, de plusieurs dirigeants politiques ; et de massacres de Tutsis &agrave; des barrages routiers dans la ville de Kigali et dans sa r&eacute;gion d'origine de Gisenyi (nord), entre la soir&eacute;e du 6 avril et le 9 avril 1994. P&eacute;riode au cours de laquelle Gatsinzi &eacute;tait chef de l'arm&eacute;e.\n<\/p>\n<p >\n<p >\nSelon le jugement, Bagosora &eacute;tait, en l'absence du ministre de la D&eacute;fense et apr&egrave;s le d&eacute;c&egrave;s du chef d'&eacute;tat-major de l'arm&eacute;e, la plus haute autorit&eacute; militaire du Rwanda au cours de cette p&eacute;riode. Ce que l'appelant a toujours contest&eacute;, affirmant n'avoir jamais exerc&eacute; de contr&ocirc;le, ni de fait, ni de droit, sur l'arm&eacute;e.\n<\/p>\n<p >\n<p >\nA sa demande, la chambre de premi&egrave;re instance avait, lors du proc&egrave;s, ordonn&eacute; le 11 septembre 2006, la comparution du g&eacute;n&eacute;ral Gatsinzi qui &eacute;tait alors ministre de la D&eacute;fense.\n<\/p>\n<p >\nCe dernier avait alors pos&eacute; des conditions pour sa d&eacute;position : &ecirc;tre entendu comme t&eacute;moin de la chambre et non de Bagosora, ce que la chambre avait refus&eacute;. Gatsinzi avait &eacute;galement demand&eacute; &agrave; d&eacute;poser en vid&eacute;oconf&eacute;rence.\n<\/p>\n<p >\n<p >\nLes choses en sont rest&eacute;es l&agrave; jusqu'&agrave; la fin du proc&egrave;s.\n<\/p>\n<p >\nDans leur m&eacute;moire d'appel, les avocats de Bagosora estiment que le colonel a &eacute;t&eacute; &laquo; priv&eacute; d'un moyen de d&eacute;fense fondamental &raquo; et que les premiers juges auraient d&ucirc; contraindre Gatsinzi &agrave; se pr&eacute;senter &agrave; la barre des t&eacute;moins.\n<\/p>\n<p >\n<p >\nER\/GF\n<\/p>\n<p >\n<p>\n&copy; Agence Hirondelle<\/p>\n","protected":false},"excerpt":{"rendered":"<p>Arusha, 31 janvier 2011 (FH) - Le proc&egrave;s en appel du colonel Th&eacute;oneste Bagosora, le plus c&eacute;l&egrave;bre des d&eacute;tenus du Tribunal p&eacute;nal international pour le Rwanda (TPIR), s'ouvre le 30 mars, soit plus deux ans apr&egrave;s sa condamnation en premi&egrave;re instance, apprend-on lundi.<\/p>\n","protected":false},"author":64,"featured_media":0,"comment_status":"open","ping_status":"closed","sticky":false,"template":"","format":"standard","meta":{"_acf_changed":false,"footnotes":""},"categories":[554],"tags":[],"ji_location":[],"class_list":["post-12693","post","type-post","status-publish","format-standard","hentry","category-hirondellenews"],"acf":[],"yoast_head":"<!-- This site is optimized with the Yoast SEO Premium plugin v25.3.1 (Yoast SEO v25.3.1) - https:\/\/yoast.com\/wordpress\/plugins\/seo\/ -->\n<title>31.01.11 - TPIR\/MILITAIRES I - LE PROCES EN APPEL DU COLONEL BAGOSORA S&#039;OUVRE LE 30 MARS - JusticeInfo.net<\/title>\n<meta name=\"robots\" content=\"index, follow, max-snippet:-1, max-image-preview:large, max-video-preview:-1\" \/>\n<link rel=\"canonical\" href=\"https:\/\/www.justiceinfo.net\/fr\/12693-310111-tpirmilitaires-i-le-proces-en-appel-du-colonel-bagosora-souvre-le-30-mars9501.html\" \/>\n<meta property=\"og:locale\" content=\"fr_FR\" \/>\n<meta property=\"og:type\" content=\"article\" \/>\n<meta property=\"og:title\" content=\"31.01.11 - TPIR\/MILITAIRES I - LE PROCES EN APPEL DU COLONEL BAGOSORA S&#039;OUVRE LE 30 MARS\" \/>\n<meta property=\"og:description\" content=\"Arusha, 31 janvier 2011 (FH) - Le proc&egrave;s en appel du colonel Th&eacute;oneste Bagosora, le plus c&eacute;l&egrave;bre des d&eacute;tenus du Tribunal p&eacute;nal international pour le Rwanda (TPIR), s&#039;ouvre le 30 mars, soit plus deux ans apr&egrave;s sa condamnation en premi&egrave;re instance, apprend-on lundi.\" \/>\n<meta property=\"og:url\" content=\"https:\/\/www.justiceinfo.net\/fr\/12693-310111-tpirmilitaires-i-le-proces-en-appel-du-colonel-bagosora-souvre-le-30-mars9501.html\" \/>\n<meta property=\"og:site_name\" content=\"JusticeInfo.net\" \/>\n<meta property=\"article:publisher\" content=\"https:\/\/www.facebook.com\/JusticeInfo\/\" \/>\n<meta property=\"article:published_time\" content=\"2011-01-30T23:00:00+00:00\" \/>\n<meta property=\"og:image\" content=\"https:\/\/www.justiceinfo.net\/wp-content\/uploads\/JusticeInfoNet_logo_1200x630px.jpg\" \/>\n\t<meta property=\"og:image:width\" content=\"1200\" \/>\n\t<meta property=\"og:image:height\" content=\"630\" \/>\n\t<meta property=\"og:image:type\" content=\"image\/jpeg\" \/>\n<meta name=\"author\" content=\"solivri\" \/>\n<meta name=\"twitter:card\" content=\"summary_large_image\" \/>\n<meta name=\"twitter:creator\" content=\"@justiceinfonet\" \/>\n<meta name=\"twitter:site\" content=\"@justiceinfonet\" \/>\n<meta name=\"twitter:label1\" content=\"\u00c9crit par\" \/>\n\t<meta name=\"twitter:data1\" content=\"solivri\" \/>\n\t<meta name=\"twitter:label2\" content=\"Dur\u00e9e de lecture estim\u00e9e\" \/>\n\t<meta name=\"twitter:data2\" content=\"4 minutes\" \/>\n<script type=\"application\/ld+json\" class=\"yoast-schema-graph\">{\"@context\":\"https:\/\/schema.org\",\"@graph\":[{\"@type\":\"NewsArticle\",\"@id\":\"https:\/\/www.justiceinfo.net\/fr\/12693-310111-tpirmilitaires-i-le-proces-en-appel-du-colonel-bagosora-souvre-le-30-mars9501.html#article\",\"isPartOf\":{\"@id\":\"https:\/\/www.justiceinfo.net\/fr\/12693-310111-tpirmilitaires-i-le-proces-en-appel-du-colonel-bagosora-souvre-le-30-mars9501.html\"},\"author\":{\"name\":\"solivri\",\"@id\":\"https:\/\/www.justiceinfo.net\/fr#\/schema\/person\/6e53cba1629e2e66f3fc1821d3091865\"},\"headline\":\"31.01.11 - TPIR\/MILITAIRES I - LE PROCES EN APPEL DU COLONEL BAGOSORA S'OUVRE LE 30 MARS\",\"datePublished\":\"2011-01-30T23:00:00+00:00\",\"mainEntityOfPage\":{\"@id\":\"https:\/\/www.justiceinfo.net\/fr\/12693-310111-tpirmilitaires-i-le-proces-en-appel-du-colonel-bagosora-souvre-le-30-mars9501.html\"},\"wordCount\":759,\"commentCount\":0,\"publisher\":{\"@id\":\"https:\/\/www.justiceinfo.net\/fr#organization\"},\"articleSection\":[\"Hirondelle News\"],\"inLanguage\":\"fr-FR\",\"potentialAction\":[{\"@type\":\"CommentAction\",\"name\":\"Comment\",\"target\":[\"https:\/\/www.justiceinfo.net\/fr\/12693-310111-tpirmilitaires-i-le-proces-en-appel-du-colonel-bagosora-souvre-le-30-mars9501.html#respond\"]}]},{\"@type\":\"WebPage\",\"@id\":\"https:\/\/www.justiceinfo.net\/fr\/12693-310111-tpirmilitaires-i-le-proces-en-appel-du-colonel-bagosora-souvre-le-30-mars9501.html\",\"url\":\"https:\/\/www.justiceinfo.net\/fr\/12693-310111-tpirmilitaires-i-le-proces-en-appel-du-colonel-bagosora-souvre-le-30-mars9501.html\",\"name\":\"31.01.11 - TPIR\/MILITAIRES I - LE PROCES EN APPEL DU COLONEL BAGOSORA S'OUVRE LE 30 MARS - JusticeInfo.net\",\"isPartOf\":{\"@id\":\"https:\/\/www.justiceinfo.net\/fr#website\"},\"datePublished\":\"2011-01-30T23:00:00+00:00\",\"breadcrumb\":{\"@id\":\"https:\/\/www.justiceinfo.net\/fr\/12693-310111-tpirmilitaires-i-le-proces-en-appel-du-colonel-bagosora-souvre-le-30-mars9501.html#breadcrumb\"},\"inLanguage\":\"fr-FR\",\"potentialAction\":[{\"@type\":\"ReadAction\",\"target\":[\"https:\/\/www.justiceinfo.net\/fr\/12693-310111-tpirmilitaires-i-le-proces-en-appel-du-colonel-bagosora-souvre-le-30-mars9501.html\"]}]},{\"@type\":\"BreadcrumbList\",\"@id\":\"https:\/\/www.justiceinfo.net\/fr\/12693-310111-tpirmilitaires-i-le-proces-en-appel-du-colonel-bagosora-souvre-le-30-mars9501.html#breadcrumb\",\"itemListElement\":[{\"@type\":\"ListItem\",\"position\":1,\"name\":\"Home\",\"item\":\"https:\/\/www.justiceinfo.net\/fr\"},{\"@type\":\"ListItem\",\"position\":2,\"name\":\"31.01.11 - TPIR\/MILITAIRES I - LE PROCES EN APPEL DU COLONEL BAGOSORA S'OUVRE LE 30 MARS\"}]},{\"@type\":\"WebSite\",\"@id\":\"https:\/\/www.justiceinfo.net\/fr#website\",\"url\":\"https:\/\/www.justiceinfo.net\/fr\",\"name\":\"JusticeInfo.net\",\"description\":\"La justice doit \u00eatre vue pour \u00eatre rendue\",\"publisher\":{\"@id\":\"https:\/\/www.justiceinfo.net\/fr#organization\"},\"potentialAction\":[{\"@type\":\"SearchAction\",\"target\":{\"@type\":\"EntryPoint\",\"urlTemplate\":\"https:\/\/www.justiceinfo.net\/fr?s={search_term_string}\"},\"query-input\":{\"@type\":\"PropertyValueSpecification\",\"valueRequired\":true,\"valueName\":\"search_term_string\"}}],\"inLanguage\":\"fr-FR\"},{\"@type\":\"Organization\",\"@id\":\"https:\/\/www.justiceinfo.net\/fr#organization\",\"name\":\"Justice Info\",\"url\":\"https:\/\/www.justiceinfo.net\/fr\",\"logo\":{\"@type\":\"ImageObject\",\"inLanguage\":\"fr-FR\",\"@id\":\"https:\/\/www.justiceinfo.net\/fr#\/schema\/logo\/image\/\",\"url\":\"https:\/\/www.justiceinfo.net\/wp-content\/uploads\/justiceinfo_logo-trans_1200x1200px.png\",\"contentUrl\":\"https:\/\/www.justiceinfo.net\/wp-content\/uploads\/justiceinfo_logo-trans_1200x1200px.png\",\"width\":1199,\"height\":1200,\"caption\":\"Justice Info\"},\"image\":{\"@id\":\"https:\/\/www.justiceinfo.net\/fr#\/schema\/logo\/image\/\"},\"sameAs\":[\"https:\/\/www.facebook.com\/JusticeInfo\/\",\"https:\/\/x.com\/justiceinfonet\",\"https:\/\/www.linkedin.com\/company\/justice-info\",\"https:\/\/www.youtube.com\/channel\/UCyCEsARodyuWtkWyhn-e7pA\"]},{\"@type\":\"Person\",\"name\":\"solivri\",\"url\":\"\/fr\/?s=solivri\"}]}<\/script>\n<!-- \/ Yoast SEO Premium plugin. -->","yoast_head_json":{"title":"31.01.11 - TPIR\/MILITAIRES I - LE PROCES EN APPEL DU COLONEL BAGOSORA S'OUVRE LE 30 MARS - JusticeInfo.net","robots":{"index":"index","follow":"follow","max-snippet":"max-snippet:-1","max-image-preview":"max-image-preview:large","max-video-preview":"max-video-preview:-1"},"canonical":"https:\/\/www.justiceinfo.net\/fr\/12693-310111-tpirmilitaires-i-le-proces-en-appel-du-colonel-bagosora-souvre-le-30-mars9501.html","og_locale":"fr_FR","og_type":"article","og_title":"31.01.11 - TPIR\/MILITAIRES I - LE PROCES EN APPEL DU COLONEL BAGOSORA S'OUVRE LE 30 MARS","og_description":"Arusha, 31 janvier 2011 (FH) - Le proc&egrave;s en appel du colonel Th&eacute;oneste Bagosora, le plus c&eacute;l&egrave;bre des d&eacute;tenus du Tribunal p&eacute;nal international pour le Rwanda (TPIR), s'ouvre le 30 mars, soit plus deux ans apr&egrave;s sa condamnation en premi&egrave;re instance, apprend-on lundi.","og_url":"https:\/\/www.justiceinfo.net\/fr\/12693-310111-tpirmilitaires-i-le-proces-en-appel-du-colonel-bagosora-souvre-le-30-mars9501.html","og_site_name":"JusticeInfo.net","article_publisher":"https:\/\/www.facebook.com\/JusticeInfo\/","article_published_time":"2011-01-30T23:00:00+00:00","og_image":[{"width":1200,"height":630,"url":"https:\/\/www.justiceinfo.net\/wp-content\/uploads\/JusticeInfoNet_logo_1200x630px.jpg","type":"image\/jpeg"}],"author":"solivri","twitter_card":"summary_large_image","twitter_creator":"@justiceinfonet","twitter_site":"@justiceinfonet","twitter_misc":{"\u00c9crit par":"solivri","Dur\u00e9e de lecture estim\u00e9e":"4 minutes"},"schema":{"@context":"https:\/\/schema.org","@graph":[{"@type":"NewsArticle","@id":"https:\/\/www.justiceinfo.net\/fr\/12693-310111-tpirmilitaires-i-le-proces-en-appel-du-colonel-bagosora-souvre-le-30-mars9501.html#article","isPartOf":{"@id":"https:\/\/www.justiceinfo.net\/fr\/12693-310111-tpirmilitaires-i-le-proces-en-appel-du-colonel-bagosora-souvre-le-30-mars9501.html"},"author":{"name":"solivri","@id":"https:\/\/www.justiceinfo.net\/fr#\/schema\/person\/6e53cba1629e2e66f3fc1821d3091865"},"headline":"31.01.11 - TPIR\/MILITAIRES I - LE PROCES EN APPEL DU COLONEL BAGOSORA S'OUVRE LE 30 MARS","datePublished":"2011-01-30T23:00:00+00:00","mainEntityOfPage":{"@id":"https:\/\/www.justiceinfo.net\/fr\/12693-310111-tpirmilitaires-i-le-proces-en-appel-du-colonel-bagosora-souvre-le-30-mars9501.html"},"wordCount":759,"commentCount":0,"publisher":{"@id":"https:\/\/www.justiceinfo.net\/fr#organization"},"articleSection":["Hirondelle News"],"inLanguage":"fr-FR","potentialAction":[{"@type":"CommentAction","name":"Comment","target":["https:\/\/www.justiceinfo.net\/fr\/12693-310111-tpirmilitaires-i-le-proces-en-appel-du-colonel-bagosora-souvre-le-30-mars9501.html#respond"]}]},{"@type":"WebPage","@id":"https:\/\/www.justiceinfo.net\/fr\/12693-310111-tpirmilitaires-i-le-proces-en-appel-du-colonel-bagosora-souvre-le-30-mars9501.html","url":"https:\/\/www.justiceinfo.net\/fr\/12693-310111-tpirmilitaires-i-le-proces-en-appel-du-colonel-bagosora-souvre-le-30-mars9501.html","name":"31.01.11 - TPIR\/MILITAIRES I - LE PROCES EN APPEL DU COLONEL BAGOSORA S'OUVRE LE 30 MARS - JusticeInfo.net","isPartOf":{"@id":"https:\/\/www.justiceinfo.net\/fr#website"},"datePublished":"2011-01-30T23:00:00+00:00","breadcrumb":{"@id":"https:\/\/www.justiceinfo.net\/fr\/12693-310111-tpirmilitaires-i-le-proces-en-appel-du-colonel-bagosora-souvre-le-30-mars9501.html#breadcrumb"},"inLanguage":"fr-FR","potentialAction":[{"@type":"ReadAction","target":["https:\/\/www.justiceinfo.net\/fr\/12693-310111-tpirmilitaires-i-le-proces-en-appel-du-colonel-bagosora-souvre-le-30-mars9501.html"]}]},{"@type":"BreadcrumbList","@id":"https:\/\/www.justiceinfo.net\/fr\/12693-310111-tpirmilitaires-i-le-proces-en-appel-du-colonel-bagosora-souvre-le-30-mars9501.html#breadcrumb","itemListElement":[{"@type":"ListItem","position":1,"name":"Home","item":"https:\/\/www.justiceinfo.net\/fr"},{"@type":"ListItem","position":2,"name":"31.01.11 - TPIR\/MILITAIRES I - LE PROCES EN APPEL DU COLONEL BAGOSORA S'OUVRE LE 30 MARS"}]},{"@type":"WebSite","@id":"https:\/\/www.justiceinfo.net\/fr#website","url":"https:\/\/www.justiceinfo.net\/fr","name":"JusticeInfo.net","description":"La justice doit \u00eatre vue pour \u00eatre rendue","publisher":{"@id":"https:\/\/www.justiceinfo.net\/fr#organization"},"potentialAction":[{"@type":"SearchAction","target":{"@type":"EntryPoint","urlTemplate":"https:\/\/www.justiceinfo.net\/fr?s={search_term_string}"},"query-input":{"@type":"PropertyValueSpecification","valueRequired":true,"valueName":"search_term_string"}}],"inLanguage":"fr-FR"},{"@type":"Organization","@id":"https:\/\/www.justiceinfo.net\/fr#organization","name":"Justice Info","url":"https:\/\/www.justiceinfo.net\/fr","logo":{"@type":"ImageObject","inLanguage":"fr-FR","@id":"https:\/\/www.justiceinfo.net\/fr#\/schema\/logo\/image\/","url":"https:\/\/www.justiceinfo.net\/wp-content\/uploads\/justiceinfo_logo-trans_1200x1200px.png","contentUrl":"https:\/\/www.justiceinfo.net\/wp-content\/uploads\/justiceinfo_logo-trans_1200x1200px.png","width":1199,"height":1200,"caption":"Justice Info"},"image":{"@id":"https:\/\/www.justiceinfo.net\/fr#\/schema\/logo\/image\/"},"sameAs":["https:\/\/www.facebook.com\/JusticeInfo\/","https:\/\/x.com\/justiceinfonet","https:\/\/www.linkedin.com\/company\/justice-info","https:\/\/www.youtube.com\/channel\/UCyCEsARodyuWtkWyhn-e7pA"]},{"@type":"Person","name":"solivri","url":"\/fr\/?s=solivri"}]}},"_links":{"self":[{"href":"https:\/\/www.justiceinfo.net\/fr\/wp-json\/wp\/v2\/posts\/12693","targetHints":{"allow":["GET"]}}],"collection":[{"href":"https:\/\/www.justiceinfo.net\/fr\/wp-json\/wp\/v2\/posts"}],"about":[{"href":"https:\/\/www.justiceinfo.net\/fr\/wp-json\/wp\/v2\/types\/post"}],"author":[{"embeddable":true,"href":"https:\/\/www.justiceinfo.net\/fr\/wp-json\/wp\/v2\/users\/64"}],"replies":[{"embeddable":true,"href":"https:\/\/www.justiceinfo.net\/fr\/wp-json\/wp\/v2\/comments?post=12693"}],"version-history":[{"count":0,"href":"https:\/\/www.justiceinfo.net\/fr\/wp-json\/wp\/v2\/posts\/12693\/revisions"}],"wp:attachment":[{"href":"https:\/\/www.justiceinfo.net\/fr\/wp-json\/wp\/v2\/media?parent=12693"}],"wp:term":[{"taxonomy":"category","embeddable":true,"href":"https:\/\/www.justiceinfo.net\/fr\/wp-json\/wp\/v2\/categories?post=12693"},{"taxonomy":"post_tag","embeddable":true,"href":"https:\/\/www.justiceinfo.net\/fr\/wp-json\/wp\/v2\/tags?post=12693"},{"taxonomy":"ji_location","embeddable":true,"href":"https:\/\/www.justiceinfo.net\/fr\/wp-json\/wp\/v2\/ji_location?post=12693"}],"curies":[{"name":"wp","href":"https:\/\/api.w.org\/{rel}","templated":true}]}}