{"id":12701,"date":"2011-02-01T00:00:00","date_gmt":"2011-01-31T23:00:00","guid":{"rendered":"https:\/\/www.justiceinfo.net\/12701-010211-cpiua-lunion-africaine-sen-prend-au-procureur-de-la-cpi9509.html"},"modified":"2011-02-01T00:00:00","modified_gmt":"2011-01-31T23:00:00","slug":"010211-cpiua-lunion-africaine-sen-prend-au-procureur-de-la-cpi9509","status":"publish","type":"post","link":"https:\/\/www.justiceinfo.net\/fr\/12701-010211-cpiua-lunion-africaine-sen-prend-au-procureur-de-la-cpi9509.html","title":{"rendered":"01.02.11 - CPI\/UA - L'UNION AFRICAINE S'EN PREND AU PROCUREUR DE LA CPI"},"content":{"rendered":"<p>La Haye, 1er&nbsp;f&eacute;vrier 2011 (FH) - L'Union africaine (UA) a une nouvelle fois rejet&eacute;, provisoirement, le projet d'ouverture d'un bureau de la Cour p&eacute;nale internationale (CPI) dans la capitale &eacute;thiopienne, &agrave; l'occasion de son sommet organis&eacute; les 29 et 30 janvier &agrave; Addis-Abeba,<br \/>\n<!--more--><\/p>\n<p >\n<p >\n<p >\nLa CPI souhaite, depuis plusieurs ann&eacute;es, passer un accord de coop&eacute;ration avec l'organisation continentale et ouvrir un bureau en Ethiopie pour &eacute;tablir &laquo; des partenariats strat&eacute;giques durables avec tous ces acteurs &agrave; Addis-Abeba &raquo;, afin de renforcer &laquo; la relation entre la Cour et l'UA &raquo;, &eacute;crit le greffe dans un rapport. La Cour dispose d&eacute;j&agrave; d'un accord similaire avec les Nations unies, &agrave; New York, qui lui permet de faire du lobbying aupr&egrave;s des Etats membres et d&eacute;fendre les int&eacute;r&ecirc;ts de la Cour dans les n&eacute;gociations politiques.\n<\/p>\n<p >\n<p >\nL'Assembl&eacute;e des Etats parties au trait&eacute; de Rome, qui &eacute;tablit le statut de la Cour, a adopt&eacute; pour l'ann&eacute;e 2011 un budget de 420 900 euros pour la mise en place de ce bureau. Mais le projet est toujours en suspens, bien que trente-et-un Etats africains aient ratifi&eacute; le trait&eacute; de la CPI.\n<\/p>\n<p >\n<p >\nLes cinq enqu&ecirc;tes ouvertes par le procureur depuis 2002 (R&eacute;publique d&eacute;mocratique du Congo, Ouganda, Darfour, Centrafrique et Kenya) concernent toutes des crimes commis en territoire africain. Cependant, l'&eacute;mission de deux mandats d'arr&ecirc;t pour g&eacute;nocide et crimes contre l'humanit&eacute; contre le pr&eacute;sident soudanais Omar Al-Bachir, en mars 2009 et juillet 2010, a suscit&eacute; une grande m&eacute;fiance du personnel politique africain &agrave; l'&eacute;gard de la Cour.\n<\/p>\n<p >\nComme elle l'avait fait pour le Darfour en 2009, l'Union africaine a d&eacute;cid&eacute;, lors de ce sommet, de demander au Conseil de s&eacute;curit&eacute; des Nations unies de suspendre les poursuites engag&eacute;es par la CPI au Kenya contre six personnes, dont plusieurs ministres, suspect&eacute;es de crimes contre l'humanit&eacute; commis lors des violences qui avaient suivi l'&eacute;lection pr&eacute;sidentielle de d&eacute;cembre 2007. Mais New York ne peut suspendre des proc&eacute;dures que si elles pr&eacute;sentent une menace &laquo; pour la paix et la s&eacute;curit&eacute; internationale &raquo;. Dans le cas du Darfour, la demande de l'UA n'avait rencontr&eacute; aucun succ&egrave;s &agrave; l'ONU.&nbsp; &nbsp;\n<\/p>\n<p >\n<p >\nEn juillet 2010, lors du pr&eacute;c&eacute;dent sommet de l'organisation, l'UA affirmait &laquo; que les Etats de l'Union africaine ne collaboreront pas avec la CPI dans son intention d'arr&ecirc;ter et de livrer le pr&eacute;sident Omar Al-Bachir &raquo; et demandait &laquo; aux Etats membres de trouver un juste &eacute;quilibre entre leurs obligations vis-&agrave;-vis de l'UA et de la CPI &raquo;.\n<\/p>\n<p >\n<p >\nElle reprochait aussi au procureur, Luis Moreno Ocampo, ses d&eacute;clarations&nbsp; &laquo; grossi&egrave;res et condescendantes en ce qui concerne le pr&eacute;sident Omar Al-Bachir du Soudan et dans d'autres situations en Afrique &raquo;. Le procureur avait notamment compar&eacute; le r&eacute;gime d'Omar Al-Bachir &agrave; celui d'Hitler. Le pr&eacute;sident de la Commission de l'UA, Jean Ping, a r&eacute;it&eacute;r&eacute;, dimanche, les attaques contre le procureur. Nous &laquo; ne sommes pas contre la CPI, a-t-il d&eacute;clar&eacute;, nous sommes contre Ocampo, qui rend une justice avec parti pris &raquo;.\n<\/p>\n<p >\n<p >\nSM\/ ER\/GF\n<\/p>\n<p >\n<p >\n&copy; Agence Hirondelle<\/p>\n","protected":false},"excerpt":{"rendered":"<p>La Haye, 1er&nbsp;f&eacute;vrier 2011 (FH) - L'Union africaine (UA) a une nouvelle fois rejet&eacute;, provisoirement, le projet d'ouverture d'un bureau de la Cour p&eacute;nale internationale (CPI) dans la capitale &eacute;thiopienne, &agrave; l'occasion de son sommet organis&eacute; les 29 et 30 janvier &agrave; Addis-Abeba,<\/p>\n","protected":false},"author":64,"featured_media":0,"comment_status":"open","ping_status":"closed","sticky":false,"template":"","format":"standard","meta":{"_acf_changed":false,"footnotes":""},"categories":[554],"tags":[],"ji_location":[],"class_list":["post-12701","post","type-post","status-publish","format-standard","hentry","category-hirondellenews"],"acf":[],"yoast_head":"<!-- This site is optimized with the Yoast SEO Premium plugin v25.3.1 (Yoast SEO v25.3.1) - https:\/\/yoast.com\/wordpress\/plugins\/seo\/ -->\n<title>01.02.11 - CPI\/UA - L&#039;UNION AFRICAINE S&#039;EN PREND AU PROCUREUR DE LA CPI - JusticeInfo.net<\/title>\n<meta name=\"robots\" content=\"index, follow, max-snippet:-1, max-image-preview:large, max-video-preview:-1\" \/>\n<link rel=\"canonical\" href=\"https:\/\/www.justiceinfo.net\/fr\/12701-010211-cpiua-lunion-africaine-sen-prend-au-procureur-de-la-cpi9509.html\" \/>\n<meta property=\"og:locale\" content=\"fr_FR\" \/>\n<meta property=\"og:type\" content=\"article\" \/>\n<meta property=\"og:title\" content=\"01.02.11 - CPI\/UA - L&#039;UNION AFRICAINE S&#039;EN PREND AU PROCUREUR DE LA CPI\" \/>\n<meta property=\"og:description\" content=\"La Haye, 1er&nbsp;f&eacute;vrier 2011 (FH) - L&#039;Union africaine (UA) a une nouvelle fois rejet&eacute;, provisoirement, le projet d&#039;ouverture d&#039;un bureau de la Cour p&eacute;nale internationale (CPI) dans la capitale &eacute;thiopienne, &agrave; l&#039;occasion de son sommet organis&eacute; les 29 et 30 janvier &agrave; Addis-Abeba,\" \/>\n<meta property=\"og:url\" content=\"https:\/\/www.justiceinfo.net\/fr\/12701-010211-cpiua-lunion-africaine-sen-prend-au-procureur-de-la-cpi9509.html\" \/>\n<meta property=\"og:site_name\" content=\"JusticeInfo.net\" \/>\n<meta property=\"article:publisher\" content=\"https:\/\/www.facebook.com\/JusticeInfo\/\" \/>\n<meta property=\"article:published_time\" content=\"2011-01-31T23:00:00+00:00\" \/>\n<meta property=\"og:image\" content=\"https:\/\/www.justiceinfo.net\/wp-content\/uploads\/JusticeInfoNet_logo_1200x630px.jpg\" \/>\n\t<meta property=\"og:image:width\" content=\"1200\" \/>\n\t<meta property=\"og:image:height\" content=\"630\" \/>\n\t<meta property=\"og:image:type\" content=\"image\/jpeg\" \/>\n<meta name=\"author\" content=\"solivri\" \/>\n<meta name=\"twitter:card\" content=\"summary_large_image\" \/>\n<meta name=\"twitter:creator\" content=\"@justiceinfonet\" \/>\n<meta name=\"twitter:site\" content=\"@justiceinfonet\" \/>\n<meta name=\"twitter:label1\" content=\"\u00c9crit par\" \/>\n\t<meta name=\"twitter:data1\" content=\"solivri\" \/>\n\t<meta name=\"twitter:label2\" content=\"Dur\u00e9e de lecture estim\u00e9e\" \/>\n\t<meta name=\"twitter:data2\" content=\"3 minutes\" \/>\n<script type=\"application\/ld+json\" class=\"yoast-schema-graph\">{\"@context\":\"https:\/\/schema.org\",\"@graph\":[{\"@type\":\"NewsArticle\",\"@id\":\"https:\/\/www.justiceinfo.net\/fr\/12701-010211-cpiua-lunion-africaine-sen-prend-au-procureur-de-la-cpi9509.html#article\",\"isPartOf\":{\"@id\":\"https:\/\/www.justiceinfo.net\/fr\/12701-010211-cpiua-lunion-africaine-sen-prend-au-procureur-de-la-cpi9509.html\"},\"author\":{\"name\":\"solivri\",\"@id\":\"https:\/\/www.justiceinfo.net\/fr#\/schema\/person\/6e53cba1629e2e66f3fc1821d3091865\"},\"headline\":\"01.02.11 - CPI\/UA - L'UNION AFRICAINE S'EN PREND AU PROCUREUR DE LA CPI\",\"datePublished\":\"2011-01-31T23:00:00+00:00\",\"mainEntityOfPage\":{\"@id\":\"https:\/\/www.justiceinfo.net\/fr\/12701-010211-cpiua-lunion-africaine-sen-prend-au-procureur-de-la-cpi9509.html\"},\"wordCount\":639,\"commentCount\":0,\"publisher\":{\"@id\":\"https:\/\/www.justiceinfo.net\/fr#organization\"},\"articleSection\":[\"Hirondelle News\"],\"inLanguage\":\"fr-FR\",\"potentialAction\":[{\"@type\":\"CommentAction\",\"name\":\"Comment\",\"target\":[\"https:\/\/www.justiceinfo.net\/fr\/12701-010211-cpiua-lunion-africaine-sen-prend-au-procureur-de-la-cpi9509.html#respond\"]}]},{\"@type\":\"WebPage\",\"@id\":\"https:\/\/www.justiceinfo.net\/fr\/12701-010211-cpiua-lunion-africaine-sen-prend-au-procureur-de-la-cpi9509.html\",\"url\":\"https:\/\/www.justiceinfo.net\/fr\/12701-010211-cpiua-lunion-africaine-sen-prend-au-procureur-de-la-cpi9509.html\",\"name\":\"01.02.11 - CPI\/UA - L'UNION AFRICAINE S'EN PREND AU PROCUREUR DE LA CPI - JusticeInfo.net\",\"isPartOf\":{\"@id\":\"https:\/\/www.justiceinfo.net\/fr#website\"},\"datePublished\":\"2011-01-31T23:00:00+00:00\",\"breadcrumb\":{\"@id\":\"https:\/\/www.justiceinfo.net\/fr\/12701-010211-cpiua-lunion-africaine-sen-prend-au-procureur-de-la-cpi9509.html#breadcrumb\"},\"inLanguage\":\"fr-FR\",\"potentialAction\":[{\"@type\":\"ReadAction\",\"target\":[\"https:\/\/www.justiceinfo.net\/fr\/12701-010211-cpiua-lunion-africaine-sen-prend-au-procureur-de-la-cpi9509.html\"]}]},{\"@type\":\"BreadcrumbList\",\"@id\":\"https:\/\/www.justiceinfo.net\/fr\/12701-010211-cpiua-lunion-africaine-sen-prend-au-procureur-de-la-cpi9509.html#breadcrumb\",\"itemListElement\":[{\"@type\":\"ListItem\",\"position\":1,\"name\":\"Home\",\"item\":\"https:\/\/www.justiceinfo.net\/fr\"},{\"@type\":\"ListItem\",\"position\":2,\"name\":\"01.02.11 - CPI\/UA - L'UNION AFRICAINE S'EN PREND AU PROCUREUR DE LA CPI\"}]},{\"@type\":\"WebSite\",\"@id\":\"https:\/\/www.justiceinfo.net\/fr#website\",\"url\":\"https:\/\/www.justiceinfo.net\/fr\",\"name\":\"JusticeInfo.net\",\"description\":\"La justice doit \u00eatre vue pour \u00eatre rendue\",\"publisher\":{\"@id\":\"https:\/\/www.justiceinfo.net\/fr#organization\"},\"potentialAction\":[{\"@type\":\"SearchAction\",\"target\":{\"@type\":\"EntryPoint\",\"urlTemplate\":\"https:\/\/www.justiceinfo.net\/fr?s={search_term_string}\"},\"query-input\":{\"@type\":\"PropertyValueSpecification\",\"valueRequired\":true,\"valueName\":\"search_term_string\"}}],\"inLanguage\":\"fr-FR\"},{\"@type\":\"Organization\",\"@id\":\"https:\/\/www.justiceinfo.net\/fr#organization\",\"name\":\"Justice Info\",\"url\":\"https:\/\/www.justiceinfo.net\/fr\",\"logo\":{\"@type\":\"ImageObject\",\"inLanguage\":\"fr-FR\",\"@id\":\"https:\/\/www.justiceinfo.net\/fr#\/schema\/logo\/image\/\",\"url\":\"https:\/\/www.justiceinfo.net\/wp-content\/uploads\/justiceinfo_logo-trans_1200x1200px.png\",\"contentUrl\":\"https:\/\/www.justiceinfo.net\/wp-content\/uploads\/justiceinfo_logo-trans_1200x1200px.png\",\"width\":1199,\"height\":1200,\"caption\":\"Justice Info\"},\"image\":{\"@id\":\"https:\/\/www.justiceinfo.net\/fr#\/schema\/logo\/image\/\"},\"sameAs\":[\"https:\/\/www.facebook.com\/JusticeInfo\/\",\"https:\/\/x.com\/justiceinfonet\",\"https:\/\/www.linkedin.com\/company\/justice-info\",\"https:\/\/www.youtube.com\/channel\/UCyCEsARodyuWtkWyhn-e7pA\"]},{\"@type\":\"Person\",\"name\":\"solivri\",\"url\":\"\/fr\/?s=solivri\"}]}<\/script>\n<!-- \/ Yoast SEO Premium plugin. -->","yoast_head_json":{"title":"01.02.11 - CPI\/UA - L'UNION AFRICAINE S'EN PREND AU PROCUREUR DE LA CPI - JusticeInfo.net","robots":{"index":"index","follow":"follow","max-snippet":"max-snippet:-1","max-image-preview":"max-image-preview:large","max-video-preview":"max-video-preview:-1"},"canonical":"https:\/\/www.justiceinfo.net\/fr\/12701-010211-cpiua-lunion-africaine-sen-prend-au-procureur-de-la-cpi9509.html","og_locale":"fr_FR","og_type":"article","og_title":"01.02.11 - CPI\/UA - L'UNION AFRICAINE S'EN PREND AU PROCUREUR DE LA CPI","og_description":"La Haye, 1er&nbsp;f&eacute;vrier 2011 (FH) - L'Union africaine (UA) a une nouvelle fois rejet&eacute;, provisoirement, le projet d'ouverture d'un bureau de la Cour p&eacute;nale internationale (CPI) dans la capitale &eacute;thiopienne, &agrave; l'occasion de son sommet organis&eacute; les 29 et 30 janvier &agrave; Addis-Abeba,","og_url":"https:\/\/www.justiceinfo.net\/fr\/12701-010211-cpiua-lunion-africaine-sen-prend-au-procureur-de-la-cpi9509.html","og_site_name":"JusticeInfo.net","article_publisher":"https:\/\/www.facebook.com\/JusticeInfo\/","article_published_time":"2011-01-31T23:00:00+00:00","og_image":[{"width":1200,"height":630,"url":"https:\/\/www.justiceinfo.net\/wp-content\/uploads\/JusticeInfoNet_logo_1200x630px.jpg","type":"image\/jpeg"}],"author":"solivri","twitter_card":"summary_large_image","twitter_creator":"@justiceinfonet","twitter_site":"@justiceinfonet","twitter_misc":{"\u00c9crit par":"solivri","Dur\u00e9e de lecture estim\u00e9e":"3 minutes"},"schema":{"@context":"https:\/\/schema.org","@graph":[{"@type":"NewsArticle","@id":"https:\/\/www.justiceinfo.net\/fr\/12701-010211-cpiua-lunion-africaine-sen-prend-au-procureur-de-la-cpi9509.html#article","isPartOf":{"@id":"https:\/\/www.justiceinfo.net\/fr\/12701-010211-cpiua-lunion-africaine-sen-prend-au-procureur-de-la-cpi9509.html"},"author":{"name":"solivri","@id":"https:\/\/www.justiceinfo.net\/fr#\/schema\/person\/6e53cba1629e2e66f3fc1821d3091865"},"headline":"01.02.11 - CPI\/UA - L'UNION AFRICAINE S'EN PREND AU PROCUREUR DE LA CPI","datePublished":"2011-01-31T23:00:00+00:00","mainEntityOfPage":{"@id":"https:\/\/www.justiceinfo.net\/fr\/12701-010211-cpiua-lunion-africaine-sen-prend-au-procureur-de-la-cpi9509.html"},"wordCount":639,"commentCount":0,"publisher":{"@id":"https:\/\/www.justiceinfo.net\/fr#organization"},"articleSection":["Hirondelle News"],"inLanguage":"fr-FR","potentialAction":[{"@type":"CommentAction","name":"Comment","target":["https:\/\/www.justiceinfo.net\/fr\/12701-010211-cpiua-lunion-africaine-sen-prend-au-procureur-de-la-cpi9509.html#respond"]}]},{"@type":"WebPage","@id":"https:\/\/www.justiceinfo.net\/fr\/12701-010211-cpiua-lunion-africaine-sen-prend-au-procureur-de-la-cpi9509.html","url":"https:\/\/www.justiceinfo.net\/fr\/12701-010211-cpiua-lunion-africaine-sen-prend-au-procureur-de-la-cpi9509.html","name":"01.02.11 - CPI\/UA - L'UNION AFRICAINE S'EN PREND AU PROCUREUR DE LA CPI - JusticeInfo.net","isPartOf":{"@id":"https:\/\/www.justiceinfo.net\/fr#website"},"datePublished":"2011-01-31T23:00:00+00:00","breadcrumb":{"@id":"https:\/\/www.justiceinfo.net\/fr\/12701-010211-cpiua-lunion-africaine-sen-prend-au-procureur-de-la-cpi9509.html#breadcrumb"},"inLanguage":"fr-FR","potentialAction":[{"@type":"ReadAction","target":["https:\/\/www.justiceinfo.net\/fr\/12701-010211-cpiua-lunion-africaine-sen-prend-au-procureur-de-la-cpi9509.html"]}]},{"@type":"BreadcrumbList","@id":"https:\/\/www.justiceinfo.net\/fr\/12701-010211-cpiua-lunion-africaine-sen-prend-au-procureur-de-la-cpi9509.html#breadcrumb","itemListElement":[{"@type":"ListItem","position":1,"name":"Home","item":"https:\/\/www.justiceinfo.net\/fr"},{"@type":"ListItem","position":2,"name":"01.02.11 - CPI\/UA - L'UNION AFRICAINE S'EN PREND AU PROCUREUR DE LA CPI"}]},{"@type":"WebSite","@id":"https:\/\/www.justiceinfo.net\/fr#website","url":"https:\/\/www.justiceinfo.net\/fr","name":"JusticeInfo.net","description":"La justice doit \u00eatre vue pour \u00eatre rendue","publisher":{"@id":"https:\/\/www.justiceinfo.net\/fr#organization"},"potentialAction":[{"@type":"SearchAction","target":{"@type":"EntryPoint","urlTemplate":"https:\/\/www.justiceinfo.net\/fr?s={search_term_string}"},"query-input":{"@type":"PropertyValueSpecification","valueRequired":true,"valueName":"search_term_string"}}],"inLanguage":"fr-FR"},{"@type":"Organization","@id":"https:\/\/www.justiceinfo.net\/fr#organization","name":"Justice Info","url":"https:\/\/www.justiceinfo.net\/fr","logo":{"@type":"ImageObject","inLanguage":"fr-FR","@id":"https:\/\/www.justiceinfo.net\/fr#\/schema\/logo\/image\/","url":"https:\/\/www.justiceinfo.net\/wp-content\/uploads\/justiceinfo_logo-trans_1200x1200px.png","contentUrl":"https:\/\/www.justiceinfo.net\/wp-content\/uploads\/justiceinfo_logo-trans_1200x1200px.png","width":1199,"height":1200,"caption":"Justice Info"},"image":{"@id":"https:\/\/www.justiceinfo.net\/fr#\/schema\/logo\/image\/"},"sameAs":["https:\/\/www.facebook.com\/JusticeInfo\/","https:\/\/x.com\/justiceinfonet","https:\/\/www.linkedin.com\/company\/justice-info","https:\/\/www.youtube.com\/channel\/UCyCEsARodyuWtkWyhn-e7pA"]},{"@type":"Person","name":"solivri","url":"\/fr\/?s=solivri"}]}},"_links":{"self":[{"href":"https:\/\/www.justiceinfo.net\/fr\/wp-json\/wp\/v2\/posts\/12701","targetHints":{"allow":["GET"]}}],"collection":[{"href":"https:\/\/www.justiceinfo.net\/fr\/wp-json\/wp\/v2\/posts"}],"about":[{"href":"https:\/\/www.justiceinfo.net\/fr\/wp-json\/wp\/v2\/types\/post"}],"author":[{"embeddable":true,"href":"https:\/\/www.justiceinfo.net\/fr\/wp-json\/wp\/v2\/users\/64"}],"replies":[{"embeddable":true,"href":"https:\/\/www.justiceinfo.net\/fr\/wp-json\/wp\/v2\/comments?post=12701"}],"version-history":[{"count":0,"href":"https:\/\/www.justiceinfo.net\/fr\/wp-json\/wp\/v2\/posts\/12701\/revisions"}],"wp:attachment":[{"href":"https:\/\/www.justiceinfo.net\/fr\/wp-json\/wp\/v2\/media?parent=12701"}],"wp:term":[{"taxonomy":"category","embeddable":true,"href":"https:\/\/www.justiceinfo.net\/fr\/wp-json\/wp\/v2\/categories?post=12701"},{"taxonomy":"post_tag","embeddable":true,"href":"https:\/\/www.justiceinfo.net\/fr\/wp-json\/wp\/v2\/tags?post=12701"},{"taxonomy":"ji_location","embeddable":true,"href":"https:\/\/www.justiceinfo.net\/fr\/wp-json\/wp\/v2\/ji_location?post=12701"}],"curies":[{"name":"wp","href":"https:\/\/api.w.org\/{rel}","templated":true}]}}