{"id":12708,"date":"2011-02-03T00:00:00","date_gmt":"2011-02-02T23:00:00","guid":{"rendered":"https:\/\/www.justiceinfo.net\/12708-030211-tpirkaremera-laudition-de-lex-president-du-mrnd-rep0rtee-au-15-fevrier9516.html"},"modified":"2011-02-03T00:00:00","modified_gmt":"2011-02-02T23:00:00","slug":"030211-tpirkaremera-laudition-de-lex-president-du-mrnd-rep0rtee-au-15-fevrier9516","status":"publish","type":"post","link":"https:\/\/www.justiceinfo.net\/fr\/12708-030211-tpirkaremera-laudition-de-lex-president-du-mrnd-rep0rtee-au-15-fevrier9516.html","title":{"rendered":"03.02.11 - TPIR\/KAREMERA - L'AUDITION DE L'EX-PRESIDENT DU MRND REP0RTEE AU 15 FEVRIER"},"content":{"rendered":"<p>Arusha, 3 f&eacute;vrier 2011 (FH) - L'audition par le Tribunal p&eacute;nal international pour le Rwanda (TPIR) de l'ancien pr&eacute;sident du MRND, Matthieu Ngirumpatse, qui d&eacute;pose pour sa d&eacute;fense depuis le 10 janvier, a &eacute;t&eacute; report&eacute;e jeudi au 15 f&eacute;vrier, a constat&eacute; l'agence de presse Hirondelle. <\/p>\n<p><!--more--><\/p>\n<p >\n<p >\nApr&egrave;s la d&eacute;position de Ngirumpatse, un autre t&eacute;moin de sa d&eacute;fense pourrait &ecirc;tre entendu par voie de vid&eacute;o-conf&eacute;rence, selon Ma&icirc;tre Fr&eacute;d&eacute;ric Weyl, l'un de ses avocats.\n<\/p>\n<p >\nNgirumpatse est jug&eacute; avec l'ancien vice-pr&eacute;sident du parti, Edouard Karemera qui a d&eacute;j&agrave; termin&eacute; sa d&eacute;fense.\n<\/p>\n<p >\nTous juristes, anciens avocats et anciens ministres sous le r&eacute;gime de l'ex-pr&eacute;sident Juv&eacute;nal Habyarimana, les deux hommes ont &eacute;t&eacute; inculp&eacute;s pour crimes de g&eacute;nocide et crimes contre l'humanit&eacute;.\n<\/p>\n<p >\nLe procureur all&egrave;gue, entre autres, que les deux figures politiques se sont entendues avec d'autres hautes personnalit&eacute;s civiles et militaires en vue de commettre le g&eacute;nocide des Tutsis d'avril &agrave; juillet 1994.\n<\/p>\n<p >\nIls r&eacute;pondent &eacute;galement de divers crimes commis en 1994 par des membres de leur parti, les jeunes en particulier.\n<\/p>\n<p >\nSans nier que des partisans du MRND se soient rendus coupables d'exactions contre les Tutsis en 1994, les deux accus&eacute;s r&eacute;torquent qu'il n'existait pas de lien de subordination entre eux et les auteurs de ces crimes.\n<\/p>\n<p >\nAvant d'entendre les conclusions finales des parties, &agrave; une date qui reste encore &agrave; fixer, le chambre effectuera une visite des lieux au Rwanda du 20 au 25 f&eacute;vrier prochains.\n<\/p>\n<p >\nAccompagn&eacute;s des repr&eacute;sentants de la d&eacute;fens et de la poursuite, les juges Dennis Byron, Gustave Kam et Vagn Joensen, se rendront &agrave; Kigali, la capitale rwandaise, et &agrave; Kibuye, dans l'ouest du pays, selon une ordonnance publi&eacute;e lundi sur le site internet du tribunal.\n<\/p>\n<p >\nLe TPIR s'est d&eacute;j&agrave; transport&eacute; &agrave; plusieurs occasions au Rwanda et chaque fois, en l'absence des accus&eacute;s.\n<\/p>\n<p >\nNI-ER\/GF\n<\/p>\n<p>\n&copy; Agence Hirondelle<\/p>\n","protected":false},"excerpt":{"rendered":"<p>Arusha, 3 f&eacute;vrier 2011 (FH) - L'audition par le Tribunal p&eacute;nal international pour le Rwanda (TPIR) de l'ancien pr&eacute;sident du MRND, Matthieu Ngirumpatse, qui d&eacute;pose pour sa d&eacute;fense depuis le 10 janvier, a &eacute;t&eacute; report&eacute;e jeudi au 15 f&eacute;vrier, a constat&eacute; l'agence de presse Hirondelle.<\/p>\n","protected":false},"author":64,"featured_media":0,"comment_status":"open","ping_status":"closed","sticky":false,"template":"","format":"standard","meta":{"_acf_changed":false,"footnotes":""},"categories":[554],"tags":[],"ji_location":[],"class_list":["post-12708","post","type-post","status-publish","format-standard","hentry","category-hirondellenews"],"acf":[],"yoast_head":"<!-- This site is optimized with the Yoast SEO Premium plugin v25.3.1 (Yoast SEO v25.3.1) - https:\/\/yoast.com\/wordpress\/plugins\/seo\/ -->\n<title>03.02.11 - TPIR\/KAREMERA - L&#039;AUDITION DE L&#039;EX-PRESIDENT DU MRND REP0RTEE AU 15 FEVRIER - JusticeInfo.net<\/title>\n<meta name=\"robots\" content=\"index, follow, max-snippet:-1, max-image-preview:large, max-video-preview:-1\" \/>\n<link rel=\"canonical\" href=\"https:\/\/www.justiceinfo.net\/fr\/12708-030211-tpirkaremera-laudition-de-lex-president-du-mrnd-rep0rtee-au-15-fevrier9516.html\" \/>\n<meta property=\"og:locale\" content=\"fr_FR\" \/>\n<meta property=\"og:type\" content=\"article\" \/>\n<meta property=\"og:title\" content=\"03.02.11 - TPIR\/KAREMERA - L&#039;AUDITION DE L&#039;EX-PRESIDENT DU MRND REP0RTEE AU 15 FEVRIER\" \/>\n<meta property=\"og:description\" content=\"Arusha, 3 f&eacute;vrier 2011 (FH) - L&#039;audition par le Tribunal p&eacute;nal international pour le Rwanda (TPIR) de l&#039;ancien pr&eacute;sident du MRND, Matthieu Ngirumpatse, qui d&eacute;pose pour sa d&eacute;fense depuis le 10 janvier, a &eacute;t&eacute; report&eacute;e jeudi au 15 f&eacute;vrier, a constat&eacute; l&#039;agence de presse Hirondelle.\" \/>\n<meta property=\"og:url\" content=\"https:\/\/www.justiceinfo.net\/fr\/12708-030211-tpirkaremera-laudition-de-lex-president-du-mrnd-rep0rtee-au-15-fevrier9516.html\" \/>\n<meta property=\"og:site_name\" content=\"JusticeInfo.net\" \/>\n<meta property=\"article:publisher\" content=\"https:\/\/www.facebook.com\/JusticeInfo\/\" \/>\n<meta property=\"article:published_time\" content=\"2011-02-02T23:00:00+00:00\" \/>\n<meta property=\"og:image\" content=\"https:\/\/www.justiceinfo.net\/wp-content\/uploads\/JusticeInfoNet_logo_1200x630px.jpg\" \/>\n\t<meta property=\"og:image:width\" content=\"1200\" \/>\n\t<meta property=\"og:image:height\" content=\"630\" \/>\n\t<meta property=\"og:image:type\" content=\"image\/jpeg\" \/>\n<meta name=\"author\" content=\"solivri\" \/>\n<meta name=\"twitter:card\" content=\"summary_large_image\" \/>\n<meta name=\"twitter:creator\" content=\"@justiceinfonet\" \/>\n<meta name=\"twitter:site\" content=\"@justiceinfonet\" \/>\n<meta name=\"twitter:label1\" content=\"\u00c9crit par\" \/>\n\t<meta name=\"twitter:data1\" content=\"solivri\" \/>\n\t<meta name=\"twitter:label2\" content=\"Dur\u00e9e de lecture estim\u00e9e\" \/>\n\t<meta name=\"twitter:data2\" content=\"2 minutes\" \/>\n<script type=\"application\/ld+json\" class=\"yoast-schema-graph\">{\"@context\":\"https:\/\/schema.org\",\"@graph\":[{\"@type\":\"NewsArticle\",\"@id\":\"https:\/\/www.justiceinfo.net\/fr\/12708-030211-tpirkaremera-laudition-de-lex-president-du-mrnd-rep0rtee-au-15-fevrier9516.html#article\",\"isPartOf\":{\"@id\":\"https:\/\/www.justiceinfo.net\/fr\/12708-030211-tpirkaremera-laudition-de-lex-president-du-mrnd-rep0rtee-au-15-fevrier9516.html\"},\"author\":{\"name\":\"solivri\",\"@id\":\"https:\/\/www.justiceinfo.net\/fr#\/schema\/person\/6e53cba1629e2e66f3fc1821d3091865\"},\"headline\":\"03.02.11 - TPIR\/KAREMERA - L'AUDITION DE L'EX-PRESIDENT DU MRND REP0RTEE AU 15 FEVRIER\",\"datePublished\":\"2011-02-02T23:00:00+00:00\",\"mainEntityOfPage\":{\"@id\":\"https:\/\/www.justiceinfo.net\/fr\/12708-030211-tpirkaremera-laudition-de-lex-president-du-mrnd-rep0rtee-au-15-fevrier9516.html\"},\"wordCount\":407,\"commentCount\":0,\"publisher\":{\"@id\":\"https:\/\/www.justiceinfo.net\/fr#organization\"},\"articleSection\":[\"Hirondelle News\"],\"inLanguage\":\"fr-FR\",\"potentialAction\":[{\"@type\":\"CommentAction\",\"name\":\"Comment\",\"target\":[\"https:\/\/www.justiceinfo.net\/fr\/12708-030211-tpirkaremera-laudition-de-lex-president-du-mrnd-rep0rtee-au-15-fevrier9516.html#respond\"]}]},{\"@type\":\"WebPage\",\"@id\":\"https:\/\/www.justiceinfo.net\/fr\/12708-030211-tpirkaremera-laudition-de-lex-president-du-mrnd-rep0rtee-au-15-fevrier9516.html\",\"url\":\"https:\/\/www.justiceinfo.net\/fr\/12708-030211-tpirkaremera-laudition-de-lex-president-du-mrnd-rep0rtee-au-15-fevrier9516.html\",\"name\":\"03.02.11 - TPIR\/KAREMERA - L'AUDITION DE L'EX-PRESIDENT DU MRND REP0RTEE AU 15 FEVRIER - JusticeInfo.net\",\"isPartOf\":{\"@id\":\"https:\/\/www.justiceinfo.net\/fr#website\"},\"datePublished\":\"2011-02-02T23:00:00+00:00\",\"breadcrumb\":{\"@id\":\"https:\/\/www.justiceinfo.net\/fr\/12708-030211-tpirkaremera-laudition-de-lex-president-du-mrnd-rep0rtee-au-15-fevrier9516.html#breadcrumb\"},\"inLanguage\":\"fr-FR\",\"potentialAction\":[{\"@type\":\"ReadAction\",\"target\":[\"https:\/\/www.justiceinfo.net\/fr\/12708-030211-tpirkaremera-laudition-de-lex-president-du-mrnd-rep0rtee-au-15-fevrier9516.html\"]}]},{\"@type\":\"BreadcrumbList\",\"@id\":\"https:\/\/www.justiceinfo.net\/fr\/12708-030211-tpirkaremera-laudition-de-lex-president-du-mrnd-rep0rtee-au-15-fevrier9516.html#breadcrumb\",\"itemListElement\":[{\"@type\":\"ListItem\",\"position\":1,\"name\":\"Home\",\"item\":\"https:\/\/www.justiceinfo.net\/fr\"},{\"@type\":\"ListItem\",\"position\":2,\"name\":\"03.02.11 - TPIR\/KAREMERA - L'AUDITION DE L'EX-PRESIDENT DU MRND REP0RTEE AU 15 FEVRIER\"}]},{\"@type\":\"WebSite\",\"@id\":\"https:\/\/www.justiceinfo.net\/fr#website\",\"url\":\"https:\/\/www.justiceinfo.net\/fr\",\"name\":\"JusticeInfo.net\",\"description\":\"La justice doit \u00eatre vue pour \u00eatre rendue\",\"publisher\":{\"@id\":\"https:\/\/www.justiceinfo.net\/fr#organization\"},\"potentialAction\":[{\"@type\":\"SearchAction\",\"target\":{\"@type\":\"EntryPoint\",\"urlTemplate\":\"https:\/\/www.justiceinfo.net\/fr?s={search_term_string}\"},\"query-input\":{\"@type\":\"PropertyValueSpecification\",\"valueRequired\":true,\"valueName\":\"search_term_string\"}}],\"inLanguage\":\"fr-FR\"},{\"@type\":\"Organization\",\"@id\":\"https:\/\/www.justiceinfo.net\/fr#organization\",\"name\":\"Justice Info\",\"url\":\"https:\/\/www.justiceinfo.net\/fr\",\"logo\":{\"@type\":\"ImageObject\",\"inLanguage\":\"fr-FR\",\"@id\":\"https:\/\/www.justiceinfo.net\/fr#\/schema\/logo\/image\/\",\"url\":\"https:\/\/www.justiceinfo.net\/wp-content\/uploads\/justiceinfo_logo-trans_1200x1200px.png\",\"contentUrl\":\"https:\/\/www.justiceinfo.net\/wp-content\/uploads\/justiceinfo_logo-trans_1200x1200px.png\",\"width\":1199,\"height\":1200,\"caption\":\"Justice Info\"},\"image\":{\"@id\":\"https:\/\/www.justiceinfo.net\/fr#\/schema\/logo\/image\/\"},\"sameAs\":[\"https:\/\/www.facebook.com\/JusticeInfo\/\",\"https:\/\/x.com\/justiceinfonet\",\"https:\/\/www.linkedin.com\/company\/justice-info\",\"https:\/\/www.youtube.com\/channel\/UCyCEsARodyuWtkWyhn-e7pA\"]},{\"@type\":\"Person\",\"name\":\"solivri\",\"url\":\"\/fr\/?s=solivri\"}]}<\/script>\n<!-- \/ Yoast SEO Premium plugin. -->","yoast_head_json":{"title":"03.02.11 - TPIR\/KAREMERA - L'AUDITION DE L'EX-PRESIDENT DU MRND REP0RTEE AU 15 FEVRIER - JusticeInfo.net","robots":{"index":"index","follow":"follow","max-snippet":"max-snippet:-1","max-image-preview":"max-image-preview:large","max-video-preview":"max-video-preview:-1"},"canonical":"https:\/\/www.justiceinfo.net\/fr\/12708-030211-tpirkaremera-laudition-de-lex-president-du-mrnd-rep0rtee-au-15-fevrier9516.html","og_locale":"fr_FR","og_type":"article","og_title":"03.02.11 - TPIR\/KAREMERA - L'AUDITION DE L'EX-PRESIDENT DU MRND REP0RTEE AU 15 FEVRIER","og_description":"Arusha, 3 f&eacute;vrier 2011 (FH) - L'audition par le Tribunal p&eacute;nal international pour le Rwanda (TPIR) de l'ancien pr&eacute;sident du MRND, Matthieu Ngirumpatse, qui d&eacute;pose pour sa d&eacute;fense depuis le 10 janvier, a &eacute;t&eacute; report&eacute;e jeudi au 15 f&eacute;vrier, a constat&eacute; l'agence de presse Hirondelle.","og_url":"https:\/\/www.justiceinfo.net\/fr\/12708-030211-tpirkaremera-laudition-de-lex-president-du-mrnd-rep0rtee-au-15-fevrier9516.html","og_site_name":"JusticeInfo.net","article_publisher":"https:\/\/www.facebook.com\/JusticeInfo\/","article_published_time":"2011-02-02T23:00:00+00:00","og_image":[{"width":1200,"height":630,"url":"https:\/\/www.justiceinfo.net\/wp-content\/uploads\/JusticeInfoNet_logo_1200x630px.jpg","type":"image\/jpeg"}],"author":"solivri","twitter_card":"summary_large_image","twitter_creator":"@justiceinfonet","twitter_site":"@justiceinfonet","twitter_misc":{"\u00c9crit par":"solivri","Dur\u00e9e de lecture estim\u00e9e":"2 minutes"},"schema":{"@context":"https:\/\/schema.org","@graph":[{"@type":"NewsArticle","@id":"https:\/\/www.justiceinfo.net\/fr\/12708-030211-tpirkaremera-laudition-de-lex-president-du-mrnd-rep0rtee-au-15-fevrier9516.html#article","isPartOf":{"@id":"https:\/\/www.justiceinfo.net\/fr\/12708-030211-tpirkaremera-laudition-de-lex-president-du-mrnd-rep0rtee-au-15-fevrier9516.html"},"author":{"name":"solivri","@id":"https:\/\/www.justiceinfo.net\/fr#\/schema\/person\/6e53cba1629e2e66f3fc1821d3091865"},"headline":"03.02.11 - TPIR\/KAREMERA - L'AUDITION DE L'EX-PRESIDENT DU MRND REP0RTEE AU 15 FEVRIER","datePublished":"2011-02-02T23:00:00+00:00","mainEntityOfPage":{"@id":"https:\/\/www.justiceinfo.net\/fr\/12708-030211-tpirkaremera-laudition-de-lex-president-du-mrnd-rep0rtee-au-15-fevrier9516.html"},"wordCount":407,"commentCount":0,"publisher":{"@id":"https:\/\/www.justiceinfo.net\/fr#organization"},"articleSection":["Hirondelle News"],"inLanguage":"fr-FR","potentialAction":[{"@type":"CommentAction","name":"Comment","target":["https:\/\/www.justiceinfo.net\/fr\/12708-030211-tpirkaremera-laudition-de-lex-president-du-mrnd-rep0rtee-au-15-fevrier9516.html#respond"]}]},{"@type":"WebPage","@id":"https:\/\/www.justiceinfo.net\/fr\/12708-030211-tpirkaremera-laudition-de-lex-president-du-mrnd-rep0rtee-au-15-fevrier9516.html","url":"https:\/\/www.justiceinfo.net\/fr\/12708-030211-tpirkaremera-laudition-de-lex-president-du-mrnd-rep0rtee-au-15-fevrier9516.html","name":"03.02.11 - TPIR\/KAREMERA - L'AUDITION DE L'EX-PRESIDENT DU MRND REP0RTEE AU 15 FEVRIER - JusticeInfo.net","isPartOf":{"@id":"https:\/\/www.justiceinfo.net\/fr#website"},"datePublished":"2011-02-02T23:00:00+00:00","breadcrumb":{"@id":"https:\/\/www.justiceinfo.net\/fr\/12708-030211-tpirkaremera-laudition-de-lex-president-du-mrnd-rep0rtee-au-15-fevrier9516.html#breadcrumb"},"inLanguage":"fr-FR","potentialAction":[{"@type":"ReadAction","target":["https:\/\/www.justiceinfo.net\/fr\/12708-030211-tpirkaremera-laudition-de-lex-president-du-mrnd-rep0rtee-au-15-fevrier9516.html"]}]},{"@type":"BreadcrumbList","@id":"https:\/\/www.justiceinfo.net\/fr\/12708-030211-tpirkaremera-laudition-de-lex-president-du-mrnd-rep0rtee-au-15-fevrier9516.html#breadcrumb","itemListElement":[{"@type":"ListItem","position":1,"name":"Home","item":"https:\/\/www.justiceinfo.net\/fr"},{"@type":"ListItem","position":2,"name":"03.02.11 - TPIR\/KAREMERA - L'AUDITION DE L'EX-PRESIDENT DU MRND REP0RTEE AU 15 FEVRIER"}]},{"@type":"WebSite","@id":"https:\/\/www.justiceinfo.net\/fr#website","url":"https:\/\/www.justiceinfo.net\/fr","name":"JusticeInfo.net","description":"La justice doit \u00eatre vue pour \u00eatre rendue","publisher":{"@id":"https:\/\/www.justiceinfo.net\/fr#organization"},"potentialAction":[{"@type":"SearchAction","target":{"@type":"EntryPoint","urlTemplate":"https:\/\/www.justiceinfo.net\/fr?s={search_term_string}"},"query-input":{"@type":"PropertyValueSpecification","valueRequired":true,"valueName":"search_term_string"}}],"inLanguage":"fr-FR"},{"@type":"Organization","@id":"https:\/\/www.justiceinfo.net\/fr#organization","name":"Justice Info","url":"https:\/\/www.justiceinfo.net\/fr","logo":{"@type":"ImageObject","inLanguage":"fr-FR","@id":"https:\/\/www.justiceinfo.net\/fr#\/schema\/logo\/image\/","url":"https:\/\/www.justiceinfo.net\/wp-content\/uploads\/justiceinfo_logo-trans_1200x1200px.png","contentUrl":"https:\/\/www.justiceinfo.net\/wp-content\/uploads\/justiceinfo_logo-trans_1200x1200px.png","width":1199,"height":1200,"caption":"Justice Info"},"image":{"@id":"https:\/\/www.justiceinfo.net\/fr#\/schema\/logo\/image\/"},"sameAs":["https:\/\/www.facebook.com\/JusticeInfo\/","https:\/\/x.com\/justiceinfonet","https:\/\/www.linkedin.com\/company\/justice-info","https:\/\/www.youtube.com\/channel\/UCyCEsARodyuWtkWyhn-e7pA"]},{"@type":"Person","name":"solivri","url":"\/fr\/?s=solivri"}]}},"_links":{"self":[{"href":"https:\/\/www.justiceinfo.net\/fr\/wp-json\/wp\/v2\/posts\/12708","targetHints":{"allow":["GET"]}}],"collection":[{"href":"https:\/\/www.justiceinfo.net\/fr\/wp-json\/wp\/v2\/posts"}],"about":[{"href":"https:\/\/www.justiceinfo.net\/fr\/wp-json\/wp\/v2\/types\/post"}],"author":[{"embeddable":true,"href":"https:\/\/www.justiceinfo.net\/fr\/wp-json\/wp\/v2\/users\/64"}],"replies":[{"embeddable":true,"href":"https:\/\/www.justiceinfo.net\/fr\/wp-json\/wp\/v2\/comments?post=12708"}],"version-history":[{"count":0,"href":"https:\/\/www.justiceinfo.net\/fr\/wp-json\/wp\/v2\/posts\/12708\/revisions"}],"wp:attachment":[{"href":"https:\/\/www.justiceinfo.net\/fr\/wp-json\/wp\/v2\/media?parent=12708"}],"wp:term":[{"taxonomy":"category","embeddable":true,"href":"https:\/\/www.justiceinfo.net\/fr\/wp-json\/wp\/v2\/categories?post=12708"},{"taxonomy":"post_tag","embeddable":true,"href":"https:\/\/www.justiceinfo.net\/fr\/wp-json\/wp\/v2\/tags?post=12708"},{"taxonomy":"ji_location","embeddable":true,"href":"https:\/\/www.justiceinfo.net\/fr\/wp-json\/wp\/v2\/ji_location?post=12708"}],"curies":[{"name":"wp","href":"https:\/\/api.w.org\/{rel}","templated":true}]}}