{"id":12714,"date":"2011-02-03T00:00:00","date_gmt":"2011-02-02T23:00:00","guid":{"rendered":"https:\/\/www.justiceinfo.net\/12714-030211-tssltaylor-requisitoire-contre-charles-taylor-la-semaine-prochaine9522.html"},"modified":"2011-02-03T00:00:00","modified_gmt":"2011-02-02T23:00:00","slug":"030211-tssltaylor-requisitoire-contre-charles-taylor-la-semaine-prochaine9522","status":"publish","type":"post","link":"https:\/\/www.justiceinfo.net\/fr\/12714-030211-tssltaylor-requisitoire-contre-charles-taylor-la-semaine-prochaine9522.html","title":{"rendered":"03.02.11 - TSSL\/TAYLOR - REQUISITOIRE CONTRE CHARLES TAYLOR LA SEMAINE PROCHAINE"},"content":{"rendered":"<p>La Haye, le 3 f&eacute;vrier 2011 (FH) - Le proc&egrave;s intent&eacute; contre Charles Taylor devant le Tribunal sp&eacute;cial pour la Sierra L&eacute;one (TSSL) doit prendre fin la semaine prochaine, avec le r&eacute;quisitoire du procureur et les plaidoiries de la d&eacute;fense, les 8 et 9 f&eacute;vrier. L'ancien pr&eacute;sident du Lib&eacute;ria doit r&eacute;pondre de onze chefs d'accusations pour crimes contre l'humanit&eacute; et crimes de guerre commis en Sierra L&eacute;one entre 1996 et 2002. Selon le procureur, Charles Taylor a soutenu les miliciens du Front r&eacute;volutionnaire uni (RUF) pour pouvoir s'emparer des richesses diamantif&egrave;res de la Sierra L&eacute;one. Le chef de guerre fournissait armes, munitions, et moyens de communications aux rebelles, contre des diamants, selon l'accusation.<br \/>\n<!--more--><\/p>\n<p >\n<p >\n<p >\nAu cours des trois ann&eacute;es de proc&egrave;s, le procureur a appel&eacute; 94 t&eacute;moins &agrave; la barre, dont 31 &laquo; insiders &raquo;, des proches de Charles Taylor qui se sont retourn&eacute;s contre lui. La d&eacute;fense avait promis d'appeler 249 t&eacute;moins, mais seuls 20 d'entre eux ont comparu.\n<\/p>\n<p >\n<p >\nCharles Taylor n'a pas ni&eacute; pas les horreurs de la guerre de Sierra L&eacute;one. Mais a rejet&eacute; toute responsabilit&eacute; et ni&eacute; en bloc toute participation dans le trafic de diamants. &laquo; Je ne suis pas le cr&eacute;tin auquel on apportait des diamants dans des pots de mayonnaise &raquo;, avait-il lanc&eacute; aux trois juges. Vingt-cinq t&eacute;moins ont d&eacute;pos&eacute; sur ces &eacute;changes, mais les individus directement &laquo; impliqu&eacute;s dans la remise des diamants &agrave; Charles Taylor sont morts &raquo;, affirme le procureur. Et les deux alli&eacute;s cl&eacute;s de Charles Taylor, Ibrahim Bah, &laquo; le financier &raquo;, soup&ccedil;onn&eacute; de liens avec la mouvance Al-Qa&iuml;da et son bras droit, Benjamin Yeaten, n'ont pas t&eacute;moign&eacute; et n'ont jamais &eacute;t&eacute; inculp&eacute;s. Le procureur a aussi d&eacute;pos&eacute; de nombreuses pi&egrave;ces sur le trafic d'armes, dans lequel &eacute;tait notamment impliqu&eacute; le trafiquant notoire, Viktor Bout, qui avait inspir&eacute; le film &laquo; Lord of War &raquo;. Dix ans de guerre, plus de 150 000 morts, des dizaines de milliers de personnes amput&eacute;es : un sombre bilan qui ne plait gu&egrave;re &agrave; celui qui se r&ecirc;ve en h&eacute;ros de la r&eacute;volution panafricaine. &laquo; Une r&eacute;volution manqu&eacute;e &raquo;, pour l'un des experts du procureur. Charles Taylor l'a racont&eacute; par le menu, au cours de ses sept mois de t&eacute;moignage.\n<\/p>\n<p >\n<p >\nCette &laquo; r&eacute;volution &raquo; commence au milieu des ann&eacute;es 1980. Apr&egrave;s son &eacute;vasion d'une prison de Porsmouth, aux Etats-Unis, avec la complicit&eacute; du FBI, a-t-il racont&eacute;, il avait rejoint les camps d'entra&icirc;nement de Mouammar Kadhafi en Libye. Avec le soutien de son voisin burkinab&egrave;, Blaise Compaor&eacute;, Charles Taylor s'est empar&eacute; du Lib&eacute;ria avant d'exporter sa guerre en Sierra L&eacute;one. Pour son avocat, ma&icirc;tre Courtenay Griffiths, un Britannique n&eacute; &agrave; la Jama&iuml;que, &laquo; si Charles Taylor s'est impliqu&eacute; en Sierra L&eacute;one, c'est pour la paix &raquo;.\n<\/p>\n<p >\n<p >\nPremier chef d'Etat jug&eacute; devant un tribunal international - Slobodan Milosevic est d&eacute;c&eacute;d&eacute; &agrave; quelques mois du jugement - Charles Taylor a &eacute;t&eacute; trahi. Par ses anciens associ&eacute;s qui ont d&eacute;fil&eacute; &agrave; la barre. Par ses homologues africains, aussi. L'ancien pr&eacute;sident du Lib&eacute;ria avait &eacute;t&eacute; mis en accusation en 2003, alors qu'il se rendait au Ghana pour des n&eacute;gociations de paix. Olusegun Obasanjo, alors pr&eacute;sident du Nigeria, lui avait alors offert un exil confortable &agrave; Calabar. Mais le 29 mars 2006, Charles Taylor &eacute;tait arr&ecirc;t&eacute; alors qu'il s'appr&ecirc;tait &agrave; franchir la fronti&egrave;re, pour entrer au Tchad. Depuis, une question taraude l'accus&eacute;. &laquo; Pourquoi [M. Obasanjo] a-t-il menti ? En tant qu'ami et fr&egrave;re, je pense qu'il doit dire la v&eacute;rit&eacute; &raquo;. Mais Charles Taylor ne l'a pas invit&eacute; &agrave; la barre du tribunal. Selon plusieurs sources, sa d&eacute;position aurait pu desservir l'accus&eacute;.\n<\/p>\n<p >\n<p >\nArr&ecirc;t&eacute;, Charles Taylor est alors transf&eacute;r&eacute; aux Pays-Bas. Ellen Johnson Sirleaf, pr&eacute;sidente du Lib&eacute;ria, ne voulait pas du chef de guerre dans la r&eacute;gion, m&ecirc;me derri&egrave;re les barreaux. Le gouvernement n&eacute;erlandais a accept&eacute; &agrave; une condition. Qu'il purge sa peine dans un autre Etat. Le Royaume Uni s'est port&eacute; candidat.\n<\/p>\n<p >\n<p >\nCr&eacute;&eacute; en 2002, au terme d'un accord entre le gouvernement sierra-l&eacute;onais et les Nations unies, le tribunal sp&eacute;cial pour la Sierra L&eacute;one a jug&eacute; huit responsables de la guerre. Un accus&eacute; est d&eacute;c&eacute;d&eacute; au cours de son proc&egrave;s, l'ancien chef du RUF, Foday Sankoh, est mort dans sa cellule avant le d&eacute;but de son proc&egrave;s, et deux autres accus&eacute;s sont morts avant leur arrestation.\n<\/p>\n<p >\n<p >\nSM\/ER\n<\/p>\n<p>\n&copy; Agence Hirondelle<\/p>\n","protected":false},"excerpt":{"rendered":"<p>La Haye, le 3 f&eacute;vrier 2011 (FH) - Le proc&egrave;s intent&eacute; contre Charles Taylor devant le Tribunal sp&eacute;cial pour la Sierra L&eacute;one (TSSL) doit prendre fin la semaine prochaine, avec le r&eacute;quisitoire du procureur et les plaidoiries de la d&eacute;fense, les 8 et 9 f&eacute;vrier. L'ancien pr&eacute;sident du Lib&eacute;ria doit r&eacute;pondre de onze chefs d'accusations [&hellip;]<\/p>\n","protected":false},"author":64,"featured_media":0,"comment_status":"open","ping_status":"closed","sticky":false,"template":"","format":"standard","meta":{"_acf_changed":false,"footnotes":""},"categories":[554],"tags":[],"ji_location":[],"class_list":["post-12714","post","type-post","status-publish","format-standard","hentry","category-hirondellenews"],"acf":[],"yoast_head":"<!-- This site is optimized with the Yoast SEO Premium plugin v25.3.1 (Yoast SEO v25.3.1) - https:\/\/yoast.com\/wordpress\/plugins\/seo\/ -->\n<title>03.02.11 - TSSL\/TAYLOR - REQUISITOIRE CONTRE CHARLES TAYLOR LA SEMAINE PROCHAINE - JusticeInfo.net<\/title>\n<meta name=\"robots\" content=\"index, follow, max-snippet:-1, max-image-preview:large, max-video-preview:-1\" \/>\n<link rel=\"canonical\" href=\"https:\/\/www.justiceinfo.net\/fr\/12714-030211-tssltaylor-requisitoire-contre-charles-taylor-la-semaine-prochaine9522.html\" \/>\n<meta property=\"og:locale\" content=\"fr_FR\" \/>\n<meta property=\"og:type\" content=\"article\" \/>\n<meta property=\"og:title\" content=\"03.02.11 - TSSL\/TAYLOR - REQUISITOIRE CONTRE CHARLES TAYLOR LA SEMAINE PROCHAINE\" \/>\n<meta property=\"og:description\" content=\"La Haye, le 3 f&eacute;vrier 2011 (FH) - Le proc&egrave;s intent&eacute; contre Charles Taylor devant le Tribunal sp&eacute;cial pour la Sierra L&eacute;one (TSSL) doit prendre fin la semaine prochaine, avec le r&eacute;quisitoire du procureur et les plaidoiries de la d&eacute;fense, les 8 et 9 f&eacute;vrier. L&#039;ancien pr&eacute;sident du Lib&eacute;ria doit r&eacute;pondre de onze chefs d&#039;accusations [&hellip;]\" \/>\n<meta property=\"og:url\" content=\"https:\/\/www.justiceinfo.net\/fr\/12714-030211-tssltaylor-requisitoire-contre-charles-taylor-la-semaine-prochaine9522.html\" \/>\n<meta property=\"og:site_name\" content=\"JusticeInfo.net\" \/>\n<meta property=\"article:publisher\" content=\"https:\/\/www.facebook.com\/JusticeInfo\/\" \/>\n<meta property=\"article:published_time\" content=\"2011-02-02T23:00:00+00:00\" \/>\n<meta property=\"og:image\" content=\"https:\/\/www.justiceinfo.net\/wp-content\/uploads\/JusticeInfoNet_logo_1200x630px.jpg\" \/>\n\t<meta property=\"og:image:width\" content=\"1200\" \/>\n\t<meta property=\"og:image:height\" content=\"630\" \/>\n\t<meta property=\"og:image:type\" content=\"image\/jpeg\" \/>\n<meta name=\"author\" content=\"solivri\" \/>\n<meta name=\"twitter:card\" content=\"summary_large_image\" \/>\n<meta name=\"twitter:creator\" content=\"@justiceinfonet\" \/>\n<meta name=\"twitter:site\" content=\"@justiceinfonet\" \/>\n<meta name=\"twitter:label1\" content=\"\u00c9crit par\" \/>\n\t<meta name=\"twitter:data1\" content=\"solivri\" \/>\n\t<meta name=\"twitter:label2\" content=\"Dur\u00e9e de lecture estim\u00e9e\" \/>\n\t<meta name=\"twitter:data2\" content=\"5 minutes\" \/>\n<script type=\"application\/ld+json\" class=\"yoast-schema-graph\">{\"@context\":\"https:\/\/schema.org\",\"@graph\":[{\"@type\":\"NewsArticle\",\"@id\":\"https:\/\/www.justiceinfo.net\/fr\/12714-030211-tssltaylor-requisitoire-contre-charles-taylor-la-semaine-prochaine9522.html#article\",\"isPartOf\":{\"@id\":\"https:\/\/www.justiceinfo.net\/fr\/12714-030211-tssltaylor-requisitoire-contre-charles-taylor-la-semaine-prochaine9522.html\"},\"author\":{\"name\":\"solivri\",\"@id\":\"https:\/\/www.justiceinfo.net\/fr#\/schema\/person\/6e53cba1629e2e66f3fc1821d3091865\"},\"headline\":\"03.02.11 - TSSL\/TAYLOR - REQUISITOIRE CONTRE CHARLES TAYLOR LA SEMAINE PROCHAINE\",\"datePublished\":\"2011-02-02T23:00:00+00:00\",\"mainEntityOfPage\":{\"@id\":\"https:\/\/www.justiceinfo.net\/fr\/12714-030211-tssltaylor-requisitoire-contre-charles-taylor-la-semaine-prochaine9522.html\"},\"wordCount\":949,\"commentCount\":0,\"publisher\":{\"@id\":\"https:\/\/www.justiceinfo.net\/fr#organization\"},\"articleSection\":[\"Hirondelle News\"],\"inLanguage\":\"fr-FR\",\"potentialAction\":[{\"@type\":\"CommentAction\",\"name\":\"Comment\",\"target\":[\"https:\/\/www.justiceinfo.net\/fr\/12714-030211-tssltaylor-requisitoire-contre-charles-taylor-la-semaine-prochaine9522.html#respond\"]}]},{\"@type\":\"WebPage\",\"@id\":\"https:\/\/www.justiceinfo.net\/fr\/12714-030211-tssltaylor-requisitoire-contre-charles-taylor-la-semaine-prochaine9522.html\",\"url\":\"https:\/\/www.justiceinfo.net\/fr\/12714-030211-tssltaylor-requisitoire-contre-charles-taylor-la-semaine-prochaine9522.html\",\"name\":\"03.02.11 - TSSL\/TAYLOR - REQUISITOIRE CONTRE CHARLES TAYLOR LA SEMAINE PROCHAINE - JusticeInfo.net\",\"isPartOf\":{\"@id\":\"https:\/\/www.justiceinfo.net\/fr#website\"},\"datePublished\":\"2011-02-02T23:00:00+00:00\",\"breadcrumb\":{\"@id\":\"https:\/\/www.justiceinfo.net\/fr\/12714-030211-tssltaylor-requisitoire-contre-charles-taylor-la-semaine-prochaine9522.html#breadcrumb\"},\"inLanguage\":\"fr-FR\",\"potentialAction\":[{\"@type\":\"ReadAction\",\"target\":[\"https:\/\/www.justiceinfo.net\/fr\/12714-030211-tssltaylor-requisitoire-contre-charles-taylor-la-semaine-prochaine9522.html\"]}]},{\"@type\":\"BreadcrumbList\",\"@id\":\"https:\/\/www.justiceinfo.net\/fr\/12714-030211-tssltaylor-requisitoire-contre-charles-taylor-la-semaine-prochaine9522.html#breadcrumb\",\"itemListElement\":[{\"@type\":\"ListItem\",\"position\":1,\"name\":\"Home\",\"item\":\"https:\/\/www.justiceinfo.net\/fr\"},{\"@type\":\"ListItem\",\"position\":2,\"name\":\"03.02.11 - TSSL\/TAYLOR - REQUISITOIRE CONTRE CHARLES TAYLOR LA SEMAINE PROCHAINE\"}]},{\"@type\":\"WebSite\",\"@id\":\"https:\/\/www.justiceinfo.net\/fr#website\",\"url\":\"https:\/\/www.justiceinfo.net\/fr\",\"name\":\"JusticeInfo.net\",\"description\":\"La justice doit \u00eatre vue pour \u00eatre rendue\",\"publisher\":{\"@id\":\"https:\/\/www.justiceinfo.net\/fr#organization\"},\"potentialAction\":[{\"@type\":\"SearchAction\",\"target\":{\"@type\":\"EntryPoint\",\"urlTemplate\":\"https:\/\/www.justiceinfo.net\/fr?s={search_term_string}\"},\"query-input\":{\"@type\":\"PropertyValueSpecification\",\"valueRequired\":true,\"valueName\":\"search_term_string\"}}],\"inLanguage\":\"fr-FR\"},{\"@type\":\"Organization\",\"@id\":\"https:\/\/www.justiceinfo.net\/fr#organization\",\"name\":\"Justice Info\",\"url\":\"https:\/\/www.justiceinfo.net\/fr\",\"logo\":{\"@type\":\"ImageObject\",\"inLanguage\":\"fr-FR\",\"@id\":\"https:\/\/www.justiceinfo.net\/fr#\/schema\/logo\/image\/\",\"url\":\"https:\/\/www.justiceinfo.net\/wp-content\/uploads\/justiceinfo_logo-trans_1200x1200px.png\",\"contentUrl\":\"https:\/\/www.justiceinfo.net\/wp-content\/uploads\/justiceinfo_logo-trans_1200x1200px.png\",\"width\":1199,\"height\":1200,\"caption\":\"Justice Info\"},\"image\":{\"@id\":\"https:\/\/www.justiceinfo.net\/fr#\/schema\/logo\/image\/\"},\"sameAs\":[\"https:\/\/www.facebook.com\/JusticeInfo\/\",\"https:\/\/x.com\/justiceinfonet\",\"https:\/\/www.linkedin.com\/company\/justice-info\",\"https:\/\/www.youtube.com\/channel\/UCyCEsARodyuWtkWyhn-e7pA\"]},{\"@type\":\"Person\",\"name\":\"solivri\",\"url\":\"\/fr\/?s=solivri\"}]}<\/script>\n<!-- \/ Yoast SEO Premium plugin. -->","yoast_head_json":{"title":"03.02.11 - TSSL\/TAYLOR - REQUISITOIRE CONTRE CHARLES TAYLOR LA SEMAINE PROCHAINE - JusticeInfo.net","robots":{"index":"index","follow":"follow","max-snippet":"max-snippet:-1","max-image-preview":"max-image-preview:large","max-video-preview":"max-video-preview:-1"},"canonical":"https:\/\/www.justiceinfo.net\/fr\/12714-030211-tssltaylor-requisitoire-contre-charles-taylor-la-semaine-prochaine9522.html","og_locale":"fr_FR","og_type":"article","og_title":"03.02.11 - TSSL\/TAYLOR - REQUISITOIRE CONTRE CHARLES TAYLOR LA SEMAINE PROCHAINE","og_description":"La Haye, le 3 f&eacute;vrier 2011 (FH) - Le proc&egrave;s intent&eacute; contre Charles Taylor devant le Tribunal sp&eacute;cial pour la Sierra L&eacute;one (TSSL) doit prendre fin la semaine prochaine, avec le r&eacute;quisitoire du procureur et les plaidoiries de la d&eacute;fense, les 8 et 9 f&eacute;vrier. L'ancien pr&eacute;sident du Lib&eacute;ria doit r&eacute;pondre de onze chefs d'accusations [&hellip;]","og_url":"https:\/\/www.justiceinfo.net\/fr\/12714-030211-tssltaylor-requisitoire-contre-charles-taylor-la-semaine-prochaine9522.html","og_site_name":"JusticeInfo.net","article_publisher":"https:\/\/www.facebook.com\/JusticeInfo\/","article_published_time":"2011-02-02T23:00:00+00:00","og_image":[{"width":1200,"height":630,"url":"https:\/\/www.justiceinfo.net\/wp-content\/uploads\/JusticeInfoNet_logo_1200x630px.jpg","type":"image\/jpeg"}],"author":"solivri","twitter_card":"summary_large_image","twitter_creator":"@justiceinfonet","twitter_site":"@justiceinfonet","twitter_misc":{"\u00c9crit par":"solivri","Dur\u00e9e de lecture estim\u00e9e":"5 minutes"},"schema":{"@context":"https:\/\/schema.org","@graph":[{"@type":"NewsArticle","@id":"https:\/\/www.justiceinfo.net\/fr\/12714-030211-tssltaylor-requisitoire-contre-charles-taylor-la-semaine-prochaine9522.html#article","isPartOf":{"@id":"https:\/\/www.justiceinfo.net\/fr\/12714-030211-tssltaylor-requisitoire-contre-charles-taylor-la-semaine-prochaine9522.html"},"author":{"name":"solivri","@id":"https:\/\/www.justiceinfo.net\/fr#\/schema\/person\/6e53cba1629e2e66f3fc1821d3091865"},"headline":"03.02.11 - TSSL\/TAYLOR - REQUISITOIRE CONTRE CHARLES TAYLOR LA SEMAINE PROCHAINE","datePublished":"2011-02-02T23:00:00+00:00","mainEntityOfPage":{"@id":"https:\/\/www.justiceinfo.net\/fr\/12714-030211-tssltaylor-requisitoire-contre-charles-taylor-la-semaine-prochaine9522.html"},"wordCount":949,"commentCount":0,"publisher":{"@id":"https:\/\/www.justiceinfo.net\/fr#organization"},"articleSection":["Hirondelle News"],"inLanguage":"fr-FR","potentialAction":[{"@type":"CommentAction","name":"Comment","target":["https:\/\/www.justiceinfo.net\/fr\/12714-030211-tssltaylor-requisitoire-contre-charles-taylor-la-semaine-prochaine9522.html#respond"]}]},{"@type":"WebPage","@id":"https:\/\/www.justiceinfo.net\/fr\/12714-030211-tssltaylor-requisitoire-contre-charles-taylor-la-semaine-prochaine9522.html","url":"https:\/\/www.justiceinfo.net\/fr\/12714-030211-tssltaylor-requisitoire-contre-charles-taylor-la-semaine-prochaine9522.html","name":"03.02.11 - TSSL\/TAYLOR - REQUISITOIRE CONTRE CHARLES TAYLOR LA SEMAINE PROCHAINE - JusticeInfo.net","isPartOf":{"@id":"https:\/\/www.justiceinfo.net\/fr#website"},"datePublished":"2011-02-02T23:00:00+00:00","breadcrumb":{"@id":"https:\/\/www.justiceinfo.net\/fr\/12714-030211-tssltaylor-requisitoire-contre-charles-taylor-la-semaine-prochaine9522.html#breadcrumb"},"inLanguage":"fr-FR","potentialAction":[{"@type":"ReadAction","target":["https:\/\/www.justiceinfo.net\/fr\/12714-030211-tssltaylor-requisitoire-contre-charles-taylor-la-semaine-prochaine9522.html"]}]},{"@type":"BreadcrumbList","@id":"https:\/\/www.justiceinfo.net\/fr\/12714-030211-tssltaylor-requisitoire-contre-charles-taylor-la-semaine-prochaine9522.html#breadcrumb","itemListElement":[{"@type":"ListItem","position":1,"name":"Home","item":"https:\/\/www.justiceinfo.net\/fr"},{"@type":"ListItem","position":2,"name":"03.02.11 - TSSL\/TAYLOR - REQUISITOIRE CONTRE CHARLES TAYLOR LA SEMAINE PROCHAINE"}]},{"@type":"WebSite","@id":"https:\/\/www.justiceinfo.net\/fr#website","url":"https:\/\/www.justiceinfo.net\/fr","name":"JusticeInfo.net","description":"La justice doit \u00eatre vue pour \u00eatre rendue","publisher":{"@id":"https:\/\/www.justiceinfo.net\/fr#organization"},"potentialAction":[{"@type":"SearchAction","target":{"@type":"EntryPoint","urlTemplate":"https:\/\/www.justiceinfo.net\/fr?s={search_term_string}"},"query-input":{"@type":"PropertyValueSpecification","valueRequired":true,"valueName":"search_term_string"}}],"inLanguage":"fr-FR"},{"@type":"Organization","@id":"https:\/\/www.justiceinfo.net\/fr#organization","name":"Justice Info","url":"https:\/\/www.justiceinfo.net\/fr","logo":{"@type":"ImageObject","inLanguage":"fr-FR","@id":"https:\/\/www.justiceinfo.net\/fr#\/schema\/logo\/image\/","url":"https:\/\/www.justiceinfo.net\/wp-content\/uploads\/justiceinfo_logo-trans_1200x1200px.png","contentUrl":"https:\/\/www.justiceinfo.net\/wp-content\/uploads\/justiceinfo_logo-trans_1200x1200px.png","width":1199,"height":1200,"caption":"Justice Info"},"image":{"@id":"https:\/\/www.justiceinfo.net\/fr#\/schema\/logo\/image\/"},"sameAs":["https:\/\/www.facebook.com\/JusticeInfo\/","https:\/\/x.com\/justiceinfonet","https:\/\/www.linkedin.com\/company\/justice-info","https:\/\/www.youtube.com\/channel\/UCyCEsARodyuWtkWyhn-e7pA"]},{"@type":"Person","name":"solivri","url":"\/fr\/?s=solivri"}]}},"_links":{"self":[{"href":"https:\/\/www.justiceinfo.net\/fr\/wp-json\/wp\/v2\/posts\/12714","targetHints":{"allow":["GET"]}}],"collection":[{"href":"https:\/\/www.justiceinfo.net\/fr\/wp-json\/wp\/v2\/posts"}],"about":[{"href":"https:\/\/www.justiceinfo.net\/fr\/wp-json\/wp\/v2\/types\/post"}],"author":[{"embeddable":true,"href":"https:\/\/www.justiceinfo.net\/fr\/wp-json\/wp\/v2\/users\/64"}],"replies":[{"embeddable":true,"href":"https:\/\/www.justiceinfo.net\/fr\/wp-json\/wp\/v2\/comments?post=12714"}],"version-history":[{"count":0,"href":"https:\/\/www.justiceinfo.net\/fr\/wp-json\/wp\/v2\/posts\/12714\/revisions"}],"wp:attachment":[{"href":"https:\/\/www.justiceinfo.net\/fr\/wp-json\/wp\/v2\/media?parent=12714"}],"wp:term":[{"taxonomy":"category","embeddable":true,"href":"https:\/\/www.justiceinfo.net\/fr\/wp-json\/wp\/v2\/categories?post=12714"},{"taxonomy":"post_tag","embeddable":true,"href":"https:\/\/www.justiceinfo.net\/fr\/wp-json\/wp\/v2\/tags?post=12714"},{"taxonomy":"ji_location","embeddable":true,"href":"https:\/\/www.justiceinfo.net\/fr\/wp-json\/wp\/v2\/ji_location?post=12714"}],"curies":[{"name":"wp","href":"https:\/\/api.w.org\/{rel}","templated":true}]}}