{"id":12726,"date":"2011-02-08T00:00:00","date_gmt":"2011-02-07T23:00:00","guid":{"rendered":"https:\/\/www.justiceinfo.net\/12726-080211-tssltaylor-coup-de-theatre-a-louverture-du-requisitoire9534.html"},"modified":"2011-02-08T00:00:00","modified_gmt":"2011-02-07T23:00:00","slug":"080211-tssltaylor-coup-de-theatre-a-louverture-du-requisitoire9534","status":"publish","type":"post","link":"https:\/\/www.justiceinfo.net\/fr\/12726-080211-tssltaylor-coup-de-theatre-a-louverture-du-requisitoire9534.html","title":{"rendered":"08.02.11 - TSSL\/TAYLOR - COUP DE THEATRE A L'OUVERTURE DU REQUISITOIRE"},"content":{"rendered":"<p>La Haye, 8 f&eacute;vrier 2011 (FH) - Le procureur du Tribunal sp&eacute;cial pour la Sierra Leone (TSSL) a prononc&eacute; son r&eacute;quisitoire, mardi &agrave; l'encontre de Charles Taylor. L'audience s'est ouverte sur un coup de th&eacute;&acirc;tre de la D&eacute;fense. L'avocat de Charles Taylor, ma&icirc;tre Courtenay Griffiths, a quitt&eacute; le pr&eacute;toire, reprochant aux juges d'avoir rejet&eacute; son m&eacute;moire final, la veille au soir. L'avocat a cependant annonc&eacute; son intention de faire appel de cette d&eacute;cision.&nbsp; &laquo; Nous avons re&ccedil;u des instructions de Monsieur Taylor en ce sens. Nous sentons qu'il est de notre devoir de nous retirer &raquo;, a-t-il d&eacute;clar&eacute;, provoquant la col&egrave;re des trois juges et celle du procureur. <\/p>\n<p><!--more--><\/p>\n<p >\n&laquo; Si Taylor pense qu'il peut donner des ordres &agrave; la Cour il se trompe &raquo; a r&eacute;torqu&eacute; le juge Richard Lussik. De son c&ocirc;t&eacute;, la procureure, Brenda Hollis, a simplement demand&eacute; que l'accus&eacute; ne soit pas autoris&eacute; &agrave; quitter la salle d'audience. &laquo; Il n'assiste pas &agrave; un &eacute;v&eacute;nement mondain. Il n'est pas un VIP. Il est dans une cour criminelle &raquo;. L'accus&eacute; a &eacute;t&eacute; oblig&eacute; de rester dans le pr&eacute;toire, mais a refus&eacute; de se revenir devant la cour d&egrave;s la premi&egrave;re suspension.\n<\/p>\n<p >\n<p >\nLe procureur a poursuivi son r&eacute;quisitoire. Plaidant avec force, Brenda Hollis a estim&eacute; que &laquo; sans le courage et l'implication des t&eacute;moins, ce proc&egrave;s n'aurait pas eu lieu &raquo;. La procureure am&eacute;ricaine a &eacute;voqu&eacute; les victimes: &laquo; Ceux qui parlent pour les morts, ceux qui ont &eacute;t&eacute; r&eacute;duits &agrave; l'esclavage. Sans eux, la Cour n'aurait pas exist&eacute;. Les victimes sont reconnaissantes aux Nations unies et au Secr&eacute;taire g&eacute;n&eacute;ral, &agrave; Kofi Annan, qui n'a pas permis l'impunit&eacute; &raquo;.\n<\/p>\n<p >\n<p >\nPour Brenda Hollis, le premier chef d'Etat africain poursuivi devant la justice internationale est un homme &laquo; intelligent, charismatique, manipulateur &raquo;, qui a &laquo; conduit les crimes &agrave; travers ses interm&eacute;diaires &raquo;, les rebelles du Front r&eacute;volutionnaire uni (RUF) qui signaient leurs forfaits en coupant les mains et les bras de leurs victimes. &laquo; Monsieur Taylor est devant vous parce qu'&agrave; travers sa volont&eacute;, ses ordres, ses omissions, ces crimes ont &eacute;t&eacute; commis &raquo;. Pour l'accusation, Charles Taylor a conduit une &laquo; campagne de terreur &raquo;, avec l'aide de ses alli&eacute;s en Libye et au Burkina Faso. Pour Brenda Hollis, &laquo; il n'y a pas de doute, il est coupable &raquo;.\n<\/p>\n<p >\n<p >\nL'ancien pr&eacute;sident du Liberia est accus&eacute; de crimes contre l'humanit&eacute; et crimes de guerre pour avoir soutenu les rebelles sierra-l&eacute;onais du Front r&eacute;volutionnaire uni (RUF) dans l'objectif de piller les richesses diamantif&egrave;res du pays. La guerre civile (1991-2002) avait fait 150 000 morts et plusieurs dizaines de milliers d'amput&eacute;s.\n<\/p>\n<p >\n<p >\nCharles Taylor avait &eacute;t&eacute; inculp&eacute; en 2003 et arr&ecirc;t&eacute; en 2006, au Nig&eacute;ria. Il avait ensuite &eacute;t&eacute; transf&eacute;r&eacute; &agrave; La Haye, aux Pays-Bas, pour des raisons de s&eacute;curit&eacute;. La pr&eacute;sidente du Lib&eacute;ria, Ellen Johnson-Sirleaf, avait estim&eacute; que sa pr&eacute;sence dans la r&eacute;gion constituait un danger.\n<\/p>\n<p >\n<p >\nCr&eacute;&eacute; en 2002 au terme d'un accord entre les Nations unies et le gouvernement de Freetown, le TSSL ne pr&eacute;voit ni la perp&eacute;tuit&eacute;, ni la peine capitale. En huit ans, le tribunal a jug&eacute; et condamn&eacute;s huit responsables de la guerre civile, &agrave; des peines de 15 &agrave; 52 ans de prison.\n<\/p>\n<p >\n<p >\nSM\/ER\/GF\n<\/p>\n<p >\n<p>\n&copy; Agence Hirondelle<\/p>\n","protected":false},"excerpt":{"rendered":"<p>La Haye, 8 f&eacute;vrier 2011 (FH) - Le procureur du Tribunal sp&eacute;cial pour la Sierra Leone (TSSL) a prononc&eacute; son r&eacute;quisitoire, mardi &agrave; l'encontre de Charles Taylor. L'audience s'est ouverte sur un coup de th&eacute;&acirc;tre de la D&eacute;fense. L'avocat de Charles Taylor, ma&icirc;tre Courtenay Griffiths, a quitt&eacute; le pr&eacute;toire, reprochant aux juges d'avoir rejet&eacute; son [&hellip;]<\/p>\n","protected":false},"author":64,"featured_media":0,"comment_status":"open","ping_status":"closed","sticky":false,"template":"","format":"standard","meta":{"_acf_changed":false,"footnotes":""},"categories":[554],"tags":[],"ji_location":[],"class_list":["post-12726","post","type-post","status-publish","format-standard","hentry","category-hirondellenews"],"acf":[],"yoast_head":"<!-- This site is optimized with the Yoast SEO Premium plugin v25.3.1 (Yoast SEO v25.3.1) - https:\/\/yoast.com\/wordpress\/plugins\/seo\/ -->\n<title>08.02.11 - TSSL\/TAYLOR - COUP DE THEATRE A L&#039;OUVERTURE DU REQUISITOIRE - JusticeInfo.net<\/title>\n<meta name=\"robots\" content=\"index, follow, max-snippet:-1, max-image-preview:large, max-video-preview:-1\" \/>\n<link rel=\"canonical\" href=\"https:\/\/www.justiceinfo.net\/fr\/12726-080211-tssltaylor-coup-de-theatre-a-louverture-du-requisitoire9534.html\" \/>\n<meta property=\"og:locale\" content=\"fr_FR\" \/>\n<meta property=\"og:type\" content=\"article\" \/>\n<meta property=\"og:title\" content=\"08.02.11 - TSSL\/TAYLOR - COUP DE THEATRE A L&#039;OUVERTURE DU REQUISITOIRE\" \/>\n<meta property=\"og:description\" content=\"La Haye, 8 f&eacute;vrier 2011 (FH) - Le procureur du Tribunal sp&eacute;cial pour la Sierra Leone (TSSL) a prononc&eacute; son r&eacute;quisitoire, mardi &agrave; l&#039;encontre de Charles Taylor. L&#039;audience s&#039;est ouverte sur un coup de th&eacute;&acirc;tre de la D&eacute;fense. L&#039;avocat de Charles Taylor, ma&icirc;tre Courtenay Griffiths, a quitt&eacute; le pr&eacute;toire, reprochant aux juges d&#039;avoir rejet&eacute; son [&hellip;]\" \/>\n<meta property=\"og:url\" content=\"https:\/\/www.justiceinfo.net\/fr\/12726-080211-tssltaylor-coup-de-theatre-a-louverture-du-requisitoire9534.html\" \/>\n<meta property=\"og:site_name\" content=\"JusticeInfo.net\" \/>\n<meta property=\"article:publisher\" content=\"https:\/\/www.facebook.com\/JusticeInfo\/\" \/>\n<meta property=\"article:published_time\" content=\"2011-02-07T23:00:00+00:00\" \/>\n<meta property=\"og:image\" content=\"https:\/\/www.justiceinfo.net\/wp-content\/uploads\/JusticeInfoNet_logo_1200x630px.jpg\" \/>\n\t<meta property=\"og:image:width\" content=\"1200\" \/>\n\t<meta property=\"og:image:height\" content=\"630\" \/>\n\t<meta property=\"og:image:type\" content=\"image\/jpeg\" \/>\n<meta name=\"author\" content=\"solivri\" \/>\n<meta name=\"twitter:card\" content=\"summary_large_image\" \/>\n<meta name=\"twitter:creator\" content=\"@justiceinfonet\" \/>\n<meta name=\"twitter:site\" content=\"@justiceinfonet\" \/>\n<meta name=\"twitter:label1\" content=\"\u00c9crit par\" \/>\n\t<meta name=\"twitter:data1\" content=\"solivri\" \/>\n\t<meta name=\"twitter:label2\" content=\"Dur\u00e9e de lecture estim\u00e9e\" \/>\n\t<meta name=\"twitter:data2\" content=\"3 minutes\" \/>\n<script type=\"application\/ld+json\" class=\"yoast-schema-graph\">{\"@context\":\"https:\/\/schema.org\",\"@graph\":[{\"@type\":\"NewsArticle\",\"@id\":\"https:\/\/www.justiceinfo.net\/fr\/12726-080211-tssltaylor-coup-de-theatre-a-louverture-du-requisitoire9534.html#article\",\"isPartOf\":{\"@id\":\"https:\/\/www.justiceinfo.net\/fr\/12726-080211-tssltaylor-coup-de-theatre-a-louverture-du-requisitoire9534.html\"},\"author\":{\"name\":\"solivri\",\"@id\":\"https:\/\/www.justiceinfo.net\/fr#\/schema\/person\/6e53cba1629e2e66f3fc1821d3091865\"},\"headline\":\"08.02.11 - TSSL\/TAYLOR - COUP DE THEATRE A L'OUVERTURE DU REQUISITOIRE\",\"datePublished\":\"2011-02-07T23:00:00+00:00\",\"mainEntityOfPage\":{\"@id\":\"https:\/\/www.justiceinfo.net\/fr\/12726-080211-tssltaylor-coup-de-theatre-a-louverture-du-requisitoire9534.html\"},\"wordCount\":698,\"commentCount\":0,\"publisher\":{\"@id\":\"https:\/\/www.justiceinfo.net\/fr#organization\"},\"articleSection\":[\"Hirondelle News\"],\"inLanguage\":\"fr-FR\",\"potentialAction\":[{\"@type\":\"CommentAction\",\"name\":\"Comment\",\"target\":[\"https:\/\/www.justiceinfo.net\/fr\/12726-080211-tssltaylor-coup-de-theatre-a-louverture-du-requisitoire9534.html#respond\"]}]},{\"@type\":\"WebPage\",\"@id\":\"https:\/\/www.justiceinfo.net\/fr\/12726-080211-tssltaylor-coup-de-theatre-a-louverture-du-requisitoire9534.html\",\"url\":\"https:\/\/www.justiceinfo.net\/fr\/12726-080211-tssltaylor-coup-de-theatre-a-louverture-du-requisitoire9534.html\",\"name\":\"08.02.11 - TSSL\/TAYLOR - COUP DE THEATRE A L'OUVERTURE DU REQUISITOIRE - JusticeInfo.net\",\"isPartOf\":{\"@id\":\"https:\/\/www.justiceinfo.net\/fr#website\"},\"datePublished\":\"2011-02-07T23:00:00+00:00\",\"breadcrumb\":{\"@id\":\"https:\/\/www.justiceinfo.net\/fr\/12726-080211-tssltaylor-coup-de-theatre-a-louverture-du-requisitoire9534.html#breadcrumb\"},\"inLanguage\":\"fr-FR\",\"potentialAction\":[{\"@type\":\"ReadAction\",\"target\":[\"https:\/\/www.justiceinfo.net\/fr\/12726-080211-tssltaylor-coup-de-theatre-a-louverture-du-requisitoire9534.html\"]}]},{\"@type\":\"BreadcrumbList\",\"@id\":\"https:\/\/www.justiceinfo.net\/fr\/12726-080211-tssltaylor-coup-de-theatre-a-louverture-du-requisitoire9534.html#breadcrumb\",\"itemListElement\":[{\"@type\":\"ListItem\",\"position\":1,\"name\":\"Home\",\"item\":\"https:\/\/www.justiceinfo.net\/fr\"},{\"@type\":\"ListItem\",\"position\":2,\"name\":\"08.02.11 - TSSL\/TAYLOR - COUP DE THEATRE A L'OUVERTURE DU REQUISITOIRE\"}]},{\"@type\":\"WebSite\",\"@id\":\"https:\/\/www.justiceinfo.net\/fr#website\",\"url\":\"https:\/\/www.justiceinfo.net\/fr\",\"name\":\"JusticeInfo.net\",\"description\":\"La justice doit \u00eatre vue pour \u00eatre rendue\",\"publisher\":{\"@id\":\"https:\/\/www.justiceinfo.net\/fr#organization\"},\"potentialAction\":[{\"@type\":\"SearchAction\",\"target\":{\"@type\":\"EntryPoint\",\"urlTemplate\":\"https:\/\/www.justiceinfo.net\/fr?s={search_term_string}\"},\"query-input\":{\"@type\":\"PropertyValueSpecification\",\"valueRequired\":true,\"valueName\":\"search_term_string\"}}],\"inLanguage\":\"fr-FR\"},{\"@type\":\"Organization\",\"@id\":\"https:\/\/www.justiceinfo.net\/fr#organization\",\"name\":\"Justice Info\",\"url\":\"https:\/\/www.justiceinfo.net\/fr\",\"logo\":{\"@type\":\"ImageObject\",\"inLanguage\":\"fr-FR\",\"@id\":\"https:\/\/www.justiceinfo.net\/fr#\/schema\/logo\/image\/\",\"url\":\"https:\/\/www.justiceinfo.net\/wp-content\/uploads\/justiceinfo_logo-trans_1200x1200px.png\",\"contentUrl\":\"https:\/\/www.justiceinfo.net\/wp-content\/uploads\/justiceinfo_logo-trans_1200x1200px.png\",\"width\":1199,\"height\":1200,\"caption\":\"Justice Info\"},\"image\":{\"@id\":\"https:\/\/www.justiceinfo.net\/fr#\/schema\/logo\/image\/\"},\"sameAs\":[\"https:\/\/www.facebook.com\/JusticeInfo\/\",\"https:\/\/x.com\/justiceinfonet\",\"https:\/\/www.linkedin.com\/company\/justice-info\",\"https:\/\/www.youtube.com\/channel\/UCyCEsARodyuWtkWyhn-e7pA\"]},{\"@type\":\"Person\",\"name\":\"solivri\",\"url\":\"\/fr\/?s=solivri\"}]}<\/script>\n<!-- \/ Yoast SEO Premium plugin. -->","yoast_head_json":{"title":"08.02.11 - TSSL\/TAYLOR - COUP DE THEATRE A L'OUVERTURE DU REQUISITOIRE - JusticeInfo.net","robots":{"index":"index","follow":"follow","max-snippet":"max-snippet:-1","max-image-preview":"max-image-preview:large","max-video-preview":"max-video-preview:-1"},"canonical":"https:\/\/www.justiceinfo.net\/fr\/12726-080211-tssltaylor-coup-de-theatre-a-louverture-du-requisitoire9534.html","og_locale":"fr_FR","og_type":"article","og_title":"08.02.11 - TSSL\/TAYLOR - COUP DE THEATRE A L'OUVERTURE DU REQUISITOIRE","og_description":"La Haye, 8 f&eacute;vrier 2011 (FH) - Le procureur du Tribunal sp&eacute;cial pour la Sierra Leone (TSSL) a prononc&eacute; son r&eacute;quisitoire, mardi &agrave; l'encontre de Charles Taylor. L'audience s'est ouverte sur un coup de th&eacute;&acirc;tre de la D&eacute;fense. L'avocat de Charles Taylor, ma&icirc;tre Courtenay Griffiths, a quitt&eacute; le pr&eacute;toire, reprochant aux juges d'avoir rejet&eacute; son [&hellip;]","og_url":"https:\/\/www.justiceinfo.net\/fr\/12726-080211-tssltaylor-coup-de-theatre-a-louverture-du-requisitoire9534.html","og_site_name":"JusticeInfo.net","article_publisher":"https:\/\/www.facebook.com\/JusticeInfo\/","article_published_time":"2011-02-07T23:00:00+00:00","og_image":[{"width":1200,"height":630,"url":"https:\/\/www.justiceinfo.net\/wp-content\/uploads\/JusticeInfoNet_logo_1200x630px.jpg","type":"image\/jpeg"}],"author":"solivri","twitter_card":"summary_large_image","twitter_creator":"@justiceinfonet","twitter_site":"@justiceinfonet","twitter_misc":{"\u00c9crit par":"solivri","Dur\u00e9e de lecture estim\u00e9e":"3 minutes"},"schema":{"@context":"https:\/\/schema.org","@graph":[{"@type":"NewsArticle","@id":"https:\/\/www.justiceinfo.net\/fr\/12726-080211-tssltaylor-coup-de-theatre-a-louverture-du-requisitoire9534.html#article","isPartOf":{"@id":"https:\/\/www.justiceinfo.net\/fr\/12726-080211-tssltaylor-coup-de-theatre-a-louverture-du-requisitoire9534.html"},"author":{"name":"solivri","@id":"https:\/\/www.justiceinfo.net\/fr#\/schema\/person\/6e53cba1629e2e66f3fc1821d3091865"},"headline":"08.02.11 - TSSL\/TAYLOR - COUP DE THEATRE A L'OUVERTURE DU REQUISITOIRE","datePublished":"2011-02-07T23:00:00+00:00","mainEntityOfPage":{"@id":"https:\/\/www.justiceinfo.net\/fr\/12726-080211-tssltaylor-coup-de-theatre-a-louverture-du-requisitoire9534.html"},"wordCount":698,"commentCount":0,"publisher":{"@id":"https:\/\/www.justiceinfo.net\/fr#organization"},"articleSection":["Hirondelle News"],"inLanguage":"fr-FR","potentialAction":[{"@type":"CommentAction","name":"Comment","target":["https:\/\/www.justiceinfo.net\/fr\/12726-080211-tssltaylor-coup-de-theatre-a-louverture-du-requisitoire9534.html#respond"]}]},{"@type":"WebPage","@id":"https:\/\/www.justiceinfo.net\/fr\/12726-080211-tssltaylor-coup-de-theatre-a-louverture-du-requisitoire9534.html","url":"https:\/\/www.justiceinfo.net\/fr\/12726-080211-tssltaylor-coup-de-theatre-a-louverture-du-requisitoire9534.html","name":"08.02.11 - TSSL\/TAYLOR - COUP DE THEATRE A L'OUVERTURE DU REQUISITOIRE - JusticeInfo.net","isPartOf":{"@id":"https:\/\/www.justiceinfo.net\/fr#website"},"datePublished":"2011-02-07T23:00:00+00:00","breadcrumb":{"@id":"https:\/\/www.justiceinfo.net\/fr\/12726-080211-tssltaylor-coup-de-theatre-a-louverture-du-requisitoire9534.html#breadcrumb"},"inLanguage":"fr-FR","potentialAction":[{"@type":"ReadAction","target":["https:\/\/www.justiceinfo.net\/fr\/12726-080211-tssltaylor-coup-de-theatre-a-louverture-du-requisitoire9534.html"]}]},{"@type":"BreadcrumbList","@id":"https:\/\/www.justiceinfo.net\/fr\/12726-080211-tssltaylor-coup-de-theatre-a-louverture-du-requisitoire9534.html#breadcrumb","itemListElement":[{"@type":"ListItem","position":1,"name":"Home","item":"https:\/\/www.justiceinfo.net\/fr"},{"@type":"ListItem","position":2,"name":"08.02.11 - TSSL\/TAYLOR - COUP DE THEATRE A L'OUVERTURE DU REQUISITOIRE"}]},{"@type":"WebSite","@id":"https:\/\/www.justiceinfo.net\/fr#website","url":"https:\/\/www.justiceinfo.net\/fr","name":"JusticeInfo.net","description":"La justice doit \u00eatre vue pour \u00eatre rendue","publisher":{"@id":"https:\/\/www.justiceinfo.net\/fr#organization"},"potentialAction":[{"@type":"SearchAction","target":{"@type":"EntryPoint","urlTemplate":"https:\/\/www.justiceinfo.net\/fr?s={search_term_string}"},"query-input":{"@type":"PropertyValueSpecification","valueRequired":true,"valueName":"search_term_string"}}],"inLanguage":"fr-FR"},{"@type":"Organization","@id":"https:\/\/www.justiceinfo.net\/fr#organization","name":"Justice Info","url":"https:\/\/www.justiceinfo.net\/fr","logo":{"@type":"ImageObject","inLanguage":"fr-FR","@id":"https:\/\/www.justiceinfo.net\/fr#\/schema\/logo\/image\/","url":"https:\/\/www.justiceinfo.net\/wp-content\/uploads\/justiceinfo_logo-trans_1200x1200px.png","contentUrl":"https:\/\/www.justiceinfo.net\/wp-content\/uploads\/justiceinfo_logo-trans_1200x1200px.png","width":1199,"height":1200,"caption":"Justice Info"},"image":{"@id":"https:\/\/www.justiceinfo.net\/fr#\/schema\/logo\/image\/"},"sameAs":["https:\/\/www.facebook.com\/JusticeInfo\/","https:\/\/x.com\/justiceinfonet","https:\/\/www.linkedin.com\/company\/justice-info","https:\/\/www.youtube.com\/channel\/UCyCEsARodyuWtkWyhn-e7pA"]},{"@type":"Person","name":"solivri","url":"\/fr\/?s=solivri"}]}},"_links":{"self":[{"href":"https:\/\/www.justiceinfo.net\/fr\/wp-json\/wp\/v2\/posts\/12726","targetHints":{"allow":["GET"]}}],"collection":[{"href":"https:\/\/www.justiceinfo.net\/fr\/wp-json\/wp\/v2\/posts"}],"about":[{"href":"https:\/\/www.justiceinfo.net\/fr\/wp-json\/wp\/v2\/types\/post"}],"author":[{"embeddable":true,"href":"https:\/\/www.justiceinfo.net\/fr\/wp-json\/wp\/v2\/users\/64"}],"replies":[{"embeddable":true,"href":"https:\/\/www.justiceinfo.net\/fr\/wp-json\/wp\/v2\/comments?post=12726"}],"version-history":[{"count":0,"href":"https:\/\/www.justiceinfo.net\/fr\/wp-json\/wp\/v2\/posts\/12726\/revisions"}],"wp:attachment":[{"href":"https:\/\/www.justiceinfo.net\/fr\/wp-json\/wp\/v2\/media?parent=12726"}],"wp:term":[{"taxonomy":"category","embeddable":true,"href":"https:\/\/www.justiceinfo.net\/fr\/wp-json\/wp\/v2\/categories?post=12726"},{"taxonomy":"post_tag","embeddable":true,"href":"https:\/\/www.justiceinfo.net\/fr\/wp-json\/wp\/v2\/tags?post=12726"},{"taxonomy":"ji_location","embeddable":true,"href":"https:\/\/www.justiceinfo.net\/fr\/wp-json\/wp\/v2\/ji_location?post=12726"}],"curies":[{"name":"wp","href":"https:\/\/api.w.org\/{rel}","templated":true}]}}