{"id":127276,"date":"2026-04-13T12:03:02","date_gmt":"2024-01-16T12:08:01","guid":{"rendered":"https:\/\/www.justiceinfo.net\/127276-lafarge-en-syrie-les-dates-cles-de-laffaire.html"},"modified":"2026-04-13T16:05:02","modified_gmt":"2026-04-13T14:05:02","slug":"lafarge-en-syrie-les-dates-cles-de-laffaire","status":"publish","type":"post","link":"https:\/\/www.justiceinfo.net\/fr\/127276-lafarge-en-syrie-les-dates-cles-de-laffaire.html","title":{"rendered":"Lafarge en Syrie: les dates cl\u00e9s de l'affaire"},"content":{"rendered":"<p>\n             Depuis des \"arrangements troubles et inavouables\" jusqu'aux condamnations lundi pour financement du terrorisme en Syrie: rappel des dates cl\u00e9s de l'affaire du cimentier fran\u00e7ais Lafarge.\n<\/p>\n<p>\n            - \"Arrangements troubles\" et plainte de Bercy  -\n<\/p>\n<p>\n            Le 21 juin 2016, le journal Le Monde affirme que le groupe cimentier Lafarge a tent\u00e9, en 2013 et 2014, de faire fonctionner \"co\u00fbte que co\u00fbte\" son usine, situ\u00e9e \u00e0 150 km au nord-est d'Alep en Syrie, \"au prix d'arrangements troubles et inavouables avec les groupes arm\u00e9s environnants\", dont l'organisation Etat islamique (EI).\n<\/p>\n<p>\n            Lafarge, aval\u00e9 par le cimentier suisse Holcim en 2015, assure que sa \"priorit\u00e9 absolue\" a \"toujours \u00e9t\u00e9 d'assurer la s\u00e9curit\u00e9 de son personnel\".\n<\/p>\n<p>\n            Fin septembre 2016, le minist\u00e8re de l'Economie d\u00e9pose une plainte portant notamment sur une interdiction d'acheter du p\u00e9trole en Syrie, \u00e9dict\u00e9e par l'Union europ\u00e9enne dans le cadre d'une s\u00e9rie de sanctions contre le r\u00e9gime de Bachar al-Assad, et sur celle de toute relation avec les organisations terroristes pr\u00e9sentes en Syrie. La justice ouvre une enqu\u00eate.\n<\/p>\n<p>\n            Plusieurs associations, dont l'ONG Sherpa, portent \u00e9galement plainte.\n<\/p>\n<p>\n            - Accusation de complicit\u00e9 de crimes contre l'humanit\u00e9 -\n<\/p>\n<p>\n            Le 9 juin 2017, une enqu\u00eate est ouverte. Le Service national de douane judiciaire (SNDJ) conclut dans un rapport que Lafarge Cement Syrie (LCS), branche syrienne du groupe, a \"effectu\u00e9 des paiements aux groupes jihadistes\" et que la direction fran\u00e7aise de l'\u00e9poque a \"valid\u00e9 ces remises de fonds en produisant de fausses pi\u00e8ces comptables\". Le tout pour pouvoir maintenir l'activit\u00e9 de la cimenterie.\n<\/p>\n<p>\n            D\u00e9but d\u00e9cembre 2017, deux anciens directeurs de la filiale syrienne, Bruno Pescheux et Fr\u00e9d\u00e9ric Jolibois, ainsi que le directeur de la s\u00fbret\u00e9 du groupe, Jean-Claude Veillard, sont inculp\u00e9s pour financement d'une entreprise terroriste et mise en danger de la vie d'autrui.\n<\/p>\n<p>\n            Puis c'est au tour de Bruno Lafont, PDG de Lafarge de 2007 \u00e0 2015, et d'autres dirigeants. Au total, huit cadres sont inculp\u00e9s par la justice.\n<\/p>\n<p>\n            Le 28 juin 2018, Lafarge est inculp\u00e9 pour une accusation rarissime de complicit\u00e9 de crimes contre l'humanit\u00e9 ainsi que pour financement d'une entreprise terroriste, mise en danger de la vie d'anciens salari\u00e9s syriens et violation d'un embargo.\n<\/p>\n<p>\n            - Cinq ans de recours -\n<\/p>\n<p>\n            Le groupe et trois dirigeants contestent les fondements de l'enqu\u00eate. Le 7 novembre 2019, la cour d'appel annule l'inculpation pour complicit\u00e9 de crimes contre l'humanit\u00e9.\n<\/p>\n<p>\n            En septembre 2021, la Cour de cassation casse cette d\u00e9cision. En mai 2022, la cour d'appel de Paris confirme l'inculpation du groupe pour complicit\u00e9 de crimes contre l'humanit\u00e9 et mise en danger de la vie d'autrui.\n<\/p>\n<p>\n            Le 16 janvier 2024, la Cour de cassation valide d\u00e9finitivement cette inculpation pour complicit\u00e9 de crimes contre l'humanit\u00e9, notamment pour des crimes \u00e0 l'encontre de la minorit\u00e9 des Yazidis, ainsi qu'envers la communaut\u00e9 des Sheitat et contre des recrues de l'arm\u00e9e irakienne.\n<\/p>\n<p>\n            Simultan\u00e9ment, la haute juridiction annule les poursuites pour mise en danger de la vie d'autrui, \"la loi fran\u00e7aise n'\u00e9tant pas applicable\" aux salari\u00e9s syriens.\n<\/p>\n<p>\n            - Condamnations et incarc\u00e9rations imm\u00e9diates -\n<\/p>\n<p>\n            Parall\u00e8lement, en octobre 2022, Lafarge a annonc\u00e9 avoir accept\u00e9 de payer une sanction financi\u00e8re de 778 millions de dollars aux Etats-Unis et de plaider coupable pour avoir aid\u00e9 des organisations \"terroristes\", dont le groupe EI, entre 2013 et 2014.\n<\/p>\n<p>\n            Le 16 octobre 2024, trois juges d'instruction ordonnent un proc\u00e8s pour financement du terrorisme contre le groupe et huit personnes. Seul l'ancien directeur de la s\u00fbret\u00e9 Jean-Claude Veillard b\u00e9n\u00e9ficie d'un non-lieu.\n<\/p>\n<p>\n            A l'issue d'un \u00e2pre proc\u00e8s en novembre-d\u00e9cembre 2025, ils sont tous reconnus coupables le 13 avril 2026 de financement de terrorisme.\n<\/p>\n<p>\n            Le cimentier est condamn\u00e9 \u00e0 l'amende maximale de 1,125 million d'euros et les huit responsables \u00e0 des peines allant de 18 mois \u00e0 sept ans de prison. Avec incarc\u00e9ration imm\u00e9diate pour Bruno Lafont et Christian Herrault, respectivement condamn\u00e9s \u00e0 six et cinq ans d'emprisonnement. Les deux dirigeants vont faire appel.\n<\/p>\n<p>\n            Le deuxi\u00e8me volet de l'affaire, concernant les soup\u00e7ons de complicit\u00e9 de crimes contre l'humanit\u00e9, est toujours en cours.\n<\/p>\n<p>\n            paj-ot-jba-lc\/ang\/mpm\/pcl\n<\/p>\n<p>\n            Lafarge\n<\/p>\n<p>\n            GROUPE HOLCIM<\/p>\n","protected":false},"excerpt":{"rendered":"<p>Depuis des \"arrangements troubles et inavouables\" jusqu'aux condamnations lundi pour financement du terrorisme en Syrie: rappel des dates cl\u00e9s de l'affaire du cimentier fran\u00e7ais Lafarge. - \"Arrangements troubles\" et plainte de Bercy - Le 21 juin 2016, le journal Le Monde affirme que le groupe cimentier Lafarge a tent\u00e9, en 2013 et 2014, de faire [&hellip;]<\/p>\n","protected":false},"author":60,"featured_media":0,"comment_status":"open","ping_status":"closed","sticky":false,"template":"","format":"standard","meta":{"_acf_changed":false,"footnotes":""},"categories":[2576],"tags":[],"ji_location":[],"class_list":["post-127276","post","type-post","status-publish","format-standard","hentry","category-fil-d-actualite"],"acf":[],"yoast_head":"<!-- This site is optimized with the Yoast SEO Premium plugin v25.3.1 (Yoast SEO v25.3.1) - https:\/\/yoast.com\/wordpress\/plugins\/seo\/ -->\n<title>Lafarge en Syrie: les dates cl\u00e9s de l&#039;affaire - JusticeInfo.net<\/title>\n<meta name=\"robots\" content=\"index, follow, max-snippet:-1, max-image-preview:large, max-video-preview:-1\" \/>\n<link rel=\"canonical\" href=\"https:\/\/www.justiceinfo.net\/fr\/127276-lafarge-en-syrie-les-dates-cles-de-laffaire.html\" \/>\n<meta property=\"og:locale\" content=\"fr_FR\" \/>\n<meta property=\"og:type\" content=\"article\" \/>\n<meta property=\"og:title\" content=\"Lafarge en Syrie: les dates cl\u00e9s de l&#039;affaire\" \/>\n<meta property=\"og:description\" content=\"Depuis des &quot;arrangements troubles et inavouables&quot; jusqu&#039;aux condamnations lundi pour financement du terrorisme en Syrie: rappel des dates cl\u00e9s de l&#039;affaire du cimentier fran\u00e7ais Lafarge. - &quot;Arrangements troubles&quot; et plainte de Bercy - Le 21 juin 2016, le journal Le Monde affirme que le groupe cimentier Lafarge a tent\u00e9, en 2013 et 2014, de faire [&hellip;]\" \/>\n<meta property=\"og:url\" content=\"https:\/\/www.justiceinfo.net\/fr\/127276-lafarge-en-syrie-les-dates-cles-de-laffaire.html\" \/>\n<meta property=\"og:site_name\" content=\"JusticeInfo.net\" \/>\n<meta property=\"article:publisher\" content=\"https:\/\/www.facebook.com\/JusticeInfo\/\" \/>\n<meta property=\"article:published_time\" content=\"2024-01-16T12:08:01+00:00\" \/>\n<meta property=\"article:modified_time\" content=\"2026-04-13T14:05:02+00:00\" \/>\n<meta property=\"og:image\" content=\"https:\/\/www.justiceinfo.net\/wp-content\/uploads\/JusticeInfoNet_logo_1200x630px.jpg\" \/>\n\t<meta property=\"og:image:width\" content=\"1200\" \/>\n\t<meta property=\"og:image:height\" content=\"630\" \/>\n\t<meta property=\"og:image:type\" content=\"image\/jpeg\" \/>\n<meta name=\"author\" content=\"afp\" \/>\n<meta name=\"twitter:card\" content=\"summary_large_image\" \/>\n<meta name=\"twitter:creator\" content=\"@justiceinfonet\" \/>\n<meta name=\"twitter:site\" content=\"@justiceinfonet\" \/>\n<meta name=\"twitter:label1\" content=\"\u00c9crit par\" \/>\n\t<meta name=\"twitter:data1\" content=\"afp\" \/>\n\t<meta name=\"twitter:label2\" content=\"Dur\u00e9e de lecture estim\u00e9e\" \/>\n\t<meta name=\"twitter:data2\" content=\"3 minutes\" \/>\n<script type=\"application\/ld+json\" class=\"yoast-schema-graph\">{\"@context\":\"https:\/\/schema.org\",\"@graph\":[{\"@type\":\"NewsArticle\",\"@id\":\"https:\/\/www.justiceinfo.net\/fr\/127276-lafarge-en-syrie-les-dates-cles-de-laffaire.html#article\",\"isPartOf\":{\"@id\":\"https:\/\/www.justiceinfo.net\/fr\/127276-lafarge-en-syrie-les-dates-cles-de-laffaire.html\"},\"author\":{\"name\":\"afp\",\"@id\":\"https:\/\/www.justiceinfo.net\/fr#\/schema\/person\/713d340ef5f218fc36ce9b4244364a7f\"},\"headline\":\"Lafarge en Syrie: les dates cl\u00e9s de l'affaire\",\"datePublished\":\"2024-01-16T12:08:01+00:00\",\"dateModified\":\"2026-04-13T14:05:02+00:00\",\"mainEntityOfPage\":{\"@id\":\"https:\/\/www.justiceinfo.net\/fr\/127276-lafarge-en-syrie-les-dates-cles-de-laffaire.html\"},\"wordCount\":720,\"commentCount\":0,\"publisher\":{\"@id\":\"https:\/\/www.justiceinfo.net\/fr#organization\"},\"articleSection\":[\"Fil d'info AFP\"],\"inLanguage\":\"fr-FR\",\"potentialAction\":[{\"@type\":\"CommentAction\",\"name\":\"Comment\",\"target\":[\"https:\/\/www.justiceinfo.net\/fr\/127276-lafarge-en-syrie-les-dates-cles-de-laffaire.html#respond\"]}]},{\"@type\":\"WebPage\",\"@id\":\"https:\/\/www.justiceinfo.net\/fr\/127276-lafarge-en-syrie-les-dates-cles-de-laffaire.html\",\"url\":\"https:\/\/www.justiceinfo.net\/fr\/127276-lafarge-en-syrie-les-dates-cles-de-laffaire.html\",\"name\":\"Lafarge en Syrie: les dates cl\u00e9s de l'affaire - JusticeInfo.net\",\"isPartOf\":{\"@id\":\"https:\/\/www.justiceinfo.net\/fr#website\"},\"datePublished\":\"2024-01-16T12:08:01+00:00\",\"dateModified\":\"2026-04-13T14:05:02+00:00\",\"breadcrumb\":{\"@id\":\"https:\/\/www.justiceinfo.net\/fr\/127276-lafarge-en-syrie-les-dates-cles-de-laffaire.html#breadcrumb\"},\"inLanguage\":\"fr-FR\",\"potentialAction\":[{\"@type\":\"ReadAction\",\"target\":[\"https:\/\/www.justiceinfo.net\/fr\/127276-lafarge-en-syrie-les-dates-cles-de-laffaire.html\"]}]},{\"@type\":\"BreadcrumbList\",\"@id\":\"https:\/\/www.justiceinfo.net\/fr\/127276-lafarge-en-syrie-les-dates-cles-de-laffaire.html#breadcrumb\",\"itemListElement\":[{\"@type\":\"ListItem\",\"position\":1,\"name\":\"Home\",\"item\":\"https:\/\/www.justiceinfo.net\/fr\"},{\"@type\":\"ListItem\",\"position\":2,\"name\":\"Lafarge en Syrie: les dates cl\u00e9s de l'affaire\"}]},{\"@type\":\"WebSite\",\"@id\":\"https:\/\/www.justiceinfo.net\/fr#website\",\"url\":\"https:\/\/www.justiceinfo.net\/fr\",\"name\":\"JusticeInfo.net\",\"description\":\"La justice doit \u00eatre vue pour \u00eatre rendue\",\"publisher\":{\"@id\":\"https:\/\/www.justiceinfo.net\/fr#organization\"},\"potentialAction\":[{\"@type\":\"SearchAction\",\"target\":{\"@type\":\"EntryPoint\",\"urlTemplate\":\"https:\/\/www.justiceinfo.net\/fr?s={search_term_string}\"},\"query-input\":{\"@type\":\"PropertyValueSpecification\",\"valueRequired\":true,\"valueName\":\"search_term_string\"}}],\"inLanguage\":\"fr-FR\"},{\"@type\":\"Organization\",\"@id\":\"https:\/\/www.justiceinfo.net\/fr#organization\",\"name\":\"Justice Info\",\"url\":\"https:\/\/www.justiceinfo.net\/fr\",\"logo\":{\"@type\":\"ImageObject\",\"inLanguage\":\"fr-FR\",\"@id\":\"https:\/\/www.justiceinfo.net\/fr#\/schema\/logo\/image\/\",\"url\":\"https:\/\/www.justiceinfo.net\/wp-content\/uploads\/justiceinfo_logo-trans_1200x1200px.png\",\"contentUrl\":\"https:\/\/www.justiceinfo.net\/wp-content\/uploads\/justiceinfo_logo-trans_1200x1200px.png\",\"width\":1199,\"height\":1200,\"caption\":\"Justice Info\"},\"image\":{\"@id\":\"https:\/\/www.justiceinfo.net\/fr#\/schema\/logo\/image\/\"},\"sameAs\":[\"https:\/\/www.facebook.com\/JusticeInfo\/\",\"https:\/\/x.com\/justiceinfonet\",\"https:\/\/www.linkedin.com\/company\/justice-info\",\"https:\/\/www.youtube.com\/channel\/UCyCEsARodyuWtkWyhn-e7pA\"]},{\"@type\":\"Person\",\"name\":\"afp\",\"url\":\"\/fr\/?s=afp\"}]}<\/script>\n<!-- \/ Yoast SEO Premium plugin. -->","yoast_head_json":{"title":"Lafarge en Syrie: les dates cl\u00e9s de l'affaire - JusticeInfo.net","robots":{"index":"index","follow":"follow","max-snippet":"max-snippet:-1","max-image-preview":"max-image-preview:large","max-video-preview":"max-video-preview:-1"},"canonical":"https:\/\/www.justiceinfo.net\/fr\/127276-lafarge-en-syrie-les-dates-cles-de-laffaire.html","og_locale":"fr_FR","og_type":"article","og_title":"Lafarge en Syrie: les dates cl\u00e9s de l'affaire","og_description":"Depuis des \"arrangements troubles et inavouables\" jusqu'aux condamnations lundi pour financement du terrorisme en Syrie: rappel des dates cl\u00e9s de l'affaire du cimentier fran\u00e7ais Lafarge. - \"Arrangements troubles\" et plainte de Bercy - Le 21 juin 2016, le journal Le Monde affirme que le groupe cimentier Lafarge a tent\u00e9, en 2013 et 2014, de faire [&hellip;]","og_url":"https:\/\/www.justiceinfo.net\/fr\/127276-lafarge-en-syrie-les-dates-cles-de-laffaire.html","og_site_name":"JusticeInfo.net","article_publisher":"https:\/\/www.facebook.com\/JusticeInfo\/","article_published_time":"2024-01-16T12:08:01+00:00","article_modified_time":"2026-04-13T14:05:02+00:00","og_image":[{"width":1200,"height":630,"url":"https:\/\/www.justiceinfo.net\/wp-content\/uploads\/JusticeInfoNet_logo_1200x630px.jpg","type":"image\/jpeg"}],"author":"afp","twitter_card":"summary_large_image","twitter_creator":"@justiceinfonet","twitter_site":"@justiceinfonet","twitter_misc":{"\u00c9crit par":"afp","Dur\u00e9e de lecture estim\u00e9e":"3 minutes"},"schema":{"@context":"https:\/\/schema.org","@graph":[{"@type":"NewsArticle","@id":"https:\/\/www.justiceinfo.net\/fr\/127276-lafarge-en-syrie-les-dates-cles-de-laffaire.html#article","isPartOf":{"@id":"https:\/\/www.justiceinfo.net\/fr\/127276-lafarge-en-syrie-les-dates-cles-de-laffaire.html"},"author":{"name":"afp","@id":"https:\/\/www.justiceinfo.net\/fr#\/schema\/person\/713d340ef5f218fc36ce9b4244364a7f"},"headline":"Lafarge en Syrie: les dates cl\u00e9s de l'affaire","datePublished":"2024-01-16T12:08:01+00:00","dateModified":"2026-04-13T14:05:02+00:00","mainEntityOfPage":{"@id":"https:\/\/www.justiceinfo.net\/fr\/127276-lafarge-en-syrie-les-dates-cles-de-laffaire.html"},"wordCount":720,"commentCount":0,"publisher":{"@id":"https:\/\/www.justiceinfo.net\/fr#organization"},"articleSection":["Fil d'info AFP"],"inLanguage":"fr-FR","potentialAction":[{"@type":"CommentAction","name":"Comment","target":["https:\/\/www.justiceinfo.net\/fr\/127276-lafarge-en-syrie-les-dates-cles-de-laffaire.html#respond"]}]},{"@type":"WebPage","@id":"https:\/\/www.justiceinfo.net\/fr\/127276-lafarge-en-syrie-les-dates-cles-de-laffaire.html","url":"https:\/\/www.justiceinfo.net\/fr\/127276-lafarge-en-syrie-les-dates-cles-de-laffaire.html","name":"Lafarge en Syrie: les dates cl\u00e9s de l'affaire - JusticeInfo.net","isPartOf":{"@id":"https:\/\/www.justiceinfo.net\/fr#website"},"datePublished":"2024-01-16T12:08:01+00:00","dateModified":"2026-04-13T14:05:02+00:00","breadcrumb":{"@id":"https:\/\/www.justiceinfo.net\/fr\/127276-lafarge-en-syrie-les-dates-cles-de-laffaire.html#breadcrumb"},"inLanguage":"fr-FR","potentialAction":[{"@type":"ReadAction","target":["https:\/\/www.justiceinfo.net\/fr\/127276-lafarge-en-syrie-les-dates-cles-de-laffaire.html"]}]},{"@type":"BreadcrumbList","@id":"https:\/\/www.justiceinfo.net\/fr\/127276-lafarge-en-syrie-les-dates-cles-de-laffaire.html#breadcrumb","itemListElement":[{"@type":"ListItem","position":1,"name":"Home","item":"https:\/\/www.justiceinfo.net\/fr"},{"@type":"ListItem","position":2,"name":"Lafarge en Syrie: les dates cl\u00e9s de l'affaire"}]},{"@type":"WebSite","@id":"https:\/\/www.justiceinfo.net\/fr#website","url":"https:\/\/www.justiceinfo.net\/fr","name":"JusticeInfo.net","description":"La justice doit \u00eatre vue pour \u00eatre rendue","publisher":{"@id":"https:\/\/www.justiceinfo.net\/fr#organization"},"potentialAction":[{"@type":"SearchAction","target":{"@type":"EntryPoint","urlTemplate":"https:\/\/www.justiceinfo.net\/fr?s={search_term_string}"},"query-input":{"@type":"PropertyValueSpecification","valueRequired":true,"valueName":"search_term_string"}}],"inLanguage":"fr-FR"},{"@type":"Organization","@id":"https:\/\/www.justiceinfo.net\/fr#organization","name":"Justice Info","url":"https:\/\/www.justiceinfo.net\/fr","logo":{"@type":"ImageObject","inLanguage":"fr-FR","@id":"https:\/\/www.justiceinfo.net\/fr#\/schema\/logo\/image\/","url":"https:\/\/www.justiceinfo.net\/wp-content\/uploads\/justiceinfo_logo-trans_1200x1200px.png","contentUrl":"https:\/\/www.justiceinfo.net\/wp-content\/uploads\/justiceinfo_logo-trans_1200x1200px.png","width":1199,"height":1200,"caption":"Justice Info"},"image":{"@id":"https:\/\/www.justiceinfo.net\/fr#\/schema\/logo\/image\/"},"sameAs":["https:\/\/www.facebook.com\/JusticeInfo\/","https:\/\/x.com\/justiceinfonet","https:\/\/www.linkedin.com\/company\/justice-info","https:\/\/www.youtube.com\/channel\/UCyCEsARodyuWtkWyhn-e7pA"]},{"@type":"Person","name":"afp","url":"\/fr\/?s=afp"}]}},"_links":{"self":[{"href":"https:\/\/www.justiceinfo.net\/fr\/wp-json\/wp\/v2\/posts\/127276","targetHints":{"allow":["GET"]}}],"collection":[{"href":"https:\/\/www.justiceinfo.net\/fr\/wp-json\/wp\/v2\/posts"}],"about":[{"href":"https:\/\/www.justiceinfo.net\/fr\/wp-json\/wp\/v2\/types\/post"}],"author":[{"embeddable":true,"href":"https:\/\/www.justiceinfo.net\/fr\/wp-json\/wp\/v2\/users\/60"}],"replies":[{"embeddable":true,"href":"https:\/\/www.justiceinfo.net\/fr\/wp-json\/wp\/v2\/comments?post=127276"}],"version-history":[{"count":7,"href":"https:\/\/www.justiceinfo.net\/fr\/wp-json\/wp\/v2\/posts\/127276\/revisions"}],"predecessor-version":[{"id":157815,"href":"https:\/\/www.justiceinfo.net\/fr\/wp-json\/wp\/v2\/posts\/127276\/revisions\/157815"}],"wp:attachment":[{"href":"https:\/\/www.justiceinfo.net\/fr\/wp-json\/wp\/v2\/media?parent=127276"}],"wp:term":[{"taxonomy":"category","embeddable":true,"href":"https:\/\/www.justiceinfo.net\/fr\/wp-json\/wp\/v2\/categories?post=127276"},{"taxonomy":"post_tag","embeddable":true,"href":"https:\/\/www.justiceinfo.net\/fr\/wp-json\/wp\/v2\/tags?post=127276"},{"taxonomy":"ji_location","embeddable":true,"href":"https:\/\/www.justiceinfo.net\/fr\/wp-json\/wp\/v2\/ji_location?post=127276"}],"curies":[{"name":"wp","href":"https:\/\/api.w.org\/{rel}","templated":true}]}}