{"id":12736,"date":"2011-02-11T00:00:00","date_gmt":"2011-02-10T23:00:00","guid":{"rendered":"https:\/\/www.justiceinfo.net\/12736-110211-tpirmilitaires-i-un-ministre-rwandais-somme-de-temoigner-sous-peine-de-poursuites9544.html"},"modified":"2011-02-11T00:00:00","modified_gmt":"2011-02-10T23:00:00","slug":"110211-tpirmilitaires-i-un-ministre-rwandais-somme-de-temoigner-sous-peine-de-poursuites9544","status":"publish","type":"post","link":"https:\/\/www.justiceinfo.net\/fr\/12736-110211-tpirmilitaires-i-un-ministre-rwandais-somme-de-temoigner-sous-peine-de-poursuites9544.html","title":{"rendered":"11.02.11 - TPIR\/MILITAIRES I - UN MINISTRE RWANDAIS SOMME DE TEMOIGNER SOUS PEINE DE POURSUITES"},"content":{"rendered":"<p>Arusha, 11 f&eacute;vrier 2011 (FH) - La chambre d'appel du Tribunal p&eacute;nal international pour le Rwanda (TPIR) a ordonn&eacute; que le g&eacute;n&eacute;ral Marcel Gatsinzi, membre de l'actuel gouvernement rwandais, soit entendu le 30 mars prochain, faute de quoi il pourrait &ecirc;tre poursuivi pour outrage &agrave; la cour, a-t-on appris vendredi de source judiciaire.<br \/>\n<!--more--><\/p>\n<p >\n<p >\n<p >\nLe g&eacute;n&eacute;ral Marcel Gatsinzi, qui fut chef d'&eacute;tat-major int&eacute;rimaire de l'arm&eacute;e rwandaise pendant les dix premiers jours du g&eacute;nocide des Tutsis de 1994, doit d&eacute;poser dans le cadre de l'appel interjet&eacute; par l'ancien directeur de cabinet au minist&egrave;re de la D&eacute;fense, le colonel Th&eacute;oneste Bagosora condamn&eacute; &agrave; la perp&eacute;tuit&eacute;.\n<\/p>\n<p >\nDans une d&eacute;cision rendue jeudi et transmise vendredi &agrave; l'agence Hirondelle, la chambre d'appel&nbsp; &laquo; ordonne que Marcel Gatsinzi soit pr&eacute;sent pour &ecirc;tre entendu comme t&eacute;moin le mercredi 30 mars 2011 &agrave; 9 heures au si&egrave;ge du tribunal &agrave; Arusha, Tanzanie &raquo;.\n<\/p>\n<p >\nElle donne instruction au greffe de &laquo; communiquer cette ordonnance &agrave; Marcel Gatsinzi et de prendre tous les mesures n&eacute;cessaires pour faciliter sa pr&eacute;sence &agrave; l'audience &raquo;.\n<\/p>\n<p >\nLa chambre &laquo; informe &raquo; le ministre qu'il peut, s'il le souhaite, &ecirc;tre accompagn&eacute; de son avocat pour son audition.Elle lui rappelle que le refus de se conformer &agrave; &laquo; la pr&eacute;sence ordonnance pourra &ecirc;tre consid&eacute;r&eacute; comme un outrage au tribunal &raquo;, acte punissable, selon le r&egrave;glement de proc&eacute;dure et de preuve du TPIR.\n<\/p>\n<p >\nM&ecirc;me si la d&eacute;position a &eacute;t&eacute; demand&eacute;e par Bagosora, le g&eacute;n&eacute;ral sera entendu comme &laquo; t&eacute;moin de la cour &raquo;. C'est-&agrave;-dire que les juges seront les premiers &agrave; lui poser les questions, laissant ensuite un temps &eacute;gal au procureur et &agrave; Bagosora pour le contre-interrogatoire.\n<\/p>\n<p >\n<p >\nLe 18 d&eacute;cembre 2008, Bagosora qui avait &eacute;t&eacute; pr&eacute;sent&eacute; par le procureur comme &laquo; le cerveau &raquo; du g&eacute;nocide des Tutsis, a &eacute;t&eacute; reconnu coupable de g&eacute;nocide, crimes contre l'humanit&eacute; et crimes de guerre.\n<\/p>\n<p >\n<p >\nLes juges de premi&egrave;re instance ont conclu &agrave; sa responsabilit&eacute; dans l'assassinat du Premier ministre de l'&eacute;poque, Agathe Uwilingiyimana, des dix casques bleus belges qui &eacute;taient charg&eacute;s de la prot&eacute;ger et de plusieurs dirigeants politiques. Il a &eacute;t&eacute; &eacute;galement condamn&eacute; pour les massacres de Tutsis &agrave; des barrages routiers dans la ville de Kigali et dans sa r&eacute;gion d'origine de Gisenyi (nord), entre la soir&eacute;e du 6 avril et le 9 avril 1994.\n<\/p>\n<p >\n<p >\nSelon le jugement, Bagosora &eacute;tait, en l'absence du ministre de la D&eacute;fense, la plus haute autorit&eacute; militaire du Rwanda au cours de cette p&eacute;riode. Ce que l'appelant a toujours contest&eacute;, affirmant n'avoir jamais exerc&eacute; de contr&ocirc;le, ni de fait, ni de droit, sur les Forces arm&eacute;es rwandaises (FAR).\n<\/p>\n<p >\n<p >\nA sa demande, la chambre de premi&egrave;re instance avait, lors du proc&egrave;s, ordonn&eacute; le 11 septembre 2006, la comparution du g&eacute;n&eacute;ral Gatsinzi.\n<\/p>\n<p >\n<p >\nCe dernier, qui &eacute;tait alors ministre de la D&eacute;fense, avait pos&eacute; des conditions &agrave; sa d&eacute;position : &ecirc;tre entendu comme t&eacute;moin de la chambre et non de Bagosora, ce que la chambre avait refus&eacute;. Gatsinzi avait &eacute;galement demand&eacute; &agrave; d&eacute;poser en vid&eacute;oconf&eacute;rence et les choses en &eacute;taient rest&eacute;es l&agrave; jusqu'&agrave; la fin du proc&egrave;s.\n<\/p>\n<p >\n<p >\nLe 25 ao&ucirc;t 2010, quelques mois apr&egrave;s avoir d&eacute;pos&eacute; son m&eacute;moire d'appel, la d&eacute;fense de Bagosora avait demand&eacute; &agrave; la chambre d'appel de rendre une ordonnance contraignant le g&eacute;n&eacute;ral &agrave; venir t&eacute;moigner viva voce.\n<\/p>\n<p >\n<p >\nSans suivre Bagosora dans tout son raisonnement, la chambre d'appel conclut que l'audition du ministre permettra de d&eacute;terminer &laquo; si ou &agrave; quel point le d&eacute;faut de t&eacute;moignage (de Gatsinzi) a viol&eacute; le droit de Bagosora &agrave; un proc&egrave;s &eacute;quitable ou lui a caus&eacute; un pr&eacute;judice comme il le soutient &raquo;.\n<\/p>\n<p >\n<p >\nL'ancien directeur de cabinet compara&icirc;tra en appel avec l'ancien commandant des op&eacute;rations militaires dans le secteur de Gisenyi (nord), le lieutenant-colonel Anatole Nsengiyumva, et l'ancien commandant du bataillon paracommando le major Aloys Ntabakuze, &eacute;galement condamn&eacute;s &agrave; la prison &agrave; vie.\n<\/p>\n<p >\n<p >\nER\/GF\n<\/p>\n<p >\n<p>\n&copy; Agence Hirondelle<\/p>\n","protected":false},"excerpt":{"rendered":"<p>Arusha, 11 f&eacute;vrier 2011 (FH) - La chambre d'appel du Tribunal p&eacute;nal international pour le Rwanda (TPIR) a ordonn&eacute; que le g&eacute;n&eacute;ral Marcel Gatsinzi, membre de l'actuel gouvernement rwandais, soit entendu le 30 mars prochain, faute de quoi il pourrait &ecirc;tre poursuivi pour outrage &agrave; la cour, a-t-on appris vendredi de source judiciaire.<\/p>\n","protected":false},"author":64,"featured_media":0,"comment_status":"open","ping_status":"closed","sticky":false,"template":"","format":"standard","meta":{"_acf_changed":false,"footnotes":""},"categories":[554],"tags":[],"ji_location":[],"class_list":["post-12736","post","type-post","status-publish","format-standard","hentry","category-hirondellenews"],"acf":[],"yoast_head":"<!-- This site is optimized with the Yoast SEO Premium plugin v25.3.1 (Yoast SEO v25.3.1) - https:\/\/yoast.com\/wordpress\/plugins\/seo\/ -->\n<title>11.02.11 - TPIR\/MILITAIRES I - UN MINISTRE RWANDAIS SOMME DE TEMOIGNER SOUS PEINE DE POURSUITES - JusticeInfo.net<\/title>\n<meta name=\"robots\" content=\"index, follow, max-snippet:-1, max-image-preview:large, max-video-preview:-1\" \/>\n<link rel=\"canonical\" href=\"https:\/\/www.justiceinfo.net\/fr\/12736-110211-tpirmilitaires-i-un-ministre-rwandais-somme-de-temoigner-sous-peine-de-poursuites9544.html\" \/>\n<meta property=\"og:locale\" content=\"fr_FR\" \/>\n<meta property=\"og:type\" content=\"article\" \/>\n<meta property=\"og:title\" content=\"11.02.11 - TPIR\/MILITAIRES I - UN MINISTRE RWANDAIS SOMME DE TEMOIGNER SOUS PEINE DE POURSUITES\" \/>\n<meta property=\"og:description\" content=\"Arusha, 11 f&eacute;vrier 2011 (FH) - La chambre d&#039;appel du Tribunal p&eacute;nal international pour le Rwanda (TPIR) a ordonn&eacute; que le g&eacute;n&eacute;ral Marcel Gatsinzi, membre de l&#039;actuel gouvernement rwandais, soit entendu le 30 mars prochain, faute de quoi il pourrait &ecirc;tre poursuivi pour outrage &agrave; la cour, a-t-on appris vendredi de source judiciaire.\" \/>\n<meta property=\"og:url\" content=\"https:\/\/www.justiceinfo.net\/fr\/12736-110211-tpirmilitaires-i-un-ministre-rwandais-somme-de-temoigner-sous-peine-de-poursuites9544.html\" \/>\n<meta property=\"og:site_name\" content=\"JusticeInfo.net\" \/>\n<meta property=\"article:publisher\" content=\"https:\/\/www.facebook.com\/JusticeInfo\/\" \/>\n<meta property=\"article:published_time\" content=\"2011-02-10T23:00:00+00:00\" \/>\n<meta property=\"og:image\" content=\"https:\/\/www.justiceinfo.net\/wp-content\/uploads\/JusticeInfoNet_logo_1200x630px.jpg\" \/>\n\t<meta property=\"og:image:width\" content=\"1200\" \/>\n\t<meta property=\"og:image:height\" content=\"630\" \/>\n\t<meta property=\"og:image:type\" content=\"image\/jpeg\" \/>\n<meta name=\"author\" content=\"solivri\" \/>\n<meta name=\"twitter:card\" content=\"summary_large_image\" \/>\n<meta name=\"twitter:creator\" content=\"@justiceinfonet\" \/>\n<meta name=\"twitter:site\" content=\"@justiceinfonet\" \/>\n<meta name=\"twitter:label1\" content=\"\u00c9crit par\" \/>\n\t<meta name=\"twitter:data1\" content=\"solivri\" \/>\n\t<meta name=\"twitter:label2\" content=\"Dur\u00e9e de lecture estim\u00e9e\" \/>\n\t<meta name=\"twitter:data2\" content=\"4 minutes\" \/>\n<script type=\"application\/ld+json\" class=\"yoast-schema-graph\">{\"@context\":\"https:\/\/schema.org\",\"@graph\":[{\"@type\":\"NewsArticle\",\"@id\":\"https:\/\/www.justiceinfo.net\/fr\/12736-110211-tpirmilitaires-i-un-ministre-rwandais-somme-de-temoigner-sous-peine-de-poursuites9544.html#article\",\"isPartOf\":{\"@id\":\"https:\/\/www.justiceinfo.net\/fr\/12736-110211-tpirmilitaires-i-un-ministre-rwandais-somme-de-temoigner-sous-peine-de-poursuites9544.html\"},\"author\":{\"name\":\"solivri\",\"@id\":\"https:\/\/www.justiceinfo.net\/fr#\/schema\/person\/6e53cba1629e2e66f3fc1821d3091865\"},\"headline\":\"11.02.11 - TPIR\/MILITAIRES I - UN MINISTRE RWANDAIS SOMME DE TEMOIGNER SOUS PEINE DE POURSUITES\",\"datePublished\":\"2011-02-10T23:00:00+00:00\",\"mainEntityOfPage\":{\"@id\":\"https:\/\/www.justiceinfo.net\/fr\/12736-110211-tpirmilitaires-i-un-ministre-rwandais-somme-de-temoigner-sous-peine-de-poursuites9544.html\"},\"wordCount\":848,\"commentCount\":0,\"publisher\":{\"@id\":\"https:\/\/www.justiceinfo.net\/fr#organization\"},\"articleSection\":[\"Hirondelle News\"],\"inLanguage\":\"fr-FR\",\"potentialAction\":[{\"@type\":\"CommentAction\",\"name\":\"Comment\",\"target\":[\"https:\/\/www.justiceinfo.net\/fr\/12736-110211-tpirmilitaires-i-un-ministre-rwandais-somme-de-temoigner-sous-peine-de-poursuites9544.html#respond\"]}]},{\"@type\":\"WebPage\",\"@id\":\"https:\/\/www.justiceinfo.net\/fr\/12736-110211-tpirmilitaires-i-un-ministre-rwandais-somme-de-temoigner-sous-peine-de-poursuites9544.html\",\"url\":\"https:\/\/www.justiceinfo.net\/fr\/12736-110211-tpirmilitaires-i-un-ministre-rwandais-somme-de-temoigner-sous-peine-de-poursuites9544.html\",\"name\":\"11.02.11 - TPIR\/MILITAIRES I - UN MINISTRE RWANDAIS SOMME DE TEMOIGNER SOUS PEINE DE POURSUITES - JusticeInfo.net\",\"isPartOf\":{\"@id\":\"https:\/\/www.justiceinfo.net\/fr#website\"},\"datePublished\":\"2011-02-10T23:00:00+00:00\",\"breadcrumb\":{\"@id\":\"https:\/\/www.justiceinfo.net\/fr\/12736-110211-tpirmilitaires-i-un-ministre-rwandais-somme-de-temoigner-sous-peine-de-poursuites9544.html#breadcrumb\"},\"inLanguage\":\"fr-FR\",\"potentialAction\":[{\"@type\":\"ReadAction\",\"target\":[\"https:\/\/www.justiceinfo.net\/fr\/12736-110211-tpirmilitaires-i-un-ministre-rwandais-somme-de-temoigner-sous-peine-de-poursuites9544.html\"]}]},{\"@type\":\"BreadcrumbList\",\"@id\":\"https:\/\/www.justiceinfo.net\/fr\/12736-110211-tpirmilitaires-i-un-ministre-rwandais-somme-de-temoigner-sous-peine-de-poursuites9544.html#breadcrumb\",\"itemListElement\":[{\"@type\":\"ListItem\",\"position\":1,\"name\":\"Home\",\"item\":\"https:\/\/www.justiceinfo.net\/fr\"},{\"@type\":\"ListItem\",\"position\":2,\"name\":\"11.02.11 - TPIR\/MILITAIRES I - UN MINISTRE RWANDAIS SOMME DE TEMOIGNER SOUS PEINE DE POURSUITES\"}]},{\"@type\":\"WebSite\",\"@id\":\"https:\/\/www.justiceinfo.net\/fr#website\",\"url\":\"https:\/\/www.justiceinfo.net\/fr\",\"name\":\"JusticeInfo.net\",\"description\":\"La justice doit \u00eatre vue pour \u00eatre rendue\",\"publisher\":{\"@id\":\"https:\/\/www.justiceinfo.net\/fr#organization\"},\"potentialAction\":[{\"@type\":\"SearchAction\",\"target\":{\"@type\":\"EntryPoint\",\"urlTemplate\":\"https:\/\/www.justiceinfo.net\/fr?s={search_term_string}\"},\"query-input\":{\"@type\":\"PropertyValueSpecification\",\"valueRequired\":true,\"valueName\":\"search_term_string\"}}],\"inLanguage\":\"fr-FR\"},{\"@type\":\"Organization\",\"@id\":\"https:\/\/www.justiceinfo.net\/fr#organization\",\"name\":\"Justice Info\",\"url\":\"https:\/\/www.justiceinfo.net\/fr\",\"logo\":{\"@type\":\"ImageObject\",\"inLanguage\":\"fr-FR\",\"@id\":\"https:\/\/www.justiceinfo.net\/fr#\/schema\/logo\/image\/\",\"url\":\"https:\/\/www.justiceinfo.net\/wp-content\/uploads\/justiceinfo_logo-trans_1200x1200px.png\",\"contentUrl\":\"https:\/\/www.justiceinfo.net\/wp-content\/uploads\/justiceinfo_logo-trans_1200x1200px.png\",\"width\":1199,\"height\":1200,\"caption\":\"Justice Info\"},\"image\":{\"@id\":\"https:\/\/www.justiceinfo.net\/fr#\/schema\/logo\/image\/\"},\"sameAs\":[\"https:\/\/www.facebook.com\/JusticeInfo\/\",\"https:\/\/x.com\/justiceinfonet\",\"https:\/\/www.linkedin.com\/company\/justice-info\",\"https:\/\/www.youtube.com\/channel\/UCyCEsARodyuWtkWyhn-e7pA\"]},{\"@type\":\"Person\",\"name\":\"solivri\",\"url\":\"\/fr\/?s=solivri\"}]}<\/script>\n<!-- \/ Yoast SEO Premium plugin. -->","yoast_head_json":{"title":"11.02.11 - TPIR\/MILITAIRES I - UN MINISTRE RWANDAIS SOMME DE TEMOIGNER SOUS PEINE DE POURSUITES - JusticeInfo.net","robots":{"index":"index","follow":"follow","max-snippet":"max-snippet:-1","max-image-preview":"max-image-preview:large","max-video-preview":"max-video-preview:-1"},"canonical":"https:\/\/www.justiceinfo.net\/fr\/12736-110211-tpirmilitaires-i-un-ministre-rwandais-somme-de-temoigner-sous-peine-de-poursuites9544.html","og_locale":"fr_FR","og_type":"article","og_title":"11.02.11 - TPIR\/MILITAIRES I - UN MINISTRE RWANDAIS SOMME DE TEMOIGNER SOUS PEINE DE POURSUITES","og_description":"Arusha, 11 f&eacute;vrier 2011 (FH) - La chambre d'appel du Tribunal p&eacute;nal international pour le Rwanda (TPIR) a ordonn&eacute; que le g&eacute;n&eacute;ral Marcel Gatsinzi, membre de l'actuel gouvernement rwandais, soit entendu le 30 mars prochain, faute de quoi il pourrait &ecirc;tre poursuivi pour outrage &agrave; la cour, a-t-on appris vendredi de source judiciaire.","og_url":"https:\/\/www.justiceinfo.net\/fr\/12736-110211-tpirmilitaires-i-un-ministre-rwandais-somme-de-temoigner-sous-peine-de-poursuites9544.html","og_site_name":"JusticeInfo.net","article_publisher":"https:\/\/www.facebook.com\/JusticeInfo\/","article_published_time":"2011-02-10T23:00:00+00:00","og_image":[{"width":1200,"height":630,"url":"https:\/\/www.justiceinfo.net\/wp-content\/uploads\/JusticeInfoNet_logo_1200x630px.jpg","type":"image\/jpeg"}],"author":"solivri","twitter_card":"summary_large_image","twitter_creator":"@justiceinfonet","twitter_site":"@justiceinfonet","twitter_misc":{"\u00c9crit par":"solivri","Dur\u00e9e de lecture estim\u00e9e":"4 minutes"},"schema":{"@context":"https:\/\/schema.org","@graph":[{"@type":"NewsArticle","@id":"https:\/\/www.justiceinfo.net\/fr\/12736-110211-tpirmilitaires-i-un-ministre-rwandais-somme-de-temoigner-sous-peine-de-poursuites9544.html#article","isPartOf":{"@id":"https:\/\/www.justiceinfo.net\/fr\/12736-110211-tpirmilitaires-i-un-ministre-rwandais-somme-de-temoigner-sous-peine-de-poursuites9544.html"},"author":{"name":"solivri","@id":"https:\/\/www.justiceinfo.net\/fr#\/schema\/person\/6e53cba1629e2e66f3fc1821d3091865"},"headline":"11.02.11 - TPIR\/MILITAIRES I - UN MINISTRE RWANDAIS SOMME DE TEMOIGNER SOUS PEINE DE POURSUITES","datePublished":"2011-02-10T23:00:00+00:00","mainEntityOfPage":{"@id":"https:\/\/www.justiceinfo.net\/fr\/12736-110211-tpirmilitaires-i-un-ministre-rwandais-somme-de-temoigner-sous-peine-de-poursuites9544.html"},"wordCount":848,"commentCount":0,"publisher":{"@id":"https:\/\/www.justiceinfo.net\/fr#organization"},"articleSection":["Hirondelle News"],"inLanguage":"fr-FR","potentialAction":[{"@type":"CommentAction","name":"Comment","target":["https:\/\/www.justiceinfo.net\/fr\/12736-110211-tpirmilitaires-i-un-ministre-rwandais-somme-de-temoigner-sous-peine-de-poursuites9544.html#respond"]}]},{"@type":"WebPage","@id":"https:\/\/www.justiceinfo.net\/fr\/12736-110211-tpirmilitaires-i-un-ministre-rwandais-somme-de-temoigner-sous-peine-de-poursuites9544.html","url":"https:\/\/www.justiceinfo.net\/fr\/12736-110211-tpirmilitaires-i-un-ministre-rwandais-somme-de-temoigner-sous-peine-de-poursuites9544.html","name":"11.02.11 - TPIR\/MILITAIRES I - UN MINISTRE RWANDAIS SOMME DE TEMOIGNER SOUS PEINE DE POURSUITES - JusticeInfo.net","isPartOf":{"@id":"https:\/\/www.justiceinfo.net\/fr#website"},"datePublished":"2011-02-10T23:00:00+00:00","breadcrumb":{"@id":"https:\/\/www.justiceinfo.net\/fr\/12736-110211-tpirmilitaires-i-un-ministre-rwandais-somme-de-temoigner-sous-peine-de-poursuites9544.html#breadcrumb"},"inLanguage":"fr-FR","potentialAction":[{"@type":"ReadAction","target":["https:\/\/www.justiceinfo.net\/fr\/12736-110211-tpirmilitaires-i-un-ministre-rwandais-somme-de-temoigner-sous-peine-de-poursuites9544.html"]}]},{"@type":"BreadcrumbList","@id":"https:\/\/www.justiceinfo.net\/fr\/12736-110211-tpirmilitaires-i-un-ministre-rwandais-somme-de-temoigner-sous-peine-de-poursuites9544.html#breadcrumb","itemListElement":[{"@type":"ListItem","position":1,"name":"Home","item":"https:\/\/www.justiceinfo.net\/fr"},{"@type":"ListItem","position":2,"name":"11.02.11 - TPIR\/MILITAIRES I - UN MINISTRE RWANDAIS SOMME DE TEMOIGNER SOUS PEINE DE POURSUITES"}]},{"@type":"WebSite","@id":"https:\/\/www.justiceinfo.net\/fr#website","url":"https:\/\/www.justiceinfo.net\/fr","name":"JusticeInfo.net","description":"La justice doit \u00eatre vue pour \u00eatre rendue","publisher":{"@id":"https:\/\/www.justiceinfo.net\/fr#organization"},"potentialAction":[{"@type":"SearchAction","target":{"@type":"EntryPoint","urlTemplate":"https:\/\/www.justiceinfo.net\/fr?s={search_term_string}"},"query-input":{"@type":"PropertyValueSpecification","valueRequired":true,"valueName":"search_term_string"}}],"inLanguage":"fr-FR"},{"@type":"Organization","@id":"https:\/\/www.justiceinfo.net\/fr#organization","name":"Justice Info","url":"https:\/\/www.justiceinfo.net\/fr","logo":{"@type":"ImageObject","inLanguage":"fr-FR","@id":"https:\/\/www.justiceinfo.net\/fr#\/schema\/logo\/image\/","url":"https:\/\/www.justiceinfo.net\/wp-content\/uploads\/justiceinfo_logo-trans_1200x1200px.png","contentUrl":"https:\/\/www.justiceinfo.net\/wp-content\/uploads\/justiceinfo_logo-trans_1200x1200px.png","width":1199,"height":1200,"caption":"Justice Info"},"image":{"@id":"https:\/\/www.justiceinfo.net\/fr#\/schema\/logo\/image\/"},"sameAs":["https:\/\/www.facebook.com\/JusticeInfo\/","https:\/\/x.com\/justiceinfonet","https:\/\/www.linkedin.com\/company\/justice-info","https:\/\/www.youtube.com\/channel\/UCyCEsARodyuWtkWyhn-e7pA"]},{"@type":"Person","name":"solivri","url":"\/fr\/?s=solivri"}]}},"_links":{"self":[{"href":"https:\/\/www.justiceinfo.net\/fr\/wp-json\/wp\/v2\/posts\/12736","targetHints":{"allow":["GET"]}}],"collection":[{"href":"https:\/\/www.justiceinfo.net\/fr\/wp-json\/wp\/v2\/posts"}],"about":[{"href":"https:\/\/www.justiceinfo.net\/fr\/wp-json\/wp\/v2\/types\/post"}],"author":[{"embeddable":true,"href":"https:\/\/www.justiceinfo.net\/fr\/wp-json\/wp\/v2\/users\/64"}],"replies":[{"embeddable":true,"href":"https:\/\/www.justiceinfo.net\/fr\/wp-json\/wp\/v2\/comments?post=12736"}],"version-history":[{"count":0,"href":"https:\/\/www.justiceinfo.net\/fr\/wp-json\/wp\/v2\/posts\/12736\/revisions"}],"wp:attachment":[{"href":"https:\/\/www.justiceinfo.net\/fr\/wp-json\/wp\/v2\/media?parent=12736"}],"wp:term":[{"taxonomy":"category","embeddable":true,"href":"https:\/\/www.justiceinfo.net\/fr\/wp-json\/wp\/v2\/categories?post=12736"},{"taxonomy":"post_tag","embeddable":true,"href":"https:\/\/www.justiceinfo.net\/fr\/wp-json\/wp\/v2\/tags?post=12736"},{"taxonomy":"ji_location","embeddable":true,"href":"https:\/\/www.justiceinfo.net\/fr\/wp-json\/wp\/v2\/ji_location?post=12736"}],"curies":[{"name":"wp","href":"https:\/\/api.w.org\/{rel}","templated":true}]}}