{"id":12740,"date":"2011-02-11T00:00:00","date_gmt":"2011-02-10T23:00:00","guid":{"rendered":"https:\/\/www.justiceinfo.net\/12740-110211-synthese-hebdomadaire-gatsinzi-convoque-poursuite-de-trois-proces-en-premiere-instance9548.html"},"modified":"2011-02-11T00:00:00","modified_gmt":"2011-02-10T23:00:00","slug":"110211-synthese-hebdomadaire-gatsinzi-convoque-poursuite-de-trois-proces-en-premiere-instance9548","status":"publish","type":"post","link":"https:\/\/www.justiceinfo.net\/fr\/12740-110211-synthese-hebdomadaire-gatsinzi-convoque-poursuite-de-trois-proces-en-premiere-instance9548.html","title":{"rendered":"11.02.11 - SYNTHESE HEBDOMADAIRE - GATSINZI CONVOQU\u00c9, POURSUITE DE TROIS PROCES EN PREMIERE INSTANCE"},"content":{"rendered":"<p >\n<p >\nArusha, 11 f&eacute;vrier 2011 (FH) - Le g&eacute;n&eacute;ral Marcel Gatsinzi, ministre rwandais en charge des catastrophes et des r&eacute;fugi&eacute;s, a &eacute;t&eacute; somm&eacute; de compara&icirc;tre devant le Tribunal p&eacute;nal international pour le Rwanda (TPIR), le 30 mars prochain, dans le cadre du proc&egrave;s en appel du colonel Th&eacute;oneste Bagosora.\n<\/p>\n<p><!--more--><\/p>\n<p >\n<p >\nAncien directeur de cabinet au minist&egrave;re de la D&eacute;fense, le colonel Bagosora, le plus c&eacute;l&egrave;bre des d&eacute;tenus du TPIR, a &eacute;t&eacute; condamn&eacute; &agrave; la perp&eacute;tuit&eacute; en d&eacute;cembre 2008, pour crimes de g&eacute;nocide, crimes contre l'humanit&eacute; et crimes de guerre.\n<\/p>\n<p >\n<p >\nLe g&eacute;n&eacute;ral Marcel Gatsinzi fut chef d'&eacute;tat-major int&eacute;rimaire de l'arm&eacute;e rwandaise pendant les dix premiers jours du g&eacute;nocide des Tutsis de 1994.\n<\/p>\n<p >\nDans son ordonnance rendue jeudi, la chambre d'appel avertit le g&eacute;n&eacute;ral que le refus de venir d&eacute;poser &laquo; pourra &ecirc;tre consid&eacute;r&eacute; comme un outrage au tribunal &raquo;, un comportement punissable, selon le r&egrave;glement de proc&eacute;dure et de preuve du TPIR.\n<\/p>\n<p >\nBagosora n'avait pas pu obtenir en premi&egrave;re instance l'audition de Gatsinzi qu'il consid&egrave;re comme un t&eacute;moin capital.\n<\/p>\n<p >\nAu niveau des chambres de premi&egrave;re instance, trois proc&egrave;s se sont poursuivis cette semaine dont celui du capitaine Ildephonse Nizeyimana qui &eacute;tait bas&eacute; en 1994 &agrave; l'Ecole des sous-officiers (ESO) de Butare (sud).\n<\/p>\n<p >\nParmi les t&eacute;moignages entendus cette semaines, figure celui de Justin Gahizi, un ancien militaire rwandais qui a accus&eacute; lundi le capitaine d'avoir pay&eacute; de la bi&egrave;re &agrave; profusion pour f&ecirc;ter le meurtre en avril 1994 de Rosalie Gicanda, &eacute;pouse de Charles-L&eacute;on Pierre Mutara III Rudahigwa, l'avant-dernier roi du Rwanda.\n<\/p>\n<p >\nLa reine Gicanda &eacute;tait une figure hautement symbolique pour les Rwandais d'ethnie tutsie.\n<\/p>\n<p >\nAu Rwanda, le parquet g&eacute;n&eacute;ral a accus&eacute; mercredi le colonel Patrick Karegeya, ancien patron des renseignements ext&eacute;rieurs actuellement en exil en Afrique du Sud, d'avoir lev&eacute; en 2003 le gel de biens appartenant &agrave; l'homme d'affaires en exil F&eacute;licien Kabuga. Souvent consid&eacute;r&eacute; comme l'argentier du g&eacute;nocide des Tutsis de 1994, Kabuga est encore recherch&eacute; par le TPIR. Karegeya avait d&eacute;j&agrave; &eacute;t&eacute; accus&eacute; par l'arm&eacute;e rwandaise d'avoir entrav&eacute; l'arrestation de Kabuga.\n<\/p>\n<p >\n<p >\nA La Haye, devant le Tribunal sp&eacute;cial pour la Sierra Leone (TSSL), le procureur a demand&eacute; mardi aux juges de condamner Charles Taylor, l'ancien pr&eacute;sident du Lib&eacute;ria accus&eacute; de crimes commis en Sierra Leone. Le r&eacute;quisitoire a &eacute;t&eacute; prononc&eacute; en l'absence des avocats de Charles Taylor, qui protestaient contre le rejet de leur&nbsp; m&eacute;moire final. Les avocats ayant fait appel de cette d&eacute;cision, le proc&egrave;s a &eacute;t&eacute; report&eacute; sine die.&nbsp;&nbsp;&nbsp;\n<\/p>\n<p >\nER\/GF\n<\/p>\n<p>\n&nbsp;&copy; Agence Hirondelle<\/p>\n","protected":false},"excerpt":{"rendered":"<p>Arusha, 11 f&eacute;vrier 2011 (FH) - Le g&eacute;n&eacute;ral Marcel Gatsinzi, ministre rwandais en charge des catastrophes et des r&eacute;fugi&eacute;s, a &eacute;t&eacute; somm&eacute; de compara&icirc;tre devant le Tribunal p&eacute;nal international pour le Rwanda (TPIR), le 30 mars prochain, dans le cadre du proc&egrave;s en appel du colonel Th&eacute;oneste Bagosora.<\/p>\n","protected":false},"author":64,"featured_media":0,"comment_status":"open","ping_status":"closed","sticky":false,"template":"","format":"standard","meta":{"_acf_changed":false,"footnotes":""},"categories":[554],"tags":[],"ji_location":[],"class_list":["post-12740","post","type-post","status-publish","format-standard","hentry","category-hirondellenews"],"acf":[],"yoast_head":"<!-- This site is optimized with the Yoast SEO Premium plugin v25.3.1 (Yoast SEO v25.3.1) - https:\/\/yoast.com\/wordpress\/plugins\/seo\/ -->\n<title>11.02.11 - SYNTHESE HEBDOMADAIRE - GATSINZI CONVOQU\u00c9, POURSUITE DE TROIS PROCES EN PREMIERE INSTANCE - JusticeInfo.net<\/title>\n<meta name=\"robots\" content=\"index, follow, max-snippet:-1, max-image-preview:large, max-video-preview:-1\" \/>\n<link rel=\"canonical\" href=\"https:\/\/www.justiceinfo.net\/fr\/12740-110211-synthese-hebdomadaire-gatsinzi-convoque-poursuite-de-trois-proces-en-premiere-instance9548.html\" \/>\n<meta property=\"og:locale\" content=\"fr_FR\" \/>\n<meta property=\"og:type\" content=\"article\" \/>\n<meta property=\"og:title\" content=\"11.02.11 - SYNTHESE HEBDOMADAIRE - GATSINZI CONVOQU\u00c9, POURSUITE DE TROIS PROCES EN PREMIERE INSTANCE\" \/>\n<meta property=\"og:description\" content=\"Arusha, 11 f&eacute;vrier 2011 (FH) - Le g&eacute;n&eacute;ral Marcel Gatsinzi, ministre rwandais en charge des catastrophes et des r&eacute;fugi&eacute;s, a &eacute;t&eacute; somm&eacute; de compara&icirc;tre devant le Tribunal p&eacute;nal international pour le Rwanda (TPIR), le 30 mars prochain, dans le cadre du proc&egrave;s en appel du colonel Th&eacute;oneste Bagosora.\" \/>\n<meta property=\"og:url\" content=\"https:\/\/www.justiceinfo.net\/fr\/12740-110211-synthese-hebdomadaire-gatsinzi-convoque-poursuite-de-trois-proces-en-premiere-instance9548.html\" \/>\n<meta property=\"og:site_name\" content=\"JusticeInfo.net\" \/>\n<meta property=\"article:publisher\" content=\"https:\/\/www.facebook.com\/JusticeInfo\/\" \/>\n<meta property=\"article:published_time\" content=\"2011-02-10T23:00:00+00:00\" \/>\n<meta property=\"og:image\" content=\"https:\/\/www.justiceinfo.net\/wp-content\/uploads\/JusticeInfoNet_logo_1200x630px.jpg\" \/>\n\t<meta property=\"og:image:width\" content=\"1200\" \/>\n\t<meta property=\"og:image:height\" content=\"630\" \/>\n\t<meta property=\"og:image:type\" content=\"image\/jpeg\" \/>\n<meta name=\"author\" content=\"solivri\" \/>\n<meta name=\"twitter:card\" content=\"summary_large_image\" \/>\n<meta name=\"twitter:creator\" content=\"@justiceinfonet\" \/>\n<meta name=\"twitter:site\" content=\"@justiceinfonet\" \/>\n<meta name=\"twitter:label1\" content=\"\u00c9crit par\" \/>\n\t<meta name=\"twitter:data1\" content=\"solivri\" \/>\n\t<meta name=\"twitter:label2\" content=\"Dur\u00e9e de lecture estim\u00e9e\" \/>\n\t<meta name=\"twitter:data2\" content=\"3 minutes\" \/>\n<script type=\"application\/ld+json\" class=\"yoast-schema-graph\">{\"@context\":\"https:\/\/schema.org\",\"@graph\":[{\"@type\":\"NewsArticle\",\"@id\":\"https:\/\/www.justiceinfo.net\/fr\/12740-110211-synthese-hebdomadaire-gatsinzi-convoque-poursuite-de-trois-proces-en-premiere-instance9548.html#article\",\"isPartOf\":{\"@id\":\"https:\/\/www.justiceinfo.net\/fr\/12740-110211-synthese-hebdomadaire-gatsinzi-convoque-poursuite-de-trois-proces-en-premiere-instance9548.html\"},\"author\":{\"name\":\"solivri\",\"@id\":\"https:\/\/www.justiceinfo.net\/fr#\/schema\/person\/6e53cba1629e2e66f3fc1821d3091865\"},\"headline\":\"11.02.11 - SYNTHESE HEBDOMADAIRE - GATSINZI CONVOQU\u00c9, POURSUITE DE TROIS PROCES EN PREMIERE INSTANCE\",\"datePublished\":\"2011-02-10T23:00:00+00:00\",\"mainEntityOfPage\":{\"@id\":\"https:\/\/www.justiceinfo.net\/fr\/12740-110211-synthese-hebdomadaire-gatsinzi-convoque-poursuite-de-trois-proces-en-premiere-instance9548.html\"},\"wordCount\":573,\"commentCount\":0,\"publisher\":{\"@id\":\"https:\/\/www.justiceinfo.net\/fr#organization\"},\"articleSection\":[\"Hirondelle News\"],\"inLanguage\":\"fr-FR\",\"potentialAction\":[{\"@type\":\"CommentAction\",\"name\":\"Comment\",\"target\":[\"https:\/\/www.justiceinfo.net\/fr\/12740-110211-synthese-hebdomadaire-gatsinzi-convoque-poursuite-de-trois-proces-en-premiere-instance9548.html#respond\"]}]},{\"@type\":\"WebPage\",\"@id\":\"https:\/\/www.justiceinfo.net\/fr\/12740-110211-synthese-hebdomadaire-gatsinzi-convoque-poursuite-de-trois-proces-en-premiere-instance9548.html\",\"url\":\"https:\/\/www.justiceinfo.net\/fr\/12740-110211-synthese-hebdomadaire-gatsinzi-convoque-poursuite-de-trois-proces-en-premiere-instance9548.html\",\"name\":\"11.02.11 - SYNTHESE HEBDOMADAIRE - GATSINZI CONVOQU\u00c9, POURSUITE DE TROIS PROCES EN PREMIERE INSTANCE - JusticeInfo.net\",\"isPartOf\":{\"@id\":\"https:\/\/www.justiceinfo.net\/fr#website\"},\"datePublished\":\"2011-02-10T23:00:00+00:00\",\"breadcrumb\":{\"@id\":\"https:\/\/www.justiceinfo.net\/fr\/12740-110211-synthese-hebdomadaire-gatsinzi-convoque-poursuite-de-trois-proces-en-premiere-instance9548.html#breadcrumb\"},\"inLanguage\":\"fr-FR\",\"potentialAction\":[{\"@type\":\"ReadAction\",\"target\":[\"https:\/\/www.justiceinfo.net\/fr\/12740-110211-synthese-hebdomadaire-gatsinzi-convoque-poursuite-de-trois-proces-en-premiere-instance9548.html\"]}]},{\"@type\":\"BreadcrumbList\",\"@id\":\"https:\/\/www.justiceinfo.net\/fr\/12740-110211-synthese-hebdomadaire-gatsinzi-convoque-poursuite-de-trois-proces-en-premiere-instance9548.html#breadcrumb\",\"itemListElement\":[{\"@type\":\"ListItem\",\"position\":1,\"name\":\"Home\",\"item\":\"https:\/\/www.justiceinfo.net\/fr\"},{\"@type\":\"ListItem\",\"position\":2,\"name\":\"11.02.11 - SYNTHESE HEBDOMADAIRE - GATSINZI CONVOQU\u00c9, POURSUITE DE TROIS PROCES EN PREMIERE INSTANCE\"}]},{\"@type\":\"WebSite\",\"@id\":\"https:\/\/www.justiceinfo.net\/fr#website\",\"url\":\"https:\/\/www.justiceinfo.net\/fr\",\"name\":\"JusticeInfo.net\",\"description\":\"La justice doit \u00eatre vue pour \u00eatre rendue\",\"publisher\":{\"@id\":\"https:\/\/www.justiceinfo.net\/fr#organization\"},\"potentialAction\":[{\"@type\":\"SearchAction\",\"target\":{\"@type\":\"EntryPoint\",\"urlTemplate\":\"https:\/\/www.justiceinfo.net\/fr?s={search_term_string}\"},\"query-input\":{\"@type\":\"PropertyValueSpecification\",\"valueRequired\":true,\"valueName\":\"search_term_string\"}}],\"inLanguage\":\"fr-FR\"},{\"@type\":\"Organization\",\"@id\":\"https:\/\/www.justiceinfo.net\/fr#organization\",\"name\":\"Justice Info\",\"url\":\"https:\/\/www.justiceinfo.net\/fr\",\"logo\":{\"@type\":\"ImageObject\",\"inLanguage\":\"fr-FR\",\"@id\":\"https:\/\/www.justiceinfo.net\/fr#\/schema\/logo\/image\/\",\"url\":\"https:\/\/www.justiceinfo.net\/wp-content\/uploads\/justiceinfo_logo-trans_1200x1200px.png\",\"contentUrl\":\"https:\/\/www.justiceinfo.net\/wp-content\/uploads\/justiceinfo_logo-trans_1200x1200px.png\",\"width\":1199,\"height\":1200,\"caption\":\"Justice Info\"},\"image\":{\"@id\":\"https:\/\/www.justiceinfo.net\/fr#\/schema\/logo\/image\/\"},\"sameAs\":[\"https:\/\/www.facebook.com\/JusticeInfo\/\",\"https:\/\/x.com\/justiceinfonet\",\"https:\/\/www.linkedin.com\/company\/justice-info\",\"https:\/\/www.youtube.com\/channel\/UCyCEsARodyuWtkWyhn-e7pA\"]},{\"@type\":\"Person\",\"name\":\"solivri\",\"url\":\"\/fr\/?s=solivri\"}]}<\/script>\n<!-- \/ Yoast SEO Premium plugin. -->","yoast_head_json":{"title":"11.02.11 - SYNTHESE HEBDOMADAIRE - GATSINZI CONVOQU\u00c9, POURSUITE DE TROIS PROCES EN PREMIERE INSTANCE - JusticeInfo.net","robots":{"index":"index","follow":"follow","max-snippet":"max-snippet:-1","max-image-preview":"max-image-preview:large","max-video-preview":"max-video-preview:-1"},"canonical":"https:\/\/www.justiceinfo.net\/fr\/12740-110211-synthese-hebdomadaire-gatsinzi-convoque-poursuite-de-trois-proces-en-premiere-instance9548.html","og_locale":"fr_FR","og_type":"article","og_title":"11.02.11 - SYNTHESE HEBDOMADAIRE - GATSINZI CONVOQU\u00c9, POURSUITE DE TROIS PROCES EN PREMIERE INSTANCE","og_description":"Arusha, 11 f&eacute;vrier 2011 (FH) - Le g&eacute;n&eacute;ral Marcel Gatsinzi, ministre rwandais en charge des catastrophes et des r&eacute;fugi&eacute;s, a &eacute;t&eacute; somm&eacute; de compara&icirc;tre devant le Tribunal p&eacute;nal international pour le Rwanda (TPIR), le 30 mars prochain, dans le cadre du proc&egrave;s en appel du colonel Th&eacute;oneste Bagosora.","og_url":"https:\/\/www.justiceinfo.net\/fr\/12740-110211-synthese-hebdomadaire-gatsinzi-convoque-poursuite-de-trois-proces-en-premiere-instance9548.html","og_site_name":"JusticeInfo.net","article_publisher":"https:\/\/www.facebook.com\/JusticeInfo\/","article_published_time":"2011-02-10T23:00:00+00:00","og_image":[{"width":1200,"height":630,"url":"https:\/\/www.justiceinfo.net\/wp-content\/uploads\/JusticeInfoNet_logo_1200x630px.jpg","type":"image\/jpeg"}],"author":"solivri","twitter_card":"summary_large_image","twitter_creator":"@justiceinfonet","twitter_site":"@justiceinfonet","twitter_misc":{"\u00c9crit par":"solivri","Dur\u00e9e de lecture estim\u00e9e":"3 minutes"},"schema":{"@context":"https:\/\/schema.org","@graph":[{"@type":"NewsArticle","@id":"https:\/\/www.justiceinfo.net\/fr\/12740-110211-synthese-hebdomadaire-gatsinzi-convoque-poursuite-de-trois-proces-en-premiere-instance9548.html#article","isPartOf":{"@id":"https:\/\/www.justiceinfo.net\/fr\/12740-110211-synthese-hebdomadaire-gatsinzi-convoque-poursuite-de-trois-proces-en-premiere-instance9548.html"},"author":{"name":"solivri","@id":"https:\/\/www.justiceinfo.net\/fr#\/schema\/person\/6e53cba1629e2e66f3fc1821d3091865"},"headline":"11.02.11 - SYNTHESE HEBDOMADAIRE - GATSINZI CONVOQU\u00c9, POURSUITE DE TROIS PROCES EN PREMIERE INSTANCE","datePublished":"2011-02-10T23:00:00+00:00","mainEntityOfPage":{"@id":"https:\/\/www.justiceinfo.net\/fr\/12740-110211-synthese-hebdomadaire-gatsinzi-convoque-poursuite-de-trois-proces-en-premiere-instance9548.html"},"wordCount":573,"commentCount":0,"publisher":{"@id":"https:\/\/www.justiceinfo.net\/fr#organization"},"articleSection":["Hirondelle News"],"inLanguage":"fr-FR","potentialAction":[{"@type":"CommentAction","name":"Comment","target":["https:\/\/www.justiceinfo.net\/fr\/12740-110211-synthese-hebdomadaire-gatsinzi-convoque-poursuite-de-trois-proces-en-premiere-instance9548.html#respond"]}]},{"@type":"WebPage","@id":"https:\/\/www.justiceinfo.net\/fr\/12740-110211-synthese-hebdomadaire-gatsinzi-convoque-poursuite-de-trois-proces-en-premiere-instance9548.html","url":"https:\/\/www.justiceinfo.net\/fr\/12740-110211-synthese-hebdomadaire-gatsinzi-convoque-poursuite-de-trois-proces-en-premiere-instance9548.html","name":"11.02.11 - SYNTHESE HEBDOMADAIRE - GATSINZI CONVOQU\u00c9, POURSUITE DE TROIS PROCES EN PREMIERE INSTANCE - JusticeInfo.net","isPartOf":{"@id":"https:\/\/www.justiceinfo.net\/fr#website"},"datePublished":"2011-02-10T23:00:00+00:00","breadcrumb":{"@id":"https:\/\/www.justiceinfo.net\/fr\/12740-110211-synthese-hebdomadaire-gatsinzi-convoque-poursuite-de-trois-proces-en-premiere-instance9548.html#breadcrumb"},"inLanguage":"fr-FR","potentialAction":[{"@type":"ReadAction","target":["https:\/\/www.justiceinfo.net\/fr\/12740-110211-synthese-hebdomadaire-gatsinzi-convoque-poursuite-de-trois-proces-en-premiere-instance9548.html"]}]},{"@type":"BreadcrumbList","@id":"https:\/\/www.justiceinfo.net\/fr\/12740-110211-synthese-hebdomadaire-gatsinzi-convoque-poursuite-de-trois-proces-en-premiere-instance9548.html#breadcrumb","itemListElement":[{"@type":"ListItem","position":1,"name":"Home","item":"https:\/\/www.justiceinfo.net\/fr"},{"@type":"ListItem","position":2,"name":"11.02.11 - SYNTHESE HEBDOMADAIRE - GATSINZI CONVOQU\u00c9, POURSUITE DE TROIS PROCES EN PREMIERE INSTANCE"}]},{"@type":"WebSite","@id":"https:\/\/www.justiceinfo.net\/fr#website","url":"https:\/\/www.justiceinfo.net\/fr","name":"JusticeInfo.net","description":"La justice doit \u00eatre vue pour \u00eatre rendue","publisher":{"@id":"https:\/\/www.justiceinfo.net\/fr#organization"},"potentialAction":[{"@type":"SearchAction","target":{"@type":"EntryPoint","urlTemplate":"https:\/\/www.justiceinfo.net\/fr?s={search_term_string}"},"query-input":{"@type":"PropertyValueSpecification","valueRequired":true,"valueName":"search_term_string"}}],"inLanguage":"fr-FR"},{"@type":"Organization","@id":"https:\/\/www.justiceinfo.net\/fr#organization","name":"Justice Info","url":"https:\/\/www.justiceinfo.net\/fr","logo":{"@type":"ImageObject","inLanguage":"fr-FR","@id":"https:\/\/www.justiceinfo.net\/fr#\/schema\/logo\/image\/","url":"https:\/\/www.justiceinfo.net\/wp-content\/uploads\/justiceinfo_logo-trans_1200x1200px.png","contentUrl":"https:\/\/www.justiceinfo.net\/wp-content\/uploads\/justiceinfo_logo-trans_1200x1200px.png","width":1199,"height":1200,"caption":"Justice Info"},"image":{"@id":"https:\/\/www.justiceinfo.net\/fr#\/schema\/logo\/image\/"},"sameAs":["https:\/\/www.facebook.com\/JusticeInfo\/","https:\/\/x.com\/justiceinfonet","https:\/\/www.linkedin.com\/company\/justice-info","https:\/\/www.youtube.com\/channel\/UCyCEsARodyuWtkWyhn-e7pA"]},{"@type":"Person","name":"solivri","url":"\/fr\/?s=solivri"}]}},"_links":{"self":[{"href":"https:\/\/www.justiceinfo.net\/fr\/wp-json\/wp\/v2\/posts\/12740","targetHints":{"allow":["GET"]}}],"collection":[{"href":"https:\/\/www.justiceinfo.net\/fr\/wp-json\/wp\/v2\/posts"}],"about":[{"href":"https:\/\/www.justiceinfo.net\/fr\/wp-json\/wp\/v2\/types\/post"}],"author":[{"embeddable":true,"href":"https:\/\/www.justiceinfo.net\/fr\/wp-json\/wp\/v2\/users\/64"}],"replies":[{"embeddable":true,"href":"https:\/\/www.justiceinfo.net\/fr\/wp-json\/wp\/v2\/comments?post=12740"}],"version-history":[{"count":0,"href":"https:\/\/www.justiceinfo.net\/fr\/wp-json\/wp\/v2\/posts\/12740\/revisions"}],"wp:attachment":[{"href":"https:\/\/www.justiceinfo.net\/fr\/wp-json\/wp\/v2\/media?parent=12740"}],"wp:term":[{"taxonomy":"category","embeddable":true,"href":"https:\/\/www.justiceinfo.net\/fr\/wp-json\/wp\/v2\/categories?post=12740"},{"taxonomy":"post_tag","embeddable":true,"href":"https:\/\/www.justiceinfo.net\/fr\/wp-json\/wp\/v2\/tags?post=12740"},{"taxonomy":"ji_location","embeddable":true,"href":"https:\/\/www.justiceinfo.net\/fr\/wp-json\/wp\/v2\/ji_location?post=12740"}],"curies":[{"name":"wp","href":"https:\/\/api.w.org\/{rel}","templated":true}]}}