{"id":127424,"date":"2024-01-22T12:28:07","date_gmt":"2024-01-22T11:28:07","guid":{"rendered":"https:\/\/www.justiceinfo.net\/?p=127424"},"modified":"2024-02-12T18:42:32","modified_gmt":"2024-02-12T17:42:32","slug":"ordre-tirer-tuer-solo-sandeng","status":"publish","type":"post","link":"https:\/\/www.justiceinfo.net\/fr\/127424-ordre-tirer-tuer-solo-sandeng.html","title":{"rendered":"L'ordre de \"tirer\" et de \"tuer\" Solo Sandeng"},"content":{"rendered":"\n<p><strong>Le proc\u00e8s de l'ancien ministre de l'Int\u00e9rieur de la Gambie, Ousman Sonko, entre dans sa troisi\u00e8me semaine en Suisse. Le tribunal a entendu des t\u00e9moignages sur la r\u00e9pression violente des manifestations d'avril 2016 et la mort du leader de l'opposition Solo Sandeng apr\u00e8s qu'il ait \u00e9t\u00e9 tortur\u00e9 en prison. La cour a tent\u00e9 de clarifier les diff\u00e9rentes d\u00e9clarations de l\u2019accus\u00e9 et d'un t\u00e9moin cl\u00e9.<\/strong><\/p>\n\n\n\n<!--more-->\n\n\n\n<p>La semaine derni\u00e8re, le Tribunal f\u00e9d\u00e9ral de Bellinzone a confront\u00e9 Ousman Sonko \u00e0 une \"note\" saisie dans sa valise le 26 janvier 2017, lors de son arrestation en Suisse. Apr\u00e8s avoir ni\u00e9 poss\u00e9der des notes tout au long de la proc\u00e9dure, l'ancien ministre de l'Int\u00e9rieur de la Gambie a admis devant le tribunal suisse que la note qui lui a \u00e9t\u00e9 pr\u00e9sent\u00e9e \u00e9tait la sienne.<\/p>\n\n\n\n<p>Cet \u00e9l\u00e9ment de preuve est li\u00e9 \u00e0 la manifestation d'avril 2016.<\/p>\n\n\n\n<p>Le 14 avril 2016, des membres du Parti d\u00e9mocratique uni (UDP), le plus grand parti d'opposition en Gambie, organisent une manifestation qui conduit \u00e0 la d\u00e9tention d'environ 27 personnes et \u00e0 la torture de membres du parti. Ils r\u00e9clamaient notamment des r\u00e9formes \u00e9lectorales. Solo Sandeng, secr\u00e9taire \u00e0 la jeunesse de l'UDP, identifi\u00e9 comme le leader de la manifestation, d\u00e9c\u00e8de des suites des tortures brutales qu'il a subies.<\/p>\n\n\n\n<p>Voici quelques extraits de la note de Sonko : \"Le pr\u00e9sident m'a donn\u00e9 pour instruction de harceler et m\u00eame de tuer le chef de l'opposition et j'ai refus\u00e9 de le faire parce que je veux des \u00e9lections libres et \u00e9quitables\" ; \"Lors de l'incident du 16 avril 2016 [seconde manifestation demandant la lib\u00e9ration de Sandeng], il [Yahya Jammeh, pr\u00e9sident de la Gambie de juillet 1994 \u00e0 janvier 2017] m'a donn\u00e9 pour instruction que la police tire sur l'opposition et les tue\" ; \"L'instruction [demandait] que les personnes arr\u00eat\u00e9es par la police soient remises \u00e0 la NIA [Agence nationale du renseignement], ce que j'ai fait. Elles ont \u00e9t\u00e9 remises \u00e0 la NIA\" ; \"J'ai fui pour ma s\u00e9curit\u00e9\".<\/p>\n\n\n\n<h2 class=\"wp-block-heading\" id=\"h-explications-sur-un-aveu-partiel\">Explications sur un aveu partiel<\/h2>\n\n\n\n<p>Sonko tente d'expliquer pourquoi il n'a jamais admis auparavant avoir \u00e9crit la note. \"Ce que j'ai dit, c'est qu'il n'y avait pas de document dans une valise. Les documents que j'ai vus n'\u00e9taient pas dans une valise. Voici ce que j'ai dit\", d\u00e9clare-t-il \u00e0 la cour. Mais il demeure plus de questions que de r\u00e9ponses, car l'accus\u00e9 d\u00e9clare aussi que tout n\u2019\u00e9tait pas vrai dans le contenu de la note. \"J'ai pr\u00e9par\u00e9 cette note apr\u00e8s avoir \u00e9t\u00e9 en fonction et elle devait \u00eatre utilis\u00e9e pour ma demande d'asile en Suisse. Mais le contenu n'est pas ce qui s'est pass\u00e9\", explique-t-il. Le lendemain matin, il doit r\u00e9pondre \u00e0 d'autres questions du tribunal.<\/p>\n\n\n\n<p>- \"Vous avez dit au pr\u00e9sident du tribunal que seule la premi\u00e8re partie [de la note] \u00e9tait correcte. Pourquoi entendons-nous cela pour la premi\u00e8re fois ? Pourquoi n'en avoir jamais parl\u00e9 ?, demande la procureure.<\/p>\n\n\n\n<p>- J'ai exerc\u00e9 mon droit de garder le silence. Je savais qu'\u00e0 un moment donn\u00e9, je dirais ce que j\u2019ai \u00e0 dire devant les tribunaux. C'est pourquoi j'ai gard\u00e9 le silence.\"<\/p>\n\n\n\n<p>La procureure demande \u00e9galement \u00e0 l'accus\u00e9 pourquoi il avait menti dans sa demande d'asile, mais la question est rejet\u00e9e par le pr\u00e9sident du tribunal, au motif qu'il ne s'agissait pas d'une question sur laquelle le tribunal \u00e9tait saisi.<\/p>\n\n\n\n<p>- \"Pourquoi y aurait-il dans ces notes des passages que vous avez formul\u00e9s [dont certains seraient] intentionnellement erron\u00e9s ?, reformule la procureure.&nbsp;<\/p>\n\n\n\n<p>- Je ne vais pas r\u00e9pondre \u00e0 cette question.<\/p>\n\n\n\n<p>- Je me demande comment il est possible que des parties du contenu que vous dites erron\u00e9es correspondent en fait \u00e0 nos enqu\u00eates, aux enqu\u00eates de la police f\u00e9d\u00e9rale, aux d\u00e9clarations des t\u00e9moins, \u00e0 la <a href=\"https:\/\/www.justiceinfo.net\/fr\/86173-rapport-final-trrc-gambie-entre-poursuites-et-amnisties.html\">TRRC [la Commission v\u00e9rit\u00e9, r\u00e9conciliation et r\u00e9parations<\/a> qui s'est tenue en Gambie de 2018 \u00e0 2021] ? Pour moi, vous avez connaissance de ce qui s'est pass\u00e9\", insist\u00e9 la procureure.<\/p>\n\n\n\n<p>- \"Avez-vous re\u00e7u l'ordre de tirer et de tuer en 2016 ou plus tard ?, demande l'avocat de la d\u00e9fense \u00e0 son client.<\/p>\n\n\n\n<p>- Non, r\u00e9pond Sonko.<\/p>\n\n\n\n<p>- Le 14 avril, avez-vous re\u00e7u un tel ordre ?<\/p>\n\n\n\n<p>- Non.<\/p>\n\n\n\n<p>- Si vous aviez re\u00e7u l'ordre de tirer sur les manifestants et de les tuer, auriez-vous suivi cet ordre ?<\/p>\n\n\n\n<p>- Non, jamais.\"<\/p>\n\n\n\n<p>Hors du pr\u00e9toire, lorsqu'on lui demande de commenter la reconnaissance partielle de la note par l'accus\u00e9, l'\u00e9quipe de la d\u00e9fense ne semble pas dispos\u00e9e \u00e0 s'attarder sur la question. \"Si cet ordre a \u00e9t\u00e9 donn\u00e9, il n'a jamais \u00e9t\u00e9 ex\u00e9cut\u00e9 par Sonko. Nous savons tous que la police n\u2019a pas tir\u00e9 et tu\u00e9\", d\u00e9clare Philippe Currat, l'avocat de Sonko.<\/p>\n\n\n\n<p>\u00c0 ce jour, on ne sait pas pourquoi Sonko a \u00e9t\u00e9 relev\u00e9 de ses fonctions gouvernementales en septembre 2016. D'aucuns ont affirm\u00e9 que cela s\u2019\u00e9tait mal termin\u00e9 entre Sonko et Jammeh, ce qui l'a pouss\u00e9 \u00e0 fuir le pays. Mais cela pourrait-il \u00eatre li\u00e9 aux \u00e9v\u00e9nements d'avril 2016 ? Certaines parties de la note expliquent seulement comment l\u2019accus\u00e9 a fui le pays pour le S\u00e9n\u00e9gal puis la Suisse, mais pas pourquoi. Selon la d\u00e9fense, l'accus\u00e9 et sa famille recevaient des messages de menace de la part de personnes suppos\u00e9es \u00eatre des \"Junglers\", les tueurs \u00e0 gages de Jammeh.<\/p>\n\n\n\n<h2 class=\"wp-block-heading\" id=\"h-recits-d-horribles-tortures\">R\u00e9cits d'horribles tortures<\/h2>\n\n\n\n<p>Les audiences sur la manifestation du 14 avril 2016 ont commenc\u00e9 avec un t\u00e9moin, Modou Ngum, qui faisait partie des personnes arr\u00eat\u00e9es, d\u00e9tenues, tortur\u00e9es et condamn\u00e9es.<\/p>\n\n\n\n<p>Lorsque les manifestants ont \u00e9t\u00e9 arr\u00eat\u00e9s et emmen\u00e9s \u00e0 l'Unit\u00e9 d'intervention de la police, cinq d'entre eux - Solo Sandeng, Modou Ngum, Nogoi Njie, Ebrima Jabang et Kafu Bayo - ont \u00e9t\u00e9 s\u00e9par\u00e9s des autres et emmen\u00e9s \u00e0 la NIA. Ngum affirme que Sonko \u00e9tait l'une des personnes qui les a emmen\u00e9s l\u00e0-bas.<\/p>\n\n\n\n<p>\"Ils m'ont plac\u00e9 sur la table et m'y ont attach\u00e9. Les Junglers sont arriv\u00e9s. Ils m'ont battu jusqu'\u00e0 ce que je ne puisse plus m'entendre crier. Ils m'ont d\u00e9tach\u00e9 et m'ont frapp\u00e9 sur le bras. La marque est encore l\u00e0. Ils m'ont emmen\u00e9 sur le \u2018bahama grass\u2019 [du chiendent pied-de-poule, une herbe r\u00e9sistante \u00e0 la s\u00e9cheresse]. Ils m'ont dit que j'avais mobilis\u00e9 des gens \u00e0 Kombo South [dans le sud-ouest du pays] et ils m\u2019ont battu. Ils m'ont \u00e9lectrocut\u00e9 les parties g\u00e9nitales\", raconte-t-il. \"J'ai cri\u00e9 et ils riaient. Ils ont plong\u00e9 mes jambes dans l'eau froide. Ils m'ont emmen\u00e9 dans la cellule. De l\u00e0, ils m'ont emmen\u00e9 devant la commission d'enqu\u00eate.\"<\/p>\n\n\n\n<p>Nogoi Njie n'est plus en vie pour raconter son histoire devant le tribunal. Mais Fatoumatta Jawara et Fatou Camara, toutes deux membres de l'UDP et arr\u00eat\u00e9es \u00e0 l'\u00e9poque, sont l\u00e0 pour t\u00e9moigner. \"Beaucoup de violations des droits de l'homme ont \u00e9t\u00e9 commises derri\u00e8re cet \u00e9v\u00e9nement que je voudrais ne pas expliquer. J'ai \u00e9t\u00e9 jet\u00e9e dans un endroit o\u00f9 je suis rest\u00e9e dans le coma pendant des jours. Plus tard, je me suis retrouv\u00e9e sur un lit d'h\u00f4pital. Tous mes v\u00eatements \u00e9taient d\u00e9chir\u00e9s. Ma mort a \u00e9t\u00e9 annonc\u00e9e jusqu'\u00e0 ce que ma famille doive organiser des fun\u00e9railles pour moi\", d\u00e9plore Fatoumata Jawara. Selon Fatou Camara, Janjanbureh [une ville situ\u00e9e \u00e0 300 km \u00e0 l'est de Banjul, la capitale] a connu une situation pire encore. \"Ils nous laissaient dans le noir\", t\u00e9moigne-t-elle \u00e0 la cour, en se brisant.<\/p>\n\n\n\n<figure class=\"wp-block-image size-full\"><img loading=\"lazy\" decoding=\"async\" width=\"1200\" height=\"800\" src=\"https:\/\/www.justiceinfo.net\/wp-content\/uploads\/Gambia-Switzerland_Fatou-Camara-Fatoumata-Jawara-Sonko-trial_@Mariam-Sankanu-Justice-Info.jpg\" alt=\"Proc\u00e8s du Gambien Ousman Sonko - Fatou Camara et Fatoumata Jawara au Tribunal f\u00e9d\u00e9ral de Bellizone, en Suisse.\" class=\"wp-image-127460\" srcset=\"https:\/\/www.justiceinfo.net\/wp-content\/uploads\/Gambia-Switzerland_Fatou-Camara-Fatoumata-Jawara-Sonko-trial_@Mariam-Sankanu-Justice-Info.jpg 1200w, https:\/\/www.justiceinfo.net\/wp-content\/uploads\/Gambia-Switzerland_Fatou-Camara-Fatoumata-Jawara-Sonko-trial_@Mariam-Sankanu-Justice-Info-540x360.jpg 540w, https:\/\/www.justiceinfo.net\/wp-content\/uploads\/Gambia-Switzerland_Fatou-Camara-Fatoumata-Jawara-Sonko-trial_@Mariam-Sankanu-Justice-Info-1000x667.jpg 1000w, https:\/\/www.justiceinfo.net\/wp-content\/uploads\/Gambia-Switzerland_Fatou-Camara-Fatoumata-Jawara-Sonko-trial_@Mariam-Sankanu-Justice-Info-1110x740.jpg 1110w\" sizes=\"auto, (max-width: 1200px) 100vw, 1200px\" \/><figcaption class=\"wp-element-caption\">Fatou Camara (\u00e0 gauche) et Fatoumata Jawara (foulard bleu autour de la t\u00eate), au Tribunal f\u00e9d\u00e9ral de Bellizone, en Suisse. \u00a9 Mariam Sankanu \/ Justice Info<\/figcaption><\/figure>\n\n\n\n<h2 class=\"wp-block-heading\" id=\"h-sonko-etait-il-present\">Sonko \u00e9tait-il pr\u00e9sent ?<\/h2>\n\n\n\n<p>Sonko nie les all\u00e9gations selon lesquelles il avait connaissance des tortures subies par les t\u00e9moins et nie avoir donn\u00e9 des ordres. Ngum affirme \u00e0 la Cour avoir vu Sonko \u00e0 l'Unit\u00e9 d'intervention de la police lors de leur arrestation, mais Jawara et Camara ne peuvent pas confirmer sa pr\u00e9sence dans ce lieu. \"Le 14 avril, je n'\u00e9tais pas \u00e0 l'Unit\u00e9 d'intervention de la police et je l'ai dit pendant la proc\u00e9dure. Plusieurs personnes ont dit aujourd'hui qu'elles ne m'avaient pas vu, y compris Fatou Camara et Fatoumata Jawara\", dit l'accus\u00e9. Il nie \u00e9galement avoir fait partie d'un groupe d'interrogatoire \u00e0 la NIA. Selon Ngum, Sonko et Yankuba Badjie, le directeur g\u00e9n\u00e9ral de la NIA, ont donn\u00e9 des instructions pour qu'ils b\u00e9n\u00e9ficient d'un traitement VIP. \"Le traitement VIP signifie que nous devrions \u00eatre battus.\"<\/p>\n\n\n\n<p>\"J'ai entendu le ministre de l'Int\u00e9rieur dire que quiconque jouait avec le pr\u00e9sident serait un d\u00eener pour les vautours\", t\u00e9moigne Ngum. \"Quelqu'un qui n'\u00e9tait pas l\u00e0, comment peut-il donner des instructions ?\" r\u00e9torque Sonko. Il fait r\u00e9f\u00e9rence au proc\u00e8s des \"9 de la NIA\", o\u00f9 plusieurs anciens dirigeants de la NIA ont \u00e9t\u00e9 condamn\u00e9s \u00e0 mort, en juillet 2022, en Gambie. Ngum a t\u00e9moign\u00e9 dans ce proc\u00e8s en 2018, selon Sonko, et n'aurait pas mentionn\u00e9 l'avoir vu \u00e0 l'Unit\u00e9 d\u2019intervention le jour de leur arrestation ni avoir donn\u00e9 des instructions pour qu\u2019on leur donne un traitement VIP.<\/p>\n\n\n\n<p>La d\u00e9fense commence \u00e0 diffuser une vid\u00e9o. Elle montre les manifestants d\u00e9tenus \u00e0 la NIA. La d\u00e9fense veut montrer que Sonko n'\u00e9tait pas pr\u00e9sent \u00e0 la commission d'enqu\u00eate de la NIA. Mais les victimes s\u2019en offusquent, car il s'agit d'une vid\u00e9o qui montre leur victimisation. La Cour demande que la vid\u00e9o soit arr\u00eat\u00e9e avant m\u00eame que la majorit\u00e9 des personnes pr\u00e9sentes dans la salle ne s'en aper\u00e7oivent. \"Nous voulions simplement prouver que Sonko n'\u00e9tait pas \u00e0 la table o\u00f9 Modou Ngum a dit l'avoir vu. Si vous regardez la vid\u00e9o, vous verrez que Sonko n'est pas l\u00e0\", nous dit l'avocat de la d\u00e9fense lors d'une pause.<\/p>\n\n\n\n<p>L'accus\u00e9 est inform\u00e9 que la vid\u00e9o est d\u00e9j\u00e0 dans le dossier du tribunal. Il dit avoir \u00e9t\u00e9 \"choqu\u00e9\" lorsqu'il a visionn\u00e9 la vid\u00e9o de l'interrogatoire des victimes. \"Je n'ai pas pu la regarder une deuxi\u00e8me fois parce que nous sommes tous des Gambiens et des fr\u00e8res et s\u0153urs. J'ai \u00e9galement \u00e9t\u00e9 touch\u00e9 par la derni\u00e8re d\u00e9claration de Fatoumata Jawara, hier. Mais pour r\u00e9sumer, j'ai \u00e9t\u00e9 vraiment choqu\u00e9, c'\u00e9tait mal et c'\u00e9tait inacceptable.\"<\/p>\n\n\n\n<h2 class=\"wp-block-heading\" id=\"h-la-mort-de-solo-sandeng\">La mort de Solo Sandeng<\/h2>\n\n\n\n<p>Solo Sandeng \u00e9tait une figure importante de l'UDP. \u00c0 la suite de son arrestation, environ 21 membres de l'UDP, qui demandaient que Sandeng soit lib\u00e9r\u00e9 mort ou vif, ont \u00e9t\u00e9 arr\u00eat\u00e9s, y compris le chef du parti, Ousainu Darboe. Ils ont \u00e9t\u00e9 d\u00e9tenus \u00e0 la <a href=\"https:\/\/www.justiceinfo.net\/fr\/44651-verite-derriere-murs-mile-2-cinq-etoiles-jammeh.html\">prison Mile 2<\/a>. (Ils n'ont \u00e9t\u00e9 lib\u00e9r\u00e9s qu'apr\u00e8s la chute de Jammeh, d\u00e9but 2017.) Dans une d\u00e9claration \u00e9crite de juin 2016, l'\u00c9tat a admis que Sandeng \u00e9tait mort. Il aurait succomb\u00e9 \u00e0 un \"choc\" et \u00e0 une \"insuffisance respiratoire\".<\/p>\n\n\n\n<p>Yankuba Badjie, ancien directeur de la NIA, Sheikh Omar Jeng, ancien directeur des op\u00e9rations de la NIA, Baboucarr Sallah, Masireh Tamba et Lamin Darboe ont \u00e9t\u00e9 condamn\u00e9s \u00e0 mort en juillet 2022 par un tribunal gambien pour leur implication dans la mort de Solo Sandeng. Le m\u00e9decin qui a falsifi\u00e9 le certificat de d\u00e9c\u00e8s de la victime, Lamin Lang Sangyang, a \u00e9t\u00e9 condamn\u00e9 \u00e0 dix ans de prison pour falsification. \u00c0 l'issue de ce <a href=\"https:\/\/www.justiceinfo.net\/fr\/103763-gambie-peine-de-mort-anciens-dirigeants-renseignement.html\">proc\u00e8s des \"9 de la NIA\"<\/a>, des fun\u00e9railles nationales et un service d'hommage ont \u00e9t\u00e9 organis\u00e9s en l'honneur de Sandeng, le 10 janvier 2023. Six ans apr\u00e8s le meurtre, son corps a finalement \u00e9t\u00e9 remis \u00e0 sa famille.<\/p>\n\n\n\n<p>Sonko dit avoir appris la mort de Sandeng le 16 avril 2016. Pour lui, les manifestants n'\u00e9taient pas des prisonniers politiques. \"Ils ont viol\u00e9 les lois de la Gambie et ont \u00e9t\u00e9 arr\u00eat\u00e9s et condamn\u00e9s en cons\u00e9quence\", d\u00e9clare-t-il. \"Le 14 avril 2016, Solo Sandeng a d\u00e9lib\u00e9r\u00e9ment organis\u00e9 une manifestation sans demander de permis valide \u00e0 l'IGP [inspecteur g\u00e9n\u00e9ral de la police]. La manifestation, d'apr\u00e8s ce que j'ai compris de Modou Ngum, \u00e9tait cens\u00e9e inclure d'autres partis d'opposition. Ils ont refus\u00e9 de participer parce que Modou Ngum n'a jamais eu de permis pour le faire. M\u00eame certains des membres de l'UDP qui \u00e9taient avec lui au bureau [de l'UDP] ont \u00e9galement refus\u00e9 de participer et sont rentr\u00e9s chez eux parce qu'ils savaient tous qu'il \u00e9tait ill\u00e9gal d'organiser une manifestation sans permis.\"<\/p>\n\n\n\n<h2 class=\"wp-block-heading\" id=\"h-la-loi-et-l-ordre\">\"La loi et l'ordre\"<\/h2>\n\n\n\n<p>L'un des procureurs confronte Sonko \u00e0 une vid\u00e9o du 1<sup>er<\/sup> juin 2016, dans laquelle il fait une remarque lors d\u2019une tourn\u00e9e \"Meet the People\" de Yahya Jammeh \u00e0 Tallinding, un quartier de la capitale. Le tribunal n'autorise pas la diffusion de l'int\u00e9gralit\u00e9 de la vid\u00e9o, car une traduction en allemand a d\u00e9j\u00e0 \u00e9t\u00e9 effectu\u00e9e.<\/p>\n\n\n\n<p>\"Si quelqu'un le fait [une manifestation de quelque nature que ce soit], cette personne le regrettera\", d\u00e9clare Sonko lors de la r\u00e9union. \"Je pense que ce que j'ai dit lors de cette r\u00e9union \u00e0 Tallinding doit \u00eatre replac\u00e9 dans son contexte\", expliqu\u00e9 l\u2019accus\u00e9 au tribunal. \"Ma d\u00e9claration n'est pas \u00e0 l'origine de ce qui s'est pass\u00e9 le 14 avril 2016. Elle \u00e9tait en r\u00e9action \u00e0 ce qui s'est pass\u00e9 le 14 avril 2016\", dit-il, faisant \u00e9galement r\u00e9f\u00e9rence \u00e0 une manifestation d'\u00e9tudiants en 2000 qui s'\u00e9tait sold\u00e9e par la mort de dix ou onze personnes et par la destruction massive de biens publics et priv\u00e9s. \"Ce traumatisme \u00e9tait encore pr\u00e9sent dans de nombreuses familles\", explique l'accus\u00e9. \"En d'autres termes, l'accent \u00e9tait mis sur la loi et l'ordre. Mais il ne s'agissait pas de priver les gens de permis, car il n'existe aucune preuve sugg\u00e9rant qu'apr\u00e8s cette manifestation, les gens se sont vus refuser leur permis.\"<\/p>\n\n\n\n<p>Fatoumatta Sandeng est la fille de Solo Sandeng et l'une des plaignantes dans le proc\u00e8s suisse, bien qu'elle ne soit pas un t\u00e9moin. \"La premi\u00e8re fois que je me suis assise dans la salle d'audience et que nous avons commenc\u00e9 \u00e0 parler de cet \u00e9v\u00e9nement [du 14 avril] et que Sonko \u00e9tait assis l\u00e0, c'\u00e9tait vraiment irr\u00e9el. Je veux dire qu'il fallait assimiler beaucoup de choses. M\u00eame aujourd'hui, il y a beaucoup \u00e0 dig\u00e9rer, mais c'est incroyable que cela se produise et que les victimes soient confront\u00e9es \u00e0 Sonko. Vous savez, en le confrontant \u00e0 des questions et \u00e0 des choses qu'il a faites, vous voyez le pouvoir que vous poss\u00e9dez et l'impuissance de l'auteur, c'est l'histoire en marche\", confie-t-elle hors du tribunal. \"Nous savons tous que Solo est all\u00e9 manifester parce que c'\u00e9tait la seule option pour se faire entendre. Il \u00e9tait pr\u00eat \u00e0 affronter les cons\u00e9quences d'un proc\u00e8s, mais pas \u00e0 \u00eatre tu\u00e9.\"<\/p>\n\n\n<div class=\"articleLink articleLink--editorRecommanded articleLink--textInImage articleLink--textTop\" style=\"\">\r\n\t\t\t\t\t\r\n\t\t\t<div class=\"articleLinkSurTitle\">Recommand\u00e9 par la r\u00e9daction<\/div>\r\n\t\t\t<a class=\"articleLinkImageLink\" href=\"https:\/\/www.justiceinfo.net\/fr\/103763-gambie-peine-de-mort-anciens-dirigeants-renseignement.html\"><div class=\"articleLinkImageContainer \"><img loading=\"lazy\" decoding=\"async\" width=\"540\" height=\"360\" src=\"https:\/\/www.justiceinfo.net\/wp-content\/uploads\/Gambia_NIA-Solo-Sandeng_@Thierry-Cruvellier-540x360.jpg\" class=\"articleLinkImage backgroundImageTag w-100 wp-post-image\" alt=\"Le si\u00e8ge de l\u2019Agence nationale du renseignement (NIA) gambienne vue de haut. Portrait d&#039;Ebrima Solo Sandeng en m\u00e9daillon.\" srcset=\"https:\/\/www.justiceinfo.net\/wp-content\/uploads\/Gambia_NIA-Solo-Sandeng_@Thierry-Cruvellier-540x360.jpg 540w, https:\/\/www.justiceinfo.net\/wp-content\/uploads\/Gambia_NIA-Solo-Sandeng_@Thierry-Cruvellier-730x487.jpg 730w, https:\/\/www.justiceinfo.net\/wp-content\/uploads\/Gambia_NIA-Solo-Sandeng_@Thierry-Cruvellier-1110x740.jpg 1110w, https:\/\/www.justiceinfo.net\/wp-content\/uploads\/Gambia_NIA-Solo-Sandeng_@Thierry-Cruvellier.jpg 1200w\" sizes=\"auto, (max-width: 540px) 100vw, 540px\" \/><\/div><\/a>\r\n\t\t\t<a href=\"https:\/\/www.justiceinfo.net\/fr\/103763-gambie-peine-de-mort-anciens-dirigeants-renseignement.html\" class=\"articleLinkTitle articleLinkTitle--default\">\r\n\t\t\tGambie : peine de mort pour les anciens dirigeants du renseignement\r\n\t\t<\/a>\r\n\t\t\r\n\t\t\t\t<\/div>\n","protected":false},"excerpt":{"rendered":"<p>Le proc\u00e8s de l'ancien ministre de l'Int\u00e9rieur de la Gambie, Ousman Sonko, entre dans sa troisi\u00e8me semaine en Suisse. Le tribunal a entendu des t\u00e9moignages sur la r\u00e9pression violente des manifestations d'avril 2016 et la mort du leader de l'opposition Solo Sandeng apr\u00e8s qu'il ait \u00e9t\u00e9 tortur\u00e9 en prison. La cour a tent\u00e9 de clarifier [&hellip;]<\/p>\n","protected":false},"author":102,"featured_media":127432,"comment_status":"open","ping_status":"closed","sticky":false,"template":"","format":"standard","meta":{"_acf_changed":false,"footnotes":""},"categories":[2800],"tags":[3146,2638],"ji_location":[2508,2496],"class_list":["post-127424","post","type-post","status-publish","format-standard","has-post-thumbnail","hentry","category-competence-universelle","tag-ousman-sonko","tag-torture","ji_location-gambie","ji_location-suisse"],"acf":[],"yoast_head":"<!-- This site is optimized with the Yoast SEO Premium plugin v25.3.1 (Yoast SEO v25.3.1) - https:\/\/yoast.com\/wordpress\/plugins\/seo\/ -->\n<title>Proc\u00e8s Sonko : l&#039;ordre de &quot;tirer&quot; et de &quot;tuer&quot; Solo Sandeng<\/title>\n<meta name=\"description\" content=\"Au proc\u00e8s de l&#039;ex-ministre Ousman Sonko (en Suisse), des t\u00e9moignages ont \u00e9t\u00e9 entendus sur la mort de Solo Sandeng (en Gambie), leader de l\u2019opposition, en 2016 lors de manifestations violemment r\u00e9prim\u00e9es.\" \/>\n<meta name=\"robots\" content=\"index, follow, max-snippet:-1, max-image-preview:large, max-video-preview:-1\" \/>\n<link rel=\"canonical\" href=\"https:\/\/www.justiceinfo.net\/fr\/127424-ordre-tirer-tuer-solo-sandeng.html\" \/>\n<meta property=\"og:locale\" content=\"fr_FR\" \/>\n<meta property=\"og:type\" content=\"article\" \/>\n<meta property=\"og:title\" content=\"L&#039;ordre de &quot;tirer&quot; et de &quot;tuer&quot; Solo Sandeng\" \/>\n<meta property=\"og:description\" content=\"Au proc\u00e8s de l&#039;ex-ministre Ousman Sonko (en Suisse), des t\u00e9moignages ont \u00e9t\u00e9 entendus sur la mort de Solo Sandeng (en Gambie), leader de l\u2019opposition, en 2016 lors de manifestations violemment r\u00e9prim\u00e9es.\" \/>\n<meta property=\"og:url\" content=\"https:\/\/www.justiceinfo.net\/fr\/127424-ordre-tirer-tuer-solo-sandeng.html\" \/>\n<meta property=\"og:site_name\" content=\"JusticeInfo.net\" \/>\n<meta property=\"article:publisher\" content=\"https:\/\/www.facebook.com\/JusticeInfo\/\" \/>\n<meta property=\"article:published_time\" content=\"2024-01-22T11:28:07+00:00\" \/>\n<meta property=\"article:modified_time\" content=\"2024-02-12T17:42:32+00:00\" \/>\n<meta property=\"og:image\" content=\"https:\/\/www.justiceinfo.net\/wp-content\/uploads\/Gambia_Solo-Sandeng-funeral_@Muhamadou-Bittaye-AFP.jpg\" \/>\n\t<meta property=\"og:image:width\" content=\"1200\" \/>\n\t<meta property=\"og:image:height\" content=\"800\" \/>\n\t<meta property=\"og:image:type\" content=\"image\/jpeg\" \/>\n<meta name=\"author\" content=\"Mariam Sankanu\" \/>\n<meta name=\"twitter:card\" content=\"summary_large_image\" \/>\n<meta name=\"twitter:creator\" content=\"@justiceinfonet\" \/>\n<meta name=\"twitter:site\" content=\"@justiceinfonet\" \/>\n<meta name=\"twitter:label1\" content=\"\u00c9crit par\" \/>\n\t<meta name=\"twitter:data1\" content=\"Mariam Sankanu\" \/>\n\t<meta name=\"twitter:label2\" content=\"Dur\u00e9e de lecture estim\u00e9e\" \/>\n\t<meta name=\"twitter:data2\" content=\"13 minutes\" \/>\n<script type=\"application\/ld+json\" class=\"yoast-schema-graph\">{\"@context\":\"https:\/\/schema.org\",\"@graph\":[{\"@type\":\"NewsArticle\",\"@id\":\"https:\/\/www.justiceinfo.net\/fr\/127424-ordre-tirer-tuer-solo-sandeng.html#article\",\"isPartOf\":{\"@id\":\"https:\/\/www.justiceinfo.net\/fr\/127424-ordre-tirer-tuer-solo-sandeng.html\"},\"author\":{\"name\":\"Mariam Sankanu\",\"@id\":\"https:\/\/www.justiceinfo.net\/fr#\/schema\/person\/467e0b637aafcd7e90b88d4a61b1d8c9\"},\"headline\":\"L'ordre de \\\"tirer\\\" et de \\\"tuer\\\" Solo Sandeng\",\"datePublished\":\"2024-01-22T11:28:07+00:00\",\"dateModified\":\"2024-02-12T17:42:32+00:00\",\"mainEntityOfPage\":{\"@id\":\"https:\/\/www.justiceinfo.net\/fr\/127424-ordre-tirer-tuer-solo-sandeng.html\"},\"wordCount\":2628,\"commentCount\":0,\"publisher\":{\"@id\":\"https:\/\/www.justiceinfo.net\/fr#organization\"},\"image\":{\"@id\":\"https:\/\/www.justiceinfo.net\/fr\/127424-ordre-tirer-tuer-solo-sandeng.html#primaryimage\"},\"thumbnailUrl\":\"https:\/\/www.justiceinfo.net\/wp-content\/uploads\/Gambia_Solo-Sandeng-funeral_@Muhamadou-Bittaye-AFP.jpg\",\"keywords\":[\"Ousman Sonko\",\"torture\"],\"articleSection\":[\"Comp\u00e9tence universelle\"],\"inLanguage\":\"fr-FR\",\"potentialAction\":[{\"@type\":\"CommentAction\",\"name\":\"Comment\",\"target\":[\"https:\/\/www.justiceinfo.net\/fr\/127424-ordre-tirer-tuer-solo-sandeng.html#respond\"]}]},{\"@type\":\"WebPage\",\"@id\":\"https:\/\/www.justiceinfo.net\/fr\/127424-ordre-tirer-tuer-solo-sandeng.html\",\"url\":\"https:\/\/www.justiceinfo.net\/fr\/127424-ordre-tirer-tuer-solo-sandeng.html\",\"name\":\"Proc\u00e8s Sonko : l'ordre de \\\"tirer\\\" et de \\\"tuer\\\" Solo Sandeng\",\"isPartOf\":{\"@id\":\"https:\/\/www.justiceinfo.net\/fr#website\"},\"primaryImageOfPage\":{\"@id\":\"https:\/\/www.justiceinfo.net\/fr\/127424-ordre-tirer-tuer-solo-sandeng.html#primaryimage\"},\"image\":{\"@id\":\"https:\/\/www.justiceinfo.net\/fr\/127424-ordre-tirer-tuer-solo-sandeng.html#primaryimage\"},\"thumbnailUrl\":\"https:\/\/www.justiceinfo.net\/wp-content\/uploads\/Gambia_Solo-Sandeng-funeral_@Muhamadou-Bittaye-AFP.jpg\",\"datePublished\":\"2024-01-22T11:28:07+00:00\",\"dateModified\":\"2024-02-12T17:42:32+00:00\",\"description\":\"Au proc\u00e8s de l'ex-ministre Ousman Sonko (en Suisse), des t\u00e9moignages ont \u00e9t\u00e9 entendus sur la mort de Solo Sandeng (en Gambie), leader de l\u2019opposition, en 2016 lors de manifestations violemment r\u00e9prim\u00e9es.\",\"breadcrumb\":{\"@id\":\"https:\/\/www.justiceinfo.net\/fr\/127424-ordre-tirer-tuer-solo-sandeng.html#breadcrumb\"},\"inLanguage\":\"fr-FR\",\"potentialAction\":[{\"@type\":\"ReadAction\",\"target\":[\"https:\/\/www.justiceinfo.net\/fr\/127424-ordre-tirer-tuer-solo-sandeng.html\"]}]},{\"@type\":\"ImageObject\",\"inLanguage\":\"fr-FR\",\"@id\":\"https:\/\/www.justiceinfo.net\/fr\/127424-ordre-tirer-tuer-solo-sandeng.html#primaryimage\",\"url\":\"https:\/\/www.justiceinfo.net\/wp-content\/uploads\/Gambia_Solo-Sandeng-funeral_@Muhamadou-Bittaye-AFP.jpg\",\"contentUrl\":\"https:\/\/www.justiceinfo.net\/wp-content\/uploads\/Gambia_Solo-Sandeng-funeral_@Muhamadou-Bittaye-AFP.jpg\",\"width\":1200,\"height\":800,\"caption\":\"Des membres de la famille de Solo Sandeng, lors des fun\u00e9railles officielles, en janvier 2023, de l'ancien dirigeant de l'opposition gambienne assassin\u00e9 en avril 2016. \u00a9 Muhamadou Bittaye \/ AFP\"},{\"@type\":\"BreadcrumbList\",\"@id\":\"https:\/\/www.justiceinfo.net\/fr\/127424-ordre-tirer-tuer-solo-sandeng.html#breadcrumb\",\"itemListElement\":[{\"@type\":\"ListItem\",\"position\":1,\"name\":\"Home\",\"item\":\"https:\/\/www.justiceinfo.net\/fr\"},{\"@type\":\"ListItem\",\"position\":2,\"name\":\"L'ordre de \\\"tirer\\\" et de \\\"tuer\\\" Solo Sandeng\"}]},{\"@type\":\"WebSite\",\"@id\":\"https:\/\/www.justiceinfo.net\/fr#website\",\"url\":\"https:\/\/www.justiceinfo.net\/fr\",\"name\":\"JusticeInfo.net\",\"description\":\"La justice doit \u00eatre vue pour \u00eatre rendue\",\"publisher\":{\"@id\":\"https:\/\/www.justiceinfo.net\/fr#organization\"},\"potentialAction\":[{\"@type\":\"SearchAction\",\"target\":{\"@type\":\"EntryPoint\",\"urlTemplate\":\"https:\/\/www.justiceinfo.net\/fr?s={search_term_string}\"},\"query-input\":{\"@type\":\"PropertyValueSpecification\",\"valueRequired\":true,\"valueName\":\"search_term_string\"}}],\"inLanguage\":\"fr-FR\"},{\"@type\":\"Organization\",\"@id\":\"https:\/\/www.justiceinfo.net\/fr#organization\",\"name\":\"Justice Info\",\"url\":\"https:\/\/www.justiceinfo.net\/fr\",\"logo\":{\"@type\":\"ImageObject\",\"inLanguage\":\"fr-FR\",\"@id\":\"https:\/\/www.justiceinfo.net\/fr#\/schema\/logo\/image\/\",\"url\":\"https:\/\/www.justiceinfo.net\/wp-content\/uploads\/justiceinfo_logo-trans_1200x1200px.png\",\"contentUrl\":\"https:\/\/www.justiceinfo.net\/wp-content\/uploads\/justiceinfo_logo-trans_1200x1200px.png\",\"width\":1199,\"height\":1200,\"caption\":\"Justice Info\"},\"image\":{\"@id\":\"https:\/\/www.justiceinfo.net\/fr#\/schema\/logo\/image\/\"},\"sameAs\":[\"https:\/\/www.facebook.com\/JusticeInfo\/\",\"https:\/\/x.com\/justiceinfonet\",\"https:\/\/www.linkedin.com\/company\/justice-info\",\"https:\/\/www.youtube.com\/channel\/UCyCEsARodyuWtkWyhn-e7pA\"]},{\"@type\":\"Person\",\"name\":\"Mariam Sankanu\",\"url\":\"https:\/\/www.justiceinfo.net\/fr\/auteur\/mariamsankanu\"}]}<\/script>\n<!-- \/ Yoast SEO Premium plugin. -->","yoast_head_json":{"title":"Proc\u00e8s Sonko : l'ordre de \"tirer\" et de \"tuer\" Solo Sandeng","description":"Au proc\u00e8s de l'ex-ministre Ousman Sonko (en Suisse), des t\u00e9moignages ont \u00e9t\u00e9 entendus sur la mort de Solo Sandeng (en Gambie), leader de l\u2019opposition, en 2016 lors de manifestations violemment r\u00e9prim\u00e9es.","robots":{"index":"index","follow":"follow","max-snippet":"max-snippet:-1","max-image-preview":"max-image-preview:large","max-video-preview":"max-video-preview:-1"},"canonical":"https:\/\/www.justiceinfo.net\/fr\/127424-ordre-tirer-tuer-solo-sandeng.html","og_locale":"fr_FR","og_type":"article","og_title":"L'ordre de \"tirer\" et de \"tuer\" Solo Sandeng","og_description":"Au proc\u00e8s de l'ex-ministre Ousman Sonko (en Suisse), des t\u00e9moignages ont \u00e9t\u00e9 entendus sur la mort de Solo Sandeng (en Gambie), leader de l\u2019opposition, en 2016 lors de manifestations violemment r\u00e9prim\u00e9es.","og_url":"https:\/\/www.justiceinfo.net\/fr\/127424-ordre-tirer-tuer-solo-sandeng.html","og_site_name":"JusticeInfo.net","article_publisher":"https:\/\/www.facebook.com\/JusticeInfo\/","article_published_time":"2024-01-22T11:28:07+00:00","article_modified_time":"2024-02-12T17:42:32+00:00","og_image":[{"width":1200,"height":800,"url":"https:\/\/www.justiceinfo.net\/wp-content\/uploads\/Gambia_Solo-Sandeng-funeral_@Muhamadou-Bittaye-AFP.jpg","type":"image\/jpeg"}],"author":"Mariam Sankanu","twitter_card":"summary_large_image","twitter_creator":"@justiceinfonet","twitter_site":"@justiceinfonet","twitter_misc":{"\u00c9crit par":"Mariam Sankanu","Dur\u00e9e de lecture estim\u00e9e":"13 minutes"},"schema":{"@context":"https:\/\/schema.org","@graph":[{"@type":"NewsArticle","@id":"https:\/\/www.justiceinfo.net\/fr\/127424-ordre-tirer-tuer-solo-sandeng.html#article","isPartOf":{"@id":"https:\/\/www.justiceinfo.net\/fr\/127424-ordre-tirer-tuer-solo-sandeng.html"},"author":{"name":"Mariam Sankanu","@id":"https:\/\/www.justiceinfo.net\/fr#\/schema\/person\/467e0b637aafcd7e90b88d4a61b1d8c9"},"headline":"L'ordre de \"tirer\" et de \"tuer\" Solo Sandeng","datePublished":"2024-01-22T11:28:07+00:00","dateModified":"2024-02-12T17:42:32+00:00","mainEntityOfPage":{"@id":"https:\/\/www.justiceinfo.net\/fr\/127424-ordre-tirer-tuer-solo-sandeng.html"},"wordCount":2628,"commentCount":0,"publisher":{"@id":"https:\/\/www.justiceinfo.net\/fr#organization"},"image":{"@id":"https:\/\/www.justiceinfo.net\/fr\/127424-ordre-tirer-tuer-solo-sandeng.html#primaryimage"},"thumbnailUrl":"https:\/\/www.justiceinfo.net\/wp-content\/uploads\/Gambia_Solo-Sandeng-funeral_@Muhamadou-Bittaye-AFP.jpg","keywords":["Ousman Sonko","torture"],"articleSection":["Comp\u00e9tence universelle"],"inLanguage":"fr-FR","potentialAction":[{"@type":"CommentAction","name":"Comment","target":["https:\/\/www.justiceinfo.net\/fr\/127424-ordre-tirer-tuer-solo-sandeng.html#respond"]}]},{"@type":"WebPage","@id":"https:\/\/www.justiceinfo.net\/fr\/127424-ordre-tirer-tuer-solo-sandeng.html","url":"https:\/\/www.justiceinfo.net\/fr\/127424-ordre-tirer-tuer-solo-sandeng.html","name":"Proc\u00e8s Sonko : l'ordre de \"tirer\" et de \"tuer\" Solo Sandeng","isPartOf":{"@id":"https:\/\/www.justiceinfo.net\/fr#website"},"primaryImageOfPage":{"@id":"https:\/\/www.justiceinfo.net\/fr\/127424-ordre-tirer-tuer-solo-sandeng.html#primaryimage"},"image":{"@id":"https:\/\/www.justiceinfo.net\/fr\/127424-ordre-tirer-tuer-solo-sandeng.html#primaryimage"},"thumbnailUrl":"https:\/\/www.justiceinfo.net\/wp-content\/uploads\/Gambia_Solo-Sandeng-funeral_@Muhamadou-Bittaye-AFP.jpg","datePublished":"2024-01-22T11:28:07+00:00","dateModified":"2024-02-12T17:42:32+00:00","description":"Au proc\u00e8s de l'ex-ministre Ousman Sonko (en Suisse), des t\u00e9moignages ont \u00e9t\u00e9 entendus sur la mort de Solo Sandeng (en Gambie), leader de l\u2019opposition, en 2016 lors de manifestations violemment r\u00e9prim\u00e9es.","breadcrumb":{"@id":"https:\/\/www.justiceinfo.net\/fr\/127424-ordre-tirer-tuer-solo-sandeng.html#breadcrumb"},"inLanguage":"fr-FR","potentialAction":[{"@type":"ReadAction","target":["https:\/\/www.justiceinfo.net\/fr\/127424-ordre-tirer-tuer-solo-sandeng.html"]}]},{"@type":"ImageObject","inLanguage":"fr-FR","@id":"https:\/\/www.justiceinfo.net\/fr\/127424-ordre-tirer-tuer-solo-sandeng.html#primaryimage","url":"https:\/\/www.justiceinfo.net\/wp-content\/uploads\/Gambia_Solo-Sandeng-funeral_@Muhamadou-Bittaye-AFP.jpg","contentUrl":"https:\/\/www.justiceinfo.net\/wp-content\/uploads\/Gambia_Solo-Sandeng-funeral_@Muhamadou-Bittaye-AFP.jpg","width":1200,"height":800,"caption":"Des membres de la famille de Solo Sandeng, lors des fun\u00e9railles officielles, en janvier 2023, de l'ancien dirigeant de l'opposition gambienne assassin\u00e9 en avril 2016. \u00a9 Muhamadou Bittaye \/ AFP"},{"@type":"BreadcrumbList","@id":"https:\/\/www.justiceinfo.net\/fr\/127424-ordre-tirer-tuer-solo-sandeng.html#breadcrumb","itemListElement":[{"@type":"ListItem","position":1,"name":"Home","item":"https:\/\/www.justiceinfo.net\/fr"},{"@type":"ListItem","position":2,"name":"L'ordre de \"tirer\" et de \"tuer\" Solo Sandeng"}]},{"@type":"WebSite","@id":"https:\/\/www.justiceinfo.net\/fr#website","url":"https:\/\/www.justiceinfo.net\/fr","name":"JusticeInfo.net","description":"La justice doit \u00eatre vue pour \u00eatre rendue","publisher":{"@id":"https:\/\/www.justiceinfo.net\/fr#organization"},"potentialAction":[{"@type":"SearchAction","target":{"@type":"EntryPoint","urlTemplate":"https:\/\/www.justiceinfo.net\/fr?s={search_term_string}"},"query-input":{"@type":"PropertyValueSpecification","valueRequired":true,"valueName":"search_term_string"}}],"inLanguage":"fr-FR"},{"@type":"Organization","@id":"https:\/\/www.justiceinfo.net\/fr#organization","name":"Justice Info","url":"https:\/\/www.justiceinfo.net\/fr","logo":{"@type":"ImageObject","inLanguage":"fr-FR","@id":"https:\/\/www.justiceinfo.net\/fr#\/schema\/logo\/image\/","url":"https:\/\/www.justiceinfo.net\/wp-content\/uploads\/justiceinfo_logo-trans_1200x1200px.png","contentUrl":"https:\/\/www.justiceinfo.net\/wp-content\/uploads\/justiceinfo_logo-trans_1200x1200px.png","width":1199,"height":1200,"caption":"Justice Info"},"image":{"@id":"https:\/\/www.justiceinfo.net\/fr#\/schema\/logo\/image\/"},"sameAs":["https:\/\/www.facebook.com\/JusticeInfo\/","https:\/\/x.com\/justiceinfonet","https:\/\/www.linkedin.com\/company\/justice-info","https:\/\/www.youtube.com\/channel\/UCyCEsARodyuWtkWyhn-e7pA"]},{"@type":"Person","name":"Mariam Sankanu","url":"https:\/\/www.justiceinfo.net\/fr\/auteur\/mariamsankanu"}]}},"_links":{"self":[{"href":"https:\/\/www.justiceinfo.net\/fr\/wp-json\/wp\/v2\/posts\/127424","targetHints":{"allow":["GET"]}}],"collection":[{"href":"https:\/\/www.justiceinfo.net\/fr\/wp-json\/wp\/v2\/posts"}],"about":[{"href":"https:\/\/www.justiceinfo.net\/fr\/wp-json\/wp\/v2\/types\/post"}],"author":[{"embeddable":true,"href":"https:\/\/www.justiceinfo.net\/fr\/wp-json\/wp\/v2\/users\/102"}],"replies":[{"embeddable":true,"href":"https:\/\/www.justiceinfo.net\/fr\/wp-json\/wp\/v2\/comments?post=127424"}],"version-history":[{"count":15,"href":"https:\/\/www.justiceinfo.net\/fr\/wp-json\/wp\/v2\/posts\/127424\/revisions"}],"predecessor-version":[{"id":127466,"href":"https:\/\/www.justiceinfo.net\/fr\/wp-json\/wp\/v2\/posts\/127424\/revisions\/127466"}],"wp:featuredmedia":[{"embeddable":true,"href":"https:\/\/www.justiceinfo.net\/fr\/wp-json\/wp\/v2\/media\/127432"}],"wp:attachment":[{"href":"https:\/\/www.justiceinfo.net\/fr\/wp-json\/wp\/v2\/media?parent=127424"}],"wp:term":[{"taxonomy":"category","embeddable":true,"href":"https:\/\/www.justiceinfo.net\/fr\/wp-json\/wp\/v2\/categories?post=127424"},{"taxonomy":"post_tag","embeddable":true,"href":"https:\/\/www.justiceinfo.net\/fr\/wp-json\/wp\/v2\/tags?post=127424"},{"taxonomy":"ji_location","embeddable":true,"href":"https:\/\/www.justiceinfo.net\/fr\/wp-json\/wp\/v2\/ji_location?post=127424"}],"curies":[{"name":"wp","href":"https:\/\/api.w.org\/{rel}","templated":true}]}}