{"id":12751,"date":"2011-02-17T00:00:00","date_gmt":"2011-02-16T23:00:00","guid":{"rendered":"https:\/\/www.justiceinfo.net\/12751-170211-cpitpir-la-campagne-pour-la-succession-du-procureur-de-la-cpi-est-lancee9559.html"},"modified":"2011-02-17T00:00:00","modified_gmt":"2011-02-16T23:00:00","slug":"170211-cpitpir-la-campagne-pour-la-succession-du-procureur-de-la-cpi-est-lancee9559","status":"publish","type":"post","link":"https:\/\/www.justiceinfo.net\/fr\/12751-170211-cpitpir-la-campagne-pour-la-succession-du-procureur-de-la-cpi-est-lancee9559.html","title":{"rendered":"17.02.11 - CPI\/TPIR - LA CAMPAGNE POUR LA SUCCESSION DU PROCUREUR DE LA CPI EST LANCEE"},"content":{"rendered":"<p>La Haye, le 17 f&eacute;vrier 2011 (FH) - La campagne pour la succession du procureur de la Cour p&eacute;nale internationale (CPI) est lanc&eacute;e. Le mandat de Luis Moreno Ocampo doit s'achever en juin 2012. Son successeur devrait &ecirc;tre &eacute;lu lors de la dixi&egrave;me session de l'Assembl&eacute;e des Etats parties &agrave; la Cour, qui se tiendra du 12 au 21 d&eacute;cembre 2011 &agrave; New York.<br \/>\n<!--more--><\/p>\n<p >\n<p >\nBas&eacute; lui aussi &agrave; New York, un &laquo; comit&eacute; de recherche &raquo; a &eacute;t&eacute; mis sur pied par l'Assembl&eacute;e des Etats parties et a tenu sa premi&egrave;re r&eacute;union d&eacute;but f&eacute;vrier. Charg&eacute; de &laquo; faciliter la d&eacute;signation et l'&eacute;lection par consensus du prochain procureur &raquo;, ce comit&eacute;, qui comprend des repr&eacute;sentants des cinq continents, est coordonn&eacute; par le prince jordanien, Ra'ad Zeid Al-Hussein, et par le repr&eacute;sentant de la Slovaquie aux Nations unies, Milos Koterec. Il devra analyser les candidatures, en susciter d'autres, et soumettre aux Etats une liste restreinte d'au moins trois noms.\n<\/p>\n<p >\nL'Union africaine est d&eacute;j&agrave; entr&eacute;e de plein pied dans la campagne. Lors de son sommet des 30 et 31 janvier, l'organisation continentale a indiqu&eacute; qu'elle souhaitait que le prochain procureur soit africain et a d&eacute;sign&eacute; son candidat : Chile Eboe-Osuji. Canado-nig&eacute;rian de 48 ans, Chile Eboe-Osuji&nbsp; travaille au Tribunal p&eacute;nal international pour le Rwanda (TPIR) depuis 1997, d'abord aupr&egrave;s du procureur, puis aupr&egrave;s des chambres. Il avait aussi, durant un an, travaill&eacute; au bureau du procureur du Tribunal sp&eacute;cial pour la Sierra L&eacute;one (TSSL) &agrave; Freetown.\n<\/p>\n<p >\n<p >\nBeaucoup d'Etats et d'organisations non gouvernementales sont, aujourd'hui, favorables &agrave; l'&eacute;lection d'une femme &agrave; la t&ecirc;te du bureau du procureur, venant du continent africain. Procureure adjointe &agrave; la CPI depuis septembre 2004, Fatou Bensouda aurait, elle aussi, &laquo; fait campagne &raquo;, indique une source pr&eacute;sente &agrave; Addis Abeba, lors du dernier sommet de l'Union africaine. Ancienne ministre de la Justice de Gambie, elle avait rejoint le bureau du procureur du TPIR en 2000 avant de seconder Luis Moreno Ocampo &agrave; la Cour p&eacute;nale internationale. Un militant d'une ONG indique cependant que &laquo; son &eacute;lection n'est pas acquise, parce que beaucoup d'Etats veulent tourner la page de l'&egrave;re Ocampo &raquo;.\n<\/p>\n<p >\n<p >\nSelon plusieurs sources, un autre gambien serait, lui aussi, sur les rangs. Procureur g&eacute;n&eacute;ral du Tribunal p&eacute;nal international pour le Rwanda (TPIR) depuis 2003, Hassan Bubacar Jallow avait &eacute;t&eacute; ministre de la Justice de Gambie, et juge &agrave; la Cour supr&ecirc;me. Mais sa possible candidature n'a pas encore &eacute;t&eacute; confirm&eacute;e au TPIR.\n<\/p>\n<p >\n<p >\nLe futur procureur devra &ecirc;tre &eacute;lu par consensus, ou par d&eacute;faut, &ecirc;tre &eacute;lu &agrave; bulletin secret et &agrave; la majorit&eacute; absolue par l'Assembl&eacute;e des Etats qui ont ratifi&eacute; le trait&eacute; de Rome. Ils sont 114 aujourd'hui. Luis Moreno Ocampo avait &eacute;t&eacute; &eacute;lu pour un mandat de neuf ans. Mais le Statut de Rome pr&eacute;voit que les Etats peuvent d&eacute;cider d'un mandat d'une dur&eacute;e plus courte. Le futur procureur devra ensuite soumettre une liste de trois candidats pour l'&eacute;lection de chacun de ses deux adjoints.\n<\/p>\n<p >\nSM\/ER\/GF\n<\/p>\n<p>\n&nbsp;&copy; Agence Hirondelle<\/p>\n","protected":false},"excerpt":{"rendered":"<p>La Haye, le 17 f&eacute;vrier 2011 (FH) - La campagne pour la succession du procureur de la Cour p&eacute;nale internationale (CPI) est lanc&eacute;e. Le mandat de Luis Moreno Ocampo doit s'achever en juin 2012. Son successeur devrait &ecirc;tre &eacute;lu lors de la dixi&egrave;me session de l'Assembl&eacute;e des Etats parties &agrave; la Cour, qui se tiendra [&hellip;]<\/p>\n","protected":false},"author":64,"featured_media":0,"comment_status":"open","ping_status":"closed","sticky":false,"template":"","format":"standard","meta":{"_acf_changed":false,"footnotes":""},"categories":[554],"tags":[],"ji_location":[],"class_list":["post-12751","post","type-post","status-publish","format-standard","hentry","category-hirondellenews"],"acf":[],"yoast_head":"<!-- This site is optimized with the Yoast SEO Premium plugin v25.3.1 (Yoast SEO v25.3.1) - https:\/\/yoast.com\/wordpress\/plugins\/seo\/ -->\n<title>17.02.11 - CPI\/TPIR - LA CAMPAGNE POUR LA SUCCESSION DU PROCUREUR DE LA CPI EST LANCEE - JusticeInfo.net<\/title>\n<meta name=\"robots\" content=\"index, follow, max-snippet:-1, max-image-preview:large, max-video-preview:-1\" \/>\n<link rel=\"canonical\" href=\"https:\/\/www.justiceinfo.net\/fr\/12751-170211-cpitpir-la-campagne-pour-la-succession-du-procureur-de-la-cpi-est-lancee9559.html\" \/>\n<meta property=\"og:locale\" content=\"fr_FR\" \/>\n<meta property=\"og:type\" content=\"article\" \/>\n<meta property=\"og:title\" content=\"17.02.11 - CPI\/TPIR - LA CAMPAGNE POUR LA SUCCESSION DU PROCUREUR DE LA CPI EST LANCEE\" \/>\n<meta property=\"og:description\" content=\"La Haye, le 17 f&eacute;vrier 2011 (FH) - La campagne pour la succession du procureur de la Cour p&eacute;nale internationale (CPI) est lanc&eacute;e. Le mandat de Luis Moreno Ocampo doit s&#039;achever en juin 2012. Son successeur devrait &ecirc;tre &eacute;lu lors de la dixi&egrave;me session de l&#039;Assembl&eacute;e des Etats parties &agrave; la Cour, qui se tiendra [&hellip;]\" \/>\n<meta property=\"og:url\" content=\"https:\/\/www.justiceinfo.net\/fr\/12751-170211-cpitpir-la-campagne-pour-la-succession-du-procureur-de-la-cpi-est-lancee9559.html\" \/>\n<meta property=\"og:site_name\" content=\"JusticeInfo.net\" \/>\n<meta property=\"article:publisher\" content=\"https:\/\/www.facebook.com\/JusticeInfo\/\" \/>\n<meta property=\"article:published_time\" content=\"2011-02-16T23:00:00+00:00\" \/>\n<meta property=\"og:image\" content=\"https:\/\/www.justiceinfo.net\/wp-content\/uploads\/JusticeInfoNet_logo_1200x630px.jpg\" \/>\n\t<meta property=\"og:image:width\" content=\"1200\" \/>\n\t<meta property=\"og:image:height\" content=\"630\" \/>\n\t<meta property=\"og:image:type\" content=\"image\/jpeg\" \/>\n<meta name=\"author\" content=\"solivri\" \/>\n<meta name=\"twitter:card\" content=\"summary_large_image\" \/>\n<meta name=\"twitter:creator\" content=\"@justiceinfonet\" \/>\n<meta name=\"twitter:site\" content=\"@justiceinfonet\" \/>\n<meta name=\"twitter:label1\" content=\"\u00c9crit par\" \/>\n\t<meta name=\"twitter:data1\" content=\"solivri\" \/>\n\t<meta name=\"twitter:label2\" content=\"Dur\u00e9e de lecture estim\u00e9e\" \/>\n\t<meta name=\"twitter:data2\" content=\"3 minutes\" \/>\n<script type=\"application\/ld+json\" class=\"yoast-schema-graph\">{\"@context\":\"https:\/\/schema.org\",\"@graph\":[{\"@type\":\"NewsArticle\",\"@id\":\"https:\/\/www.justiceinfo.net\/fr\/12751-170211-cpitpir-la-campagne-pour-la-succession-du-procureur-de-la-cpi-est-lancee9559.html#article\",\"isPartOf\":{\"@id\":\"https:\/\/www.justiceinfo.net\/fr\/12751-170211-cpitpir-la-campagne-pour-la-succession-du-procureur-de-la-cpi-est-lancee9559.html\"},\"author\":{\"name\":\"solivri\",\"@id\":\"https:\/\/www.justiceinfo.net\/fr#\/schema\/person\/6e53cba1629e2e66f3fc1821d3091865\"},\"headline\":\"17.02.11 - CPI\/TPIR - LA CAMPAGNE POUR LA SUCCESSION DU PROCUREUR DE LA CPI EST LANCEE\",\"datePublished\":\"2011-02-16T23:00:00+00:00\",\"mainEntityOfPage\":{\"@id\":\"https:\/\/www.justiceinfo.net\/fr\/12751-170211-cpitpir-la-campagne-pour-la-succession-du-procureur-de-la-cpi-est-lancee9559.html\"},\"wordCount\":628,\"commentCount\":0,\"publisher\":{\"@id\":\"https:\/\/www.justiceinfo.net\/fr#organization\"},\"articleSection\":[\"Hirondelle News\"],\"inLanguage\":\"fr-FR\",\"potentialAction\":[{\"@type\":\"CommentAction\",\"name\":\"Comment\",\"target\":[\"https:\/\/www.justiceinfo.net\/fr\/12751-170211-cpitpir-la-campagne-pour-la-succession-du-procureur-de-la-cpi-est-lancee9559.html#respond\"]}]},{\"@type\":\"WebPage\",\"@id\":\"https:\/\/www.justiceinfo.net\/fr\/12751-170211-cpitpir-la-campagne-pour-la-succession-du-procureur-de-la-cpi-est-lancee9559.html\",\"url\":\"https:\/\/www.justiceinfo.net\/fr\/12751-170211-cpitpir-la-campagne-pour-la-succession-du-procureur-de-la-cpi-est-lancee9559.html\",\"name\":\"17.02.11 - CPI\/TPIR - LA CAMPAGNE POUR LA SUCCESSION DU PROCUREUR DE LA CPI EST LANCEE - JusticeInfo.net\",\"isPartOf\":{\"@id\":\"https:\/\/www.justiceinfo.net\/fr#website\"},\"datePublished\":\"2011-02-16T23:00:00+00:00\",\"breadcrumb\":{\"@id\":\"https:\/\/www.justiceinfo.net\/fr\/12751-170211-cpitpir-la-campagne-pour-la-succession-du-procureur-de-la-cpi-est-lancee9559.html#breadcrumb\"},\"inLanguage\":\"fr-FR\",\"potentialAction\":[{\"@type\":\"ReadAction\",\"target\":[\"https:\/\/www.justiceinfo.net\/fr\/12751-170211-cpitpir-la-campagne-pour-la-succession-du-procureur-de-la-cpi-est-lancee9559.html\"]}]},{\"@type\":\"BreadcrumbList\",\"@id\":\"https:\/\/www.justiceinfo.net\/fr\/12751-170211-cpitpir-la-campagne-pour-la-succession-du-procureur-de-la-cpi-est-lancee9559.html#breadcrumb\",\"itemListElement\":[{\"@type\":\"ListItem\",\"position\":1,\"name\":\"Home\",\"item\":\"https:\/\/www.justiceinfo.net\/fr\"},{\"@type\":\"ListItem\",\"position\":2,\"name\":\"17.02.11 - CPI\/TPIR - LA CAMPAGNE POUR LA SUCCESSION DU PROCUREUR DE LA CPI EST LANCEE\"}]},{\"@type\":\"WebSite\",\"@id\":\"https:\/\/www.justiceinfo.net\/fr#website\",\"url\":\"https:\/\/www.justiceinfo.net\/fr\",\"name\":\"JusticeInfo.net\",\"description\":\"La justice doit \u00eatre vue pour \u00eatre rendue\",\"publisher\":{\"@id\":\"https:\/\/www.justiceinfo.net\/fr#organization\"},\"potentialAction\":[{\"@type\":\"SearchAction\",\"target\":{\"@type\":\"EntryPoint\",\"urlTemplate\":\"https:\/\/www.justiceinfo.net\/fr?s={search_term_string}\"},\"query-input\":{\"@type\":\"PropertyValueSpecification\",\"valueRequired\":true,\"valueName\":\"search_term_string\"}}],\"inLanguage\":\"fr-FR\"},{\"@type\":\"Organization\",\"@id\":\"https:\/\/www.justiceinfo.net\/fr#organization\",\"name\":\"Justice Info\",\"url\":\"https:\/\/www.justiceinfo.net\/fr\",\"logo\":{\"@type\":\"ImageObject\",\"inLanguage\":\"fr-FR\",\"@id\":\"https:\/\/www.justiceinfo.net\/fr#\/schema\/logo\/image\/\",\"url\":\"https:\/\/www.justiceinfo.net\/wp-content\/uploads\/justiceinfo_logo-trans_1200x1200px.png\",\"contentUrl\":\"https:\/\/www.justiceinfo.net\/wp-content\/uploads\/justiceinfo_logo-trans_1200x1200px.png\",\"width\":1199,\"height\":1200,\"caption\":\"Justice Info\"},\"image\":{\"@id\":\"https:\/\/www.justiceinfo.net\/fr#\/schema\/logo\/image\/\"},\"sameAs\":[\"https:\/\/www.facebook.com\/JusticeInfo\/\",\"https:\/\/x.com\/justiceinfonet\",\"https:\/\/www.linkedin.com\/company\/justice-info\",\"https:\/\/www.youtube.com\/channel\/UCyCEsARodyuWtkWyhn-e7pA\"]},{\"@type\":\"Person\",\"name\":\"solivri\",\"url\":\"\/fr\/?s=solivri\"}]}<\/script>\n<!-- \/ Yoast SEO Premium plugin. -->","yoast_head_json":{"title":"17.02.11 - CPI\/TPIR - LA CAMPAGNE POUR LA SUCCESSION DU PROCUREUR DE LA CPI EST LANCEE - JusticeInfo.net","robots":{"index":"index","follow":"follow","max-snippet":"max-snippet:-1","max-image-preview":"max-image-preview:large","max-video-preview":"max-video-preview:-1"},"canonical":"https:\/\/www.justiceinfo.net\/fr\/12751-170211-cpitpir-la-campagne-pour-la-succession-du-procureur-de-la-cpi-est-lancee9559.html","og_locale":"fr_FR","og_type":"article","og_title":"17.02.11 - CPI\/TPIR - LA CAMPAGNE POUR LA SUCCESSION DU PROCUREUR DE LA CPI EST LANCEE","og_description":"La Haye, le 17 f&eacute;vrier 2011 (FH) - La campagne pour la succession du procureur de la Cour p&eacute;nale internationale (CPI) est lanc&eacute;e. Le mandat de Luis Moreno Ocampo doit s'achever en juin 2012. Son successeur devrait &ecirc;tre &eacute;lu lors de la dixi&egrave;me session de l'Assembl&eacute;e des Etats parties &agrave; la Cour, qui se tiendra [&hellip;]","og_url":"https:\/\/www.justiceinfo.net\/fr\/12751-170211-cpitpir-la-campagne-pour-la-succession-du-procureur-de-la-cpi-est-lancee9559.html","og_site_name":"JusticeInfo.net","article_publisher":"https:\/\/www.facebook.com\/JusticeInfo\/","article_published_time":"2011-02-16T23:00:00+00:00","og_image":[{"width":1200,"height":630,"url":"https:\/\/www.justiceinfo.net\/wp-content\/uploads\/JusticeInfoNet_logo_1200x630px.jpg","type":"image\/jpeg"}],"author":"solivri","twitter_card":"summary_large_image","twitter_creator":"@justiceinfonet","twitter_site":"@justiceinfonet","twitter_misc":{"\u00c9crit par":"solivri","Dur\u00e9e de lecture estim\u00e9e":"3 minutes"},"schema":{"@context":"https:\/\/schema.org","@graph":[{"@type":"NewsArticle","@id":"https:\/\/www.justiceinfo.net\/fr\/12751-170211-cpitpir-la-campagne-pour-la-succession-du-procureur-de-la-cpi-est-lancee9559.html#article","isPartOf":{"@id":"https:\/\/www.justiceinfo.net\/fr\/12751-170211-cpitpir-la-campagne-pour-la-succession-du-procureur-de-la-cpi-est-lancee9559.html"},"author":{"name":"solivri","@id":"https:\/\/www.justiceinfo.net\/fr#\/schema\/person\/6e53cba1629e2e66f3fc1821d3091865"},"headline":"17.02.11 - CPI\/TPIR - LA CAMPAGNE POUR LA SUCCESSION DU PROCUREUR DE LA CPI EST LANCEE","datePublished":"2011-02-16T23:00:00+00:00","mainEntityOfPage":{"@id":"https:\/\/www.justiceinfo.net\/fr\/12751-170211-cpitpir-la-campagne-pour-la-succession-du-procureur-de-la-cpi-est-lancee9559.html"},"wordCount":628,"commentCount":0,"publisher":{"@id":"https:\/\/www.justiceinfo.net\/fr#organization"},"articleSection":["Hirondelle News"],"inLanguage":"fr-FR","potentialAction":[{"@type":"CommentAction","name":"Comment","target":["https:\/\/www.justiceinfo.net\/fr\/12751-170211-cpitpir-la-campagne-pour-la-succession-du-procureur-de-la-cpi-est-lancee9559.html#respond"]}]},{"@type":"WebPage","@id":"https:\/\/www.justiceinfo.net\/fr\/12751-170211-cpitpir-la-campagne-pour-la-succession-du-procureur-de-la-cpi-est-lancee9559.html","url":"https:\/\/www.justiceinfo.net\/fr\/12751-170211-cpitpir-la-campagne-pour-la-succession-du-procureur-de-la-cpi-est-lancee9559.html","name":"17.02.11 - CPI\/TPIR - LA CAMPAGNE POUR LA SUCCESSION DU PROCUREUR DE LA CPI EST LANCEE - JusticeInfo.net","isPartOf":{"@id":"https:\/\/www.justiceinfo.net\/fr#website"},"datePublished":"2011-02-16T23:00:00+00:00","breadcrumb":{"@id":"https:\/\/www.justiceinfo.net\/fr\/12751-170211-cpitpir-la-campagne-pour-la-succession-du-procureur-de-la-cpi-est-lancee9559.html#breadcrumb"},"inLanguage":"fr-FR","potentialAction":[{"@type":"ReadAction","target":["https:\/\/www.justiceinfo.net\/fr\/12751-170211-cpitpir-la-campagne-pour-la-succession-du-procureur-de-la-cpi-est-lancee9559.html"]}]},{"@type":"BreadcrumbList","@id":"https:\/\/www.justiceinfo.net\/fr\/12751-170211-cpitpir-la-campagne-pour-la-succession-du-procureur-de-la-cpi-est-lancee9559.html#breadcrumb","itemListElement":[{"@type":"ListItem","position":1,"name":"Home","item":"https:\/\/www.justiceinfo.net\/fr"},{"@type":"ListItem","position":2,"name":"17.02.11 - CPI\/TPIR - LA CAMPAGNE POUR LA SUCCESSION DU PROCUREUR DE LA CPI EST LANCEE"}]},{"@type":"WebSite","@id":"https:\/\/www.justiceinfo.net\/fr#website","url":"https:\/\/www.justiceinfo.net\/fr","name":"JusticeInfo.net","description":"La justice doit \u00eatre vue pour \u00eatre rendue","publisher":{"@id":"https:\/\/www.justiceinfo.net\/fr#organization"},"potentialAction":[{"@type":"SearchAction","target":{"@type":"EntryPoint","urlTemplate":"https:\/\/www.justiceinfo.net\/fr?s={search_term_string}"},"query-input":{"@type":"PropertyValueSpecification","valueRequired":true,"valueName":"search_term_string"}}],"inLanguage":"fr-FR"},{"@type":"Organization","@id":"https:\/\/www.justiceinfo.net\/fr#organization","name":"Justice Info","url":"https:\/\/www.justiceinfo.net\/fr","logo":{"@type":"ImageObject","inLanguage":"fr-FR","@id":"https:\/\/www.justiceinfo.net\/fr#\/schema\/logo\/image\/","url":"https:\/\/www.justiceinfo.net\/wp-content\/uploads\/justiceinfo_logo-trans_1200x1200px.png","contentUrl":"https:\/\/www.justiceinfo.net\/wp-content\/uploads\/justiceinfo_logo-trans_1200x1200px.png","width":1199,"height":1200,"caption":"Justice Info"},"image":{"@id":"https:\/\/www.justiceinfo.net\/fr#\/schema\/logo\/image\/"},"sameAs":["https:\/\/www.facebook.com\/JusticeInfo\/","https:\/\/x.com\/justiceinfonet","https:\/\/www.linkedin.com\/company\/justice-info","https:\/\/www.youtube.com\/channel\/UCyCEsARodyuWtkWyhn-e7pA"]},{"@type":"Person","name":"solivri","url":"\/fr\/?s=solivri"}]}},"_links":{"self":[{"href":"https:\/\/www.justiceinfo.net\/fr\/wp-json\/wp\/v2\/posts\/12751","targetHints":{"allow":["GET"]}}],"collection":[{"href":"https:\/\/www.justiceinfo.net\/fr\/wp-json\/wp\/v2\/posts"}],"about":[{"href":"https:\/\/www.justiceinfo.net\/fr\/wp-json\/wp\/v2\/types\/post"}],"author":[{"embeddable":true,"href":"https:\/\/www.justiceinfo.net\/fr\/wp-json\/wp\/v2\/users\/64"}],"replies":[{"embeddable":true,"href":"https:\/\/www.justiceinfo.net\/fr\/wp-json\/wp\/v2\/comments?post=12751"}],"version-history":[{"count":0,"href":"https:\/\/www.justiceinfo.net\/fr\/wp-json\/wp\/v2\/posts\/12751\/revisions"}],"wp:attachment":[{"href":"https:\/\/www.justiceinfo.net\/fr\/wp-json\/wp\/v2\/media?parent=12751"}],"wp:term":[{"taxonomy":"category","embeddable":true,"href":"https:\/\/www.justiceinfo.net\/fr\/wp-json\/wp\/v2\/categories?post=12751"},{"taxonomy":"post_tag","embeddable":true,"href":"https:\/\/www.justiceinfo.net\/fr\/wp-json\/wp\/v2\/tags?post=12751"},{"taxonomy":"ji_location","embeddable":true,"href":"https:\/\/www.justiceinfo.net\/fr\/wp-json\/wp\/v2\/ji_location?post=12751"}],"curies":[{"name":"wp","href":"https:\/\/api.w.org\/{rel}","templated":true}]}}