{"id":127570,"date":"2024-01-25T12:38:58","date_gmt":"2024-01-25T11:38:58","guid":{"rendered":"https:\/\/www.justiceinfo.net\/?p=127570"},"modified":"2024-02-12T17:31:22","modified_gmt":"2024-02-12T16:31:22","slug":"preuve-close-proces-sonko","status":"publish","type":"post","link":"https:\/\/www.justiceinfo.net\/fr\/127570-preuve-close-proces-sonko.html","title":{"rendered":"La preuve est close dans le proc\u00e8s Sonko"},"content":{"rendered":"\n<p><strong>Onze t\u00e9moins ont d\u00e9pos\u00e9 dans le proc\u00e8s d'Ousman Sonko, ancien ministre de l'Int\u00e9rieur de la Gambie accus\u00e9 de crimes contre l'humanit\u00e9 devant la justice suisse. Les preuves ont port\u00e9 sur des violences sexuelles pr\u00e9sum\u00e9es, deux meurtres, la r\u00e9pression brutale des manifestations de l'opposition en 2016 et, enfin, celle d\u2019une tentative de coup d'\u00c9tat en 2006. Au lieu d'encha\u00eener avec les plaidoiries finales, le tribunal a d\u00e9cid\u00e9 de revenir en mars.<\/strong><\/p>\n\n\n\n<!--more-->\n\n\n\n<p>En mars 2006, plusieurs membres de l'arm\u00e9e, des politiciens et des civils sont arr\u00eat\u00e9s pour leur implication pr\u00e9sum\u00e9e dans ce qui est commun\u00e9ment appel\u00e9 en Gambie le coup d'\u00c9tat de Ndure Cham. Une tentative rat\u00e9e, men\u00e9e par le colonel Ndure Cham, \u00e0 l'\u00e9poque chef d'\u00e9tat-major de la d\u00e9fense. Ndure Cham r\u00e9ussira \u00e0 se cacher pendant plus de six ans, avant de manquer de chance et d'\u00eatre tu\u00e9 en 2013 par les \"<a href=\"https:\/\/www.justiceinfo.net\/fr\/42025-gambie-terreur-brute-devant-la-trrc.html\">Junglers<\/a>\", les sbires du pr\u00e9sident Yahya Jammeh. Quant aux personnes arr\u00eat\u00e9es, elles subissent des interrogatoires ill\u00e9gaux devant un panel de l'<a href=\"https:\/\/www.justiceinfo.net\/fr\/75763-gambie-coup-projecteur-commission-verite-exceptionnelle.html\">Agence nationale de renseignement (NIA)<\/a> compos\u00e9 de repr\u00e9sentants de la police, de l'arm\u00e9e et de la NIA. Ils sont tortur\u00e9s. Et 18 ans plus tard, cela fait partie du dossier contre Ousman Sonko, ancien ministre de l'Int\u00e9rieur de la Gambie, qui est jug\u00e9 pour crimes contre l'humanit\u00e9 devant un tribunal suisse : plusieurs t\u00e9moins qui ont d\u00e9pos\u00e9 devant la <a href=\"https:\/\/www.justiceinfo.net\/fr\/41592-heure-verite-gambie.html\">Commission gambienne pour la v\u00e9rit\u00e9, la r\u00e9conciliation et les r\u00e9parations (TRRC)<\/a> il y a deux ans ont mentionn\u00e9 Sonko comme un membre du panel ayant men\u00e9 leur interrogatoire. A l\u2019\u00e9poque, Sonko est inspecteur g\u00e9n\u00e9ral de la police.<\/p>\n\n\n\n<p>Le lieutenant-colonel Bunja Darboe, soldat de l'arm\u00e9e nationale gambienne, est le deuxi\u00e8me t\u00e9moin \u00e0 compara\u00eetre devant la Cour f\u00e9d\u00e9rale de Bellinzone. Darboe, un assistant de Ndure Cham, est arr\u00eat\u00e9 le 21 mars 2006, soumis \u00e0 de terribles tortures, d\u00e9tenu ill\u00e9galement et forc\u00e9 d'\u00e9crire et de lire une fausse d\u00e9claration \u00e0 la t\u00e9l\u00e9vision nationale concernant le coup d'\u00c9tat. \"Ce sont les Junglers qui m'ont arr\u00eat\u00e9. Manlafi Corr, Nuha Badjie, tous ces individus faisaient partie des Junglers. M\u00eame Ousman Sonko le savait. Il savait qu'ils faisaient partie des Junglers. Ils m'ont arr\u00eat\u00e9 et ont \u00e9galement pris Bora Colley [un autre Jungler] sur le chemin\", d\u00e9clare Darboe \u00e0 la Cour.<\/p>\n\n\n\n<h2 class=\"wp-block-heading\" id=\"h-qui-avait-autorite-sur-les-junglers\">Qui avait autorit\u00e9 sur les Junglers ?<\/h2>\n\n\n\n<p>Darboe a \u00e9t\u00e9 emmen\u00e9 \u00e0 plusieurs reprises de la <a href=\"https:\/\/www.justiceinfo.net\/fr\/44651-verite-derriere-murs-mile-2-cinq-etoiles-jammeh.html\">prison de Mile 2<\/a> au comit\u00e9 d'interrogatoire. Il est ensuite pr\u00e9sent\u00e9 \u00e0 un \"t\u00e9moin ind\u00e9pendant\" pour signer une d\u00e9claration qu'il aurait \u00e9t\u00e9 contraint de r\u00e9diger. Ce \"t\u00e9moin ind\u00e9pendant\" \u00e9tait Babou Loum. Loum a t\u00e9moign\u00e9 devant la TRRC o\u00f9 il a eu un longue prise de bec avec l'avocat principal de la Commission pour expliquer son manque de coop\u00e9ration. Il est aussi apparu qu'il avait servi de \"t\u00e9moin ind\u00e9pendant\" lors de l'interrogatoire d'autres personnes li\u00e9es \u00e0 ce coup d'\u00c9tat. \"Monsieur le t\u00e9moin, vous ne pouvez pas vous souvenir de toutes parce qu'elles \u00e9taient trop nombreuses&nbsp;!\", lui lance alors l'avocat principal, l'accusant d'avoir conclu un accord avec l'\u00c9tat pour servir de t\u00e9moin professionnel malhonn\u00eate.<\/p>\n\n\n\n<p>Mais la partie du t\u00e9moignage de Darboe qui int\u00e9resse le plus l'avocat de la d\u00e9fense est sa connaissance de l'existence des Junglers, sur laquelle il passe un certain temps \u00e0 l'interroger. Il soumet \u00e0 Darboe que lorsque la TRRC lui avait demand\u00e9 si l'existence des Junglers \u00e9tait connue dans l'arm\u00e9e, il avait r\u00e9pondu \"bien s\u00fbr, les Junglers \u00e9taient connus\".<\/p>\n\n\n\n<p>- \"Je n'ai pas dit qu'ils n'\u00e9taient pas connus. Ils ont \u00e9t\u00e9 form\u00e9s en tant que commandos. Mais personnellement, je les ai rencontr\u00e9s en 2006. C'est ce que j'ai dit, pr\u00e9cise Darboe.<\/p>\n\n\n\n<p>- En 2006, quelles mesures l'inspecteur g\u00e9n\u00e9ral de la police (IGP) aurait-il pu prendre ? demande Philippe Currat, l'avocat de Sonko.<\/p>\n\n\n\n<p>- L'IGP n'est pas responsable des Junglers, mais en tant que membre du panel, c'est lui qui donne des instructions au panel.\"<\/p>\n\n\n\n<h2 class=\"wp-block-heading\" id=\"h-tortures-et-viol\">Tortures et viol<\/h2>\n\n\n\n<p>Demba Dem, un parlementaire du parti de Jammeh, a \u00e9galement \u00e9t\u00e9 arr\u00eat\u00e9 pour son implication pr\u00e9sum\u00e9e dans le coup d'\u00c9tat. Il est interpell\u00e9 \u00e0 l'Assembl\u00e9e nationale. \"Je dirais kidnapp\u00e9 \u00e0 l'Assembl\u00e9e nationale\", corrige Dem \u00e0 la Cour. \"La raison pour laquelle je parle d'enl\u00e8vement est qu\u2019une arrestation ne se fait pas de cette mani\u00e8re.\"<\/p>\n\n\n\n<p>Apr\u00e8s que Dem a racont\u00e9 sa victimisation et les tortures, l'avocat de la d\u00e9fense lui demande quelles mesures il avait prises en tant que d\u00e9put\u00e9 pour mettre fin \u00e0 cette pratique. \"Sous l'\u00e8re Yahya Jammeh, on n'osait pas le dire. Vous n'\u00eates pas assez fou pour le dire au parlement\", r\u00e9pond le t\u00e9moin.<\/p>\n\n\n\n<p>\"Je n'avais jamais \u00e9t\u00e9 arr\u00eat\u00e9e de ma vie. C'\u00e9tait la premi\u00e8re fois\", d\u00e9clare une autre t\u00e9moin avant de prendre une profonde inspiration. \"Ils m'ont mis un sac en plastique sur la t\u00eate. Ils ont enlev\u00e9 mes v\u00eatements et ont commenc\u00e9 \u00e0 me fouetter de toutes parts. Quand ils voient que votre main va comme \u00e7a [tombe], ils enl\u00e8vent [le sac en plastique] et vous donnent deux secondes avant de le remettre en place\", ajoute-t-elle. Cette victime, dont l'identit\u00e9 est prot\u00e9g\u00e9e, d\u00e9clare \u00e9galement avoir \u00e9t\u00e9 viol\u00e9e par un homme masqu\u00e9, un Jungler qu'elle ne peut identifier. Sonko nie avoir vu ce t\u00e9moin. \"Lorsque je l'ai vu pour la premi\u00e8re fois [l'accus\u00e9], il portait l'uniforme complet de l'inspecteur g\u00e9n\u00e9ral de la police. Il ne fait aucun doute que je l'ai reconnu comme j'ai reconnu les autres parce qu'ils \u00e9taient tous en uniforme\", appuie n\u00e9anmoins la victime.<\/p>\n\n\n\n<h2 class=\"wp-block-heading\" id=\"h-lien-entre-la-police-et-la-nia\">Lien entre la police et la NIA<\/h2>\n\n\n\n<p>Le directeur g\u00e9n\u00e9ral Madi Ceesay et le r\u00e9dacteur en chef Musa Saidykhan de The Independent, un journal bihebdomadaire, comparaissent \u00e0 leur tout devant le tribunal. En mars 2006, ils sont arr\u00eat\u00e9s par l'Unit\u00e9 d'intervention de la police, puis remis \u00e0 la NIA, o\u00f9 ils sont tortur\u00e9s. Leur d\u00e9tention de 22 jours aurait \u00e9t\u00e9 li\u00e9e \u00e0 la publication de fausses informations sur l'implication de Samba Bah, un ancien directeur adjoint de la NIA, dans le coup d'\u00c9tat manqu\u00e9. Tumbul Tamba et Musa Jammeh sont les soldats qui ont tortur\u00e9 les deux journalistes. \"Ce sont des soldats de la Pr\u00e9sidence. On les appelle les Junglers. Mais plus tard, nous avons r\u00e9alis\u00e9 que certains d'entre eux avaient \u00e9t\u00e9 recrut\u00e9s par l'Unit\u00e9 d'intervention de la police, ce qui montre bien qu'il y a une coordination\", t\u00e9moigne Saidykhan. \"Je sais que ces deux-l\u00e0 \u00e9taient des soldats\", d\u00e9clare Ceesay. \"Je ne sais pas vraiment sous quelle autorit\u00e9 ils agissaient. Mais pour moi, \u00e9tant donn\u00e9 que je leur ai \u00e9t\u00e9 remis par la police, je tiens la police pour responsable. Pourquoi m'ont-ils remis \u00e0 eux ?\"<\/p>\n\n\n\n<p>En 2016, le fils de Ceesay, un journaliste, couvrait la manifestation du Parti d\u00e9mocratique unifi\u00e9 (UDP). Il est alors \u00e0 son tour arr\u00eat\u00e9 et d\u00e9tenu. \"Ce qu'ils lui disaient pendant la torture, c'est \u2018ton p\u00e8re \u00e9tait ici en 2006, nous te battrons \u00e0 mort\u2019. Il est mort quelques mois apr\u00e8s sa d\u00e9tention. Je ne pense pas pouvoir m'\u00e9tendre sur ce sujet\", dit Ceesay \u00e0 la Cour.<\/p>\n\n\n\n<p>Saidykhan, lui, raconte son voyage risqu\u00e9 au S\u00e9n\u00e9gal apr\u00e8s sa d\u00e9tention, avec sa femme enceinte de six mois. \"Je suis plus ou moins aveugle de l'\u0153il gauche. J'ai fait des allers-retours \u00e0 l'h\u00f4pital, surtout en 2014. Encore l'ann\u00e9e derni\u00e8re, j'ai fait des allers-retours aux urgences, principalement \u00e0 cause des tortures que j'ai subies. Psychologiquement, c'est un probl\u00e8me parce que les cauchemars continuent.\"<\/p>\n\n\n\n<figure class=\"wp-block-image size-full\"><img loading=\"lazy\" decoding=\"async\" width=\"1200\" height=\"800\" src=\"https:\/\/www.justiceinfo.net\/wp-content\/uploads\/Gambia-Switzerland_Musa-Saidykhan-Madi-Ceesay-Sonko-trial_@Mariam-Sankanu.jpg\" alt=\"Les journalistes Madi Ceesay et Musa Saidykhan ont t\u00e9moign\u00e9 au proc\u00e8s d'Ousman Sonko en Suisse\" class=\"wp-image-127580\" srcset=\"https:\/\/www.justiceinfo.net\/wp-content\/uploads\/Gambia-Switzerland_Musa-Saidykhan-Madi-Ceesay-Sonko-trial_@Mariam-Sankanu.jpg 1200w, https:\/\/www.justiceinfo.net\/wp-content\/uploads\/Gambia-Switzerland_Musa-Saidykhan-Madi-Ceesay-Sonko-trial_@Mariam-Sankanu-540x360.jpg 540w, https:\/\/www.justiceinfo.net\/wp-content\/uploads\/Gambia-Switzerland_Musa-Saidykhan-Madi-Ceesay-Sonko-trial_@Mariam-Sankanu-1000x667.jpg 1000w, https:\/\/www.justiceinfo.net\/wp-content\/uploads\/Gambia-Switzerland_Musa-Saidykhan-Madi-Ceesay-Sonko-trial_@Mariam-Sankanu-1110x740.jpg 1110w\" sizes=\"auto, (max-width: 1200px) 100vw, 1200px\" \/><figcaption class=\"wp-element-caption\">Les journalistes Madi Ceesay et Musa Saidykhan devant le tribunal \u00e0 Bellinzone, en Suisse. Ils ont t\u00e9moign\u00e9 qu'Ousmane Sonko faisait partie du panel qui a supervis\u00e9 leur interrogatoire et leur torture en 2006. \u00a9 Mariam Sankanu \/ Justice Info<\/figcaption><\/figure>\n\n\n\n<h2 class=\"wp-block-heading\" id=\"h-sonko-nie-toute-responsabilite\">Sonko nie toute responsabilit\u00e9<\/h2>\n\n\n\n<p>Sonko nie avoir dirig\u00e9 le panel devant lequel ces t\u00e9moins ont \u00e9t\u00e9 interrog\u00e9s et tortur\u00e9s. \"Je confirme que Momodou Hydara \u00e9tait le chef du panel. Il a \u00e9t\u00e9 entendu au cours des audiences pr\u00e9liminaires et il a confirm\u00e9 qu'il dirigeait ce groupe.\" (Hydara n\u2019a pas \u00e9t\u00e9 appel\u00e9 comme t\u00e9moin au proc\u00e8s.) Sonko d\u00e9clare avoir rejoint le panel le 21 mars 2006, mais n\u2019avoir rien su de l'arrestation de Darboe parce qu'elle avait \u00e9t\u00e9 effectu\u00e9e par les forces arm\u00e9es gambiennes. \"Je n'ai lu aucun document \u00e9crit par Bunja Darboe. Bunja Darboe&nbsp;\u00bb, ajoute-t-il, bien que Darboe ait affirm\u00e9 qu\u2019il l\u2019avait lu.<\/p>\n\n\n\n<p>Lorsqu'on lui demande s'il a vu les blessures de Demba Dem, Sonko r\u00e9pond que Dem a d\u00e9clar\u00e9 devant la TRRC que le jour o\u00f9 il avait \u00e9t\u00e9 tortur\u00e9, il n'avait vu aucun des membres du panel. \"S'il n'a vu aucun d'entre nous, je ne suis donc pas cens\u00e9 avoir vu ses blessures.\"<\/p>\n\n\n\n<p>Ceesay et Saidykhan affirment tous deux que Sonko \u00e9tait pr\u00e9sent lors de l'interrogatoire \u00e0 la NIA. Bien que l'accus\u00e9 ne le nie pas explicitement, il dit ne pas s\u2019en souvenir&nbsp;: \"C'est possible, mais je n'en ai aucun souvenir.\" Selon lui, les journalistes n'ont pas \u00e9t\u00e9 arr\u00eat\u00e9s par la police. \"Madi Ceesay a d\u00e9clar\u00e9 \u00e0 la TRRC qu'il a \u00e9t\u00e9 arr\u00eat\u00e9 par des agents de l'Agence nationale de renseignement. Je voudrais faire cette distinction entre la police de Banjul et le quartier g\u00e9n\u00e9ral de la police. Bien que la police de Banjul soit situ\u00e9e au rez-de-chauss\u00e9e du quartier g\u00e9n\u00e9ral de la police, elle fonctionne ind\u00e9pendamment du quartier g\u00e9n\u00e9ral\", d\u00e9clare-t-il \u00e9trangement. \"Selon Musa Saidykhan\", explique l'accus\u00e9, \"lorsque l'inspecteur g\u00e9n\u00e9ral adjoint de la police a appris qu'ils \u00e9taient d\u00e9tenus \u00e0 la police de Banjul, il les a appel\u00e9s \u00e0 l'\u00e9tage. Il leur a demand\u00e9 pourquoi ils \u00e9taient l\u00e0 et leur a promis qu'il allait d\u00e9couvrir les raisons de leur pr\u00e9sence\". Il est alors rappel\u00e9 \u00e0 l'accus\u00e9 que les journalistes ont d\u00e9clar\u00e9 que l'inspecteur g\u00e9n\u00e9ral adjoint voulait les lib\u00e9rer, mais qu'il n'en avait pas le pouvoir. \"Il a dit qu'il devait demander \u00e0 la hi\u00e9rarchie\", pr\u00e9cise le pr\u00e9sident du tribunal.<\/p>\n\n\n\n<p>R\u00e9agissant \u00e0 une d\u00e9claration de Ceesay sur la fa\u00e7on dont le gouvernement utilisait la police pour terroriser la population, l'accus\u00e9 r\u00e9plique : \"Dire que le gouvernement a terroris\u00e9 la population n'est pas juste. Je pense que la police \u00e9tait la force la plus respect\u00e9e en Gambie parce que la plupart des postes de police que nous avons ont \u00e9t\u00e9 construits par des citoyens priv\u00e9s et non par le gouvernement.\" Il soutient que la presse \u00e9tait libre sous le r\u00e9gime de Jammeh. \"S'il [Jammeh] n'\u00e9tait pas tol\u00e9rant \u00e0 l'\u00e9gard de la presse, il n'aurait pas construit une \u00e9cole de journalisme\", plaide Sonko.<\/p>\n\n\n\n<h2 class=\"wp-block-heading\" id=\"h-un-proces-court-et-qui-ne-finit-pas\">Un proc\u00e8s court et qui ne finit pas<\/h2>\n\n\n\n<p>Onze t\u00e9moins ont d\u00e9pos\u00e9 dans le proc\u00e8s Sonko. Le 23 janvier, la d\u00e9fense a pr\u00e9sent\u00e9 une d\u00e9claration sous serment de l'ex-\u00e9pouse de l\u2019accus\u00e9, la journaliste Nyemeh Bah, qui assiste au proc\u00e8s depuis la deuxi\u00e8me semaine. Sa d\u00e9claration n\u2019a pas \u00e9t\u00e9 rendue publique. La cour devait ensuite commencer \u00e0 entendre les plaidoiries finales. Mais elle a acc\u00e9d\u00e9 \u00e0 une demande de les reporter en mars.<\/p>\n\n\n\n<p>\"Nous avons d\u00e9j\u00e0 entendu toutes les personnes qui devaient \u00eatre entendues au cours de cette session principale. Nous avons entendu beaucoup de choses au cours de ces deux semaines et demie et j'ai not\u00e9 que certains des plaignants ont modifi\u00e9 leurs d\u00e9clarations ant\u00e9rieures dans la proc\u00e9dure pour les diriger contre Sonko. En particulier [parmi ceux] qui ont \u00e9t\u00e9 entendus tr\u00e8s t\u00f4t, en 2017 - c'est-\u00e0-dire avant que la TRRC ne commence. Ce qui \u00e9tait clair pour tous, c\u2019est que <a href=\"https:\/\/www.justiceinfo.net\/fr\/45831-gambie-service-renseignement-jammeh-sur-le-grill.html\">la torture a eu lieu \u00e0 la NIA<\/a>. La torture a \u00e9t\u00e9 pratiqu\u00e9e par des agents de la NIA ou par les Junglers et, au tout d\u00e9but de la proc\u00e9dure, nous n'avions aucune id\u00e9e de l'identit\u00e9 de ces personnes. Nous n'avions aucune id\u00e9e de la fa\u00e7on dont la NIA \u00e9tait organis\u00e9e et de qui \u00e9tait responsable de quoi. Mais les diff\u00e9rents plaignants ont compris qu'il n'y avait pas de lien entre ce qu'ils avaient subi et Sonko. C'est pourquoi ils ont essay\u00e9 de cr\u00e9er ce lien\", d\u00e9clare l'avocat de la d\u00e9fense lors d'un entretien \u00e0 Justice Info apr\u00e8s la derni\u00e8re audience du 24 janvier.<\/p>\n\n\n\n<p>Avant de lever l'audience, le pr\u00e9sident du tribunal a inform\u00e9 Sonko que s'il \u00e9tait reconnu coupable et condamn\u00e9, il envisagerait de l'expulser vers la Gambie. L'accus\u00e9 a r\u00e9pondu que son avocat aborderait cette question lors de la plaidoirie finale.<\/p>\n\n\n<div class=\"articleLink articleLink--editorRecommanded articleLink--textInImage articleLink--textTop\" style=\"\">\r\n\t\t\t\t\t\r\n\t\t\t<div class=\"articleLinkSurTitle\">Recommand\u00e9 par la r\u00e9daction<\/div>\r\n\t\t\t<a class=\"articleLinkImageLink\" href=\"https:\/\/www.justiceinfo.net\/fr\/45831-gambie-service-renseignement-jammeh-sur-le-grill.html\"><div class=\"articleLinkImageContainer \"><img loading=\"lazy\" decoding=\"async\" width=\"540\" height=\"360\" src=\"https:\/\/www.justiceinfo.net\/wp-content\/uploads\/48c56dc4a46eca64828b8bdb35104068-540x360.jpg\" class=\"articleLinkImage backgroundImageTag w-100 wp-post-image\" alt=\"\" srcset=\"\" sizes=\"auto, (max-width: 540px) 100vw, 540px\" \/><\/div><\/a>\r\n\t\t\t<a href=\"https:\/\/www.justiceinfo.net\/fr\/45831-gambie-service-renseignement-jammeh-sur-le-grill.html\" class=\"articleLinkTitle articleLinkTitle--default\">\r\n\t\t\tGambie : le service de renseignement de Jammeh sur le grill\r\n\t\t<\/a>\r\n\t\t\r\n\t\t\t\t<\/div>\n","protected":false},"excerpt":{"rendered":"<p>Onze t\u00e9moins ont d\u00e9pos\u00e9 dans le proc\u00e8s d'Ousman Sonko, ancien ministre de l'Int\u00e9rieur de la Gambie accus\u00e9 de crimes contre l'humanit\u00e9 devant la justice suisse. Les preuves ont port\u00e9 sur des violences sexuelles pr\u00e9sum\u00e9es, deux meurtres, la r\u00e9pression brutale des manifestations de l'opposition en 2016 et, enfin, celle d\u2019une tentative de coup d'\u00c9tat en 2006. [&hellip;]<\/p>\n","protected":false},"author":102,"featured_media":127575,"comment_status":"open","ping_status":"closed","sticky":false,"template":"","format":"standard","meta":{"_acf_changed":false,"footnotes":""},"categories":[2800],"tags":[3146,2638],"ji_location":[2508,2496],"class_list":["post-127570","post","type-post","status-publish","format-standard","has-post-thumbnail","hentry","category-competence-universelle","tag-ousman-sonko","tag-torture","ji_location-gambie","ji_location-suisse"],"acf":[],"yoast_head":"<!-- This site is optimized with the Yoast SEO Premium plugin v25.3.1 (Yoast SEO v25.3.1) - https:\/\/yoast.com\/wordpress\/plugins\/seo\/ -->\n<title>La preuve est close dans le proc\u00e8s Sonko<\/title>\n<meta name=\"description\" content=\"11 t\u00e9moins ont d\u00e9pos\u00e9 dans le proc\u00e8s d&#039;Ousman Sonko, ex-ministre de l&#039;Int\u00e9rieur de Gambie accus\u00e9 de crimes contre l&#039;humanit\u00e9 devant la justice suisse. La suite en mars prochain.\" \/>\n<meta name=\"robots\" content=\"index, follow, max-snippet:-1, max-image-preview:large, max-video-preview:-1\" \/>\n<link rel=\"canonical\" href=\"https:\/\/www.justiceinfo.net\/fr\/127570-preuve-close-proces-sonko.html\" \/>\n<meta property=\"og:locale\" content=\"fr_FR\" \/>\n<meta property=\"og:type\" content=\"article\" \/>\n<meta property=\"og:title\" content=\"La preuve est close dans le proc\u00e8s Sonko\" \/>\n<meta property=\"og:description\" content=\"11 t\u00e9moins ont d\u00e9pos\u00e9 dans le proc\u00e8s d&#039;Ousman Sonko, ex-ministre de l&#039;Int\u00e9rieur de Gambie accus\u00e9 de crimes contre l&#039;humanit\u00e9 devant la justice suisse. La suite en mars prochain.\" \/>\n<meta property=\"og:url\" content=\"https:\/\/www.justiceinfo.net\/fr\/127570-preuve-close-proces-sonko.html\" \/>\n<meta property=\"og:site_name\" content=\"JusticeInfo.net\" \/>\n<meta property=\"article:publisher\" content=\"https:\/\/www.facebook.com\/JusticeInfo\/\" \/>\n<meta property=\"article:published_time\" content=\"2024-01-25T11:38:58+00:00\" \/>\n<meta property=\"article:modified_time\" content=\"2024-02-12T16:31:22+00:00\" \/>\n<meta property=\"og:image\" content=\"https:\/\/www.justiceinfo.net\/wp-content\/uploads\/Gambia_Banjul-police-barracks_@Gambia-Police-Force.jpg\" \/>\n\t<meta property=\"og:image:width\" content=\"1200\" \/>\n\t<meta property=\"og:image:height\" content=\"800\" \/>\n\t<meta property=\"og:image:type\" content=\"image\/jpeg\" \/>\n<meta name=\"author\" content=\"Mariam Sankanu\" \/>\n<meta name=\"twitter:card\" content=\"summary_large_image\" \/>\n<meta name=\"twitter:creator\" content=\"@justiceinfonet\" \/>\n<meta name=\"twitter:site\" content=\"@justiceinfonet\" \/>\n<meta name=\"twitter:label1\" content=\"\u00c9crit par\" \/>\n\t<meta name=\"twitter:data1\" content=\"Mariam Sankanu\" \/>\n\t<meta name=\"twitter:label2\" content=\"Dur\u00e9e de lecture estim\u00e9e\" \/>\n\t<meta name=\"twitter:data2\" content=\"11 minutes\" \/>\n<script type=\"application\/ld+json\" class=\"yoast-schema-graph\">{\"@context\":\"https:\/\/schema.org\",\"@graph\":[{\"@type\":\"NewsArticle\",\"@id\":\"https:\/\/www.justiceinfo.net\/fr\/127570-preuve-close-proces-sonko.html#article\",\"isPartOf\":{\"@id\":\"https:\/\/www.justiceinfo.net\/fr\/127570-preuve-close-proces-sonko.html\"},\"author\":{\"name\":\"Mariam Sankanu\",\"@id\":\"https:\/\/www.justiceinfo.net\/fr#\/schema\/person\/467e0b637aafcd7e90b88d4a61b1d8c9\"},\"headline\":\"La preuve est close dans le proc\u00e8s Sonko\",\"datePublished\":\"2024-01-25T11:38:58+00:00\",\"dateModified\":\"2024-02-12T16:31:22+00:00\",\"mainEntityOfPage\":{\"@id\":\"https:\/\/www.justiceinfo.net\/fr\/127570-preuve-close-proces-sonko.html\"},\"wordCount\":2289,\"commentCount\":0,\"publisher\":{\"@id\":\"https:\/\/www.justiceinfo.net\/fr#organization\"},\"image\":{\"@id\":\"https:\/\/www.justiceinfo.net\/fr\/127570-preuve-close-proces-sonko.html#primaryimage\"},\"thumbnailUrl\":\"https:\/\/www.justiceinfo.net\/wp-content\/uploads\/Gambia_Banjul-police-barracks_@Gambia-Police-Force.jpg\",\"keywords\":[\"Ousman Sonko\",\"torture\"],\"articleSection\":[\"Comp\u00e9tence universelle\"],\"inLanguage\":\"fr-FR\",\"potentialAction\":[{\"@type\":\"CommentAction\",\"name\":\"Comment\",\"target\":[\"https:\/\/www.justiceinfo.net\/fr\/127570-preuve-close-proces-sonko.html#respond\"]}]},{\"@type\":\"WebPage\",\"@id\":\"https:\/\/www.justiceinfo.net\/fr\/127570-preuve-close-proces-sonko.html\",\"url\":\"https:\/\/www.justiceinfo.net\/fr\/127570-preuve-close-proces-sonko.html\",\"name\":\"La preuve est close dans le proc\u00e8s Sonko\",\"isPartOf\":{\"@id\":\"https:\/\/www.justiceinfo.net\/fr#website\"},\"primaryImageOfPage\":{\"@id\":\"https:\/\/www.justiceinfo.net\/fr\/127570-preuve-close-proces-sonko.html#primaryimage\"},\"image\":{\"@id\":\"https:\/\/www.justiceinfo.net\/fr\/127570-preuve-close-proces-sonko.html#primaryimage\"},\"thumbnailUrl\":\"https:\/\/www.justiceinfo.net\/wp-content\/uploads\/Gambia_Banjul-police-barracks_@Gambia-Police-Force.jpg\",\"datePublished\":\"2024-01-25T11:38:58+00:00\",\"dateModified\":\"2024-02-12T16:31:22+00:00\",\"description\":\"11 t\u00e9moins ont d\u00e9pos\u00e9 dans le proc\u00e8s d'Ousman Sonko, ex-ministre de l'Int\u00e9rieur de Gambie accus\u00e9 de crimes contre l'humanit\u00e9 devant la justice suisse. La suite en mars prochain.\",\"breadcrumb\":{\"@id\":\"https:\/\/www.justiceinfo.net\/fr\/127570-preuve-close-proces-sonko.html#breadcrumb\"},\"inLanguage\":\"fr-FR\",\"potentialAction\":[{\"@type\":\"ReadAction\",\"target\":[\"https:\/\/www.justiceinfo.net\/fr\/127570-preuve-close-proces-sonko.html\"]}]},{\"@type\":\"ImageObject\",\"inLanguage\":\"fr-FR\",\"@id\":\"https:\/\/www.justiceinfo.net\/fr\/127570-preuve-close-proces-sonko.html#primaryimage\",\"url\":\"https:\/\/www.justiceinfo.net\/wp-content\/uploads\/Gambia_Banjul-police-barracks_@Gambia-Police-Force.jpg\",\"contentUrl\":\"https:\/\/www.justiceinfo.net\/wp-content\/uploads\/Gambia_Banjul-police-barracks_@Gambia-Police-Force.jpg\",\"width\":1200,\"height\":800,\"caption\":\"La police gambienne \u00e9tait sous l'autorit\u00e9 de l'ancien inspecteur g\u00e9n\u00e9ral Ousmane Sonko, devenu ministre de l'Int\u00e9rieur, mais celui-ci indique que le pouvoir \u00e9tait chez les militaires et \u00e0 la Pr\u00e9sidence. \u00a9 Gambia Police Force\"},{\"@type\":\"BreadcrumbList\",\"@id\":\"https:\/\/www.justiceinfo.net\/fr\/127570-preuve-close-proces-sonko.html#breadcrumb\",\"itemListElement\":[{\"@type\":\"ListItem\",\"position\":1,\"name\":\"Home\",\"item\":\"https:\/\/www.justiceinfo.net\/fr\"},{\"@type\":\"ListItem\",\"position\":2,\"name\":\"La preuve est close dans le proc\u00e8s Sonko\"}]},{\"@type\":\"WebSite\",\"@id\":\"https:\/\/www.justiceinfo.net\/fr#website\",\"url\":\"https:\/\/www.justiceinfo.net\/fr\",\"name\":\"JusticeInfo.net\",\"description\":\"La justice doit \u00eatre vue pour \u00eatre rendue\",\"publisher\":{\"@id\":\"https:\/\/www.justiceinfo.net\/fr#organization\"},\"potentialAction\":[{\"@type\":\"SearchAction\",\"target\":{\"@type\":\"EntryPoint\",\"urlTemplate\":\"https:\/\/www.justiceinfo.net\/fr?s={search_term_string}\"},\"query-input\":{\"@type\":\"PropertyValueSpecification\",\"valueRequired\":true,\"valueName\":\"search_term_string\"}}],\"inLanguage\":\"fr-FR\"},{\"@type\":\"Organization\",\"@id\":\"https:\/\/www.justiceinfo.net\/fr#organization\",\"name\":\"Justice Info\",\"url\":\"https:\/\/www.justiceinfo.net\/fr\",\"logo\":{\"@type\":\"ImageObject\",\"inLanguage\":\"fr-FR\",\"@id\":\"https:\/\/www.justiceinfo.net\/fr#\/schema\/logo\/image\/\",\"url\":\"https:\/\/www.justiceinfo.net\/wp-content\/uploads\/justiceinfo_logo-trans_1200x1200px.png\",\"contentUrl\":\"https:\/\/www.justiceinfo.net\/wp-content\/uploads\/justiceinfo_logo-trans_1200x1200px.png\",\"width\":1199,\"height\":1200,\"caption\":\"Justice Info\"},\"image\":{\"@id\":\"https:\/\/www.justiceinfo.net\/fr#\/schema\/logo\/image\/\"},\"sameAs\":[\"https:\/\/www.facebook.com\/JusticeInfo\/\",\"https:\/\/x.com\/justiceinfonet\",\"https:\/\/www.linkedin.com\/company\/justice-info\",\"https:\/\/www.youtube.com\/channel\/UCyCEsARodyuWtkWyhn-e7pA\"]},{\"@type\":\"Person\",\"name\":\"Mariam Sankanu\",\"url\":\"https:\/\/www.justiceinfo.net\/fr\/auteur\/mariamsankanu\"}]}<\/script>\n<!-- \/ Yoast SEO Premium plugin. -->","yoast_head_json":{"title":"La preuve est close dans le proc\u00e8s Sonko","description":"11 t\u00e9moins ont d\u00e9pos\u00e9 dans le proc\u00e8s d'Ousman Sonko, ex-ministre de l'Int\u00e9rieur de Gambie accus\u00e9 de crimes contre l'humanit\u00e9 devant la justice suisse. La suite en mars prochain.","robots":{"index":"index","follow":"follow","max-snippet":"max-snippet:-1","max-image-preview":"max-image-preview:large","max-video-preview":"max-video-preview:-1"},"canonical":"https:\/\/www.justiceinfo.net\/fr\/127570-preuve-close-proces-sonko.html","og_locale":"fr_FR","og_type":"article","og_title":"La preuve est close dans le proc\u00e8s Sonko","og_description":"11 t\u00e9moins ont d\u00e9pos\u00e9 dans le proc\u00e8s d'Ousman Sonko, ex-ministre de l'Int\u00e9rieur de Gambie accus\u00e9 de crimes contre l'humanit\u00e9 devant la justice suisse. La suite en mars prochain.","og_url":"https:\/\/www.justiceinfo.net\/fr\/127570-preuve-close-proces-sonko.html","og_site_name":"JusticeInfo.net","article_publisher":"https:\/\/www.facebook.com\/JusticeInfo\/","article_published_time":"2024-01-25T11:38:58+00:00","article_modified_time":"2024-02-12T16:31:22+00:00","og_image":[{"width":1200,"height":800,"url":"https:\/\/www.justiceinfo.net\/wp-content\/uploads\/Gambia_Banjul-police-barracks_@Gambia-Police-Force.jpg","type":"image\/jpeg"}],"author":"Mariam Sankanu","twitter_card":"summary_large_image","twitter_creator":"@justiceinfonet","twitter_site":"@justiceinfonet","twitter_misc":{"\u00c9crit par":"Mariam Sankanu","Dur\u00e9e de lecture estim\u00e9e":"11 minutes"},"schema":{"@context":"https:\/\/schema.org","@graph":[{"@type":"NewsArticle","@id":"https:\/\/www.justiceinfo.net\/fr\/127570-preuve-close-proces-sonko.html#article","isPartOf":{"@id":"https:\/\/www.justiceinfo.net\/fr\/127570-preuve-close-proces-sonko.html"},"author":{"name":"Mariam Sankanu","@id":"https:\/\/www.justiceinfo.net\/fr#\/schema\/person\/467e0b637aafcd7e90b88d4a61b1d8c9"},"headline":"La preuve est close dans le proc\u00e8s Sonko","datePublished":"2024-01-25T11:38:58+00:00","dateModified":"2024-02-12T16:31:22+00:00","mainEntityOfPage":{"@id":"https:\/\/www.justiceinfo.net\/fr\/127570-preuve-close-proces-sonko.html"},"wordCount":2289,"commentCount":0,"publisher":{"@id":"https:\/\/www.justiceinfo.net\/fr#organization"},"image":{"@id":"https:\/\/www.justiceinfo.net\/fr\/127570-preuve-close-proces-sonko.html#primaryimage"},"thumbnailUrl":"https:\/\/www.justiceinfo.net\/wp-content\/uploads\/Gambia_Banjul-police-barracks_@Gambia-Police-Force.jpg","keywords":["Ousman Sonko","torture"],"articleSection":["Comp\u00e9tence universelle"],"inLanguage":"fr-FR","potentialAction":[{"@type":"CommentAction","name":"Comment","target":["https:\/\/www.justiceinfo.net\/fr\/127570-preuve-close-proces-sonko.html#respond"]}]},{"@type":"WebPage","@id":"https:\/\/www.justiceinfo.net\/fr\/127570-preuve-close-proces-sonko.html","url":"https:\/\/www.justiceinfo.net\/fr\/127570-preuve-close-proces-sonko.html","name":"La preuve est close dans le proc\u00e8s Sonko","isPartOf":{"@id":"https:\/\/www.justiceinfo.net\/fr#website"},"primaryImageOfPage":{"@id":"https:\/\/www.justiceinfo.net\/fr\/127570-preuve-close-proces-sonko.html#primaryimage"},"image":{"@id":"https:\/\/www.justiceinfo.net\/fr\/127570-preuve-close-proces-sonko.html#primaryimage"},"thumbnailUrl":"https:\/\/www.justiceinfo.net\/wp-content\/uploads\/Gambia_Banjul-police-barracks_@Gambia-Police-Force.jpg","datePublished":"2024-01-25T11:38:58+00:00","dateModified":"2024-02-12T16:31:22+00:00","description":"11 t\u00e9moins ont d\u00e9pos\u00e9 dans le proc\u00e8s d'Ousman Sonko, ex-ministre de l'Int\u00e9rieur de Gambie accus\u00e9 de crimes contre l'humanit\u00e9 devant la justice suisse. La suite en mars prochain.","breadcrumb":{"@id":"https:\/\/www.justiceinfo.net\/fr\/127570-preuve-close-proces-sonko.html#breadcrumb"},"inLanguage":"fr-FR","potentialAction":[{"@type":"ReadAction","target":["https:\/\/www.justiceinfo.net\/fr\/127570-preuve-close-proces-sonko.html"]}]},{"@type":"ImageObject","inLanguage":"fr-FR","@id":"https:\/\/www.justiceinfo.net\/fr\/127570-preuve-close-proces-sonko.html#primaryimage","url":"https:\/\/www.justiceinfo.net\/wp-content\/uploads\/Gambia_Banjul-police-barracks_@Gambia-Police-Force.jpg","contentUrl":"https:\/\/www.justiceinfo.net\/wp-content\/uploads\/Gambia_Banjul-police-barracks_@Gambia-Police-Force.jpg","width":1200,"height":800,"caption":"La police gambienne \u00e9tait sous l'autorit\u00e9 de l'ancien inspecteur g\u00e9n\u00e9ral Ousmane Sonko, devenu ministre de l'Int\u00e9rieur, mais celui-ci indique que le pouvoir \u00e9tait chez les militaires et \u00e0 la Pr\u00e9sidence. \u00a9 Gambia Police Force"},{"@type":"BreadcrumbList","@id":"https:\/\/www.justiceinfo.net\/fr\/127570-preuve-close-proces-sonko.html#breadcrumb","itemListElement":[{"@type":"ListItem","position":1,"name":"Home","item":"https:\/\/www.justiceinfo.net\/fr"},{"@type":"ListItem","position":2,"name":"La preuve est close dans le proc\u00e8s Sonko"}]},{"@type":"WebSite","@id":"https:\/\/www.justiceinfo.net\/fr#website","url":"https:\/\/www.justiceinfo.net\/fr","name":"JusticeInfo.net","description":"La justice doit \u00eatre vue pour \u00eatre rendue","publisher":{"@id":"https:\/\/www.justiceinfo.net\/fr#organization"},"potentialAction":[{"@type":"SearchAction","target":{"@type":"EntryPoint","urlTemplate":"https:\/\/www.justiceinfo.net\/fr?s={search_term_string}"},"query-input":{"@type":"PropertyValueSpecification","valueRequired":true,"valueName":"search_term_string"}}],"inLanguage":"fr-FR"},{"@type":"Organization","@id":"https:\/\/www.justiceinfo.net\/fr#organization","name":"Justice Info","url":"https:\/\/www.justiceinfo.net\/fr","logo":{"@type":"ImageObject","inLanguage":"fr-FR","@id":"https:\/\/www.justiceinfo.net\/fr#\/schema\/logo\/image\/","url":"https:\/\/www.justiceinfo.net\/wp-content\/uploads\/justiceinfo_logo-trans_1200x1200px.png","contentUrl":"https:\/\/www.justiceinfo.net\/wp-content\/uploads\/justiceinfo_logo-trans_1200x1200px.png","width":1199,"height":1200,"caption":"Justice Info"},"image":{"@id":"https:\/\/www.justiceinfo.net\/fr#\/schema\/logo\/image\/"},"sameAs":["https:\/\/www.facebook.com\/JusticeInfo\/","https:\/\/x.com\/justiceinfonet","https:\/\/www.linkedin.com\/company\/justice-info","https:\/\/www.youtube.com\/channel\/UCyCEsARodyuWtkWyhn-e7pA"]},{"@type":"Person","name":"Mariam Sankanu","url":"https:\/\/www.justiceinfo.net\/fr\/auteur\/mariamsankanu"}]}},"_links":{"self":[{"href":"https:\/\/www.justiceinfo.net\/fr\/wp-json\/wp\/v2\/posts\/127570","targetHints":{"allow":["GET"]}}],"collection":[{"href":"https:\/\/www.justiceinfo.net\/fr\/wp-json\/wp\/v2\/posts"}],"about":[{"href":"https:\/\/www.justiceinfo.net\/fr\/wp-json\/wp\/v2\/types\/post"}],"author":[{"embeddable":true,"href":"https:\/\/www.justiceinfo.net\/fr\/wp-json\/wp\/v2\/users\/102"}],"replies":[{"embeddable":true,"href":"https:\/\/www.justiceinfo.net\/fr\/wp-json\/wp\/v2\/comments?post=127570"}],"version-history":[{"count":13,"href":"https:\/\/www.justiceinfo.net\/fr\/wp-json\/wp\/v2\/posts\/127570\/revisions"}],"predecessor-version":[{"id":127602,"href":"https:\/\/www.justiceinfo.net\/fr\/wp-json\/wp\/v2\/posts\/127570\/revisions\/127602"}],"wp:featuredmedia":[{"embeddable":true,"href":"https:\/\/www.justiceinfo.net\/fr\/wp-json\/wp\/v2\/media\/127575"}],"wp:attachment":[{"href":"https:\/\/www.justiceinfo.net\/fr\/wp-json\/wp\/v2\/media?parent=127570"}],"wp:term":[{"taxonomy":"category","embeddable":true,"href":"https:\/\/www.justiceinfo.net\/fr\/wp-json\/wp\/v2\/categories?post=127570"},{"taxonomy":"post_tag","embeddable":true,"href":"https:\/\/www.justiceinfo.net\/fr\/wp-json\/wp\/v2\/tags?post=127570"},{"taxonomy":"ji_location","embeddable":true,"href":"https:\/\/www.justiceinfo.net\/fr\/wp-json\/wp\/v2\/ji_location?post=127570"}],"curies":[{"name":"wp","href":"https:\/\/api.w.org\/{rel}","templated":true}]}}