{"id":12766,"date":"2011-02-21T00:00:00","date_gmt":"2011-02-20T23:00:00","guid":{"rendered":"https:\/\/www.justiceinfo.net\/12766-210211-cpikatanga-les-representants-des-victimes-presentent-leurs-premiers-temoins9574.html"},"modified":"2011-02-21T00:00:00","modified_gmt":"2011-02-20T23:00:00","slug":"210211-cpikatanga-les-representants-des-victimes-presentent-leurs-premiers-temoins9574","status":"publish","type":"post","link":"https:\/\/www.justiceinfo.net\/fr\/12766-210211-cpikatanga-les-representants-des-victimes-presentent-leurs-premiers-temoins9574.html","title":{"rendered":"21.02.11 - CPI\/KATANGA - LES REPRESENTANTS DES VICTIMES PRESENTENT LEURS PREMIERS TEMOINS"},"content":{"rendered":"<p>\nLa Haye, 21 f&eacute;vrier 2011 (FH) - Des victimes participant au proc&egrave;s intent&eacute; contre Mathieu Ngudjolo et Germain Katanga devant la Cour p&eacute;nale internationale (CPI) ont commenc&eacute; &agrave; d&eacute;poser lors de la reprise du proc&egrave;s, lundi.\n<\/p>\n<p><!--more--><\/p>\n<p >\nGermain Katanga et Mathieu Ngudjolo sont poursuivis pour crimes contre l'humanit&eacute; et crimes de guerre commis lors de l'attaque du village de Bogoro, dans la r&eacute;gion de l'Ituri, dans l'est de la R&eacute;publique d&eacute;mocratique du Congo (RDC), le 24 f&eacute;vrier 2003.&nbsp; Selon le procureur, l'attaque de Bogoro aurait fait plus de 200 morts. A l'&eacute;poque, Germain Katanga &eacute;tait l'un des commandants de la Force de r&eacute;sistance patriotique en Ituri (FPRI) et Mathieu Ngudjolo &eacute;margeait au Front des nationalistes et int&eacute;grationnistes (FNI), deux milices congolaises.\n<\/p>\n<p >\nLors de la premi&egrave;re &eacute;tape du proc&egrave;s, ouverte le 24 novembre 2009, le procureur avait appel&eacute; 24 t&eacute;moins &agrave; la barre et boucl&eacute; la pr&eacute;sentation de ses preuves. Avant la d&eacute;fense, les avocats des victimes ont obtenu l'autorisation d'appeler &agrave; la barre deux des 365 victimes qu'ils repr&eacute;sentent.\n<\/p>\n<p >\n&laquo; Ind&eacute;pendamment des t&eacute;moins appel&eacute;s par l'accusation ou par la d&eacute;fense &raquo;, a expliqu&eacute; &agrave; Hirondelle Fadi El-Abdallah, l'un des porte-parole de la Cour, les repr&eacute;sentants l&eacute;gaux des victimes peuvent proposer d'entendre &laquo; le t&eacute;moignage de certaines victimes &raquo;.\n<\/p>\n<p >\nA l'ouverture de l'audience, Ma&icirc;tre Fidel Nsita Luvengika, l'un des repr&eacute;sentants des victimes, a d&eacute;clar&eacute; que &laquo; huit ans apr&egrave;s l'attaque de Bogoro (...) les victimes attendent que la v&eacute;rit&eacute; soit faite. &raquo;\n<\/p>\n<p >\nLe t&eacute;moin victime V19P002 a commenc&eacute; par raconter qu'avant 2003, l'atmosph&egrave;re &agrave; Bogoro &eacute;tait sereine, avant de d&eacute;crire les premiers troubles. Mais au cours de l'audience, le pr&eacute;sident de la chambre, le juge Bruno Cotte, a demand&eacute; &agrave; l'avocat d'&eacute;viter que la d&eacute;position soit &laquo; trop r&eacute;p&eacute;titive, par rapport aux t&eacute;moins que nous avons d&eacute;j&agrave; entendus &raquo;.\n<\/p>\n<p >\nL'enqu&ecirc;te sur les crimes commis en R&eacute;publique d&eacute;mocratique du Congo (RDC) a d&eacute;but&eacute; le 23 juin 2004. Katanga a &eacute;t&eacute; arr&ecirc;t&eacute; et transf&eacute;r&eacute; &agrave; La Haye le 17 octobre 2007. Quant &agrave; Mathieu Ngudjolo, il a &eacute;t&eacute; arr&ecirc;t&eacute; le 6 f&eacute;vrier 2008 et transf&eacute;r&eacute; le lendemain aux Pays-Bas. Leur proc&egrave;s s'est ouvert le 24 novembre 2009.\n<\/p>\n<p >\nA ce jour, quatre responsables de milices, accus&eacute; de crimes commis en RDC, sont incarc&eacute;r&eacute;s et un suspect est toujours en fuite. Mais les charges retenues contre eux sont tr&egrave;s faibles au regard de la trag&eacute;die congolaise. Selon la d&eacute;cision de confirmation des charges imput&eacute;es &agrave; Germain Katanga et Mathieu Ngudjolo, &laquo; le conflit arm&eacute; avait &eacute;t&eacute; attis&eacute; par les interventions des gouvernements de l'Ouganda, du Rwanda et de la RDC, qui ont chacun soutenu diff&eacute;rentes milices bas&eacute;es en Ituri &raquo;. Mais aucun haut responsable des guerres de l'est du Congo n'est vis&eacute; par le procureur de la Cour, Luis Moreno Ocampo.\n<\/p>\n<p >\nSM\/ER\/GF\n<\/p>\n<p>\n&copy; Agence Hirondelle<\/p>\n","protected":false},"excerpt":{"rendered":"<p>La Haye, 21 f&eacute;vrier 2011 (FH) - Des victimes participant au proc&egrave;s intent&eacute; contre Mathieu Ngudjolo et Germain Katanga devant la Cour p&eacute;nale internationale (CPI) ont commenc&eacute; &agrave; d&eacute;poser lors de la reprise du proc&egrave;s, lundi.<\/p>\n","protected":false},"author":64,"featured_media":0,"comment_status":"open","ping_status":"closed","sticky":false,"template":"","format":"standard","meta":{"_acf_changed":false,"footnotes":""},"categories":[554],"tags":[],"ji_location":[],"class_list":["post-12766","post","type-post","status-publish","format-standard","hentry","category-hirondellenews"],"acf":[],"yoast_head":"<!-- This site is optimized with the Yoast SEO Premium plugin v25.3.1 (Yoast SEO v25.3.1) - https:\/\/yoast.com\/wordpress\/plugins\/seo\/ -->\n<title>21.02.11 - CPI\/KATANGA - LES REPRESENTANTS DES VICTIMES PRESENTENT LEURS PREMIERS TEMOINS - JusticeInfo.net<\/title>\n<meta name=\"robots\" content=\"index, follow, max-snippet:-1, max-image-preview:large, max-video-preview:-1\" \/>\n<link rel=\"canonical\" href=\"https:\/\/www.justiceinfo.net\/fr\/12766-210211-cpikatanga-les-representants-des-victimes-presentent-leurs-premiers-temoins9574.html\" \/>\n<meta property=\"og:locale\" content=\"fr_FR\" \/>\n<meta property=\"og:type\" content=\"article\" \/>\n<meta property=\"og:title\" content=\"21.02.11 - CPI\/KATANGA - LES REPRESENTANTS DES VICTIMES PRESENTENT LEURS PREMIERS TEMOINS\" \/>\n<meta property=\"og:description\" content=\"La Haye, 21 f&eacute;vrier 2011 (FH) - Des victimes participant au proc&egrave;s intent&eacute; contre Mathieu Ngudjolo et Germain Katanga devant la Cour p&eacute;nale internationale (CPI) ont commenc&eacute; &agrave; d&eacute;poser lors de la reprise du proc&egrave;s, lundi.\" \/>\n<meta property=\"og:url\" content=\"https:\/\/www.justiceinfo.net\/fr\/12766-210211-cpikatanga-les-representants-des-victimes-presentent-leurs-premiers-temoins9574.html\" \/>\n<meta property=\"og:site_name\" content=\"JusticeInfo.net\" \/>\n<meta property=\"article:publisher\" content=\"https:\/\/www.facebook.com\/JusticeInfo\/\" \/>\n<meta property=\"article:published_time\" content=\"2011-02-20T23:00:00+00:00\" \/>\n<meta property=\"og:image\" content=\"https:\/\/www.justiceinfo.net\/wp-content\/uploads\/JusticeInfoNet_logo_1200x630px.jpg\" \/>\n\t<meta property=\"og:image:width\" content=\"1200\" \/>\n\t<meta property=\"og:image:height\" content=\"630\" \/>\n\t<meta property=\"og:image:type\" content=\"image\/jpeg\" \/>\n<meta name=\"author\" content=\"solivri\" \/>\n<meta name=\"twitter:card\" content=\"summary_large_image\" \/>\n<meta name=\"twitter:creator\" content=\"@justiceinfonet\" \/>\n<meta name=\"twitter:site\" content=\"@justiceinfonet\" \/>\n<meta name=\"twitter:label1\" content=\"\u00c9crit par\" \/>\n\t<meta name=\"twitter:data1\" content=\"solivri\" \/>\n\t<meta name=\"twitter:label2\" content=\"Dur\u00e9e de lecture estim\u00e9e\" \/>\n\t<meta name=\"twitter:data2\" content=\"3 minutes\" \/>\n<script type=\"application\/ld+json\" class=\"yoast-schema-graph\">{\"@context\":\"https:\/\/schema.org\",\"@graph\":[{\"@type\":\"NewsArticle\",\"@id\":\"https:\/\/www.justiceinfo.net\/fr\/12766-210211-cpikatanga-les-representants-des-victimes-presentent-leurs-premiers-temoins9574.html#article\",\"isPartOf\":{\"@id\":\"https:\/\/www.justiceinfo.net\/fr\/12766-210211-cpikatanga-les-representants-des-victimes-presentent-leurs-premiers-temoins9574.html\"},\"author\":{\"name\":\"solivri\",\"@id\":\"https:\/\/www.justiceinfo.net\/fr#\/schema\/person\/6e53cba1629e2e66f3fc1821d3091865\"},\"headline\":\"21.02.11 - CPI\/KATANGA - LES REPRESENTANTS DES VICTIMES PRESENTENT LEURS PREMIERS TEMOINS\",\"datePublished\":\"2011-02-20T23:00:00+00:00\",\"mainEntityOfPage\":{\"@id\":\"https:\/\/www.justiceinfo.net\/fr\/12766-210211-cpikatanga-les-representants-des-victimes-presentent-leurs-premiers-temoins9574.html\"},\"wordCount\":627,\"commentCount\":0,\"publisher\":{\"@id\":\"https:\/\/www.justiceinfo.net\/fr#organization\"},\"articleSection\":[\"Hirondelle News\"],\"inLanguage\":\"fr-FR\",\"potentialAction\":[{\"@type\":\"CommentAction\",\"name\":\"Comment\",\"target\":[\"https:\/\/www.justiceinfo.net\/fr\/12766-210211-cpikatanga-les-representants-des-victimes-presentent-leurs-premiers-temoins9574.html#respond\"]}]},{\"@type\":\"WebPage\",\"@id\":\"https:\/\/www.justiceinfo.net\/fr\/12766-210211-cpikatanga-les-representants-des-victimes-presentent-leurs-premiers-temoins9574.html\",\"url\":\"https:\/\/www.justiceinfo.net\/fr\/12766-210211-cpikatanga-les-representants-des-victimes-presentent-leurs-premiers-temoins9574.html\",\"name\":\"21.02.11 - CPI\/KATANGA - LES REPRESENTANTS DES VICTIMES PRESENTENT LEURS PREMIERS TEMOINS - JusticeInfo.net\",\"isPartOf\":{\"@id\":\"https:\/\/www.justiceinfo.net\/fr#website\"},\"datePublished\":\"2011-02-20T23:00:00+00:00\",\"breadcrumb\":{\"@id\":\"https:\/\/www.justiceinfo.net\/fr\/12766-210211-cpikatanga-les-representants-des-victimes-presentent-leurs-premiers-temoins9574.html#breadcrumb\"},\"inLanguage\":\"fr-FR\",\"potentialAction\":[{\"@type\":\"ReadAction\",\"target\":[\"https:\/\/www.justiceinfo.net\/fr\/12766-210211-cpikatanga-les-representants-des-victimes-presentent-leurs-premiers-temoins9574.html\"]}]},{\"@type\":\"BreadcrumbList\",\"@id\":\"https:\/\/www.justiceinfo.net\/fr\/12766-210211-cpikatanga-les-representants-des-victimes-presentent-leurs-premiers-temoins9574.html#breadcrumb\",\"itemListElement\":[{\"@type\":\"ListItem\",\"position\":1,\"name\":\"Home\",\"item\":\"https:\/\/www.justiceinfo.net\/fr\"},{\"@type\":\"ListItem\",\"position\":2,\"name\":\"21.02.11 - CPI\/KATANGA - LES REPRESENTANTS DES VICTIMES PRESENTENT LEURS PREMIERS TEMOINS\"}]},{\"@type\":\"WebSite\",\"@id\":\"https:\/\/www.justiceinfo.net\/fr#website\",\"url\":\"https:\/\/www.justiceinfo.net\/fr\",\"name\":\"JusticeInfo.net\",\"description\":\"La justice doit \u00eatre vue pour \u00eatre rendue\",\"publisher\":{\"@id\":\"https:\/\/www.justiceinfo.net\/fr#organization\"},\"potentialAction\":[{\"@type\":\"SearchAction\",\"target\":{\"@type\":\"EntryPoint\",\"urlTemplate\":\"https:\/\/www.justiceinfo.net\/fr?s={search_term_string}\"},\"query-input\":{\"@type\":\"PropertyValueSpecification\",\"valueRequired\":true,\"valueName\":\"search_term_string\"}}],\"inLanguage\":\"fr-FR\"},{\"@type\":\"Organization\",\"@id\":\"https:\/\/www.justiceinfo.net\/fr#organization\",\"name\":\"Justice Info\",\"url\":\"https:\/\/www.justiceinfo.net\/fr\",\"logo\":{\"@type\":\"ImageObject\",\"inLanguage\":\"fr-FR\",\"@id\":\"https:\/\/www.justiceinfo.net\/fr#\/schema\/logo\/image\/\",\"url\":\"https:\/\/www.justiceinfo.net\/wp-content\/uploads\/justiceinfo_logo-trans_1200x1200px.png\",\"contentUrl\":\"https:\/\/www.justiceinfo.net\/wp-content\/uploads\/justiceinfo_logo-trans_1200x1200px.png\",\"width\":1199,\"height\":1200,\"caption\":\"Justice Info\"},\"image\":{\"@id\":\"https:\/\/www.justiceinfo.net\/fr#\/schema\/logo\/image\/\"},\"sameAs\":[\"https:\/\/www.facebook.com\/JusticeInfo\/\",\"https:\/\/x.com\/justiceinfonet\",\"https:\/\/www.linkedin.com\/company\/justice-info\",\"https:\/\/www.youtube.com\/channel\/UCyCEsARodyuWtkWyhn-e7pA\"]},{\"@type\":\"Person\",\"name\":\"solivri\",\"url\":\"\/fr\/?s=solivri\"}]}<\/script>\n<!-- \/ Yoast SEO Premium plugin. -->","yoast_head_json":{"title":"21.02.11 - CPI\/KATANGA - LES REPRESENTANTS DES VICTIMES PRESENTENT LEURS PREMIERS TEMOINS - JusticeInfo.net","robots":{"index":"index","follow":"follow","max-snippet":"max-snippet:-1","max-image-preview":"max-image-preview:large","max-video-preview":"max-video-preview:-1"},"canonical":"https:\/\/www.justiceinfo.net\/fr\/12766-210211-cpikatanga-les-representants-des-victimes-presentent-leurs-premiers-temoins9574.html","og_locale":"fr_FR","og_type":"article","og_title":"21.02.11 - CPI\/KATANGA - LES REPRESENTANTS DES VICTIMES PRESENTENT LEURS PREMIERS TEMOINS","og_description":"La Haye, 21 f&eacute;vrier 2011 (FH) - Des victimes participant au proc&egrave;s intent&eacute; contre Mathieu Ngudjolo et Germain Katanga devant la Cour p&eacute;nale internationale (CPI) ont commenc&eacute; &agrave; d&eacute;poser lors de la reprise du proc&egrave;s, lundi.","og_url":"https:\/\/www.justiceinfo.net\/fr\/12766-210211-cpikatanga-les-representants-des-victimes-presentent-leurs-premiers-temoins9574.html","og_site_name":"JusticeInfo.net","article_publisher":"https:\/\/www.facebook.com\/JusticeInfo\/","article_published_time":"2011-02-20T23:00:00+00:00","og_image":[{"width":1200,"height":630,"url":"https:\/\/www.justiceinfo.net\/wp-content\/uploads\/JusticeInfoNet_logo_1200x630px.jpg","type":"image\/jpeg"}],"author":"solivri","twitter_card":"summary_large_image","twitter_creator":"@justiceinfonet","twitter_site":"@justiceinfonet","twitter_misc":{"\u00c9crit par":"solivri","Dur\u00e9e de lecture estim\u00e9e":"3 minutes"},"schema":{"@context":"https:\/\/schema.org","@graph":[{"@type":"NewsArticle","@id":"https:\/\/www.justiceinfo.net\/fr\/12766-210211-cpikatanga-les-representants-des-victimes-presentent-leurs-premiers-temoins9574.html#article","isPartOf":{"@id":"https:\/\/www.justiceinfo.net\/fr\/12766-210211-cpikatanga-les-representants-des-victimes-presentent-leurs-premiers-temoins9574.html"},"author":{"name":"solivri","@id":"https:\/\/www.justiceinfo.net\/fr#\/schema\/person\/6e53cba1629e2e66f3fc1821d3091865"},"headline":"21.02.11 - CPI\/KATANGA - LES REPRESENTANTS DES VICTIMES PRESENTENT LEURS PREMIERS TEMOINS","datePublished":"2011-02-20T23:00:00+00:00","mainEntityOfPage":{"@id":"https:\/\/www.justiceinfo.net\/fr\/12766-210211-cpikatanga-les-representants-des-victimes-presentent-leurs-premiers-temoins9574.html"},"wordCount":627,"commentCount":0,"publisher":{"@id":"https:\/\/www.justiceinfo.net\/fr#organization"},"articleSection":["Hirondelle News"],"inLanguage":"fr-FR","potentialAction":[{"@type":"CommentAction","name":"Comment","target":["https:\/\/www.justiceinfo.net\/fr\/12766-210211-cpikatanga-les-representants-des-victimes-presentent-leurs-premiers-temoins9574.html#respond"]}]},{"@type":"WebPage","@id":"https:\/\/www.justiceinfo.net\/fr\/12766-210211-cpikatanga-les-representants-des-victimes-presentent-leurs-premiers-temoins9574.html","url":"https:\/\/www.justiceinfo.net\/fr\/12766-210211-cpikatanga-les-representants-des-victimes-presentent-leurs-premiers-temoins9574.html","name":"21.02.11 - CPI\/KATANGA - LES REPRESENTANTS DES VICTIMES PRESENTENT LEURS PREMIERS TEMOINS - JusticeInfo.net","isPartOf":{"@id":"https:\/\/www.justiceinfo.net\/fr#website"},"datePublished":"2011-02-20T23:00:00+00:00","breadcrumb":{"@id":"https:\/\/www.justiceinfo.net\/fr\/12766-210211-cpikatanga-les-representants-des-victimes-presentent-leurs-premiers-temoins9574.html#breadcrumb"},"inLanguage":"fr-FR","potentialAction":[{"@type":"ReadAction","target":["https:\/\/www.justiceinfo.net\/fr\/12766-210211-cpikatanga-les-representants-des-victimes-presentent-leurs-premiers-temoins9574.html"]}]},{"@type":"BreadcrumbList","@id":"https:\/\/www.justiceinfo.net\/fr\/12766-210211-cpikatanga-les-representants-des-victimes-presentent-leurs-premiers-temoins9574.html#breadcrumb","itemListElement":[{"@type":"ListItem","position":1,"name":"Home","item":"https:\/\/www.justiceinfo.net\/fr"},{"@type":"ListItem","position":2,"name":"21.02.11 - CPI\/KATANGA - LES REPRESENTANTS DES VICTIMES PRESENTENT LEURS PREMIERS TEMOINS"}]},{"@type":"WebSite","@id":"https:\/\/www.justiceinfo.net\/fr#website","url":"https:\/\/www.justiceinfo.net\/fr","name":"JusticeInfo.net","description":"La justice doit \u00eatre vue pour \u00eatre rendue","publisher":{"@id":"https:\/\/www.justiceinfo.net\/fr#organization"},"potentialAction":[{"@type":"SearchAction","target":{"@type":"EntryPoint","urlTemplate":"https:\/\/www.justiceinfo.net\/fr?s={search_term_string}"},"query-input":{"@type":"PropertyValueSpecification","valueRequired":true,"valueName":"search_term_string"}}],"inLanguage":"fr-FR"},{"@type":"Organization","@id":"https:\/\/www.justiceinfo.net\/fr#organization","name":"Justice Info","url":"https:\/\/www.justiceinfo.net\/fr","logo":{"@type":"ImageObject","inLanguage":"fr-FR","@id":"https:\/\/www.justiceinfo.net\/fr#\/schema\/logo\/image\/","url":"https:\/\/www.justiceinfo.net\/wp-content\/uploads\/justiceinfo_logo-trans_1200x1200px.png","contentUrl":"https:\/\/www.justiceinfo.net\/wp-content\/uploads\/justiceinfo_logo-trans_1200x1200px.png","width":1199,"height":1200,"caption":"Justice Info"},"image":{"@id":"https:\/\/www.justiceinfo.net\/fr#\/schema\/logo\/image\/"},"sameAs":["https:\/\/www.facebook.com\/JusticeInfo\/","https:\/\/x.com\/justiceinfonet","https:\/\/www.linkedin.com\/company\/justice-info","https:\/\/www.youtube.com\/channel\/UCyCEsARodyuWtkWyhn-e7pA"]},{"@type":"Person","name":"solivri","url":"\/fr\/?s=solivri"}]}},"_links":{"self":[{"href":"https:\/\/www.justiceinfo.net\/fr\/wp-json\/wp\/v2\/posts\/12766","targetHints":{"allow":["GET"]}}],"collection":[{"href":"https:\/\/www.justiceinfo.net\/fr\/wp-json\/wp\/v2\/posts"}],"about":[{"href":"https:\/\/www.justiceinfo.net\/fr\/wp-json\/wp\/v2\/types\/post"}],"author":[{"embeddable":true,"href":"https:\/\/www.justiceinfo.net\/fr\/wp-json\/wp\/v2\/users\/64"}],"replies":[{"embeddable":true,"href":"https:\/\/www.justiceinfo.net\/fr\/wp-json\/wp\/v2\/comments?post=12766"}],"version-history":[{"count":0,"href":"https:\/\/www.justiceinfo.net\/fr\/wp-json\/wp\/v2\/posts\/12766\/revisions"}],"wp:attachment":[{"href":"https:\/\/www.justiceinfo.net\/fr\/wp-json\/wp\/v2\/media?parent=12766"}],"wp:term":[{"taxonomy":"category","embeddable":true,"href":"https:\/\/www.justiceinfo.net\/fr\/wp-json\/wp\/v2\/categories?post=12766"},{"taxonomy":"post_tag","embeddable":true,"href":"https:\/\/www.justiceinfo.net\/fr\/wp-json\/wp\/v2\/tags?post=12766"},{"taxonomy":"ji_location","embeddable":true,"href":"https:\/\/www.justiceinfo.net\/fr\/wp-json\/wp\/v2\/ji_location?post=12766"}],"curies":[{"name":"wp","href":"https:\/\/api.w.org\/{rel}","templated":true}]}}