{"id":12777,"date":"2011-02-24T00:00:00","date_gmt":"2011-02-23T23:00:00","guid":{"rendered":"https:\/\/www.justiceinfo.net\/12777-240211-rwandagenocide-la-liste-des-journalistes-victimes-du-genocide-en-cours-de-revision9585.html"},"modified":"2011-02-24T00:00:00","modified_gmt":"2011-02-23T23:00:00","slug":"240211-rwandagenocide-la-liste-des-journalistes-victimes-du-genocide-en-cours-de-revision9585","status":"publish","type":"post","link":"https:\/\/www.justiceinfo.net\/fr\/12777-240211-rwandagenocide-la-liste-des-journalistes-victimes-du-genocide-en-cours-de-revision9585.html","title":{"rendered":"24.02.11 - RWANDA\/GENOCIDE - LA LISTE DES JOURNALISTES VICTIMES DU GENOCIDE EN COURS DE REVISION"},"content":{"rendered":"<p>Kigali, 24 f&eacute;vrier&nbsp; 2011 (FH) - Le Haut conseil des m&eacute;dias (HCM), l'organe &eacute;tatique de r&eacute;gulation de la presse au Rwanda, a annonc&eacute; mercredi qu'il travaillait &agrave; une &quot;vraie liste&quot; des journalistes victimes du g&eacute;nocide perp&eacute;tr&eacute; contre les Tutsis, d'octobre 1990 &agrave; d&eacute;cembre 1994.<br \/>\n<!--more--><\/p>\n<p>\nAlors que la communaut&eacute; internationale consid&egrave;re que le g&eacute;nocide a d&eacute;but&eacute; en avril 1994, le Rwanda affirme que la chasse aux Tutsis a commenc&eacute; le 1er&nbsp;octobre 1990, date de d&eacute;clenchement de la r&eacute;bellion du Front patriotique rwandais (FPR) actuellement au pouvoir.\n<\/p>\n<p >\n&laquo; Nous voulons d&eacute;sormais honorer les vraies victimes du g&eacute;nocide, d&egrave;s la 17&egrave;me&nbsp;comm&eacute;moration, tous des confr&egrave;res de la presse publique et priv&eacute;e &raquo;, a expliqu&eacute; Patrice Mulama, secr&eacute;taire ex&eacute;cutif du HCM.\n<\/p>\n<p >\nLe Rwanda comm&eacute;more le 7 avril de chaque ann&eacute;e le g&eacute;nocide des Tutsis de 1994 qui a fait, selon l'ONU, pr&egrave;s de 800.000 tu&eacute;s.\n<\/p>\n<p >\nM. Mulama a indiqu&eacute; disposer de sources selon lesquelles l'actuelle liste de journalistes victimes du g&eacute;nocide incluerait certains confr&egrave;res qui ne le m&eacute;ritent pas. Pour corriger la liste, le HCM s'appuie sur une &eacute;quipe de journalistes d'avant le g&eacute;nocide et de chercheurs.\n<\/p>\n<p >\nCela permettra, selon lui, de conna&icirc;tre les vraies victimes, leurs organes de presse, la date de leur mort, le sort des membres de leur famille, etc.\n<\/p>\n<p >\nIl s'agit, &eacute;galement, d'&eacute;tablir la liste des journalistes coupables ou suspects de g&eacute;nocide, ceux qui ont tu&eacute; ou fait tuer des confr&egrave;res. &laquo; Cette liste sera &eacute;galement rendue publique au cours de la 17&egrave;me&nbsp;comm&eacute;moration &raquo;, a promis Patrice Mulama.\n<\/p>\n<p >\nLe Haut conseil des m&eacute;dias entend &laquo; honorer la m&eacute;moire des disparus en assistant les membres de leurs familles n&eacute;cessiteux &raquo;, m&ecirc;me en dehors des p&eacute;riodes de comm&eacute;moration officielle, a assur&eacute; Mulama.\n<\/p>\n<p >\nAu terme de cette &eacute;tude, le HCM esp&egrave;re avoir une nouvelle liste plus &eacute;tendue de &laquo; m&eacute;dias de la haine &raquo;. Certains, en effet, n'ont &eacute;chapp&eacute; &agrave; cette classification que gr&acirc;ce &agrave; l'irr&eacute;gularit&eacute; de leurs publications &laquo; incendiaires &raquo;, a-t-il ajout&eacute;.\n<\/p>\n<p >\nSRE\/ER\/GF\n<\/p>\n<p>\n&nbsp;&copy; Agence Hirondelle<\/p>\n","protected":false},"excerpt":{"rendered":"<p>Kigali, 24 f&eacute;vrier&nbsp; 2011 (FH) - Le Haut conseil des m&eacute;dias (HCM), l'organe &eacute;tatique de r&eacute;gulation de la presse au Rwanda, a annonc&eacute; mercredi qu'il travaillait &agrave; une &quot;vraie liste&quot; des journalistes victimes du g&eacute;nocide perp&eacute;tr&eacute; contre les Tutsis, d'octobre 1990 &agrave; d&eacute;cembre 1994.<\/p>\n","protected":false},"author":64,"featured_media":0,"comment_status":"open","ping_status":"closed","sticky":false,"template":"","format":"standard","meta":{"_acf_changed":false,"footnotes":""},"categories":[554],"tags":[],"ji_location":[],"class_list":["post-12777","post","type-post","status-publish","format-standard","hentry","category-hirondellenews"],"acf":[],"yoast_head":"<!-- This site is optimized with the Yoast SEO Premium plugin v25.3.1 (Yoast SEO v25.3.1) - https:\/\/yoast.com\/wordpress\/plugins\/seo\/ -->\n<title>24.02.11 - RWANDA\/GENOCIDE - LA LISTE DES JOURNALISTES VICTIMES DU GENOCIDE EN COURS DE REVISION - JusticeInfo.net<\/title>\n<meta name=\"robots\" content=\"index, follow, max-snippet:-1, max-image-preview:large, max-video-preview:-1\" \/>\n<link rel=\"canonical\" href=\"https:\/\/www.justiceinfo.net\/fr\/12777-240211-rwandagenocide-la-liste-des-journalistes-victimes-du-genocide-en-cours-de-revision9585.html\" \/>\n<meta property=\"og:locale\" content=\"fr_FR\" \/>\n<meta property=\"og:type\" content=\"article\" \/>\n<meta property=\"og:title\" content=\"24.02.11 - RWANDA\/GENOCIDE - LA LISTE DES JOURNALISTES VICTIMES DU GENOCIDE EN COURS DE REVISION\" \/>\n<meta property=\"og:description\" content=\"Kigali, 24 f&eacute;vrier&nbsp; 2011 (FH) - Le Haut conseil des m&eacute;dias (HCM), l&#039;organe &eacute;tatique de r&eacute;gulation de la presse au Rwanda, a annonc&eacute; mercredi qu&#039;il travaillait &agrave; une &quot;vraie liste&quot; des journalistes victimes du g&eacute;nocide perp&eacute;tr&eacute; contre les Tutsis, d&#039;octobre 1990 &agrave; d&eacute;cembre 1994.\" \/>\n<meta property=\"og:url\" content=\"https:\/\/www.justiceinfo.net\/fr\/12777-240211-rwandagenocide-la-liste-des-journalistes-victimes-du-genocide-en-cours-de-revision9585.html\" \/>\n<meta property=\"og:site_name\" content=\"JusticeInfo.net\" \/>\n<meta property=\"article:publisher\" content=\"https:\/\/www.facebook.com\/JusticeInfo\/\" \/>\n<meta property=\"article:published_time\" content=\"2011-02-23T23:00:00+00:00\" \/>\n<meta property=\"og:image\" content=\"https:\/\/www.justiceinfo.net\/wp-content\/uploads\/JusticeInfoNet_logo_1200x630px.jpg\" \/>\n\t<meta property=\"og:image:width\" content=\"1200\" \/>\n\t<meta property=\"og:image:height\" content=\"630\" \/>\n\t<meta property=\"og:image:type\" content=\"image\/jpeg\" \/>\n<meta name=\"author\" content=\"solivri\" \/>\n<meta name=\"twitter:card\" content=\"summary_large_image\" \/>\n<meta name=\"twitter:creator\" content=\"@justiceinfonet\" \/>\n<meta name=\"twitter:site\" content=\"@justiceinfonet\" \/>\n<meta name=\"twitter:label1\" content=\"\u00c9crit par\" \/>\n\t<meta name=\"twitter:data1\" content=\"solivri\" \/>\n\t<meta name=\"twitter:label2\" content=\"Dur\u00e9e de lecture estim\u00e9e\" \/>\n\t<meta name=\"twitter:data2\" content=\"2 minutes\" \/>\n<script type=\"application\/ld+json\" class=\"yoast-schema-graph\">{\"@context\":\"https:\/\/schema.org\",\"@graph\":[{\"@type\":\"NewsArticle\",\"@id\":\"https:\/\/www.justiceinfo.net\/fr\/12777-240211-rwandagenocide-la-liste-des-journalistes-victimes-du-genocide-en-cours-de-revision9585.html#article\",\"isPartOf\":{\"@id\":\"https:\/\/www.justiceinfo.net\/fr\/12777-240211-rwandagenocide-la-liste-des-journalistes-victimes-du-genocide-en-cours-de-revision9585.html\"},\"author\":{\"name\":\"solivri\",\"@id\":\"https:\/\/www.justiceinfo.net\/fr#\/schema\/person\/6e53cba1629e2e66f3fc1821d3091865\"},\"headline\":\"24.02.11 - RWANDA\/GENOCIDE - LA LISTE DES JOURNALISTES VICTIMES DU GENOCIDE EN COURS DE REVISION\",\"datePublished\":\"2011-02-23T23:00:00+00:00\",\"mainEntityOfPage\":{\"@id\":\"https:\/\/www.justiceinfo.net\/fr\/12777-240211-rwandagenocide-la-liste-des-journalistes-victimes-du-genocide-en-cours-de-revision9585.html\"},\"wordCount\":459,\"commentCount\":0,\"publisher\":{\"@id\":\"https:\/\/www.justiceinfo.net\/fr#organization\"},\"articleSection\":[\"Hirondelle News\"],\"inLanguage\":\"fr-FR\",\"potentialAction\":[{\"@type\":\"CommentAction\",\"name\":\"Comment\",\"target\":[\"https:\/\/www.justiceinfo.net\/fr\/12777-240211-rwandagenocide-la-liste-des-journalistes-victimes-du-genocide-en-cours-de-revision9585.html#respond\"]}]},{\"@type\":\"WebPage\",\"@id\":\"https:\/\/www.justiceinfo.net\/fr\/12777-240211-rwandagenocide-la-liste-des-journalistes-victimes-du-genocide-en-cours-de-revision9585.html\",\"url\":\"https:\/\/www.justiceinfo.net\/fr\/12777-240211-rwandagenocide-la-liste-des-journalistes-victimes-du-genocide-en-cours-de-revision9585.html\",\"name\":\"24.02.11 - RWANDA\/GENOCIDE - LA LISTE DES JOURNALISTES VICTIMES DU GENOCIDE EN COURS DE REVISION - JusticeInfo.net\",\"isPartOf\":{\"@id\":\"https:\/\/www.justiceinfo.net\/fr#website\"},\"datePublished\":\"2011-02-23T23:00:00+00:00\",\"breadcrumb\":{\"@id\":\"https:\/\/www.justiceinfo.net\/fr\/12777-240211-rwandagenocide-la-liste-des-journalistes-victimes-du-genocide-en-cours-de-revision9585.html#breadcrumb\"},\"inLanguage\":\"fr-FR\",\"potentialAction\":[{\"@type\":\"ReadAction\",\"target\":[\"https:\/\/www.justiceinfo.net\/fr\/12777-240211-rwandagenocide-la-liste-des-journalistes-victimes-du-genocide-en-cours-de-revision9585.html\"]}]},{\"@type\":\"BreadcrumbList\",\"@id\":\"https:\/\/www.justiceinfo.net\/fr\/12777-240211-rwandagenocide-la-liste-des-journalistes-victimes-du-genocide-en-cours-de-revision9585.html#breadcrumb\",\"itemListElement\":[{\"@type\":\"ListItem\",\"position\":1,\"name\":\"Home\",\"item\":\"https:\/\/www.justiceinfo.net\/fr\"},{\"@type\":\"ListItem\",\"position\":2,\"name\":\"24.02.11 - RWANDA\/GENOCIDE - LA LISTE DES JOURNALISTES VICTIMES DU GENOCIDE EN COURS DE REVISION\"}]},{\"@type\":\"WebSite\",\"@id\":\"https:\/\/www.justiceinfo.net\/fr#website\",\"url\":\"https:\/\/www.justiceinfo.net\/fr\",\"name\":\"JusticeInfo.net\",\"description\":\"La justice doit \u00eatre vue pour \u00eatre rendue\",\"publisher\":{\"@id\":\"https:\/\/www.justiceinfo.net\/fr#organization\"},\"potentialAction\":[{\"@type\":\"SearchAction\",\"target\":{\"@type\":\"EntryPoint\",\"urlTemplate\":\"https:\/\/www.justiceinfo.net\/fr?s={search_term_string}\"},\"query-input\":{\"@type\":\"PropertyValueSpecification\",\"valueRequired\":true,\"valueName\":\"search_term_string\"}}],\"inLanguage\":\"fr-FR\"},{\"@type\":\"Organization\",\"@id\":\"https:\/\/www.justiceinfo.net\/fr#organization\",\"name\":\"Justice Info\",\"url\":\"https:\/\/www.justiceinfo.net\/fr\",\"logo\":{\"@type\":\"ImageObject\",\"inLanguage\":\"fr-FR\",\"@id\":\"https:\/\/www.justiceinfo.net\/fr#\/schema\/logo\/image\/\",\"url\":\"https:\/\/www.justiceinfo.net\/wp-content\/uploads\/justiceinfo_logo-trans_1200x1200px.png\",\"contentUrl\":\"https:\/\/www.justiceinfo.net\/wp-content\/uploads\/justiceinfo_logo-trans_1200x1200px.png\",\"width\":1199,\"height\":1200,\"caption\":\"Justice Info\"},\"image\":{\"@id\":\"https:\/\/www.justiceinfo.net\/fr#\/schema\/logo\/image\/\"},\"sameAs\":[\"https:\/\/www.facebook.com\/JusticeInfo\/\",\"https:\/\/x.com\/justiceinfonet\",\"https:\/\/www.linkedin.com\/company\/justice-info\",\"https:\/\/www.youtube.com\/channel\/UCyCEsARodyuWtkWyhn-e7pA\"]},{\"@type\":\"Person\",\"name\":\"solivri\",\"url\":\"\/fr\/?s=solivri\"}]}<\/script>\n<!-- \/ Yoast SEO Premium plugin. -->","yoast_head_json":{"title":"24.02.11 - RWANDA\/GENOCIDE - LA LISTE DES JOURNALISTES VICTIMES DU GENOCIDE EN COURS DE REVISION - JusticeInfo.net","robots":{"index":"index","follow":"follow","max-snippet":"max-snippet:-1","max-image-preview":"max-image-preview:large","max-video-preview":"max-video-preview:-1"},"canonical":"https:\/\/www.justiceinfo.net\/fr\/12777-240211-rwandagenocide-la-liste-des-journalistes-victimes-du-genocide-en-cours-de-revision9585.html","og_locale":"fr_FR","og_type":"article","og_title":"24.02.11 - RWANDA\/GENOCIDE - LA LISTE DES JOURNALISTES VICTIMES DU GENOCIDE EN COURS DE REVISION","og_description":"Kigali, 24 f&eacute;vrier&nbsp; 2011 (FH) - Le Haut conseil des m&eacute;dias (HCM), l'organe &eacute;tatique de r&eacute;gulation de la presse au Rwanda, a annonc&eacute; mercredi qu'il travaillait &agrave; une &quot;vraie liste&quot; des journalistes victimes du g&eacute;nocide perp&eacute;tr&eacute; contre les Tutsis, d'octobre 1990 &agrave; d&eacute;cembre 1994.","og_url":"https:\/\/www.justiceinfo.net\/fr\/12777-240211-rwandagenocide-la-liste-des-journalistes-victimes-du-genocide-en-cours-de-revision9585.html","og_site_name":"JusticeInfo.net","article_publisher":"https:\/\/www.facebook.com\/JusticeInfo\/","article_published_time":"2011-02-23T23:00:00+00:00","og_image":[{"width":1200,"height":630,"url":"https:\/\/www.justiceinfo.net\/wp-content\/uploads\/JusticeInfoNet_logo_1200x630px.jpg","type":"image\/jpeg"}],"author":"solivri","twitter_card":"summary_large_image","twitter_creator":"@justiceinfonet","twitter_site":"@justiceinfonet","twitter_misc":{"\u00c9crit par":"solivri","Dur\u00e9e de lecture estim\u00e9e":"2 minutes"},"schema":{"@context":"https:\/\/schema.org","@graph":[{"@type":"NewsArticle","@id":"https:\/\/www.justiceinfo.net\/fr\/12777-240211-rwandagenocide-la-liste-des-journalistes-victimes-du-genocide-en-cours-de-revision9585.html#article","isPartOf":{"@id":"https:\/\/www.justiceinfo.net\/fr\/12777-240211-rwandagenocide-la-liste-des-journalistes-victimes-du-genocide-en-cours-de-revision9585.html"},"author":{"name":"solivri","@id":"https:\/\/www.justiceinfo.net\/fr#\/schema\/person\/6e53cba1629e2e66f3fc1821d3091865"},"headline":"24.02.11 - RWANDA\/GENOCIDE - LA LISTE DES JOURNALISTES VICTIMES DU GENOCIDE EN COURS DE REVISION","datePublished":"2011-02-23T23:00:00+00:00","mainEntityOfPage":{"@id":"https:\/\/www.justiceinfo.net\/fr\/12777-240211-rwandagenocide-la-liste-des-journalistes-victimes-du-genocide-en-cours-de-revision9585.html"},"wordCount":459,"commentCount":0,"publisher":{"@id":"https:\/\/www.justiceinfo.net\/fr#organization"},"articleSection":["Hirondelle News"],"inLanguage":"fr-FR","potentialAction":[{"@type":"CommentAction","name":"Comment","target":["https:\/\/www.justiceinfo.net\/fr\/12777-240211-rwandagenocide-la-liste-des-journalistes-victimes-du-genocide-en-cours-de-revision9585.html#respond"]}]},{"@type":"WebPage","@id":"https:\/\/www.justiceinfo.net\/fr\/12777-240211-rwandagenocide-la-liste-des-journalistes-victimes-du-genocide-en-cours-de-revision9585.html","url":"https:\/\/www.justiceinfo.net\/fr\/12777-240211-rwandagenocide-la-liste-des-journalistes-victimes-du-genocide-en-cours-de-revision9585.html","name":"24.02.11 - RWANDA\/GENOCIDE - LA LISTE DES JOURNALISTES VICTIMES DU GENOCIDE EN COURS DE REVISION - JusticeInfo.net","isPartOf":{"@id":"https:\/\/www.justiceinfo.net\/fr#website"},"datePublished":"2011-02-23T23:00:00+00:00","breadcrumb":{"@id":"https:\/\/www.justiceinfo.net\/fr\/12777-240211-rwandagenocide-la-liste-des-journalistes-victimes-du-genocide-en-cours-de-revision9585.html#breadcrumb"},"inLanguage":"fr-FR","potentialAction":[{"@type":"ReadAction","target":["https:\/\/www.justiceinfo.net\/fr\/12777-240211-rwandagenocide-la-liste-des-journalistes-victimes-du-genocide-en-cours-de-revision9585.html"]}]},{"@type":"BreadcrumbList","@id":"https:\/\/www.justiceinfo.net\/fr\/12777-240211-rwandagenocide-la-liste-des-journalistes-victimes-du-genocide-en-cours-de-revision9585.html#breadcrumb","itemListElement":[{"@type":"ListItem","position":1,"name":"Home","item":"https:\/\/www.justiceinfo.net\/fr"},{"@type":"ListItem","position":2,"name":"24.02.11 - RWANDA\/GENOCIDE - LA LISTE DES JOURNALISTES VICTIMES DU GENOCIDE EN COURS DE REVISION"}]},{"@type":"WebSite","@id":"https:\/\/www.justiceinfo.net\/fr#website","url":"https:\/\/www.justiceinfo.net\/fr","name":"JusticeInfo.net","description":"La justice doit \u00eatre vue pour \u00eatre rendue","publisher":{"@id":"https:\/\/www.justiceinfo.net\/fr#organization"},"potentialAction":[{"@type":"SearchAction","target":{"@type":"EntryPoint","urlTemplate":"https:\/\/www.justiceinfo.net\/fr?s={search_term_string}"},"query-input":{"@type":"PropertyValueSpecification","valueRequired":true,"valueName":"search_term_string"}}],"inLanguage":"fr-FR"},{"@type":"Organization","@id":"https:\/\/www.justiceinfo.net\/fr#organization","name":"Justice Info","url":"https:\/\/www.justiceinfo.net\/fr","logo":{"@type":"ImageObject","inLanguage":"fr-FR","@id":"https:\/\/www.justiceinfo.net\/fr#\/schema\/logo\/image\/","url":"https:\/\/www.justiceinfo.net\/wp-content\/uploads\/justiceinfo_logo-trans_1200x1200px.png","contentUrl":"https:\/\/www.justiceinfo.net\/wp-content\/uploads\/justiceinfo_logo-trans_1200x1200px.png","width":1199,"height":1200,"caption":"Justice Info"},"image":{"@id":"https:\/\/www.justiceinfo.net\/fr#\/schema\/logo\/image\/"},"sameAs":["https:\/\/www.facebook.com\/JusticeInfo\/","https:\/\/x.com\/justiceinfonet","https:\/\/www.linkedin.com\/company\/justice-info","https:\/\/www.youtube.com\/channel\/UCyCEsARodyuWtkWyhn-e7pA"]},{"@type":"Person","name":"solivri","url":"\/fr\/?s=solivri"}]}},"_links":{"self":[{"href":"https:\/\/www.justiceinfo.net\/fr\/wp-json\/wp\/v2\/posts\/12777","targetHints":{"allow":["GET"]}}],"collection":[{"href":"https:\/\/www.justiceinfo.net\/fr\/wp-json\/wp\/v2\/posts"}],"about":[{"href":"https:\/\/www.justiceinfo.net\/fr\/wp-json\/wp\/v2\/types\/post"}],"author":[{"embeddable":true,"href":"https:\/\/www.justiceinfo.net\/fr\/wp-json\/wp\/v2\/users\/64"}],"replies":[{"embeddable":true,"href":"https:\/\/www.justiceinfo.net\/fr\/wp-json\/wp\/v2\/comments?post=12777"}],"version-history":[{"count":0,"href":"https:\/\/www.justiceinfo.net\/fr\/wp-json\/wp\/v2\/posts\/12777\/revisions"}],"wp:attachment":[{"href":"https:\/\/www.justiceinfo.net\/fr\/wp-json\/wp\/v2\/media?parent=12777"}],"wp:term":[{"taxonomy":"category","embeddable":true,"href":"https:\/\/www.justiceinfo.net\/fr\/wp-json\/wp\/v2\/categories?post=12777"},{"taxonomy":"post_tag","embeddable":true,"href":"https:\/\/www.justiceinfo.net\/fr\/wp-json\/wp\/v2\/tags?post=12777"},{"taxonomy":"ji_location","embeddable":true,"href":"https:\/\/www.justiceinfo.net\/fr\/wp-json\/wp\/v2\/ji_location?post=12777"}],"curies":[{"name":"wp","href":"https:\/\/api.w.org\/{rel}","templated":true}]}}