{"id":12782,"date":"2011-02-24T00:00:00","date_gmt":"2011-02-23T23:00:00","guid":{"rendered":"https:\/\/www.justiceinfo.net\/12782-240211-cpimbarushimana-la-defense-de-mbarushimana-conteste-la-legalite-dune-perquisition9590.html"},"modified":"2011-02-24T00:00:00","modified_gmt":"2011-02-23T23:00:00","slug":"240211-cpimbarushimana-la-defense-de-mbarushimana-conteste-la-legalite-dune-perquisition9590","status":"publish","type":"post","link":"https:\/\/www.justiceinfo.net\/fr\/12782-240211-cpimbarushimana-la-defense-de-mbarushimana-conteste-la-legalite-dune-perquisition9590.html","title":{"rendered":"24.02.11 - CPI\/MBARUSHIMANA - LA DEFENSE DE MBARUSHIMANA CONTESTE LA LEGALITE D'UNE PERQUISITION"},"content":{"rendered":"<p>La Haye, le 24 f&eacute;vrier 2011 (FH) - L'avocat de Callixte Mbarushimana, Nick Kaufman, conteste la l&eacute;galit&eacute; d'une perquisition effectu&eacute;e par les autorit&eacute;s fran&ccedil;aises lors de l'arrestation de son client, le 11 octobre 2010, et pourrait s'opposer &agrave; la recevabilit&eacute; de certaines pi&egrave;ces r&eacute;colt&eacute;es par le procureur &agrave; cette occasion.<br \/>\n<!--more--><\/p>\n<p >\n<p >\nL'ancien fonctionnaire rwandais est accus&eacute; de crimes contre l'humanit&eacute; et crimes de guerre commis par les Forces d&eacute;mocratiques pour la lib&eacute;ration du Rwanda (FDLR) en R&eacute;publique d&eacute;mocratique du Congo (RDC), en 2009 et 2010. Il &eacute;tait alors le Secr&eacute;taire ex&eacute;cutif de cette milice, active dans l'est de la RDC.\n<\/p>\n<p >\nAu cours de cette perquisition au domicile de Callixte Mbarushimana, les autorit&eacute;s fran&ccedil;aises avaient saisi des CD, un t&eacute;l&eacute;phone cellulaire, un disque dur, du mat&eacute;riel informatique et des documents. Ces pi&egrave;ces et ces documents avaient ensuite &eacute;t&eacute; remis sous scell&eacute;s au greffe de la Cour. Les scell&eacute;s avaient &eacute;t&eacute; bris&eacute;s et les documents scann&eacute;s, avant d'&ecirc;tre remis en procureur.\n<\/p>\n<p >\nPour l'avocat, le fait d'avoir rompu les scell&eacute;s en l'absence d'un repr&eacute;sentant de la d&eacute;fense est &laquo; susceptible d'affecter la recevabilit&eacute; de toute la saisie lorsqu'un pr&eacute;judice au d&eacute;pens du suspect peut &ecirc;tre d&eacute;montr&eacute;. &raquo;\n<\/p>\n<p >\nOr au cours de l'&eacute;tude des pi&egrave;ces, les enqu&ecirc;teurs du procureur sont tomb&eacute;s sur un certain nombre de documents a priori couverts par le principe de confidentialit&eacute;, notamment des &eacute;changes entre l'accus&eacute; et son avocat.&nbsp; Le procureur a alors adress&eacute; une requ&ecirc;te &agrave; la chambre, le 11 f&eacute;vrier, demandant aux juges de d&eacute;terminer si oui ou non ces documents &eacute;taient prot&eacute;g&eacute;s.\n<\/p>\n<p >\nDe son c&ocirc;t&eacute;, ma&icirc;tre Nick Kaufman, conteste la l&eacute;galit&eacute; de la perquisition effectu&eacute;e au domicile du suspect en France, et demande que le procureur fournisse le mandat de recherche. Ce mandat doit &ecirc;tre &eacute;mis par un juge, &agrave; la demande du procureur, et transmis aux autorit&eacute;s fran&ccedil;aises, tenues de coop&eacute;rer avec la Cour et d'ex&eacute;cuter les actes demand&eacute;s.\n<\/p>\n<p >\nMa&icirc;tre Kaufman demande aussi que la totalit&eacute; des documents saisis soit mis en quarantaine, arguant que M. Mbarushimana a eu de nombreuses correspondances &eacute;crites avec des pr&ecirc;tres, notamment en Italie et aux Philippines, correspondances qui, selon lui, rel&egrave;vent elles aussi de la confidentialit&eacute;. L'avocat demande aussi que les &eacute;coutes t&eacute;l&eacute;phoniques, qui auraient &eacute;t&eacute; fournies par la France et l'Allemagne - o&ugrave; une enqu&ecirc;te avait &eacute;t&eacute; ouverte contre M. Mbarushimana - soient elles aussi plac&eacute;es en quarantaine, estimant qu'elles pourraient receler des conversations entre l'avocat et son client.\n<\/p>\n<p >\nLes juges n'ont pas encore rendu leur d&eacute;cision.\n<\/p>\n<p >\nSM\/ER\/GF\n<\/p>\n<p>\n&copy; Agence Hirondelle<\/p>\n","protected":false},"excerpt":{"rendered":"<p>La Haye, le 24 f&eacute;vrier 2011 (FH) - L'avocat de Callixte Mbarushimana, Nick Kaufman, conteste la l&eacute;galit&eacute; d'une perquisition effectu&eacute;e par les autorit&eacute;s fran&ccedil;aises lors de l'arrestation de son client, le 11 octobre 2010, et pourrait s'opposer &agrave; la recevabilit&eacute; de certaines pi&egrave;ces r&eacute;colt&eacute;es par le procureur &agrave; cette occasion.<\/p>\n","protected":false},"author":64,"featured_media":0,"comment_status":"open","ping_status":"closed","sticky":false,"template":"","format":"standard","meta":{"_acf_changed":false,"footnotes":""},"categories":[554],"tags":[],"ji_location":[],"class_list":["post-12782","post","type-post","status-publish","format-standard","hentry","category-hirondellenews"],"acf":[],"yoast_head":"<!-- This site is optimized with the Yoast SEO Premium plugin v25.3.1 (Yoast SEO v25.3.1) - https:\/\/yoast.com\/wordpress\/plugins\/seo\/ -->\n<title>24.02.11 - CPI\/MBARUSHIMANA - LA DEFENSE DE MBARUSHIMANA CONTESTE LA LEGALITE D&#039;UNE PERQUISITION - JusticeInfo.net<\/title>\n<meta name=\"robots\" content=\"index, follow, max-snippet:-1, max-image-preview:large, max-video-preview:-1\" \/>\n<link rel=\"canonical\" href=\"https:\/\/www.justiceinfo.net\/fr\/12782-240211-cpimbarushimana-la-defense-de-mbarushimana-conteste-la-legalite-dune-perquisition9590.html\" \/>\n<meta property=\"og:locale\" content=\"fr_FR\" \/>\n<meta property=\"og:type\" content=\"article\" \/>\n<meta property=\"og:title\" content=\"24.02.11 - CPI\/MBARUSHIMANA - LA DEFENSE DE MBARUSHIMANA CONTESTE LA LEGALITE D&#039;UNE PERQUISITION\" \/>\n<meta property=\"og:description\" content=\"La Haye, le 24 f&eacute;vrier 2011 (FH) - L&#039;avocat de Callixte Mbarushimana, Nick Kaufman, conteste la l&eacute;galit&eacute; d&#039;une perquisition effectu&eacute;e par les autorit&eacute;s fran&ccedil;aises lors de l&#039;arrestation de son client, le 11 octobre 2010, et pourrait s&#039;opposer &agrave; la recevabilit&eacute; de certaines pi&egrave;ces r&eacute;colt&eacute;es par le procureur &agrave; cette occasion.\" \/>\n<meta property=\"og:url\" content=\"https:\/\/www.justiceinfo.net\/fr\/12782-240211-cpimbarushimana-la-defense-de-mbarushimana-conteste-la-legalite-dune-perquisition9590.html\" \/>\n<meta property=\"og:site_name\" content=\"JusticeInfo.net\" \/>\n<meta property=\"article:publisher\" content=\"https:\/\/www.facebook.com\/JusticeInfo\/\" \/>\n<meta property=\"article:published_time\" content=\"2011-02-23T23:00:00+00:00\" \/>\n<meta property=\"og:image\" content=\"https:\/\/www.justiceinfo.net\/wp-content\/uploads\/JusticeInfoNet_logo_1200x630px.jpg\" \/>\n\t<meta property=\"og:image:width\" content=\"1200\" \/>\n\t<meta property=\"og:image:height\" content=\"630\" \/>\n\t<meta property=\"og:image:type\" content=\"image\/jpeg\" \/>\n<meta name=\"author\" content=\"solivri\" \/>\n<meta name=\"twitter:card\" content=\"summary_large_image\" \/>\n<meta name=\"twitter:creator\" content=\"@justiceinfonet\" \/>\n<meta name=\"twitter:site\" content=\"@justiceinfonet\" \/>\n<meta name=\"twitter:label1\" content=\"\u00c9crit par\" \/>\n\t<meta name=\"twitter:data1\" content=\"solivri\" \/>\n\t<meta name=\"twitter:label2\" content=\"Dur\u00e9e de lecture estim\u00e9e\" \/>\n\t<meta name=\"twitter:data2\" content=\"3 minutes\" \/>\n<script type=\"application\/ld+json\" class=\"yoast-schema-graph\">{\"@context\":\"https:\/\/schema.org\",\"@graph\":[{\"@type\":\"NewsArticle\",\"@id\":\"https:\/\/www.justiceinfo.net\/fr\/12782-240211-cpimbarushimana-la-defense-de-mbarushimana-conteste-la-legalite-dune-perquisition9590.html#article\",\"isPartOf\":{\"@id\":\"https:\/\/www.justiceinfo.net\/fr\/12782-240211-cpimbarushimana-la-defense-de-mbarushimana-conteste-la-legalite-dune-perquisition9590.html\"},\"author\":{\"name\":\"solivri\",\"@id\":\"https:\/\/www.justiceinfo.net\/fr#\/schema\/person\/6e53cba1629e2e66f3fc1821d3091865\"},\"headline\":\"24.02.11 - CPI\/MBARUSHIMANA - LA DEFENSE DE MBARUSHIMANA CONTESTE LA LEGALITE D'UNE PERQUISITION\",\"datePublished\":\"2011-02-23T23:00:00+00:00\",\"mainEntityOfPage\":{\"@id\":\"https:\/\/www.justiceinfo.net\/fr\/12782-240211-cpimbarushimana-la-defense-de-mbarushimana-conteste-la-legalite-dune-perquisition9590.html\"},\"wordCount\":585,\"commentCount\":0,\"publisher\":{\"@id\":\"https:\/\/www.justiceinfo.net\/fr#organization\"},\"articleSection\":[\"Hirondelle News\"],\"inLanguage\":\"fr-FR\",\"potentialAction\":[{\"@type\":\"CommentAction\",\"name\":\"Comment\",\"target\":[\"https:\/\/www.justiceinfo.net\/fr\/12782-240211-cpimbarushimana-la-defense-de-mbarushimana-conteste-la-legalite-dune-perquisition9590.html#respond\"]}]},{\"@type\":\"WebPage\",\"@id\":\"https:\/\/www.justiceinfo.net\/fr\/12782-240211-cpimbarushimana-la-defense-de-mbarushimana-conteste-la-legalite-dune-perquisition9590.html\",\"url\":\"https:\/\/www.justiceinfo.net\/fr\/12782-240211-cpimbarushimana-la-defense-de-mbarushimana-conteste-la-legalite-dune-perquisition9590.html\",\"name\":\"24.02.11 - CPI\/MBARUSHIMANA - LA DEFENSE DE MBARUSHIMANA CONTESTE LA LEGALITE D'UNE PERQUISITION - JusticeInfo.net\",\"isPartOf\":{\"@id\":\"https:\/\/www.justiceinfo.net\/fr#website\"},\"datePublished\":\"2011-02-23T23:00:00+00:00\",\"breadcrumb\":{\"@id\":\"https:\/\/www.justiceinfo.net\/fr\/12782-240211-cpimbarushimana-la-defense-de-mbarushimana-conteste-la-legalite-dune-perquisition9590.html#breadcrumb\"},\"inLanguage\":\"fr-FR\",\"potentialAction\":[{\"@type\":\"ReadAction\",\"target\":[\"https:\/\/www.justiceinfo.net\/fr\/12782-240211-cpimbarushimana-la-defense-de-mbarushimana-conteste-la-legalite-dune-perquisition9590.html\"]}]},{\"@type\":\"BreadcrumbList\",\"@id\":\"https:\/\/www.justiceinfo.net\/fr\/12782-240211-cpimbarushimana-la-defense-de-mbarushimana-conteste-la-legalite-dune-perquisition9590.html#breadcrumb\",\"itemListElement\":[{\"@type\":\"ListItem\",\"position\":1,\"name\":\"Home\",\"item\":\"https:\/\/www.justiceinfo.net\/fr\"},{\"@type\":\"ListItem\",\"position\":2,\"name\":\"24.02.11 - CPI\/MBARUSHIMANA - LA DEFENSE DE MBARUSHIMANA CONTESTE LA LEGALITE D'UNE PERQUISITION\"}]},{\"@type\":\"WebSite\",\"@id\":\"https:\/\/www.justiceinfo.net\/fr#website\",\"url\":\"https:\/\/www.justiceinfo.net\/fr\",\"name\":\"JusticeInfo.net\",\"description\":\"La justice doit \u00eatre vue pour \u00eatre rendue\",\"publisher\":{\"@id\":\"https:\/\/www.justiceinfo.net\/fr#organization\"},\"potentialAction\":[{\"@type\":\"SearchAction\",\"target\":{\"@type\":\"EntryPoint\",\"urlTemplate\":\"https:\/\/www.justiceinfo.net\/fr?s={search_term_string}\"},\"query-input\":{\"@type\":\"PropertyValueSpecification\",\"valueRequired\":true,\"valueName\":\"search_term_string\"}}],\"inLanguage\":\"fr-FR\"},{\"@type\":\"Organization\",\"@id\":\"https:\/\/www.justiceinfo.net\/fr#organization\",\"name\":\"Justice Info\",\"url\":\"https:\/\/www.justiceinfo.net\/fr\",\"logo\":{\"@type\":\"ImageObject\",\"inLanguage\":\"fr-FR\",\"@id\":\"https:\/\/www.justiceinfo.net\/fr#\/schema\/logo\/image\/\",\"url\":\"https:\/\/www.justiceinfo.net\/wp-content\/uploads\/justiceinfo_logo-trans_1200x1200px.png\",\"contentUrl\":\"https:\/\/www.justiceinfo.net\/wp-content\/uploads\/justiceinfo_logo-trans_1200x1200px.png\",\"width\":1199,\"height\":1200,\"caption\":\"Justice Info\"},\"image\":{\"@id\":\"https:\/\/www.justiceinfo.net\/fr#\/schema\/logo\/image\/\"},\"sameAs\":[\"https:\/\/www.facebook.com\/JusticeInfo\/\",\"https:\/\/x.com\/justiceinfonet\",\"https:\/\/www.linkedin.com\/company\/justice-info\",\"https:\/\/www.youtube.com\/channel\/UCyCEsARodyuWtkWyhn-e7pA\"]},{\"@type\":\"Person\",\"name\":\"solivri\",\"url\":\"\/fr\/?s=solivri\"}]}<\/script>\n<!-- \/ Yoast SEO Premium plugin. -->","yoast_head_json":{"title":"24.02.11 - CPI\/MBARUSHIMANA - LA DEFENSE DE MBARUSHIMANA CONTESTE LA LEGALITE D'UNE PERQUISITION - JusticeInfo.net","robots":{"index":"index","follow":"follow","max-snippet":"max-snippet:-1","max-image-preview":"max-image-preview:large","max-video-preview":"max-video-preview:-1"},"canonical":"https:\/\/www.justiceinfo.net\/fr\/12782-240211-cpimbarushimana-la-defense-de-mbarushimana-conteste-la-legalite-dune-perquisition9590.html","og_locale":"fr_FR","og_type":"article","og_title":"24.02.11 - CPI\/MBARUSHIMANA - LA DEFENSE DE MBARUSHIMANA CONTESTE LA LEGALITE D'UNE PERQUISITION","og_description":"La Haye, le 24 f&eacute;vrier 2011 (FH) - L'avocat de Callixte Mbarushimana, Nick Kaufman, conteste la l&eacute;galit&eacute; d'une perquisition effectu&eacute;e par les autorit&eacute;s fran&ccedil;aises lors de l'arrestation de son client, le 11 octobre 2010, et pourrait s'opposer &agrave; la recevabilit&eacute; de certaines pi&egrave;ces r&eacute;colt&eacute;es par le procureur &agrave; cette occasion.","og_url":"https:\/\/www.justiceinfo.net\/fr\/12782-240211-cpimbarushimana-la-defense-de-mbarushimana-conteste-la-legalite-dune-perquisition9590.html","og_site_name":"JusticeInfo.net","article_publisher":"https:\/\/www.facebook.com\/JusticeInfo\/","article_published_time":"2011-02-23T23:00:00+00:00","og_image":[{"width":1200,"height":630,"url":"https:\/\/www.justiceinfo.net\/wp-content\/uploads\/JusticeInfoNet_logo_1200x630px.jpg","type":"image\/jpeg"}],"author":"solivri","twitter_card":"summary_large_image","twitter_creator":"@justiceinfonet","twitter_site":"@justiceinfonet","twitter_misc":{"\u00c9crit par":"solivri","Dur\u00e9e de lecture estim\u00e9e":"3 minutes"},"schema":{"@context":"https:\/\/schema.org","@graph":[{"@type":"NewsArticle","@id":"https:\/\/www.justiceinfo.net\/fr\/12782-240211-cpimbarushimana-la-defense-de-mbarushimana-conteste-la-legalite-dune-perquisition9590.html#article","isPartOf":{"@id":"https:\/\/www.justiceinfo.net\/fr\/12782-240211-cpimbarushimana-la-defense-de-mbarushimana-conteste-la-legalite-dune-perquisition9590.html"},"author":{"name":"solivri","@id":"https:\/\/www.justiceinfo.net\/fr#\/schema\/person\/6e53cba1629e2e66f3fc1821d3091865"},"headline":"24.02.11 - CPI\/MBARUSHIMANA - LA DEFENSE DE MBARUSHIMANA CONTESTE LA LEGALITE D'UNE PERQUISITION","datePublished":"2011-02-23T23:00:00+00:00","mainEntityOfPage":{"@id":"https:\/\/www.justiceinfo.net\/fr\/12782-240211-cpimbarushimana-la-defense-de-mbarushimana-conteste-la-legalite-dune-perquisition9590.html"},"wordCount":585,"commentCount":0,"publisher":{"@id":"https:\/\/www.justiceinfo.net\/fr#organization"},"articleSection":["Hirondelle News"],"inLanguage":"fr-FR","potentialAction":[{"@type":"CommentAction","name":"Comment","target":["https:\/\/www.justiceinfo.net\/fr\/12782-240211-cpimbarushimana-la-defense-de-mbarushimana-conteste-la-legalite-dune-perquisition9590.html#respond"]}]},{"@type":"WebPage","@id":"https:\/\/www.justiceinfo.net\/fr\/12782-240211-cpimbarushimana-la-defense-de-mbarushimana-conteste-la-legalite-dune-perquisition9590.html","url":"https:\/\/www.justiceinfo.net\/fr\/12782-240211-cpimbarushimana-la-defense-de-mbarushimana-conteste-la-legalite-dune-perquisition9590.html","name":"24.02.11 - CPI\/MBARUSHIMANA - LA DEFENSE DE MBARUSHIMANA CONTESTE LA LEGALITE D'UNE PERQUISITION - JusticeInfo.net","isPartOf":{"@id":"https:\/\/www.justiceinfo.net\/fr#website"},"datePublished":"2011-02-23T23:00:00+00:00","breadcrumb":{"@id":"https:\/\/www.justiceinfo.net\/fr\/12782-240211-cpimbarushimana-la-defense-de-mbarushimana-conteste-la-legalite-dune-perquisition9590.html#breadcrumb"},"inLanguage":"fr-FR","potentialAction":[{"@type":"ReadAction","target":["https:\/\/www.justiceinfo.net\/fr\/12782-240211-cpimbarushimana-la-defense-de-mbarushimana-conteste-la-legalite-dune-perquisition9590.html"]}]},{"@type":"BreadcrumbList","@id":"https:\/\/www.justiceinfo.net\/fr\/12782-240211-cpimbarushimana-la-defense-de-mbarushimana-conteste-la-legalite-dune-perquisition9590.html#breadcrumb","itemListElement":[{"@type":"ListItem","position":1,"name":"Home","item":"https:\/\/www.justiceinfo.net\/fr"},{"@type":"ListItem","position":2,"name":"24.02.11 - CPI\/MBARUSHIMANA - LA DEFENSE DE MBARUSHIMANA CONTESTE LA LEGALITE D'UNE PERQUISITION"}]},{"@type":"WebSite","@id":"https:\/\/www.justiceinfo.net\/fr#website","url":"https:\/\/www.justiceinfo.net\/fr","name":"JusticeInfo.net","description":"La justice doit \u00eatre vue pour \u00eatre rendue","publisher":{"@id":"https:\/\/www.justiceinfo.net\/fr#organization"},"potentialAction":[{"@type":"SearchAction","target":{"@type":"EntryPoint","urlTemplate":"https:\/\/www.justiceinfo.net\/fr?s={search_term_string}"},"query-input":{"@type":"PropertyValueSpecification","valueRequired":true,"valueName":"search_term_string"}}],"inLanguage":"fr-FR"},{"@type":"Organization","@id":"https:\/\/www.justiceinfo.net\/fr#organization","name":"Justice Info","url":"https:\/\/www.justiceinfo.net\/fr","logo":{"@type":"ImageObject","inLanguage":"fr-FR","@id":"https:\/\/www.justiceinfo.net\/fr#\/schema\/logo\/image\/","url":"https:\/\/www.justiceinfo.net\/wp-content\/uploads\/justiceinfo_logo-trans_1200x1200px.png","contentUrl":"https:\/\/www.justiceinfo.net\/wp-content\/uploads\/justiceinfo_logo-trans_1200x1200px.png","width":1199,"height":1200,"caption":"Justice Info"},"image":{"@id":"https:\/\/www.justiceinfo.net\/fr#\/schema\/logo\/image\/"},"sameAs":["https:\/\/www.facebook.com\/JusticeInfo\/","https:\/\/x.com\/justiceinfonet","https:\/\/www.linkedin.com\/company\/justice-info","https:\/\/www.youtube.com\/channel\/UCyCEsARodyuWtkWyhn-e7pA"]},{"@type":"Person","name":"solivri","url":"\/fr\/?s=solivri"}]}},"_links":{"self":[{"href":"https:\/\/www.justiceinfo.net\/fr\/wp-json\/wp\/v2\/posts\/12782","targetHints":{"allow":["GET"]}}],"collection":[{"href":"https:\/\/www.justiceinfo.net\/fr\/wp-json\/wp\/v2\/posts"}],"about":[{"href":"https:\/\/www.justiceinfo.net\/fr\/wp-json\/wp\/v2\/types\/post"}],"author":[{"embeddable":true,"href":"https:\/\/www.justiceinfo.net\/fr\/wp-json\/wp\/v2\/users\/64"}],"replies":[{"embeddable":true,"href":"https:\/\/www.justiceinfo.net\/fr\/wp-json\/wp\/v2\/comments?post=12782"}],"version-history":[{"count":0,"href":"https:\/\/www.justiceinfo.net\/fr\/wp-json\/wp\/v2\/posts\/12782\/revisions"}],"wp:attachment":[{"href":"https:\/\/www.justiceinfo.net\/fr\/wp-json\/wp\/v2\/media?parent=12782"}],"wp:term":[{"taxonomy":"category","embeddable":true,"href":"https:\/\/www.justiceinfo.net\/fr\/wp-json\/wp\/v2\/categories?post=12782"},{"taxonomy":"post_tag","embeddable":true,"href":"https:\/\/www.justiceinfo.net\/fr\/wp-json\/wp\/v2\/tags?post=12782"},{"taxonomy":"ji_location","embeddable":true,"href":"https:\/\/www.justiceinfo.net\/fr\/wp-json\/wp\/v2\/ji_location?post=12782"}],"curies":[{"name":"wp","href":"https:\/\/api.w.org\/{rel}","templated":true}]}}