{"id":12792,"date":"2011-02-28T00:00:00","date_gmt":"2011-02-27T23:00:00","guid":{"rendered":"https:\/\/www.justiceinfo.net\/12792-280211-cpilibye-le-procureur-de-la-cpi-saisi-des-crimes-commis-en-libye9600.html"},"modified":"2011-02-28T00:00:00","modified_gmt":"2011-02-27T23:00:00","slug":"280211-cpilibye-le-procureur-de-la-cpi-saisi-des-crimes-commis-en-libye9600","status":"publish","type":"post","link":"https:\/\/www.justiceinfo.net\/fr\/12792-280211-cpilibye-le-procureur-de-la-cpi-saisi-des-crimes-commis-en-libye9600.html","title":{"rendered":"28.02.11 - CPI\/LIBYE - LE PROCUREUR DE LA CPI SAISI DES CRIMES COMMIS EN LIBYE"},"content":{"rendered":"<p>La Haye, 28 f&eacute;vrier 2011 (FH) - Le Conseil de s&eacute;curit&eacute; des Nations unies a saisi le procureur de la Cour p&eacute;nale internationale (CPI) des crimes commis en Libye depuis le 15 f&eacute;vrier 2011.<br \/>\n<!--more--><\/p>\n<p >\n<p >\nAdopt&eacute;e &agrave; l'unanimit&eacute; samedi 26 f&eacute;vrier, la r&eacute;solution 1970 consid&egrave;re &laquo; que les attaques syst&eacute;matiques et g&eacute;n&eacute;ralis&eacute;es &raquo; commises &laquo; contre la population civile pourraient constituer des crimes contre l'humanit&eacute; &raquo;.\n<\/p>\n<p >\nNew York condamne &laquo; les violations flagrantes et syst&eacute;matiques de droits de l'homme, notamment la r&eacute;pression exerc&eacute;e contre des manifestants pacifiques &raquo; et d&eacute;nonce &laquo; l'incitation &agrave; l'hostilit&eacute; et &agrave; la violence &eacute;manant des plus hauts rangs du gouvernement libyen et dirig&eacute;e contre la population civile &raquo;.\n<\/p>\n<p >\nIl appartient d&eacute;sormais au procureur, apr&egrave;s &laquo; analyse &raquo;, de d&eacute;cider s'il est comp&eacute;tent ou non pour ouvrir une enqu&ecirc;te. Il a annonc&eacute; lundi qu'une d&eacute;cision serait prise dans les prochains jours.\n<\/p>\n<p >\nLe procureur de la CPI ne disposant pas de force de police, il devra compter sur la coop&eacute;ration des Etats pour conduire ses enqu&ecirc;tes et arr&ecirc;ter les suspects. Si la r&eacute;solution oblige la Libye &agrave; coop&eacute;rer avec la Cour, elle ne forme en revanche aucune obligation pour les &eacute;tats qui n'ont pas ratifi&eacute; le trait&eacute; de Rome &eacute;tablissant la CPI. Or aujourd'hui, seuls 114 &eacute;tats, sont parties &agrave; la Cour et auraient donc l'obligation d'arr&ecirc;ter tous responsables libyens qui ferait l'objet d'un mandat d'arr&ecirc;t, s'ils foulaient leur territoire.\n<\/p>\n<p >\nLe Conseil de s&eacute;curit&eacute; a aussi arr&ecirc;t&eacute; des sanctions &agrave; l'encontre de 16 hauts responsables du r&eacute;gime Kadhafi. Cinq de ces individus, dont le colonel Mouammar Kadhafi et trois de ses fils, se voient notamment reproch&eacute;s leur participation dans la r&eacute;pression du soul&egrave;vement populaire qui secoue la Libye depuis mi-f&eacute;vrier.\n<\/p>\n<p >\nPar ailleurs, l'Onu annonce qu'elle ne prendra en charge aucun des frais pour la conduite de proc&egrave;s et renvoie la question &agrave; l'Assembl&eacute;e des Etats parties &agrave; la CPI. A ce jour, la Cour dispose d'un budget de plus de 100 millions de dollars pour conduire les cinq enqu&ecirc;tes et les trois proc&egrave;s en cours.\n<\/p>\n<p >\nC'est la seconde fois que la Cour p&eacute;nale internationale est saisie par le Conseil de s&eacute;curit&eacute; de l'Onu. Le 31 mars 2005, le cas du Darfour, r&eacute;gion de l'ouest du Soudan, lui avait &eacute;t&eacute; d&eacute;f&eacute;r&eacute;. Depuis, la Cour a notamment d&eacute;livr&eacute; deux mandats d'arr&ecirc;t pour g&eacute;nocide et crimes contre l'humanit&eacute; &agrave; l'encontre du chef de l'&eacute;tat soudanais, Omar Al-Bachir. Lors de l'&eacute;mission de ces mandats d'arr&ecirc;t, Mouammar Kadhafi avait soutenu vigoureusement le pr&eacute;sident soudanais, et d&eacute;nonc&eacute; la CPI comme &eacute;tant &laquo; une nouvelle forme de terrorisme international &raquo;.\n<\/p>\n<p >\nSM\/GF\n<\/p>\n<p>\n&copy; Agence Hirondelle<\/p>\n","protected":false},"excerpt":{"rendered":"<p>La Haye, 28 f&eacute;vrier 2011 (FH) - Le Conseil de s&eacute;curit&eacute; des Nations unies a saisi le procureur de la Cour p&eacute;nale internationale (CPI) des crimes commis en Libye depuis le 15 f&eacute;vrier 2011.<\/p>\n","protected":false},"author":64,"featured_media":0,"comment_status":"open","ping_status":"closed","sticky":false,"template":"","format":"standard","meta":{"_acf_changed":false,"footnotes":""},"categories":[554],"tags":[],"ji_location":[],"class_list":["post-12792","post","type-post","status-publish","format-standard","hentry","category-hirondellenews"],"acf":[],"yoast_head":"<!-- This site is optimized with the Yoast SEO Premium plugin v25.3.1 (Yoast SEO v25.3.1) - https:\/\/yoast.com\/wordpress\/plugins\/seo\/ -->\n<title>28.02.11 - CPI\/LIBYE - LE PROCUREUR DE LA CPI SAISI DES CRIMES COMMIS EN LIBYE - JusticeInfo.net<\/title>\n<meta name=\"robots\" content=\"index, follow, max-snippet:-1, max-image-preview:large, max-video-preview:-1\" \/>\n<link rel=\"canonical\" href=\"https:\/\/www.justiceinfo.net\/fr\/12792-280211-cpilibye-le-procureur-de-la-cpi-saisi-des-crimes-commis-en-libye9600.html\" \/>\n<meta property=\"og:locale\" content=\"fr_FR\" \/>\n<meta property=\"og:type\" content=\"article\" \/>\n<meta property=\"og:title\" content=\"28.02.11 - CPI\/LIBYE - LE PROCUREUR DE LA CPI SAISI DES CRIMES COMMIS EN LIBYE\" \/>\n<meta property=\"og:description\" content=\"La Haye, 28 f&eacute;vrier 2011 (FH) - Le Conseil de s&eacute;curit&eacute; des Nations unies a saisi le procureur de la Cour p&eacute;nale internationale (CPI) des crimes commis en Libye depuis le 15 f&eacute;vrier 2011.\" \/>\n<meta property=\"og:url\" content=\"https:\/\/www.justiceinfo.net\/fr\/12792-280211-cpilibye-le-procureur-de-la-cpi-saisi-des-crimes-commis-en-libye9600.html\" \/>\n<meta property=\"og:site_name\" content=\"JusticeInfo.net\" \/>\n<meta property=\"article:publisher\" content=\"https:\/\/www.facebook.com\/JusticeInfo\/\" \/>\n<meta property=\"article:published_time\" content=\"2011-02-27T23:00:00+00:00\" \/>\n<meta property=\"og:image\" content=\"https:\/\/www.justiceinfo.net\/wp-content\/uploads\/JusticeInfoNet_logo_1200x630px.jpg\" \/>\n\t<meta property=\"og:image:width\" content=\"1200\" \/>\n\t<meta property=\"og:image:height\" content=\"630\" \/>\n\t<meta property=\"og:image:type\" content=\"image\/jpeg\" \/>\n<meta name=\"author\" content=\"solivri\" \/>\n<meta name=\"twitter:card\" content=\"summary_large_image\" \/>\n<meta name=\"twitter:creator\" content=\"@justiceinfonet\" \/>\n<meta name=\"twitter:site\" content=\"@justiceinfonet\" \/>\n<meta name=\"twitter:label1\" content=\"\u00c9crit par\" \/>\n\t<meta name=\"twitter:data1\" content=\"solivri\" \/>\n\t<meta name=\"twitter:label2\" content=\"Dur\u00e9e de lecture estim\u00e9e\" \/>\n\t<meta name=\"twitter:data2\" content=\"3 minutes\" \/>\n<script type=\"application\/ld+json\" class=\"yoast-schema-graph\">{\"@context\":\"https:\/\/schema.org\",\"@graph\":[{\"@type\":\"NewsArticle\",\"@id\":\"https:\/\/www.justiceinfo.net\/fr\/12792-280211-cpilibye-le-procureur-de-la-cpi-saisi-des-crimes-commis-en-libye9600.html#article\",\"isPartOf\":{\"@id\":\"https:\/\/www.justiceinfo.net\/fr\/12792-280211-cpilibye-le-procureur-de-la-cpi-saisi-des-crimes-commis-en-libye9600.html\"},\"author\":{\"name\":\"solivri\",\"@id\":\"https:\/\/www.justiceinfo.net\/fr#\/schema\/person\/6e53cba1629e2e66f3fc1821d3091865\"},\"headline\":\"28.02.11 - CPI\/LIBYE - LE PROCUREUR DE LA CPI SAISI DES CRIMES COMMIS EN LIBYE\",\"datePublished\":\"2011-02-27T23:00:00+00:00\",\"mainEntityOfPage\":{\"@id\":\"https:\/\/www.justiceinfo.net\/fr\/12792-280211-cpilibye-le-procureur-de-la-cpi-saisi-des-crimes-commis-en-libye9600.html\"},\"wordCount\":590,\"commentCount\":0,\"publisher\":{\"@id\":\"https:\/\/www.justiceinfo.net\/fr#organization\"},\"articleSection\":[\"Hirondelle News\"],\"inLanguage\":\"fr-FR\",\"potentialAction\":[{\"@type\":\"CommentAction\",\"name\":\"Comment\",\"target\":[\"https:\/\/www.justiceinfo.net\/fr\/12792-280211-cpilibye-le-procureur-de-la-cpi-saisi-des-crimes-commis-en-libye9600.html#respond\"]}]},{\"@type\":\"WebPage\",\"@id\":\"https:\/\/www.justiceinfo.net\/fr\/12792-280211-cpilibye-le-procureur-de-la-cpi-saisi-des-crimes-commis-en-libye9600.html\",\"url\":\"https:\/\/www.justiceinfo.net\/fr\/12792-280211-cpilibye-le-procureur-de-la-cpi-saisi-des-crimes-commis-en-libye9600.html\",\"name\":\"28.02.11 - CPI\/LIBYE - LE PROCUREUR DE LA CPI SAISI DES CRIMES COMMIS EN LIBYE - JusticeInfo.net\",\"isPartOf\":{\"@id\":\"https:\/\/www.justiceinfo.net\/fr#website\"},\"datePublished\":\"2011-02-27T23:00:00+00:00\",\"breadcrumb\":{\"@id\":\"https:\/\/www.justiceinfo.net\/fr\/12792-280211-cpilibye-le-procureur-de-la-cpi-saisi-des-crimes-commis-en-libye9600.html#breadcrumb\"},\"inLanguage\":\"fr-FR\",\"potentialAction\":[{\"@type\":\"ReadAction\",\"target\":[\"https:\/\/www.justiceinfo.net\/fr\/12792-280211-cpilibye-le-procureur-de-la-cpi-saisi-des-crimes-commis-en-libye9600.html\"]}]},{\"@type\":\"BreadcrumbList\",\"@id\":\"https:\/\/www.justiceinfo.net\/fr\/12792-280211-cpilibye-le-procureur-de-la-cpi-saisi-des-crimes-commis-en-libye9600.html#breadcrumb\",\"itemListElement\":[{\"@type\":\"ListItem\",\"position\":1,\"name\":\"Home\",\"item\":\"https:\/\/www.justiceinfo.net\/fr\"},{\"@type\":\"ListItem\",\"position\":2,\"name\":\"28.02.11 - CPI\/LIBYE - LE PROCUREUR DE LA CPI SAISI DES CRIMES COMMIS EN LIBYE\"}]},{\"@type\":\"WebSite\",\"@id\":\"https:\/\/www.justiceinfo.net\/fr#website\",\"url\":\"https:\/\/www.justiceinfo.net\/fr\",\"name\":\"JusticeInfo.net\",\"description\":\"La justice doit \u00eatre vue pour \u00eatre rendue\",\"publisher\":{\"@id\":\"https:\/\/www.justiceinfo.net\/fr#organization\"},\"potentialAction\":[{\"@type\":\"SearchAction\",\"target\":{\"@type\":\"EntryPoint\",\"urlTemplate\":\"https:\/\/www.justiceinfo.net\/fr?s={search_term_string}\"},\"query-input\":{\"@type\":\"PropertyValueSpecification\",\"valueRequired\":true,\"valueName\":\"search_term_string\"}}],\"inLanguage\":\"fr-FR\"},{\"@type\":\"Organization\",\"@id\":\"https:\/\/www.justiceinfo.net\/fr#organization\",\"name\":\"Justice Info\",\"url\":\"https:\/\/www.justiceinfo.net\/fr\",\"logo\":{\"@type\":\"ImageObject\",\"inLanguage\":\"fr-FR\",\"@id\":\"https:\/\/www.justiceinfo.net\/fr#\/schema\/logo\/image\/\",\"url\":\"https:\/\/www.justiceinfo.net\/wp-content\/uploads\/justiceinfo_logo-trans_1200x1200px.png\",\"contentUrl\":\"https:\/\/www.justiceinfo.net\/wp-content\/uploads\/justiceinfo_logo-trans_1200x1200px.png\",\"width\":1199,\"height\":1200,\"caption\":\"Justice Info\"},\"image\":{\"@id\":\"https:\/\/www.justiceinfo.net\/fr#\/schema\/logo\/image\/\"},\"sameAs\":[\"https:\/\/www.facebook.com\/JusticeInfo\/\",\"https:\/\/x.com\/justiceinfonet\",\"https:\/\/www.linkedin.com\/company\/justice-info\",\"https:\/\/www.youtube.com\/channel\/UCyCEsARodyuWtkWyhn-e7pA\"]},{\"@type\":\"Person\",\"name\":\"solivri\",\"url\":\"\/fr\/?s=solivri\"}]}<\/script>\n<!-- \/ Yoast SEO Premium plugin. -->","yoast_head_json":{"title":"28.02.11 - CPI\/LIBYE - LE PROCUREUR DE LA CPI SAISI DES CRIMES COMMIS EN LIBYE - JusticeInfo.net","robots":{"index":"index","follow":"follow","max-snippet":"max-snippet:-1","max-image-preview":"max-image-preview:large","max-video-preview":"max-video-preview:-1"},"canonical":"https:\/\/www.justiceinfo.net\/fr\/12792-280211-cpilibye-le-procureur-de-la-cpi-saisi-des-crimes-commis-en-libye9600.html","og_locale":"fr_FR","og_type":"article","og_title":"28.02.11 - CPI\/LIBYE - LE PROCUREUR DE LA CPI SAISI DES CRIMES COMMIS EN LIBYE","og_description":"La Haye, 28 f&eacute;vrier 2011 (FH) - Le Conseil de s&eacute;curit&eacute; des Nations unies a saisi le procureur de la Cour p&eacute;nale internationale (CPI) des crimes commis en Libye depuis le 15 f&eacute;vrier 2011.","og_url":"https:\/\/www.justiceinfo.net\/fr\/12792-280211-cpilibye-le-procureur-de-la-cpi-saisi-des-crimes-commis-en-libye9600.html","og_site_name":"JusticeInfo.net","article_publisher":"https:\/\/www.facebook.com\/JusticeInfo\/","article_published_time":"2011-02-27T23:00:00+00:00","og_image":[{"width":1200,"height":630,"url":"https:\/\/www.justiceinfo.net\/wp-content\/uploads\/JusticeInfoNet_logo_1200x630px.jpg","type":"image\/jpeg"}],"author":"solivri","twitter_card":"summary_large_image","twitter_creator":"@justiceinfonet","twitter_site":"@justiceinfonet","twitter_misc":{"\u00c9crit par":"solivri","Dur\u00e9e de lecture estim\u00e9e":"3 minutes"},"schema":{"@context":"https:\/\/schema.org","@graph":[{"@type":"NewsArticle","@id":"https:\/\/www.justiceinfo.net\/fr\/12792-280211-cpilibye-le-procureur-de-la-cpi-saisi-des-crimes-commis-en-libye9600.html#article","isPartOf":{"@id":"https:\/\/www.justiceinfo.net\/fr\/12792-280211-cpilibye-le-procureur-de-la-cpi-saisi-des-crimes-commis-en-libye9600.html"},"author":{"name":"solivri","@id":"https:\/\/www.justiceinfo.net\/fr#\/schema\/person\/6e53cba1629e2e66f3fc1821d3091865"},"headline":"28.02.11 - CPI\/LIBYE - LE PROCUREUR DE LA CPI SAISI DES CRIMES COMMIS EN LIBYE","datePublished":"2011-02-27T23:00:00+00:00","mainEntityOfPage":{"@id":"https:\/\/www.justiceinfo.net\/fr\/12792-280211-cpilibye-le-procureur-de-la-cpi-saisi-des-crimes-commis-en-libye9600.html"},"wordCount":590,"commentCount":0,"publisher":{"@id":"https:\/\/www.justiceinfo.net\/fr#organization"},"articleSection":["Hirondelle News"],"inLanguage":"fr-FR","potentialAction":[{"@type":"CommentAction","name":"Comment","target":["https:\/\/www.justiceinfo.net\/fr\/12792-280211-cpilibye-le-procureur-de-la-cpi-saisi-des-crimes-commis-en-libye9600.html#respond"]}]},{"@type":"WebPage","@id":"https:\/\/www.justiceinfo.net\/fr\/12792-280211-cpilibye-le-procureur-de-la-cpi-saisi-des-crimes-commis-en-libye9600.html","url":"https:\/\/www.justiceinfo.net\/fr\/12792-280211-cpilibye-le-procureur-de-la-cpi-saisi-des-crimes-commis-en-libye9600.html","name":"28.02.11 - CPI\/LIBYE - LE PROCUREUR DE LA CPI SAISI DES CRIMES COMMIS EN LIBYE - JusticeInfo.net","isPartOf":{"@id":"https:\/\/www.justiceinfo.net\/fr#website"},"datePublished":"2011-02-27T23:00:00+00:00","breadcrumb":{"@id":"https:\/\/www.justiceinfo.net\/fr\/12792-280211-cpilibye-le-procureur-de-la-cpi-saisi-des-crimes-commis-en-libye9600.html#breadcrumb"},"inLanguage":"fr-FR","potentialAction":[{"@type":"ReadAction","target":["https:\/\/www.justiceinfo.net\/fr\/12792-280211-cpilibye-le-procureur-de-la-cpi-saisi-des-crimes-commis-en-libye9600.html"]}]},{"@type":"BreadcrumbList","@id":"https:\/\/www.justiceinfo.net\/fr\/12792-280211-cpilibye-le-procureur-de-la-cpi-saisi-des-crimes-commis-en-libye9600.html#breadcrumb","itemListElement":[{"@type":"ListItem","position":1,"name":"Home","item":"https:\/\/www.justiceinfo.net\/fr"},{"@type":"ListItem","position":2,"name":"28.02.11 - CPI\/LIBYE - LE PROCUREUR DE LA CPI SAISI DES CRIMES COMMIS EN LIBYE"}]},{"@type":"WebSite","@id":"https:\/\/www.justiceinfo.net\/fr#website","url":"https:\/\/www.justiceinfo.net\/fr","name":"JusticeInfo.net","description":"La justice doit \u00eatre vue pour \u00eatre rendue","publisher":{"@id":"https:\/\/www.justiceinfo.net\/fr#organization"},"potentialAction":[{"@type":"SearchAction","target":{"@type":"EntryPoint","urlTemplate":"https:\/\/www.justiceinfo.net\/fr?s={search_term_string}"},"query-input":{"@type":"PropertyValueSpecification","valueRequired":true,"valueName":"search_term_string"}}],"inLanguage":"fr-FR"},{"@type":"Organization","@id":"https:\/\/www.justiceinfo.net\/fr#organization","name":"Justice Info","url":"https:\/\/www.justiceinfo.net\/fr","logo":{"@type":"ImageObject","inLanguage":"fr-FR","@id":"https:\/\/www.justiceinfo.net\/fr#\/schema\/logo\/image\/","url":"https:\/\/www.justiceinfo.net\/wp-content\/uploads\/justiceinfo_logo-trans_1200x1200px.png","contentUrl":"https:\/\/www.justiceinfo.net\/wp-content\/uploads\/justiceinfo_logo-trans_1200x1200px.png","width":1199,"height":1200,"caption":"Justice Info"},"image":{"@id":"https:\/\/www.justiceinfo.net\/fr#\/schema\/logo\/image\/"},"sameAs":["https:\/\/www.facebook.com\/JusticeInfo\/","https:\/\/x.com\/justiceinfonet","https:\/\/www.linkedin.com\/company\/justice-info","https:\/\/www.youtube.com\/channel\/UCyCEsARodyuWtkWyhn-e7pA"]},{"@type":"Person","name":"solivri","url":"\/fr\/?s=solivri"}]}},"_links":{"self":[{"href":"https:\/\/www.justiceinfo.net\/fr\/wp-json\/wp\/v2\/posts\/12792","targetHints":{"allow":["GET"]}}],"collection":[{"href":"https:\/\/www.justiceinfo.net\/fr\/wp-json\/wp\/v2\/posts"}],"about":[{"href":"https:\/\/www.justiceinfo.net\/fr\/wp-json\/wp\/v2\/types\/post"}],"author":[{"embeddable":true,"href":"https:\/\/www.justiceinfo.net\/fr\/wp-json\/wp\/v2\/users\/64"}],"replies":[{"embeddable":true,"href":"https:\/\/www.justiceinfo.net\/fr\/wp-json\/wp\/v2\/comments?post=12792"}],"version-history":[{"count":0,"href":"https:\/\/www.justiceinfo.net\/fr\/wp-json\/wp\/v2\/posts\/12792\/revisions"}],"wp:attachment":[{"href":"https:\/\/www.justiceinfo.net\/fr\/wp-json\/wp\/v2\/media?parent=12792"}],"wp:term":[{"taxonomy":"category","embeddable":true,"href":"https:\/\/www.justiceinfo.net\/fr\/wp-json\/wp\/v2\/categories?post=12792"},{"taxonomy":"post_tag","embeddable":true,"href":"https:\/\/www.justiceinfo.net\/fr\/wp-json\/wp\/v2\/tags?post=12792"},{"taxonomy":"ji_location","embeddable":true,"href":"https:\/\/www.justiceinfo.net\/fr\/wp-json\/wp\/v2\/ji_location?post=12792"}],"curies":[{"name":"wp","href":"https:\/\/api.w.org\/{rel}","templated":true}]}}