{"id":128025,"date":"2024-02-05T11:41:27","date_gmt":"2024-02-05T10:41:27","guid":{"rendered":"https:\/\/www.justiceinfo.net\/?p=128025"},"modified":"2024-02-29T09:16:05","modified_gmt":"2024-02-29T08:16:05","slug":"ouganda-excuses-pas-proces-ex-lra-kwoyelo","status":"publish","type":"post","link":"https:\/\/www.justiceinfo.net\/fr\/128025-ouganda-excuses-pas-proces-ex-lra-kwoyelo.html","title":{"rendered":"Ouganda : des excuses, mais toujours pas de proc\u00e8s pour l'ex-LRA Kwoyelo"},"content":{"rendered":"\n<p><strong><strong>De sa prison de haute s\u00e9curit\u00e9 \u00e0 300 km de l\u00e0 \u00e0 Kampala, l'ancien colonel de l'Arm\u00e9e de r\u00e9sistance du Seigneur (LRA), Thomas Kwoyelo, a comparu par vid\u00e9o le 19 janvier devant la Division des crimes internationaux. Cette derni\u00e8re a tenu une nouvelle audience st\u00e9rile dans une salle d'audience de sa ville natale de Gulu, dans le nord du pays, suivie d'une s\u00e9ance de sensibilisation hors du temps \u00e0 laquelle notre reporter a assist\u00e9<\/strong><\/strong>.<\/p>\n\n\n\n<!--more-->\n\n\n\n<p>Comparaissant depuis la prison de haute s\u00e9curit\u00e9 de Luzira, dans la capitale Kampala, Thomas Kwoyelo pose un regard inquisiteur sur la salle d'audience \u00e0 moiti\u00e9 vide situ\u00e9e \u00e0 Gulu, nord de l\u2019Ouganda. Repr\u00e9sent\u00e9 au tribunal par une batterie d'avocats chevronn\u00e9s, Kwoyelo, bien qu\u2019il ait abandonn\u00e9 l'\u00e9cole primaire en 1992 lorsqu'il a \u00e9t\u00e9 enlev\u00e9 par l'Arm\u00e9e de r\u00e9sistance du Seigneur (LRA), porte un costume de businessman trop grand pour lui.&nbsp;<\/p>\n\n\n\n<p>Lors de cette s\u00e9ance du 19 janvier, organis\u00e9e en milieu de matin\u00e9e, la greffi\u00e8re adjointe de la Haute Cour, Juliet Hatanga, lit la litanie des chefs d'accusation retenus contre lui. Premier et unique commandant de la LRA \u00e0 \u00eatre jug\u00e9 par un tribunal ougandais, il doit r\u00e9pondre de pas moins de 78 chefs d'accusation, dont meurtre, pillage, traitement cruel, atteinte \u00e0 la vie, outrage \u00e0 la dignit\u00e9 humaine, torture, viol, r\u00e9duction en esclavage, emprisonnement, enl\u00e8vement dans l'intention de tuer et vol aggrav\u00e9.<\/p>\n\n\n\n<p>Devant la Division des crimes internationaux de l'Ouganda (ICD), un panel de quatre juges entend l'affaire, qui s\u2019\u00e9ternise sur une dur\u00e9e record de 15 ann\u00e9es depuis sa capture en 2008. Les retards de la proc\u00e9dure, difficilement compr\u00e9hensibles, sont dus \u00e0 de \u00ab&nbsp;multiples facteurs&nbsp;\u00bb et \u00e0 \u00ab&nbsp;la nature complexe du proc\u00e8s&nbsp;\u00bb, a tent\u00e9 d\u2019expliquer la justice ougandaise.<\/p>\n\n\n\n\n\t\t<style type=\"text\/css\">\n\t\t\t#gallery-1 {\n\t\t\t\tmargin: auto;\n\t\t\t}\n\t\t\t#gallery-1 .gallery-item {\n\t\t\t\tfloat: left;\n\t\t\t\tmargin-top: 10px;\n\t\t\t\ttext-align: center;\n\t\t\t\twidth: 33%;\n\t\t\t}\n\t\t\t#gallery-1 img {\n\t\t\t\tborder: 2px solid #cfcfcf;\n\t\t\t}\n\t\t\t#gallery-1 .gallery-caption {\n\t\t\t\tmargin-left: 0;\n\t\t\t}\n\t\t\t\/* see gallery_shortcode() in wp-includes\/media.php *\/\n\t\t<\/style>\n\t\t<div id='gallery-1' class='gallery galleryid-128025 gallery-columns-3 gallery-size-thumbnail'><dl class='gallery-item'>\n\t\t\t<dt class='gallery-icon landscape'>\n\t\t\t\t<a href='https:\/\/www.justiceinfo.net\/fr\/128025-ouganda-excuses-pas-proces-ex-lra-kwoyelo.html\/uganda_thomas-kwoyelo-court-2_grace-matsiko'><img loading=\"lazy\" decoding=\"async\" width=\"150\" height=\"150\" src=\"https:\/\/www.justiceinfo.net\/wp-content\/uploads\/Uganda_Thomas-Kwoyelo-court-2_@Grace-Matsiko-150x150.jpg\" class=\"attachment-thumbnail size-thumbnail\" alt=\"Proc\u00e8s de Thomas Kwoyelo en Ouganda - Me Caleb Alaka, avocat principal de Kwoyelo\" aria-describedby=\"gallery-1-128037\" \/><\/a>\n\t\t\t<\/dt>\n\t\t\t\t<dd class='wp-caption-text gallery-caption' id='gallery-1-128037'>\n\t\t\t\tMe Caleb Alaka, avocat principal de Thomas Kwoyelo. \u00a9 Grace Matsiko\n\t\t\t\t<\/dd><\/dl><dl class='gallery-item'>\n\t\t\t<dt class='gallery-icon landscape'>\n\t\t\t\t<a href='https:\/\/www.justiceinfo.net\/fr\/128025-ouganda-excuses-pas-proces-ex-lra-kwoyelo.html\/uganda_thomas-kwoyelo-court-outreach-1_grace-matsiko'><img loading=\"lazy\" decoding=\"async\" width=\"150\" height=\"150\" src=\"https:\/\/www.justiceinfo.net\/wp-content\/uploads\/Uganda_Thomas-Kwoyelo-court-outreach-1_@Grace-Matsiko-150x150.jpg\" class=\"attachment-thumbnail size-thumbnail\" alt=\"Proc\u00e8s de Thomas Kwoyelo en Ouganda - Des magistrats participent \u00e0 un exercice d\u00e9licat de sensibilisation dans le district d&#039;origine de Kwoyelo.\" aria-describedby=\"gallery-1-128032\" \/><\/a>\n\t\t\t<\/dt>\n\t\t\t\t<dd class='wp-caption-text gallery-caption' id='gallery-1-128032'>\n\t\t\t\tDes magistrats participent \u00e0 un exercice d\u00e9licat de sensibilisation dans le district d'origine de Thomas Kwoyelo. \u00a9 Grace Matsiko\n\t\t\t\t<\/dd><\/dl><dl class='gallery-item'>\n\t\t\t<dt class='gallery-icon landscape'>\n\t\t\t\t<a href='https:\/\/www.justiceinfo.net\/fr\/128025-ouganda-excuses-pas-proces-ex-lra-kwoyelo.html\/uganda_thomas-kwoyelo-court-outreach-2_grace-matsiko'><img loading=\"lazy\" decoding=\"async\" width=\"150\" height=\"150\" src=\"https:\/\/www.justiceinfo.net\/wp-content\/uploads\/Uganda_Thomas-Kwoyelo-court-outreach-2_@Grace-Matsiko-150x150.jpg\" class=\"attachment-thumbnail size-thumbnail\" alt=\"Proc\u00e8s de Thomas Kwoyelo en Ouganda - Trois dames \u00e2g\u00e9es de Pabbo, dans le district d&#039;Amuru, au nord de l&#039;Ouganda, assistent \u00e0 une s\u00e9ance de sensibilisation de la Division des crimes internationaux.\" aria-describedby=\"gallery-1-128027\" \/><\/a>\n\t\t\t<\/dt>\n\t\t\t\t<dd class='wp-caption-text gallery-caption' id='gallery-1-128027'>\n\t\t\t\tTrois dames \u00e2g\u00e9es de Pabbo, dans le district d'Amuru, au nord de l'Ouganda, assistent \u00e0 une s\u00e9ance de sensibilisation de la Division des crimes internationaux. \u00a9 Grace Matsiko\n\t\t\t\t<\/dd><\/dl><br style=\"clear: both\" \/>\n\t\t<\/div>\n\n\n\n\n<h2 class=\"wp-block-heading\" id=\"h-les-excuses-de-la-sensibilisation\">Les excuses de la sensibilisation<\/h2>\n\n\n\n<p>Cette fois-ci, au moins, il s'est pass\u00e9 quelque chose. Apr\u00e8s une br\u00e8ve s\u00e9ance d'audience \u00e0 Gulu, qui n'a pas permis de faire avancer l'affaire, les repr\u00e9sentants de la Cour, notamment les juges Susan Okalany et Richard Wabwire Wejuli, se sont rendus \u00e0 quelque 70 km au nord, dans le cadre d'un programme de sensibilisation visant \u00e0 rencontrer des victimes de la guerre contre la LRA, d'anciens combattants et des t\u00e9moins potentiels de la d\u00e9fense. Ils ont visit\u00e9 plusieurs villages, dont celui d\u2019Abera \u00e0 Pabbo, situ\u00e9 dans le district rural d'Amuru de Kwoyelo et un autre dans un district plus au nord.<\/p>\n\n\n\n<p>Cette campagne rurale est peu peupl\u00e9e, les maisons \u00e9parses, principalement couvertes de chaume, s\u00e9par\u00e9es par de petits jardins plant\u00e9s de ma\u00efs, de sorgho, de millet, de bananes, de haricots, de papayes, de manioc, de caf\u00e9 et de coton. On y voit peu d\u2019\u00e9levage de ch\u00e8vres ou de vaches, ces derni\u00e8res \u00e9tant surtout utilis\u00e9es pour le labourage. La population locale attribue cette situation aux effets de la guerre men\u00e9e par la LRA, lorsque des milliers de t\u00eates de b\u00e9tail ont \u00e9t\u00e9 vol\u00e9es ou chass\u00e9es dans le cadre de la politique de la terre br\u00fbl\u00e9e.<\/p>\n\n\n\n<p>Arriv\u00e9 sur place, la juge Okalany commence par pr\u00e9senter ses excuses : \u00ab&nbsp;Je tiens \u00e0 m'excuser au nom de l'Ouganda, et pas seulement du syst\u00e8me judiciaire, pour le retard du proc\u00e8s de Thomas Kwoyelo. C'est une chose particuli\u00e8rement honteuse pour nous en tant que tribunal. Je ne cherche en aucun cas \u00e0 le cacher&nbsp;\u00bb, d\u00e9clare-t-elle devant une foule attentive. Certains spectateurs essuient \u00e0 mains nues la sueur due \u00e0 la chaleur tropicale de l'apr\u00e8s-midi. A Abera, des gar\u00e7ons vendent des l\u00e9gumes et des fruits frais \u00e0 proximit\u00e9 du lieu o\u00f9 la d\u00e9l\u00e9gation de juges et d'avocats est assise confortablement.<\/p>\n\n\n\n<p>La juge Okalany rappelle certains obstacles ayant conduit aux retards du proc\u00e8s de l'ancien soldat de la LRA. \u00ab&nbsp;Il y a quelques explications, comme le fait que Kwoyelo a contest\u00e9 la loi d'amnistie devant la Cour constitutionnelle pour savoir pourquoi certains de ses sup\u00e9rieurs ont b\u00e9n\u00e9fici\u00e9 de l'amnistie alors que sa demande \u00e0 lui n'a pas \u00e9t\u00e9 accept\u00e9e. Cela a pris un certain temps avant d'\u00eatre d\u00e9termin\u00e9. Puis il y a eu la Covid-19, et des probl\u00e8mes de ressources qui ne peuvent pas \u00eatre ignor\u00e9s&nbsp;\u00bb, d\u00e9clare la juge Okalany, par l'interm\u00e9diaire d'un interpr\u00e8te. \u00ab&nbsp;Nous esp\u00e9rons conclure cette affaire vers le milieu de l'ann\u00e9e, mais je m'excuse vraiment pour ce retard ; c'est un \u00e9chec pour notre syst\u00e8me judiciaire.&nbsp;\u00bb<\/p>\n\n\n\n<p>Citant des t\u00e9moignages de fonctionnaires de la prison, elle indique \u00e0 l'assembl\u00e9e que Kwoyelo a \u00e0 un moment tent\u00e9 de \u00ab&nbsp;se suicider&nbsp;\u00bb en raison des retards de son dossier.<\/p>\n\n\n\n<p>\u00ab&nbsp;Mais la bonne nouvelle, c'est que l'affaire est sur le point d'aboutir, le tribunal ayant r\u00e9cemment d\u00e9cid\u00e9 que Kwoyelo avait des comptes \u00e0 rendre en confirmant 78 chefs d'accusation sur les 93 qui avaient \u00e9t\u00e9 retenus contre lui. Ainsi, sous r\u00e9serve de la disponibilit\u00e9 des ressources, cette affaire devrait \u00eatre cl\u00f4tur\u00e9e d'ici le milieu de l'ann\u00e9e&nbsp;\u00bb, promet pour sa part le juge Wabwire, sans parvenir \u00e0 rassurer.<\/p>\n\n\n\n<h2 class=\"wp-block-heading\" id=\"h-exhumations-et-inhumations-retardes\">Exhumations et inhumations retard\u00e9s<\/h2>\n\n\n\n<p>Hatanga, le nouveau greffier, d\u00e9clare que le proc\u00e8s a retard\u00e9 l'exhumation et la r\u00e9inhumation des corps de certaines victimes de la guerre, dont les proches souhaitent quitter les camps de personnes d\u00e9plac\u00e9es diss\u00e9min\u00e9s dans le nord de l'Ouganda. Le gouvernement a d\u00e9plac\u00e9 temporairement des milliers de personnes en 1996 pour les prot\u00e9ger contre les attaques des rebelles. Aujourd'hui, les familles souhaitent que les fun\u00e9railles de leurs morts se d\u00e9roulent dans leurs villages d'origine. Hatanga explique que le gouvernement ne pouvait pas autoriser l'exhumation des corps avant la fin du proc\u00e8s de Thomas Kwoyelo, les tombes ayant \u00e9t\u00e9 qualifi\u00e9es de \u00ab&nbsp;sc\u00e8nes de crime&nbsp;\u00bb.<\/p>\n\n\n\n<p>L'avocat principal de Kwoyelo, Caleb Alaka, pr\u00e9cise \u00e0 Justice Info qu\u2019il pr\u00e9voit de convoquer plus de 50 t\u00e9moins pour sa d\u00e9fense. \u00ab&nbsp;Notre visite ici a pour but d'informer la population de l'avancement de l'affaire et d'obtenir des t\u00e9moins ou des personnes disposant d'informations essentielles que nous pourrons utiliser pour la d\u00e9fense de Kwoyelo&nbsp;\u00bb, d\u00e9clare le p\u00e9naliste chevronn\u00e9.<\/p>\n\n\n\n<p>Les habitants, s'exprimant dans la langue locale Luo, expriment leur inqui\u00e9tude quant \u00e0 leur s\u00e9curit\u00e9 s'ils venaient t\u00e9moigner. \u00ab&nbsp;En venant t\u00e9moigner (pour la d\u00e9fense) de Kwoyelo, ne serions-nous pas per\u00e7us comme des sympathisants de la LRA ?&nbsp;\u00bb, demande l'un des habitants \u00e2g\u00e9s qui refuse d'\u00eatre cit\u00e9 du fait de la sensibilit\u00e9 de sa question.<\/p>\n\n\n\n<h2 class=\"wp-block-heading\" id=\"h-nbsp-nous-preferons-rester-a-l-ecart-nbsp\">\u00ab&nbsp;Nous pr\u00e9f\u00e9rons rester \u00e0 l'\u00e9cart&nbsp;\u00bb<\/h2>\n\n\n\n<p>\u00ab&nbsp;Les gens ne veulent pas \u00eatre li\u00e9s de quelque mani\u00e8re que ce soit \u00e0 cette guerre. De nombreuses familles, dont la mienne, ont \u00e9t\u00e9 d\u00e9truites et nous vivons dans le traumatisme&nbsp;\u00bb, d\u00e9clare \u00e0 Justice Info Moses Akena, un oncle de Kwoyelo et l'un des plus hauts fonctionnaires de Pabbo. \u00ab&nbsp;Certains d'entre nous ont \u00e9t\u00e9 arr\u00eat\u00e9s et d\u00e9tenus pendant longtemps \u00e0 cause de Kwoyelo. Nous pr\u00e9f\u00e9rons nous tenir \u00e0 l'\u00e9cart de l'affaire.&nbsp;\u00bb Et d\u2019ajouter que \u00ab&nbsp;les st\u00e9r\u00e9otypes et la stigmatisation&nbsp;\u00bb ont pris racine dans les communaut\u00e9s en raison de la perception du r\u00f4le de Kwoyelo dans la LRA, malgr\u00e9 les appels des chefs communautaires \u00e0 la r\u00e9int\u00e9gration et \u00e0 l'harmonie entre les anciens combattants de la LRA qui ont renonc\u00e9 \u00e0 la r\u00e9bellion et la population en g\u00e9n\u00e9ral.<\/p>\n\n\n\n<p>Dans le district rural de Kwoyelo, la communaut\u00e9 se connecte \u00e0 travers un canevas de sentiers de village par lesquels on visite les amis et les parents dans ce paysage plut\u00f4t idyllique. Le chant des oiseaux \u00e9tonne et enchante ceux qui visitent pour la premi\u00e8re fois cette partie de l'Ouganda o\u00f9 les habitants accueillent tout le monde avec un large mais curieux sourire. Peut-\u00eatre parce que le proc\u00e8s Thomas Kwoyelo leur para\u00eet hors du temps.<\/p>\n\n\n\n<p><em>Lisez la suite de cet article : <a href=\"https:\/\/www.justiceinfo.net\/fr\/128196-kwoyelo-est-ne-et-a-grandi-ici.html\">\u00ab\u00a0Kwoyelo est n\u00e9 et a grandi ici\u00a0\u00bb<\/a><\/em><\/p>\n\n\n<div class=\"articleLink articleLink--editorRecommanded articleLink--textInImage articleLink--textTop\" style=\"\">\r\n\t\t\t\t\t\r\n\t\t\t<div class=\"articleLinkSurTitle\">Recommand\u00e9 par la r\u00e9daction<\/div>\r\n\t\t\t<a class=\"articleLinkImageLink\" href=\"https:\/\/www.justiceinfo.net\/fr\/128196-kwoyelo-est-ne-et-a-grandi-ici.html\"><div class=\"articleLinkImageContainer \"><img loading=\"lazy\" decoding=\"async\" width=\"540\" height=\"360\" src=\"https:\/\/www.justiceinfo.net\/wp-content\/uploads\/Uganda_Thomas-Kwoyelo-family-1_@Grace-Matsiko-540x360.jpg\" class=\"articleLinkImage backgroundImageTag w-100 wp-post-image\" alt=\"Reportage dans le village de naissance de Thomas Kwoyelo, en Ouganda, aupr\u00e8s de sa famille. Photo : des proches de Kwoyelo devant la maison o\u00f9 il a v\u00e9cu enfant.\" srcset=\"\" sizes=\"auto, (max-width: 540px) 100vw, 540px\" \/><\/div><\/a>\r\n\t\t\t<a href=\"https:\/\/www.justiceinfo.net\/fr\/128196-kwoyelo-est-ne-et-a-grandi-ici.html\" class=\"articleLinkTitle articleLinkTitle--default\">\r\n\t\t\t\u00ab\u00a0Kwoyelo est n\u00e9 et a grandi ici\u00a0\u00bb\r\n\t\t<\/a>\r\n\t\t\r\n\t\t\t\t<\/div>\n","protected":false},"excerpt":{"rendered":"<p>De sa prison de haute s\u00e9curit\u00e9 \u00e0 300 km de l\u00e0 \u00e0 Kampala, l'ancien colonel de l'Arm\u00e9e de r\u00e9sistance du Seigneur (LRA), Thomas Kwoyelo, a comparu par vid\u00e9o le 19 janvier devant la Division des crimes internationaux. Cette derni\u00e8re a tenu une nouvelle audience st\u00e9rile dans une salle d'audience de sa ville natale de Gulu, [&hellip;]<\/p>\n","protected":false},"author":82,"featured_media":128042,"comment_status":"open","ping_status":"closed","sticky":false,"template":"","format":"standard","meta":{"_acf_changed":false,"footnotes":""},"categories":[574],"tags":[4139],"ji_location":[2530],"class_list":["post-128025","post","type-post","status-publish","format-standard","has-post-thumbnail","hentry","category-tribunaux-nationaux","tag-thomas-kwoyelo-fr","ji_location-ouganda"],"acf":[],"yoast_head":"<!-- This site is optimized with the Yoast SEO Premium plugin v25.3.1 (Yoast SEO v25.3.1) - https:\/\/yoast.com\/wordpress\/plugins\/seo\/ -->\n<title>Thomas Kwoyelo : des excuses, mais toujours pas de proc\u00e8s en Ouganda<\/title>\n<meta name=\"description\" content=\"Suite de l\u2019affaire Thomas Kwoyelo. L&#039;ex-colonel de l&#039;Arm\u00e9e de r\u00e9sistance du Seigneur (LRA) est emprisonn\u00e9 depuis plus de 15 ans en Ouganda. Reportage sur la derni\u00e8re audience ainsi que lors d&#039;une s\u00e9ance de sensibilisation hors du temps, dans des villages ougandais.\" \/>\n<meta name=\"robots\" content=\"index, follow, max-snippet:-1, max-image-preview:large, max-video-preview:-1\" \/>\n<link rel=\"canonical\" href=\"https:\/\/www.justiceinfo.net\/fr\/128025-ouganda-excuses-pas-proces-ex-lra-kwoyelo.html\" \/>\n<meta property=\"og:locale\" content=\"fr_FR\" \/>\n<meta property=\"og:type\" content=\"article\" \/>\n<meta property=\"og:title\" content=\"Ouganda : des excuses, mais toujours pas de proc\u00e8s pour l&#039;ex-LRA Kwoyelo\" \/>\n<meta property=\"og:description\" content=\"Suite de l\u2019affaire Thomas Kwoyelo. L&#039;ex-colonel de l&#039;Arm\u00e9e de r\u00e9sistance du Seigneur (LRA) est emprisonn\u00e9 depuis plus de 15 ans en Ouganda. Reportage sur la derni\u00e8re audience ainsi que lors d&#039;une s\u00e9ance de sensibilisation hors du temps, dans des villages ougandais.\" \/>\n<meta property=\"og:url\" content=\"https:\/\/www.justiceinfo.net\/fr\/128025-ouganda-excuses-pas-proces-ex-lra-kwoyelo.html\" \/>\n<meta property=\"og:site_name\" content=\"JusticeInfo.net\" \/>\n<meta property=\"article:publisher\" content=\"https:\/\/www.facebook.com\/JusticeInfo\/\" \/>\n<meta property=\"article:published_time\" content=\"2024-02-05T10:41:27+00:00\" \/>\n<meta property=\"article:modified_time\" content=\"2024-02-29T08:16:05+00:00\" \/>\n<meta property=\"og:image\" content=\"https:\/\/www.justiceinfo.net\/wp-content\/uploads\/Uganda_Thomas-Kwoyelo-court-1_@Grace-Matsiko.jpg\" \/>\n\t<meta property=\"og:image:width\" content=\"1200\" \/>\n\t<meta property=\"og:image:height\" content=\"800\" \/>\n\t<meta property=\"og:image:type\" content=\"image\/jpeg\" \/>\n<meta name=\"author\" content=\"gmatsiko\" \/>\n<meta name=\"twitter:card\" content=\"summary_large_image\" \/>\n<meta name=\"twitter:creator\" content=\"@matsiko_grace\" \/>\n<meta name=\"twitter:site\" content=\"@justiceinfonet\" \/>\n<meta name=\"twitter:label1\" content=\"\u00c9crit par\" \/>\n\t<meta name=\"twitter:data1\" content=\"gmatsiko\" \/>\n\t<meta name=\"twitter:label2\" content=\"Dur\u00e9e de lecture estim\u00e9e\" \/>\n\t<meta name=\"twitter:data2\" content=\"7 minutes\" \/>\n<script type=\"application\/ld+json\" class=\"yoast-schema-graph\">{\"@context\":\"https:\/\/schema.org\",\"@graph\":[{\"@type\":\"NewsArticle\",\"@id\":\"https:\/\/www.justiceinfo.net\/fr\/128025-ouganda-excuses-pas-proces-ex-lra-kwoyelo.html#article\",\"isPartOf\":{\"@id\":\"https:\/\/www.justiceinfo.net\/fr\/128025-ouganda-excuses-pas-proces-ex-lra-kwoyelo.html\"},\"author\":{\"name\":\"gmatsiko\",\"@id\":\"https:\/\/www.justiceinfo.net\/fr#\/schema\/person\/edcd9b4e8df09b80bcd8dcf30079bd73\"},\"headline\":\"Ouganda : des excuses, mais toujours pas de proc\u00e8s pour l'ex-LRA Kwoyelo\",\"datePublished\":\"2024-02-05T10:41:27+00:00\",\"dateModified\":\"2024-02-29T08:16:05+00:00\",\"mainEntityOfPage\":{\"@id\":\"https:\/\/www.justiceinfo.net\/fr\/128025-ouganda-excuses-pas-proces-ex-lra-kwoyelo.html\"},\"wordCount\":1438,\"commentCount\":0,\"publisher\":{\"@id\":\"https:\/\/www.justiceinfo.net\/fr#organization\"},\"image\":{\"@id\":\"https:\/\/www.justiceinfo.net\/fr\/128025-ouganda-excuses-pas-proces-ex-lra-kwoyelo.html#primaryimage\"},\"thumbnailUrl\":\"https:\/\/www.justiceinfo.net\/wp-content\/uploads\/Uganda_Thomas-Kwoyelo-court-1_@Grace-Matsiko.jpg\",\"keywords\":[\"Thomas Kwoyelo\"],\"articleSection\":[\"Tribunaux nationaux\"],\"inLanguage\":\"fr-FR\",\"potentialAction\":[{\"@type\":\"CommentAction\",\"name\":\"Comment\",\"target\":[\"https:\/\/www.justiceinfo.net\/fr\/128025-ouganda-excuses-pas-proces-ex-lra-kwoyelo.html#respond\"]}]},{\"@type\":\"WebPage\",\"@id\":\"https:\/\/www.justiceinfo.net\/fr\/128025-ouganda-excuses-pas-proces-ex-lra-kwoyelo.html\",\"url\":\"https:\/\/www.justiceinfo.net\/fr\/128025-ouganda-excuses-pas-proces-ex-lra-kwoyelo.html\",\"name\":\"Thomas Kwoyelo : des excuses, mais toujours pas de proc\u00e8s en Ouganda\",\"isPartOf\":{\"@id\":\"https:\/\/www.justiceinfo.net\/fr#website\"},\"primaryImageOfPage\":{\"@id\":\"https:\/\/www.justiceinfo.net\/fr\/128025-ouganda-excuses-pas-proces-ex-lra-kwoyelo.html#primaryimage\"},\"image\":{\"@id\":\"https:\/\/www.justiceinfo.net\/fr\/128025-ouganda-excuses-pas-proces-ex-lra-kwoyelo.html#primaryimage\"},\"thumbnailUrl\":\"https:\/\/www.justiceinfo.net\/wp-content\/uploads\/Uganda_Thomas-Kwoyelo-court-1_@Grace-Matsiko.jpg\",\"datePublished\":\"2024-02-05T10:41:27+00:00\",\"dateModified\":\"2024-02-29T08:16:05+00:00\",\"description\":\"Suite de l\u2019affaire Thomas Kwoyelo. L'ex-colonel de l'Arm\u00e9e de r\u00e9sistance du Seigneur (LRA) est emprisonn\u00e9 depuis plus de 15 ans en Ouganda. Reportage sur la derni\u00e8re audience ainsi que lors d'une s\u00e9ance de sensibilisation hors du temps, dans des villages ougandais.\",\"breadcrumb\":{\"@id\":\"https:\/\/www.justiceinfo.net\/fr\/128025-ouganda-excuses-pas-proces-ex-lra-kwoyelo.html#breadcrumb\"},\"inLanguage\":\"fr-FR\",\"potentialAction\":[{\"@type\":\"ReadAction\",\"target\":[\"https:\/\/www.justiceinfo.net\/fr\/128025-ouganda-excuses-pas-proces-ex-lra-kwoyelo.html\"]}]},{\"@type\":\"ImageObject\",\"inLanguage\":\"fr-FR\",\"@id\":\"https:\/\/www.justiceinfo.net\/fr\/128025-ouganda-excuses-pas-proces-ex-lra-kwoyelo.html#primaryimage\",\"url\":\"https:\/\/www.justiceinfo.net\/wp-content\/uploads\/Uganda_Thomas-Kwoyelo-court-1_@Grace-Matsiko.jpg\",\"contentUrl\":\"https:\/\/www.justiceinfo.net\/wp-content\/uploads\/Uganda_Thomas-Kwoyelo-court-1_@Grace-Matsiko.jpg\",\"width\":1200,\"height\":800,\"caption\":\"Thomas Kwoyelo, en d\u00e9tention provisoire depuis une quinzaine d'ann\u00e9es, appara\u00eet en vid\u00e9o lors d'une audience organis\u00e9e le 19 janvier \u00e0 Gulu, au nord de l'Ouganda. \u00a9 Grace Matsiko\"},{\"@type\":\"BreadcrumbList\",\"@id\":\"https:\/\/www.justiceinfo.net\/fr\/128025-ouganda-excuses-pas-proces-ex-lra-kwoyelo.html#breadcrumb\",\"itemListElement\":[{\"@type\":\"ListItem\",\"position\":1,\"name\":\"Home\",\"item\":\"https:\/\/www.justiceinfo.net\/fr\"},{\"@type\":\"ListItem\",\"position\":2,\"name\":\"Ouganda : des excuses, mais toujours pas de proc\u00e8s pour l'ex-LRA Kwoyelo\"}]},{\"@type\":\"WebSite\",\"@id\":\"https:\/\/www.justiceinfo.net\/fr#website\",\"url\":\"https:\/\/www.justiceinfo.net\/fr\",\"name\":\"JusticeInfo.net\",\"description\":\"La justice doit \u00eatre vue pour \u00eatre rendue\",\"publisher\":{\"@id\":\"https:\/\/www.justiceinfo.net\/fr#organization\"},\"potentialAction\":[{\"@type\":\"SearchAction\",\"target\":{\"@type\":\"EntryPoint\",\"urlTemplate\":\"https:\/\/www.justiceinfo.net\/fr?s={search_term_string}\"},\"query-input\":{\"@type\":\"PropertyValueSpecification\",\"valueRequired\":true,\"valueName\":\"search_term_string\"}}],\"inLanguage\":\"fr-FR\"},{\"@type\":\"Organization\",\"@id\":\"https:\/\/www.justiceinfo.net\/fr#organization\",\"name\":\"Justice Info\",\"url\":\"https:\/\/www.justiceinfo.net\/fr\",\"logo\":{\"@type\":\"ImageObject\",\"inLanguage\":\"fr-FR\",\"@id\":\"https:\/\/www.justiceinfo.net\/fr#\/schema\/logo\/image\/\",\"url\":\"https:\/\/www.justiceinfo.net\/wp-content\/uploads\/justiceinfo_logo-trans_1200x1200px.png\",\"contentUrl\":\"https:\/\/www.justiceinfo.net\/wp-content\/uploads\/justiceinfo_logo-trans_1200x1200px.png\",\"width\":1199,\"height\":1200,\"caption\":\"Justice Info\"},\"image\":{\"@id\":\"https:\/\/www.justiceinfo.net\/fr#\/schema\/logo\/image\/\"},\"sameAs\":[\"https:\/\/www.facebook.com\/JusticeInfo\/\",\"https:\/\/x.com\/justiceinfonet\",\"https:\/\/www.linkedin.com\/company\/justice-info\",\"https:\/\/www.youtube.com\/channel\/UCyCEsARodyuWtkWyhn-e7pA\"]},{\"@type\":\"Person\",\"name\":\"gmatsiko\",\"sameAs\":[\"https:\/\/x.com\/matsiko_grace\"],\"url\":\"https:\/\/www.justiceinfo.net\/fr\/auteur\/gmatsiko\"}]}<\/script>\n<!-- \/ Yoast SEO Premium plugin. -->","yoast_head_json":{"title":"Thomas Kwoyelo : des excuses, mais toujours pas de proc\u00e8s en Ouganda","description":"Suite de l\u2019affaire Thomas Kwoyelo. L'ex-colonel de l'Arm\u00e9e de r\u00e9sistance du Seigneur (LRA) est emprisonn\u00e9 depuis plus de 15 ans en Ouganda. Reportage sur la derni\u00e8re audience ainsi que lors d'une s\u00e9ance de sensibilisation hors du temps, dans des villages ougandais.","robots":{"index":"index","follow":"follow","max-snippet":"max-snippet:-1","max-image-preview":"max-image-preview:large","max-video-preview":"max-video-preview:-1"},"canonical":"https:\/\/www.justiceinfo.net\/fr\/128025-ouganda-excuses-pas-proces-ex-lra-kwoyelo.html","og_locale":"fr_FR","og_type":"article","og_title":"Ouganda : des excuses, mais toujours pas de proc\u00e8s pour l'ex-LRA Kwoyelo","og_description":"Suite de l\u2019affaire Thomas Kwoyelo. L'ex-colonel de l'Arm\u00e9e de r\u00e9sistance du Seigneur (LRA) est emprisonn\u00e9 depuis plus de 15 ans en Ouganda. Reportage sur la derni\u00e8re audience ainsi que lors d'une s\u00e9ance de sensibilisation hors du temps, dans des villages ougandais.","og_url":"https:\/\/www.justiceinfo.net\/fr\/128025-ouganda-excuses-pas-proces-ex-lra-kwoyelo.html","og_site_name":"JusticeInfo.net","article_publisher":"https:\/\/www.facebook.com\/JusticeInfo\/","article_published_time":"2024-02-05T10:41:27+00:00","article_modified_time":"2024-02-29T08:16:05+00:00","og_image":[{"width":1200,"height":800,"url":"https:\/\/www.justiceinfo.net\/wp-content\/uploads\/Uganda_Thomas-Kwoyelo-court-1_@Grace-Matsiko.jpg","type":"image\/jpeg"}],"author":"gmatsiko","twitter_card":"summary_large_image","twitter_creator":"@matsiko_grace","twitter_site":"@justiceinfonet","twitter_misc":{"\u00c9crit par":"gmatsiko","Dur\u00e9e de lecture estim\u00e9e":"7 minutes"},"schema":{"@context":"https:\/\/schema.org","@graph":[{"@type":"NewsArticle","@id":"https:\/\/www.justiceinfo.net\/fr\/128025-ouganda-excuses-pas-proces-ex-lra-kwoyelo.html#article","isPartOf":{"@id":"https:\/\/www.justiceinfo.net\/fr\/128025-ouganda-excuses-pas-proces-ex-lra-kwoyelo.html"},"author":{"name":"gmatsiko","@id":"https:\/\/www.justiceinfo.net\/fr#\/schema\/person\/edcd9b4e8df09b80bcd8dcf30079bd73"},"headline":"Ouganda : des excuses, mais toujours pas de proc\u00e8s pour l'ex-LRA Kwoyelo","datePublished":"2024-02-05T10:41:27+00:00","dateModified":"2024-02-29T08:16:05+00:00","mainEntityOfPage":{"@id":"https:\/\/www.justiceinfo.net\/fr\/128025-ouganda-excuses-pas-proces-ex-lra-kwoyelo.html"},"wordCount":1438,"commentCount":0,"publisher":{"@id":"https:\/\/www.justiceinfo.net\/fr#organization"},"image":{"@id":"https:\/\/www.justiceinfo.net\/fr\/128025-ouganda-excuses-pas-proces-ex-lra-kwoyelo.html#primaryimage"},"thumbnailUrl":"https:\/\/www.justiceinfo.net\/wp-content\/uploads\/Uganda_Thomas-Kwoyelo-court-1_@Grace-Matsiko.jpg","keywords":["Thomas Kwoyelo"],"articleSection":["Tribunaux nationaux"],"inLanguage":"fr-FR","potentialAction":[{"@type":"CommentAction","name":"Comment","target":["https:\/\/www.justiceinfo.net\/fr\/128025-ouganda-excuses-pas-proces-ex-lra-kwoyelo.html#respond"]}]},{"@type":"WebPage","@id":"https:\/\/www.justiceinfo.net\/fr\/128025-ouganda-excuses-pas-proces-ex-lra-kwoyelo.html","url":"https:\/\/www.justiceinfo.net\/fr\/128025-ouganda-excuses-pas-proces-ex-lra-kwoyelo.html","name":"Thomas Kwoyelo : des excuses, mais toujours pas de proc\u00e8s en Ouganda","isPartOf":{"@id":"https:\/\/www.justiceinfo.net\/fr#website"},"primaryImageOfPage":{"@id":"https:\/\/www.justiceinfo.net\/fr\/128025-ouganda-excuses-pas-proces-ex-lra-kwoyelo.html#primaryimage"},"image":{"@id":"https:\/\/www.justiceinfo.net\/fr\/128025-ouganda-excuses-pas-proces-ex-lra-kwoyelo.html#primaryimage"},"thumbnailUrl":"https:\/\/www.justiceinfo.net\/wp-content\/uploads\/Uganda_Thomas-Kwoyelo-court-1_@Grace-Matsiko.jpg","datePublished":"2024-02-05T10:41:27+00:00","dateModified":"2024-02-29T08:16:05+00:00","description":"Suite de l\u2019affaire Thomas Kwoyelo. L'ex-colonel de l'Arm\u00e9e de r\u00e9sistance du Seigneur (LRA) est emprisonn\u00e9 depuis plus de 15 ans en Ouganda. Reportage sur la derni\u00e8re audience ainsi que lors d'une s\u00e9ance de sensibilisation hors du temps, dans des villages ougandais.","breadcrumb":{"@id":"https:\/\/www.justiceinfo.net\/fr\/128025-ouganda-excuses-pas-proces-ex-lra-kwoyelo.html#breadcrumb"},"inLanguage":"fr-FR","potentialAction":[{"@type":"ReadAction","target":["https:\/\/www.justiceinfo.net\/fr\/128025-ouganda-excuses-pas-proces-ex-lra-kwoyelo.html"]}]},{"@type":"ImageObject","inLanguage":"fr-FR","@id":"https:\/\/www.justiceinfo.net\/fr\/128025-ouganda-excuses-pas-proces-ex-lra-kwoyelo.html#primaryimage","url":"https:\/\/www.justiceinfo.net\/wp-content\/uploads\/Uganda_Thomas-Kwoyelo-court-1_@Grace-Matsiko.jpg","contentUrl":"https:\/\/www.justiceinfo.net\/wp-content\/uploads\/Uganda_Thomas-Kwoyelo-court-1_@Grace-Matsiko.jpg","width":1200,"height":800,"caption":"Thomas Kwoyelo, en d\u00e9tention provisoire depuis une quinzaine d'ann\u00e9es, appara\u00eet en vid\u00e9o lors d'une audience organis\u00e9e le 19 janvier \u00e0 Gulu, au nord de l'Ouganda. \u00a9 Grace Matsiko"},{"@type":"BreadcrumbList","@id":"https:\/\/www.justiceinfo.net\/fr\/128025-ouganda-excuses-pas-proces-ex-lra-kwoyelo.html#breadcrumb","itemListElement":[{"@type":"ListItem","position":1,"name":"Home","item":"https:\/\/www.justiceinfo.net\/fr"},{"@type":"ListItem","position":2,"name":"Ouganda : des excuses, mais toujours pas de proc\u00e8s pour l'ex-LRA Kwoyelo"}]},{"@type":"WebSite","@id":"https:\/\/www.justiceinfo.net\/fr#website","url":"https:\/\/www.justiceinfo.net\/fr","name":"JusticeInfo.net","description":"La justice doit \u00eatre vue pour \u00eatre rendue","publisher":{"@id":"https:\/\/www.justiceinfo.net\/fr#organization"},"potentialAction":[{"@type":"SearchAction","target":{"@type":"EntryPoint","urlTemplate":"https:\/\/www.justiceinfo.net\/fr?s={search_term_string}"},"query-input":{"@type":"PropertyValueSpecification","valueRequired":true,"valueName":"search_term_string"}}],"inLanguage":"fr-FR"},{"@type":"Organization","@id":"https:\/\/www.justiceinfo.net\/fr#organization","name":"Justice Info","url":"https:\/\/www.justiceinfo.net\/fr","logo":{"@type":"ImageObject","inLanguage":"fr-FR","@id":"https:\/\/www.justiceinfo.net\/fr#\/schema\/logo\/image\/","url":"https:\/\/www.justiceinfo.net\/wp-content\/uploads\/justiceinfo_logo-trans_1200x1200px.png","contentUrl":"https:\/\/www.justiceinfo.net\/wp-content\/uploads\/justiceinfo_logo-trans_1200x1200px.png","width":1199,"height":1200,"caption":"Justice Info"},"image":{"@id":"https:\/\/www.justiceinfo.net\/fr#\/schema\/logo\/image\/"},"sameAs":["https:\/\/www.facebook.com\/JusticeInfo\/","https:\/\/x.com\/justiceinfonet","https:\/\/www.linkedin.com\/company\/justice-info","https:\/\/www.youtube.com\/channel\/UCyCEsARodyuWtkWyhn-e7pA"]},{"@type":"Person","name":"gmatsiko","sameAs":["https:\/\/x.com\/matsiko_grace"],"url":"https:\/\/www.justiceinfo.net\/fr\/auteur\/gmatsiko"}]}},"_links":{"self":[{"href":"https:\/\/www.justiceinfo.net\/fr\/wp-json\/wp\/v2\/posts\/128025","targetHints":{"allow":["GET"]}}],"collection":[{"href":"https:\/\/www.justiceinfo.net\/fr\/wp-json\/wp\/v2\/posts"}],"about":[{"href":"https:\/\/www.justiceinfo.net\/fr\/wp-json\/wp\/v2\/types\/post"}],"author":[{"embeddable":true,"href":"https:\/\/www.justiceinfo.net\/fr\/wp-json\/wp\/v2\/users\/82"}],"replies":[{"embeddable":true,"href":"https:\/\/www.justiceinfo.net\/fr\/wp-json\/wp\/v2\/comments?post=128025"}],"version-history":[{"count":24,"href":"https:\/\/www.justiceinfo.net\/fr\/wp-json\/wp\/v2\/posts\/128025\/revisions"}],"predecessor-version":[{"id":128219,"href":"https:\/\/www.justiceinfo.net\/fr\/wp-json\/wp\/v2\/posts\/128025\/revisions\/128219"}],"wp:featuredmedia":[{"embeddable":true,"href":"https:\/\/www.justiceinfo.net\/fr\/wp-json\/wp\/v2\/media\/128042"}],"wp:attachment":[{"href":"https:\/\/www.justiceinfo.net\/fr\/wp-json\/wp\/v2\/media?parent=128025"}],"wp:term":[{"taxonomy":"category","embeddable":true,"href":"https:\/\/www.justiceinfo.net\/fr\/wp-json\/wp\/v2\/categories?post=128025"},{"taxonomy":"post_tag","embeddable":true,"href":"https:\/\/www.justiceinfo.net\/fr\/wp-json\/wp\/v2\/tags?post=128025"},{"taxonomy":"ji_location","embeddable":true,"href":"https:\/\/www.justiceinfo.net\/fr\/wp-json\/wp\/v2\/ji_location?post=128025"}],"curies":[{"name":"wp","href":"https:\/\/api.w.org\/{rel}","templated":true}]}}