{"id":12809,"date":"2011-03-04T00:00:00","date_gmt":"2011-03-03T23:00:00","guid":{"rendered":"https:\/\/www.justiceinfo.net\/12809-040311-rwandafrance-inquietude-des-associations-de-victimes-apres-le-retour-dalain-juppe9617.html"},"modified":"2011-03-04T00:00:00","modified_gmt":"2011-03-03T23:00:00","slug":"040311-rwandafrance-inquietude-des-associations-de-victimes-apres-le-retour-dalain-juppe9617","status":"publish","type":"post","link":"https:\/\/www.justiceinfo.net\/fr\/12809-040311-rwandafrance-inquietude-des-associations-de-victimes-apres-le-retour-dalain-juppe9617.html","title":{"rendered":"04.03.11 - RWANDA\/FRANCE - INQUIETUDE DES ASSOCIATIONS DE VICTIMES APRES LE RETOUR D'ALAIN JUPPE"},"content":{"rendered":"<p>Paris, 4 mars 2011 - Le nouveau ministre fran&ccedil;ais des Affaires &eacute;trang&egrave;res, Alain Jupp&eacute;, a retrouv&eacute; le 27 f&eacute;vrier ses fonctions au Quai d'Orsay, qu'il avait dirig&eacute; de 1993 &agrave; 1995, se trouvant confront&eacute; en 1994 au g&eacute;nocide rwandais. Cette nomination suscite l'inqui&eacute;tude des associations de victimes du g&eacute;nocide, &agrave; Kigali comme &agrave; Paris.<br \/>\n<!--more--><\/p>\n<p >\n<p >\nDans un communiqu&eacute; publi&eacute; le 2 mars, le Collectif des parties civiles pour le Rwanda, une organisation fran&ccedil;aise de soutien aux victimes du g&eacute;nocide, d&eacute;plore cette nomination qui &laquo; rappelle de mauvais souvenirs &raquo;.\n<\/p>\n<p >\n&nbsp;&laquo;L'homme qui revient aux Affaires &eacute;trang&egrave;res de la France est un de ceux qui, mis en cause pour le soutien apport&eacute; &agrave; un r&eacute;gime g&eacute;nocidaire, n'a jamais &eacute;prouv&eacute; le moindre remord ni &eacute;voqu&eacute; la moindre remise en cause de son action et de celle du gouvernement auquel il participait&raquo;, affirme le communiqu&eacute;.\n<\/p>\n<p >\nA Kigali, le nouveau pr&eacute;sident d'Ibuka, Jean Pierre Dusingizemungu a &eacute;galement fait part de ses inqui&eacute;tudes dans un entretien avec l'agence Hirondelle.\n<\/p>\n<p >\n&laquo; Nous sommes inquiets du retour d'Alain Jupp&eacute; aux Affaires &eacute;trang&egrave;res. S'il revient avec la m&ecirc;me intransigeance qu'en 1994, nous craignons un nouveau refroidissement des relations entre Paris et Kigali. Au lendemain du g&eacute;nocide des Tutsis, n'a-t-il pas d&eacute;clar&eacute; n'avoir aucun regret sur la politique de son pays dans cette trag&eacute;die rwandaise ? &raquo;, a indiqu&eacute; M.Dusingizemungu\n<\/p>\n<p >\n&laquo; Ibuka est loin d'oublier le r&ocirc;le incontournable de Jupp&eacute; dans la mise sur pied et le suivi de l'op&eacute;ration Turquoise, mont&eacute;e pour prot&eacute;ger les planificateurs et les auteurs de ce g&eacute;nocide &raquo;, a poursuivi le pr&eacute;sident d'Ibuka. Il a sugg&eacute;r&eacute; au chef de la diplomatie fran&ccedil;aise de s'amender &agrave; travers &laquo; une d&eacute;claration et une visite officielles &agrave; Kigali pour demander pardon &raquo;.\n<\/p>\n<p >\nEn 2008, l'ancien ministre des Affaires &eacute;trang&egrave;res Bernard Kouchner avait &eacute;voqu&eacute; une &laquo; faute politique &raquo; de la France au Rwanda. &laquo; C'est trop ou trop peu, r&eacute;agissait&nbsp; Alain Jupp&eacute; sur son blog. De quelle faute s'agit-il ? Il faut l'expliquer ! Aurions-nous, par exemple, pris syst&eacute;matiquement le parti d'un camp contre l'autre, des Hutus contre les Tutsis ? C'est une contre-v&eacute;rit&eacute;. Pendant la p&eacute;riode o&ugrave; j'ai conduit la diplomatie fran&ccedil;aise (d'avril 1993 &agrave; mai 1995), nous avons fait tous les efforts possibles pour aider &agrave; la r&eacute;conciliation des Rwandais. Ces efforts ont abouti aux accords d'Arusha II sign&eacute;s le 4 ao&ucirc;t 1993. &raquo;\n<\/p>\n<p >\nDans un courrier adress&eacute; plus tard au g&eacute;n&eacute;ral Jean-Claude Lafourcade, l'ex-commandant de l'op&eacute;ration Turquoise men&eacute;e par la France au Rwanda en juin 1994, Alain Jupp&eacute; pr&eacute;cisait : &laquo; Je suis scandalis&eacute; par la tentative de r&eacute;&eacute;criture de l'histoire qui vise &agrave; faire porter sur la France tout ou partie de la responsabilit&eacute; de l'abominable g&eacute;nocide rwandais. (...) L'op&eacute;ration Turquoise fait honneur &agrave; la France et &agrave; son arm&eacute;e. Nos soldats ont agi avec courage, loyaut&eacute; et abn&eacute;gation et ont sauv&eacute; des dizaines de milliers de vies. &raquo;\n<\/p>\n<p >\nDans une tribune publi&eacute;e sur son blog le 1er mars 2010, il ajoutait : &laquo; Loin de se taire sur ce qui s'est alors pass&eacute; au Rwanda, le gouvernement fran&ccedil;ais a, par ma voix, solennellement d&eacute;nonc&eacute; le g&eacute;nocide dont des centaines de milliers de Tutsis &eacute;taient les victimes. Je l'ai dit le 15 mai 1994 &agrave; l'issue de la r&eacute;union du Conseil des ministres de l'Union europ&eacute;enne &agrave; Bruxelles, et de nouveau le 18 mai &agrave; l'Assembl&eacute;e nationale au cours de la s&eacute;ance des questions d'actualit&eacute;. &raquo;\n<\/p>\n<p >\nAlain Jupp&eacute; concluait cette m&ecirc;me tribune par ces lignes : &laquo; Aujourd'hui, il est utile que la France et le Rwanda dissipent les malentendus et se r&eacute;concilient. Il reste n&eacute;cessaire que les coupables de cet abominable g&eacute;nocide soient poursuivis, traduits en justice et ch&acirc;ti&eacute;s, o&ugrave; qu'ils se trouvent. &raquo;\n<\/p>\n<p >\nToutefois, pr&egrave;s de dix-sept ans apr&egrave;s le g&eacute;nocide, aucun proc&egrave;s n'a encore eu lieu en France.\n<\/p>\n<p>\nFP\/SRE\/ER\/GF\n<\/p>\n<p>\n&copy; Agence Hirondelle<\/p>\n","protected":false},"excerpt":{"rendered":"<p>Paris, 4 mars 2011 - Le nouveau ministre fran&ccedil;ais des Affaires &eacute;trang&egrave;res, Alain Jupp&eacute;, a retrouv&eacute; le 27 f&eacute;vrier ses fonctions au Quai d'Orsay, qu'il avait dirig&eacute; de 1993 &agrave; 1995, se trouvant confront&eacute; en 1994 au g&eacute;nocide rwandais. Cette nomination suscite l'inqui&eacute;tude des associations de victimes du g&eacute;nocide, &agrave; Kigali comme &agrave; Paris.<\/p>\n","protected":false},"author":64,"featured_media":0,"comment_status":"open","ping_status":"closed","sticky":false,"template":"","format":"standard","meta":{"_acf_changed":false,"footnotes":""},"categories":[554],"tags":[],"ji_location":[],"class_list":["post-12809","post","type-post","status-publish","format-standard","hentry","category-hirondellenews"],"acf":[],"yoast_head":"<!-- This site is optimized with the Yoast SEO Premium plugin v25.3.1 (Yoast SEO v25.3.1) - https:\/\/yoast.com\/wordpress\/plugins\/seo\/ -->\n<title>04.03.11 - RWANDA\/FRANCE - INQUIETUDE DES ASSOCIATIONS DE VICTIMES APRES LE RETOUR D&#039;ALAIN JUPPE - JusticeInfo.net<\/title>\n<meta name=\"robots\" content=\"index, follow, max-snippet:-1, max-image-preview:large, max-video-preview:-1\" \/>\n<link rel=\"canonical\" href=\"https:\/\/www.justiceinfo.net\/fr\/12809-040311-rwandafrance-inquietude-des-associations-de-victimes-apres-le-retour-dalain-juppe9617.html\" \/>\n<meta property=\"og:locale\" content=\"fr_FR\" \/>\n<meta property=\"og:type\" content=\"article\" \/>\n<meta property=\"og:title\" content=\"04.03.11 - RWANDA\/FRANCE - INQUIETUDE DES ASSOCIATIONS DE VICTIMES APRES LE RETOUR D&#039;ALAIN JUPPE\" \/>\n<meta property=\"og:description\" content=\"Paris, 4 mars 2011 - Le nouveau ministre fran&ccedil;ais des Affaires &eacute;trang&egrave;res, Alain Jupp&eacute;, a retrouv&eacute; le 27 f&eacute;vrier ses fonctions au Quai d&#039;Orsay, qu&#039;il avait dirig&eacute; de 1993 &agrave; 1995, se trouvant confront&eacute; en 1994 au g&eacute;nocide rwandais. Cette nomination suscite l&#039;inqui&eacute;tude des associations de victimes du g&eacute;nocide, &agrave; Kigali comme &agrave; Paris.\" \/>\n<meta property=\"og:url\" content=\"https:\/\/www.justiceinfo.net\/fr\/12809-040311-rwandafrance-inquietude-des-associations-de-victimes-apres-le-retour-dalain-juppe9617.html\" \/>\n<meta property=\"og:site_name\" content=\"JusticeInfo.net\" \/>\n<meta property=\"article:publisher\" content=\"https:\/\/www.facebook.com\/JusticeInfo\/\" \/>\n<meta property=\"article:published_time\" content=\"2011-03-03T23:00:00+00:00\" \/>\n<meta property=\"og:image\" content=\"https:\/\/www.justiceinfo.net\/wp-content\/uploads\/JusticeInfoNet_logo_1200x630px.jpg\" \/>\n\t<meta property=\"og:image:width\" content=\"1200\" \/>\n\t<meta property=\"og:image:height\" content=\"630\" \/>\n\t<meta property=\"og:image:type\" content=\"image\/jpeg\" \/>\n<meta name=\"author\" content=\"solivri\" \/>\n<meta name=\"twitter:card\" content=\"summary_large_image\" \/>\n<meta name=\"twitter:creator\" content=\"@justiceinfonet\" \/>\n<meta name=\"twitter:site\" content=\"@justiceinfonet\" \/>\n<meta name=\"twitter:label1\" content=\"\u00c9crit par\" \/>\n\t<meta name=\"twitter:data1\" content=\"solivri\" \/>\n\t<meta name=\"twitter:label2\" content=\"Dur\u00e9e de lecture estim\u00e9e\" \/>\n\t<meta name=\"twitter:data2\" content=\"4 minutes\" \/>\n<script type=\"application\/ld+json\" class=\"yoast-schema-graph\">{\"@context\":\"https:\/\/schema.org\",\"@graph\":[{\"@type\":\"NewsArticle\",\"@id\":\"https:\/\/www.justiceinfo.net\/fr\/12809-040311-rwandafrance-inquietude-des-associations-de-victimes-apres-le-retour-dalain-juppe9617.html#article\",\"isPartOf\":{\"@id\":\"https:\/\/www.justiceinfo.net\/fr\/12809-040311-rwandafrance-inquietude-des-associations-de-victimes-apres-le-retour-dalain-juppe9617.html\"},\"author\":{\"name\":\"solivri\",\"@id\":\"https:\/\/www.justiceinfo.net\/fr#\/schema\/person\/6e53cba1629e2e66f3fc1821d3091865\"},\"headline\":\"04.03.11 - RWANDA\/FRANCE - INQUIETUDE DES ASSOCIATIONS DE VICTIMES APRES LE RETOUR D'ALAIN JUPPE\",\"datePublished\":\"2011-03-03T23:00:00+00:00\",\"mainEntityOfPage\":{\"@id\":\"https:\/\/www.justiceinfo.net\/fr\/12809-040311-rwandafrance-inquietude-des-associations-de-victimes-apres-le-retour-dalain-juppe9617.html\"},\"wordCount\":837,\"commentCount\":0,\"publisher\":{\"@id\":\"https:\/\/www.justiceinfo.net\/fr#organization\"},\"articleSection\":[\"Hirondelle News\"],\"inLanguage\":\"fr-FR\",\"potentialAction\":[{\"@type\":\"CommentAction\",\"name\":\"Comment\",\"target\":[\"https:\/\/www.justiceinfo.net\/fr\/12809-040311-rwandafrance-inquietude-des-associations-de-victimes-apres-le-retour-dalain-juppe9617.html#respond\"]}]},{\"@type\":\"WebPage\",\"@id\":\"https:\/\/www.justiceinfo.net\/fr\/12809-040311-rwandafrance-inquietude-des-associations-de-victimes-apres-le-retour-dalain-juppe9617.html\",\"url\":\"https:\/\/www.justiceinfo.net\/fr\/12809-040311-rwandafrance-inquietude-des-associations-de-victimes-apres-le-retour-dalain-juppe9617.html\",\"name\":\"04.03.11 - RWANDA\/FRANCE - INQUIETUDE DES ASSOCIATIONS DE VICTIMES APRES LE RETOUR D'ALAIN JUPPE - JusticeInfo.net\",\"isPartOf\":{\"@id\":\"https:\/\/www.justiceinfo.net\/fr#website\"},\"datePublished\":\"2011-03-03T23:00:00+00:00\",\"breadcrumb\":{\"@id\":\"https:\/\/www.justiceinfo.net\/fr\/12809-040311-rwandafrance-inquietude-des-associations-de-victimes-apres-le-retour-dalain-juppe9617.html#breadcrumb\"},\"inLanguage\":\"fr-FR\",\"potentialAction\":[{\"@type\":\"ReadAction\",\"target\":[\"https:\/\/www.justiceinfo.net\/fr\/12809-040311-rwandafrance-inquietude-des-associations-de-victimes-apres-le-retour-dalain-juppe9617.html\"]}]},{\"@type\":\"BreadcrumbList\",\"@id\":\"https:\/\/www.justiceinfo.net\/fr\/12809-040311-rwandafrance-inquietude-des-associations-de-victimes-apres-le-retour-dalain-juppe9617.html#breadcrumb\",\"itemListElement\":[{\"@type\":\"ListItem\",\"position\":1,\"name\":\"Home\",\"item\":\"https:\/\/www.justiceinfo.net\/fr\"},{\"@type\":\"ListItem\",\"position\":2,\"name\":\"04.03.11 - RWANDA\/FRANCE - INQUIETUDE DES ASSOCIATIONS DE VICTIMES APRES LE RETOUR D'ALAIN JUPPE\"}]},{\"@type\":\"WebSite\",\"@id\":\"https:\/\/www.justiceinfo.net\/fr#website\",\"url\":\"https:\/\/www.justiceinfo.net\/fr\",\"name\":\"JusticeInfo.net\",\"description\":\"La justice doit \u00eatre vue pour \u00eatre rendue\",\"publisher\":{\"@id\":\"https:\/\/www.justiceinfo.net\/fr#organization\"},\"potentialAction\":[{\"@type\":\"SearchAction\",\"target\":{\"@type\":\"EntryPoint\",\"urlTemplate\":\"https:\/\/www.justiceinfo.net\/fr?s={search_term_string}\"},\"query-input\":{\"@type\":\"PropertyValueSpecification\",\"valueRequired\":true,\"valueName\":\"search_term_string\"}}],\"inLanguage\":\"fr-FR\"},{\"@type\":\"Organization\",\"@id\":\"https:\/\/www.justiceinfo.net\/fr#organization\",\"name\":\"Justice Info\",\"url\":\"https:\/\/www.justiceinfo.net\/fr\",\"logo\":{\"@type\":\"ImageObject\",\"inLanguage\":\"fr-FR\",\"@id\":\"https:\/\/www.justiceinfo.net\/fr#\/schema\/logo\/image\/\",\"url\":\"https:\/\/www.justiceinfo.net\/wp-content\/uploads\/justiceinfo_logo-trans_1200x1200px.png\",\"contentUrl\":\"https:\/\/www.justiceinfo.net\/wp-content\/uploads\/justiceinfo_logo-trans_1200x1200px.png\",\"width\":1199,\"height\":1200,\"caption\":\"Justice Info\"},\"image\":{\"@id\":\"https:\/\/www.justiceinfo.net\/fr#\/schema\/logo\/image\/\"},\"sameAs\":[\"https:\/\/www.facebook.com\/JusticeInfo\/\",\"https:\/\/x.com\/justiceinfonet\",\"https:\/\/www.linkedin.com\/company\/justice-info\",\"https:\/\/www.youtube.com\/channel\/UCyCEsARodyuWtkWyhn-e7pA\"]},{\"@type\":\"Person\",\"name\":\"solivri\",\"url\":\"\/fr\/?s=solivri\"}]}<\/script>\n<!-- \/ Yoast SEO Premium plugin. -->","yoast_head_json":{"title":"04.03.11 - RWANDA\/FRANCE - INQUIETUDE DES ASSOCIATIONS DE VICTIMES APRES LE RETOUR D'ALAIN JUPPE - JusticeInfo.net","robots":{"index":"index","follow":"follow","max-snippet":"max-snippet:-1","max-image-preview":"max-image-preview:large","max-video-preview":"max-video-preview:-1"},"canonical":"https:\/\/www.justiceinfo.net\/fr\/12809-040311-rwandafrance-inquietude-des-associations-de-victimes-apres-le-retour-dalain-juppe9617.html","og_locale":"fr_FR","og_type":"article","og_title":"04.03.11 - RWANDA\/FRANCE - INQUIETUDE DES ASSOCIATIONS DE VICTIMES APRES LE RETOUR D'ALAIN JUPPE","og_description":"Paris, 4 mars 2011 - Le nouveau ministre fran&ccedil;ais des Affaires &eacute;trang&egrave;res, Alain Jupp&eacute;, a retrouv&eacute; le 27 f&eacute;vrier ses fonctions au Quai d'Orsay, qu'il avait dirig&eacute; de 1993 &agrave; 1995, se trouvant confront&eacute; en 1994 au g&eacute;nocide rwandais. Cette nomination suscite l'inqui&eacute;tude des associations de victimes du g&eacute;nocide, &agrave; Kigali comme &agrave; Paris.","og_url":"https:\/\/www.justiceinfo.net\/fr\/12809-040311-rwandafrance-inquietude-des-associations-de-victimes-apres-le-retour-dalain-juppe9617.html","og_site_name":"JusticeInfo.net","article_publisher":"https:\/\/www.facebook.com\/JusticeInfo\/","article_published_time":"2011-03-03T23:00:00+00:00","og_image":[{"width":1200,"height":630,"url":"https:\/\/www.justiceinfo.net\/wp-content\/uploads\/JusticeInfoNet_logo_1200x630px.jpg","type":"image\/jpeg"}],"author":"solivri","twitter_card":"summary_large_image","twitter_creator":"@justiceinfonet","twitter_site":"@justiceinfonet","twitter_misc":{"\u00c9crit par":"solivri","Dur\u00e9e de lecture estim\u00e9e":"4 minutes"},"schema":{"@context":"https:\/\/schema.org","@graph":[{"@type":"NewsArticle","@id":"https:\/\/www.justiceinfo.net\/fr\/12809-040311-rwandafrance-inquietude-des-associations-de-victimes-apres-le-retour-dalain-juppe9617.html#article","isPartOf":{"@id":"https:\/\/www.justiceinfo.net\/fr\/12809-040311-rwandafrance-inquietude-des-associations-de-victimes-apres-le-retour-dalain-juppe9617.html"},"author":{"name":"solivri","@id":"https:\/\/www.justiceinfo.net\/fr#\/schema\/person\/6e53cba1629e2e66f3fc1821d3091865"},"headline":"04.03.11 - RWANDA\/FRANCE - INQUIETUDE DES ASSOCIATIONS DE VICTIMES APRES LE RETOUR D'ALAIN JUPPE","datePublished":"2011-03-03T23:00:00+00:00","mainEntityOfPage":{"@id":"https:\/\/www.justiceinfo.net\/fr\/12809-040311-rwandafrance-inquietude-des-associations-de-victimes-apres-le-retour-dalain-juppe9617.html"},"wordCount":837,"commentCount":0,"publisher":{"@id":"https:\/\/www.justiceinfo.net\/fr#organization"},"articleSection":["Hirondelle News"],"inLanguage":"fr-FR","potentialAction":[{"@type":"CommentAction","name":"Comment","target":["https:\/\/www.justiceinfo.net\/fr\/12809-040311-rwandafrance-inquietude-des-associations-de-victimes-apres-le-retour-dalain-juppe9617.html#respond"]}]},{"@type":"WebPage","@id":"https:\/\/www.justiceinfo.net\/fr\/12809-040311-rwandafrance-inquietude-des-associations-de-victimes-apres-le-retour-dalain-juppe9617.html","url":"https:\/\/www.justiceinfo.net\/fr\/12809-040311-rwandafrance-inquietude-des-associations-de-victimes-apres-le-retour-dalain-juppe9617.html","name":"04.03.11 - RWANDA\/FRANCE - INQUIETUDE DES ASSOCIATIONS DE VICTIMES APRES LE RETOUR D'ALAIN JUPPE - JusticeInfo.net","isPartOf":{"@id":"https:\/\/www.justiceinfo.net\/fr#website"},"datePublished":"2011-03-03T23:00:00+00:00","breadcrumb":{"@id":"https:\/\/www.justiceinfo.net\/fr\/12809-040311-rwandafrance-inquietude-des-associations-de-victimes-apres-le-retour-dalain-juppe9617.html#breadcrumb"},"inLanguage":"fr-FR","potentialAction":[{"@type":"ReadAction","target":["https:\/\/www.justiceinfo.net\/fr\/12809-040311-rwandafrance-inquietude-des-associations-de-victimes-apres-le-retour-dalain-juppe9617.html"]}]},{"@type":"BreadcrumbList","@id":"https:\/\/www.justiceinfo.net\/fr\/12809-040311-rwandafrance-inquietude-des-associations-de-victimes-apres-le-retour-dalain-juppe9617.html#breadcrumb","itemListElement":[{"@type":"ListItem","position":1,"name":"Home","item":"https:\/\/www.justiceinfo.net\/fr"},{"@type":"ListItem","position":2,"name":"04.03.11 - RWANDA\/FRANCE - INQUIETUDE DES ASSOCIATIONS DE VICTIMES APRES LE RETOUR D'ALAIN JUPPE"}]},{"@type":"WebSite","@id":"https:\/\/www.justiceinfo.net\/fr#website","url":"https:\/\/www.justiceinfo.net\/fr","name":"JusticeInfo.net","description":"La justice doit \u00eatre vue pour \u00eatre rendue","publisher":{"@id":"https:\/\/www.justiceinfo.net\/fr#organization"},"potentialAction":[{"@type":"SearchAction","target":{"@type":"EntryPoint","urlTemplate":"https:\/\/www.justiceinfo.net\/fr?s={search_term_string}"},"query-input":{"@type":"PropertyValueSpecification","valueRequired":true,"valueName":"search_term_string"}}],"inLanguage":"fr-FR"},{"@type":"Organization","@id":"https:\/\/www.justiceinfo.net\/fr#organization","name":"Justice Info","url":"https:\/\/www.justiceinfo.net\/fr","logo":{"@type":"ImageObject","inLanguage":"fr-FR","@id":"https:\/\/www.justiceinfo.net\/fr#\/schema\/logo\/image\/","url":"https:\/\/www.justiceinfo.net\/wp-content\/uploads\/justiceinfo_logo-trans_1200x1200px.png","contentUrl":"https:\/\/www.justiceinfo.net\/wp-content\/uploads\/justiceinfo_logo-trans_1200x1200px.png","width":1199,"height":1200,"caption":"Justice Info"},"image":{"@id":"https:\/\/www.justiceinfo.net\/fr#\/schema\/logo\/image\/"},"sameAs":["https:\/\/www.facebook.com\/JusticeInfo\/","https:\/\/x.com\/justiceinfonet","https:\/\/www.linkedin.com\/company\/justice-info","https:\/\/www.youtube.com\/channel\/UCyCEsARodyuWtkWyhn-e7pA"]},{"@type":"Person","name":"solivri","url":"\/fr\/?s=solivri"}]}},"_links":{"self":[{"href":"https:\/\/www.justiceinfo.net\/fr\/wp-json\/wp\/v2\/posts\/12809","targetHints":{"allow":["GET"]}}],"collection":[{"href":"https:\/\/www.justiceinfo.net\/fr\/wp-json\/wp\/v2\/posts"}],"about":[{"href":"https:\/\/www.justiceinfo.net\/fr\/wp-json\/wp\/v2\/types\/post"}],"author":[{"embeddable":true,"href":"https:\/\/www.justiceinfo.net\/fr\/wp-json\/wp\/v2\/users\/64"}],"replies":[{"embeddable":true,"href":"https:\/\/www.justiceinfo.net\/fr\/wp-json\/wp\/v2\/comments?post=12809"}],"version-history":[{"count":0,"href":"https:\/\/www.justiceinfo.net\/fr\/wp-json\/wp\/v2\/posts\/12809\/revisions"}],"wp:attachment":[{"href":"https:\/\/www.justiceinfo.net\/fr\/wp-json\/wp\/v2\/media?parent=12809"}],"wp:term":[{"taxonomy":"category","embeddable":true,"href":"https:\/\/www.justiceinfo.net\/fr\/wp-json\/wp\/v2\/categories?post=12809"},{"taxonomy":"post_tag","embeddable":true,"href":"https:\/\/www.justiceinfo.net\/fr\/wp-json\/wp\/v2\/tags?post=12809"},{"taxonomy":"ji_location","embeddable":true,"href":"https:\/\/www.justiceinfo.net\/fr\/wp-json\/wp\/v2\/ji_location?post=12809"}],"curies":[{"name":"wp","href":"https:\/\/api.w.org\/{rel}","templated":true}]}}