{"id":12818,"date":"2011-03-08T00:00:00","date_gmt":"2011-03-07T23:00:00","guid":{"rendered":"https:\/\/www.justiceinfo.net\/12818-080311-cpibemba-un-avocat-de-jean-pierre-bemba-attaque-un-quotidien-belge9626.html"},"modified":"2011-03-08T00:00:00","modified_gmt":"2011-03-07T23:00:00","slug":"080311-cpibemba-un-avocat-de-jean-pierre-bemba-attaque-un-quotidien-belge9626","status":"publish","type":"post","link":"https:\/\/www.justiceinfo.net\/fr\/12818-080311-cpibemba-un-avocat-de-jean-pierre-bemba-attaque-un-quotidien-belge9626.html","title":{"rendered":"08.03.11 - CPI\/BEMBA - UN AVOCAT DE JEAN-PIERRE BEMBA ATTAQUE UN QUOTIDIEN BELGE"},"content":{"rendered":"<p>La Haye, 8 mars 2011 (FH) - Ma&icirc;tre Aim&eacute; Kilolo, l'un des avocats de Jean Pierre Bemba jug&eacute; pour crimes contre l'humanit&eacute; et crimes de guerre, nie que d'anciens combattants du s&eacute;nateur congolais aient repris du service aux c&ocirc;t&eacute;s de Mouammar Kadhafi, aux prises avec une guerre civile.<br \/>\n<!--more--><\/p>\n<p >\n<p >\n<p >\nAvocat au barreau de Bruxelles, ma&icirc;tre Kilolo a d&eacute;pos&eacute; une sommation par huissier de justice contre le quotidien belge Le Soir, apr&egrave;s la publication d'un article de Colette Braeckman, le 23 f&eacute;vrier, all&eacute;guant que d'anciens soldats de Jean-Pierre Bemba figureraient parmi des mercenaires qui seraient venus soutenir le r&eacute;gime Kadhafi.\n<\/p>\n<p >\n<p >\nSelon le quotidien belge, &laquo; les ex-rebelles congolais sont aujourd'hui soup&ccedil;onn&eacute;s d'avoir repris du service aupr&egrave;s de leurs anciens alli&eacute;s libyens, mais on se demande comment ils ont pu quitter le territoire congolais &agrave; l'insu des autorit&eacute;s &raquo;. Le journal retrace les liens entre Mouammar Kadhafi et Jean-Pierre Bemba et affirme qu'en 2002, lors de l'envoi des troupes du Mouvement pour la lib&eacute;ration du Congo (MLC) en Centrafrique, pour soutenir le r&eacute;gime d'Ange F&eacute;lix Patass&eacute;, en proie &agrave; la r&eacute;bellion, &laquo; c'est Kadhafi qui paie la facture du corps exp&eacute;ditionnaire congolais, tandis que Bemba et Patass&eacute; se partagent les b&eacute;n&eacute;fices des trafics de diamants, de bois, de cacao et de caf&eacute;. &raquo; A ce jour et depuis le d&eacute;but du proc&egrave;s intent&eacute; contre le s&eacute;nateur congolais, le 22 novembre 2010, le procureur n'a appel&eacute; aucun t&eacute;moin sur ces faits.\n<\/p>\n<p >\n<p >\nPour ma&icirc;tre Aim&eacute; Kilolo, les all&eacute;gations du quotidien belge sont &laquo; totalement farfelues &raquo;. En d&eacute;but de semaine, l'avocat a d&eacute;pos&eacute; une sommation par huissier de justice contre Le Soir, demandant la publication d'un droit de r&eacute;ponse sign&eacute; de la s&eacute;natrice congolaise Eve Bazaiba, qui n'a pas encore &eacute;t&eacute; publi&eacute;. &laquo; Tout est faux. Il y a huit ans que la branche arm&eacute;e du mouvement s'est mu&eacute;e en parti politique. Les hommes, ainsi que les armes et les munitions, ont &eacute;t&eacute; mis &agrave; la disposition de la R&eacute;publique &raquo; a-t-elle affirm&eacute; &agrave; Hirondelle. &laquo; Comment pourrait-il avoir encore la main sur une arm&eacute;e alors que le 24 mai, cela fera trois ans qu'il est en prison ? &raquo;\n<\/p>\n<p >\n<p >\nArr&ecirc;t&eacute; le 24 mai 2008 par les autorit&eacute;s belges, dans une banlieue de Bruxelles, Jean-Pierre Bemba avait &eacute;t&eacute; transf&eacute;r&eacute; &agrave; la prison de la Cour p&eacute;nale internationale le 3 juillet 2008. Il doit r&eacute;pondre de crimes contre l'humanit&eacute; et de crimes de guerre pour viols, meurtres et pillages commis par ses soldats, envoy&eacute;s pour combattre en Centrafrique &agrave; la demande du pr&eacute;sident d'alors, Ange-F&eacute;lix Patass&eacute;.\n<\/p>\n<p >\n<p >\nSuspendu vendredi dernier, sans explications publiques, le proc&egrave;s reprendra le 14 mars, avec l'audition du 13i&egrave;me t&eacute;moin du procureur, selon le calendrier du tribunal. A en croire ma&icirc;tre Kilolo, l'accus&eacute; lui m&ecirc;me n'aurait pas &eacute;t&eacute; inform&eacute; des raisons de la suspension.\n<\/p>\n<p >\nSM\/ER\/GF\n<\/p>\n<p>\n&nbsp;&copy; Agence Hirondelle<\/p>\n","protected":false},"excerpt":{"rendered":"<p>La Haye, 8 mars 2011 (FH) - Ma&icirc;tre Aim&eacute; Kilolo, l'un des avocats de Jean Pierre Bemba jug&eacute; pour crimes contre l'humanit&eacute; et crimes de guerre, nie que d'anciens combattants du s&eacute;nateur congolais aient repris du service aux c&ocirc;t&eacute;s de Mouammar Kadhafi, aux prises avec une guerre civile.<\/p>\n","protected":false},"author":64,"featured_media":0,"comment_status":"open","ping_status":"closed","sticky":false,"template":"","format":"standard","meta":{"_acf_changed":false,"footnotes":""},"categories":[554],"tags":[],"ji_location":[],"class_list":["post-12818","post","type-post","status-publish","format-standard","hentry","category-hirondellenews"],"acf":[],"yoast_head":"<!-- This site is optimized with the Yoast SEO Premium plugin v25.3.1 (Yoast SEO v25.3.1) - https:\/\/yoast.com\/wordpress\/plugins\/seo\/ -->\n<title>08.03.11 - CPI\/BEMBA - UN AVOCAT DE JEAN-PIERRE BEMBA ATTAQUE UN QUOTIDIEN BELGE - JusticeInfo.net<\/title>\n<meta name=\"robots\" content=\"index, follow, max-snippet:-1, max-image-preview:large, max-video-preview:-1\" \/>\n<link rel=\"canonical\" href=\"https:\/\/www.justiceinfo.net\/fr\/12818-080311-cpibemba-un-avocat-de-jean-pierre-bemba-attaque-un-quotidien-belge9626.html\" \/>\n<meta property=\"og:locale\" content=\"fr_FR\" \/>\n<meta property=\"og:type\" content=\"article\" \/>\n<meta property=\"og:title\" content=\"08.03.11 - CPI\/BEMBA - UN AVOCAT DE JEAN-PIERRE BEMBA ATTAQUE UN QUOTIDIEN BELGE\" \/>\n<meta property=\"og:description\" content=\"La Haye, 8 mars 2011 (FH) - Ma&icirc;tre Aim&eacute; Kilolo, l&#039;un des avocats de Jean Pierre Bemba jug&eacute; pour crimes contre l&#039;humanit&eacute; et crimes de guerre, nie que d&#039;anciens combattants du s&eacute;nateur congolais aient repris du service aux c&ocirc;t&eacute;s de Mouammar Kadhafi, aux prises avec une guerre civile.\" \/>\n<meta property=\"og:url\" content=\"https:\/\/www.justiceinfo.net\/fr\/12818-080311-cpibemba-un-avocat-de-jean-pierre-bemba-attaque-un-quotidien-belge9626.html\" \/>\n<meta property=\"og:site_name\" content=\"JusticeInfo.net\" \/>\n<meta property=\"article:publisher\" content=\"https:\/\/www.facebook.com\/JusticeInfo\/\" \/>\n<meta property=\"article:published_time\" content=\"2011-03-07T23:00:00+00:00\" \/>\n<meta property=\"og:image\" content=\"https:\/\/www.justiceinfo.net\/wp-content\/uploads\/JusticeInfoNet_logo_1200x630px.jpg\" \/>\n\t<meta property=\"og:image:width\" content=\"1200\" \/>\n\t<meta property=\"og:image:height\" content=\"630\" \/>\n\t<meta property=\"og:image:type\" content=\"image\/jpeg\" \/>\n<meta name=\"author\" content=\"solivri\" \/>\n<meta name=\"twitter:card\" content=\"summary_large_image\" \/>\n<meta name=\"twitter:creator\" content=\"@justiceinfonet\" \/>\n<meta name=\"twitter:site\" content=\"@justiceinfonet\" \/>\n<meta name=\"twitter:label1\" content=\"\u00c9crit par\" \/>\n\t<meta name=\"twitter:data1\" content=\"solivri\" \/>\n\t<meta name=\"twitter:label2\" content=\"Dur\u00e9e de lecture estim\u00e9e\" \/>\n\t<meta name=\"twitter:data2\" content=\"3 minutes\" \/>\n<script type=\"application\/ld+json\" class=\"yoast-schema-graph\">{\"@context\":\"https:\/\/schema.org\",\"@graph\":[{\"@type\":\"NewsArticle\",\"@id\":\"https:\/\/www.justiceinfo.net\/fr\/12818-080311-cpibemba-un-avocat-de-jean-pierre-bemba-attaque-un-quotidien-belge9626.html#article\",\"isPartOf\":{\"@id\":\"https:\/\/www.justiceinfo.net\/fr\/12818-080311-cpibemba-un-avocat-de-jean-pierre-bemba-attaque-un-quotidien-belge9626.html\"},\"author\":{\"name\":\"solivri\",\"@id\":\"https:\/\/www.justiceinfo.net\/fr#\/schema\/person\/6e53cba1629e2e66f3fc1821d3091865\"},\"headline\":\"08.03.11 - CPI\/BEMBA - UN AVOCAT DE JEAN-PIERRE BEMBA ATTAQUE UN QUOTIDIEN BELGE\",\"datePublished\":\"2011-03-07T23:00:00+00:00\",\"mainEntityOfPage\":{\"@id\":\"https:\/\/www.justiceinfo.net\/fr\/12818-080311-cpibemba-un-avocat-de-jean-pierre-bemba-attaque-un-quotidien-belge9626.html\"},\"wordCount\":617,\"commentCount\":0,\"publisher\":{\"@id\":\"https:\/\/www.justiceinfo.net\/fr#organization\"},\"articleSection\":[\"Hirondelle News\"],\"inLanguage\":\"fr-FR\",\"potentialAction\":[{\"@type\":\"CommentAction\",\"name\":\"Comment\",\"target\":[\"https:\/\/www.justiceinfo.net\/fr\/12818-080311-cpibemba-un-avocat-de-jean-pierre-bemba-attaque-un-quotidien-belge9626.html#respond\"]}]},{\"@type\":\"WebPage\",\"@id\":\"https:\/\/www.justiceinfo.net\/fr\/12818-080311-cpibemba-un-avocat-de-jean-pierre-bemba-attaque-un-quotidien-belge9626.html\",\"url\":\"https:\/\/www.justiceinfo.net\/fr\/12818-080311-cpibemba-un-avocat-de-jean-pierre-bemba-attaque-un-quotidien-belge9626.html\",\"name\":\"08.03.11 - CPI\/BEMBA - UN AVOCAT DE JEAN-PIERRE BEMBA ATTAQUE UN QUOTIDIEN BELGE - JusticeInfo.net\",\"isPartOf\":{\"@id\":\"https:\/\/www.justiceinfo.net\/fr#website\"},\"datePublished\":\"2011-03-07T23:00:00+00:00\",\"breadcrumb\":{\"@id\":\"https:\/\/www.justiceinfo.net\/fr\/12818-080311-cpibemba-un-avocat-de-jean-pierre-bemba-attaque-un-quotidien-belge9626.html#breadcrumb\"},\"inLanguage\":\"fr-FR\",\"potentialAction\":[{\"@type\":\"ReadAction\",\"target\":[\"https:\/\/www.justiceinfo.net\/fr\/12818-080311-cpibemba-un-avocat-de-jean-pierre-bemba-attaque-un-quotidien-belge9626.html\"]}]},{\"@type\":\"BreadcrumbList\",\"@id\":\"https:\/\/www.justiceinfo.net\/fr\/12818-080311-cpibemba-un-avocat-de-jean-pierre-bemba-attaque-un-quotidien-belge9626.html#breadcrumb\",\"itemListElement\":[{\"@type\":\"ListItem\",\"position\":1,\"name\":\"Home\",\"item\":\"https:\/\/www.justiceinfo.net\/fr\"},{\"@type\":\"ListItem\",\"position\":2,\"name\":\"08.03.11 - CPI\/BEMBA - UN AVOCAT DE JEAN-PIERRE BEMBA ATTAQUE UN QUOTIDIEN BELGE\"}]},{\"@type\":\"WebSite\",\"@id\":\"https:\/\/www.justiceinfo.net\/fr#website\",\"url\":\"https:\/\/www.justiceinfo.net\/fr\",\"name\":\"JusticeInfo.net\",\"description\":\"La justice doit \u00eatre vue pour \u00eatre rendue\",\"publisher\":{\"@id\":\"https:\/\/www.justiceinfo.net\/fr#organization\"},\"potentialAction\":[{\"@type\":\"SearchAction\",\"target\":{\"@type\":\"EntryPoint\",\"urlTemplate\":\"https:\/\/www.justiceinfo.net\/fr?s={search_term_string}\"},\"query-input\":{\"@type\":\"PropertyValueSpecification\",\"valueRequired\":true,\"valueName\":\"search_term_string\"}}],\"inLanguage\":\"fr-FR\"},{\"@type\":\"Organization\",\"@id\":\"https:\/\/www.justiceinfo.net\/fr#organization\",\"name\":\"Justice Info\",\"url\":\"https:\/\/www.justiceinfo.net\/fr\",\"logo\":{\"@type\":\"ImageObject\",\"inLanguage\":\"fr-FR\",\"@id\":\"https:\/\/www.justiceinfo.net\/fr#\/schema\/logo\/image\/\",\"url\":\"https:\/\/www.justiceinfo.net\/wp-content\/uploads\/justiceinfo_logo-trans_1200x1200px.png\",\"contentUrl\":\"https:\/\/www.justiceinfo.net\/wp-content\/uploads\/justiceinfo_logo-trans_1200x1200px.png\",\"width\":1199,\"height\":1200,\"caption\":\"Justice Info\"},\"image\":{\"@id\":\"https:\/\/www.justiceinfo.net\/fr#\/schema\/logo\/image\/\"},\"sameAs\":[\"https:\/\/www.facebook.com\/JusticeInfo\/\",\"https:\/\/x.com\/justiceinfonet\",\"https:\/\/www.linkedin.com\/company\/justice-info\",\"https:\/\/www.youtube.com\/channel\/UCyCEsARodyuWtkWyhn-e7pA\"]},{\"@type\":\"Person\",\"name\":\"solivri\",\"url\":\"\/fr\/?s=solivri\"}]}<\/script>\n<!-- \/ Yoast SEO Premium plugin. -->","yoast_head_json":{"title":"08.03.11 - CPI\/BEMBA - UN AVOCAT DE JEAN-PIERRE BEMBA ATTAQUE UN QUOTIDIEN BELGE - JusticeInfo.net","robots":{"index":"index","follow":"follow","max-snippet":"max-snippet:-1","max-image-preview":"max-image-preview:large","max-video-preview":"max-video-preview:-1"},"canonical":"https:\/\/www.justiceinfo.net\/fr\/12818-080311-cpibemba-un-avocat-de-jean-pierre-bemba-attaque-un-quotidien-belge9626.html","og_locale":"fr_FR","og_type":"article","og_title":"08.03.11 - CPI\/BEMBA - UN AVOCAT DE JEAN-PIERRE BEMBA ATTAQUE UN QUOTIDIEN BELGE","og_description":"La Haye, 8 mars 2011 (FH) - Ma&icirc;tre Aim&eacute; Kilolo, l'un des avocats de Jean Pierre Bemba jug&eacute; pour crimes contre l'humanit&eacute; et crimes de guerre, nie que d'anciens combattants du s&eacute;nateur congolais aient repris du service aux c&ocirc;t&eacute;s de Mouammar Kadhafi, aux prises avec une guerre civile.","og_url":"https:\/\/www.justiceinfo.net\/fr\/12818-080311-cpibemba-un-avocat-de-jean-pierre-bemba-attaque-un-quotidien-belge9626.html","og_site_name":"JusticeInfo.net","article_publisher":"https:\/\/www.facebook.com\/JusticeInfo\/","article_published_time":"2011-03-07T23:00:00+00:00","og_image":[{"width":1200,"height":630,"url":"https:\/\/www.justiceinfo.net\/wp-content\/uploads\/JusticeInfoNet_logo_1200x630px.jpg","type":"image\/jpeg"}],"author":"solivri","twitter_card":"summary_large_image","twitter_creator":"@justiceinfonet","twitter_site":"@justiceinfonet","twitter_misc":{"\u00c9crit par":"solivri","Dur\u00e9e de lecture estim\u00e9e":"3 minutes"},"schema":{"@context":"https:\/\/schema.org","@graph":[{"@type":"NewsArticle","@id":"https:\/\/www.justiceinfo.net\/fr\/12818-080311-cpibemba-un-avocat-de-jean-pierre-bemba-attaque-un-quotidien-belge9626.html#article","isPartOf":{"@id":"https:\/\/www.justiceinfo.net\/fr\/12818-080311-cpibemba-un-avocat-de-jean-pierre-bemba-attaque-un-quotidien-belge9626.html"},"author":{"name":"solivri","@id":"https:\/\/www.justiceinfo.net\/fr#\/schema\/person\/6e53cba1629e2e66f3fc1821d3091865"},"headline":"08.03.11 - CPI\/BEMBA - UN AVOCAT DE JEAN-PIERRE BEMBA ATTAQUE UN QUOTIDIEN BELGE","datePublished":"2011-03-07T23:00:00+00:00","mainEntityOfPage":{"@id":"https:\/\/www.justiceinfo.net\/fr\/12818-080311-cpibemba-un-avocat-de-jean-pierre-bemba-attaque-un-quotidien-belge9626.html"},"wordCount":617,"commentCount":0,"publisher":{"@id":"https:\/\/www.justiceinfo.net\/fr#organization"},"articleSection":["Hirondelle News"],"inLanguage":"fr-FR","potentialAction":[{"@type":"CommentAction","name":"Comment","target":["https:\/\/www.justiceinfo.net\/fr\/12818-080311-cpibemba-un-avocat-de-jean-pierre-bemba-attaque-un-quotidien-belge9626.html#respond"]}]},{"@type":"WebPage","@id":"https:\/\/www.justiceinfo.net\/fr\/12818-080311-cpibemba-un-avocat-de-jean-pierre-bemba-attaque-un-quotidien-belge9626.html","url":"https:\/\/www.justiceinfo.net\/fr\/12818-080311-cpibemba-un-avocat-de-jean-pierre-bemba-attaque-un-quotidien-belge9626.html","name":"08.03.11 - CPI\/BEMBA - UN AVOCAT DE JEAN-PIERRE BEMBA ATTAQUE UN QUOTIDIEN BELGE - JusticeInfo.net","isPartOf":{"@id":"https:\/\/www.justiceinfo.net\/fr#website"},"datePublished":"2011-03-07T23:00:00+00:00","breadcrumb":{"@id":"https:\/\/www.justiceinfo.net\/fr\/12818-080311-cpibemba-un-avocat-de-jean-pierre-bemba-attaque-un-quotidien-belge9626.html#breadcrumb"},"inLanguage":"fr-FR","potentialAction":[{"@type":"ReadAction","target":["https:\/\/www.justiceinfo.net\/fr\/12818-080311-cpibemba-un-avocat-de-jean-pierre-bemba-attaque-un-quotidien-belge9626.html"]}]},{"@type":"BreadcrumbList","@id":"https:\/\/www.justiceinfo.net\/fr\/12818-080311-cpibemba-un-avocat-de-jean-pierre-bemba-attaque-un-quotidien-belge9626.html#breadcrumb","itemListElement":[{"@type":"ListItem","position":1,"name":"Home","item":"https:\/\/www.justiceinfo.net\/fr"},{"@type":"ListItem","position":2,"name":"08.03.11 - CPI\/BEMBA - UN AVOCAT DE JEAN-PIERRE BEMBA ATTAQUE UN QUOTIDIEN BELGE"}]},{"@type":"WebSite","@id":"https:\/\/www.justiceinfo.net\/fr#website","url":"https:\/\/www.justiceinfo.net\/fr","name":"JusticeInfo.net","description":"La justice doit \u00eatre vue pour \u00eatre rendue","publisher":{"@id":"https:\/\/www.justiceinfo.net\/fr#organization"},"potentialAction":[{"@type":"SearchAction","target":{"@type":"EntryPoint","urlTemplate":"https:\/\/www.justiceinfo.net\/fr?s={search_term_string}"},"query-input":{"@type":"PropertyValueSpecification","valueRequired":true,"valueName":"search_term_string"}}],"inLanguage":"fr-FR"},{"@type":"Organization","@id":"https:\/\/www.justiceinfo.net\/fr#organization","name":"Justice Info","url":"https:\/\/www.justiceinfo.net\/fr","logo":{"@type":"ImageObject","inLanguage":"fr-FR","@id":"https:\/\/www.justiceinfo.net\/fr#\/schema\/logo\/image\/","url":"https:\/\/www.justiceinfo.net\/wp-content\/uploads\/justiceinfo_logo-trans_1200x1200px.png","contentUrl":"https:\/\/www.justiceinfo.net\/wp-content\/uploads\/justiceinfo_logo-trans_1200x1200px.png","width":1199,"height":1200,"caption":"Justice Info"},"image":{"@id":"https:\/\/www.justiceinfo.net\/fr#\/schema\/logo\/image\/"},"sameAs":["https:\/\/www.facebook.com\/JusticeInfo\/","https:\/\/x.com\/justiceinfonet","https:\/\/www.linkedin.com\/company\/justice-info","https:\/\/www.youtube.com\/channel\/UCyCEsARodyuWtkWyhn-e7pA"]},{"@type":"Person","name":"solivri","url":"\/fr\/?s=solivri"}]}},"_links":{"self":[{"href":"https:\/\/www.justiceinfo.net\/fr\/wp-json\/wp\/v2\/posts\/12818","targetHints":{"allow":["GET"]}}],"collection":[{"href":"https:\/\/www.justiceinfo.net\/fr\/wp-json\/wp\/v2\/posts"}],"about":[{"href":"https:\/\/www.justiceinfo.net\/fr\/wp-json\/wp\/v2\/types\/post"}],"author":[{"embeddable":true,"href":"https:\/\/www.justiceinfo.net\/fr\/wp-json\/wp\/v2\/users\/64"}],"replies":[{"embeddable":true,"href":"https:\/\/www.justiceinfo.net\/fr\/wp-json\/wp\/v2\/comments?post=12818"}],"version-history":[{"count":0,"href":"https:\/\/www.justiceinfo.net\/fr\/wp-json\/wp\/v2\/posts\/12818\/revisions"}],"wp:attachment":[{"href":"https:\/\/www.justiceinfo.net\/fr\/wp-json\/wp\/v2\/media?parent=12818"}],"wp:term":[{"taxonomy":"category","embeddable":true,"href":"https:\/\/www.justiceinfo.net\/fr\/wp-json\/wp\/v2\/categories?post=12818"},{"taxonomy":"post_tag","embeddable":true,"href":"https:\/\/www.justiceinfo.net\/fr\/wp-json\/wp\/v2\/tags?post=12818"},{"taxonomy":"ji_location","embeddable":true,"href":"https:\/\/www.justiceinfo.net\/fr\/wp-json\/wp\/v2\/ji_location?post=12818"}],"curies":[{"name":"wp","href":"https:\/\/api.w.org\/{rel}","templated":true}]}}