{"id":12838,"date":"2011-03-15T00:00:00","date_gmt":"2011-03-14T23:00:00","guid":{"rendered":"https:\/\/www.justiceinfo.net\/12838-150311-tpirprocureur-le-tpir-va-recueillir-des-l-depositions-speciales-r-eclairage9647.html"},"modified":"2011-03-15T00:00:00","modified_gmt":"2011-03-14T23:00:00","slug":"150311-tpirprocureur-le-tpir-va-recueillir-des-l-depositions-speciales-r-eclairage9647","status":"publish","type":"post","link":"https:\/\/www.justiceinfo.net\/fr\/12838-150311-tpirprocureur-le-tpir-va-recueillir-des-l-depositions-speciales-r-eclairage9647.html","title":{"rendered":"15.03.11 - TPIR\/PROCUREUR - LE TPIR VA RECUEILLIR DES \u00ab DEPOSITIONS SPECIALES \u00bb (ECLAIRAGE)"},"content":{"rendered":"<p>Arusha, 15 mars 2011 (FH) - Au Tribunal p&eacute;nal international pour le Rwanda (TPIR), le t&eacute;moignage est la reine des preuves. Or plus de 16 ans apr&egrave;s le g&eacute;nocide des Tutsis de 1994, la m&eacute;moire s'est &eacute;mouss&eacute;e lorsque les t&eacute;moins ne sont pas encore d&eacute;c&eacute;d&eacute;s. <\/p>\n<p><!--more--><\/p>\n<p >\n<p >\n<p >\nLe r&egrave;glement de proc&eacute;dure et de preuve du tribunal pr&eacute;voit une disposition, l'article 71 bis, pour sauver les &eacute;l&eacute;ments de preuve de l'usure du temps. Pour la premi&egrave;re fois dans l'histoire du TPIR, le procureur Hassan Bubacar Jallow a eu recours &agrave; cette disposition en d&eacute;posant, le mois dernier, trois requ&ecirc;tes aux fins de &laquo; recueils de d&eacute;positions sp&eacute;ciales &raquo;.\n<\/p>\n<p >\n<p >\nCette d&eacute;marche, Jallow l'avait d&eacute;j&agrave; annonc&eacute;e &agrave; l'ONU lorsqu'il pr&eacute;sentait son rapport devant le Conseil de s&eacute;curit&eacute; en d&eacute;cembre 2010. Le magistrat gambien est soucieux de pr&eacute;server ses &eacute;l&eacute;ments de preuve contre trois poids lourds en cavale : le richissime homme d'affaires F&eacute;licien Kabuga souvent consid&eacute;r&eacute; comme le principal argentier du g&eacute;nocide, l'ancien ministre de la D&eacute;fense Augustin Bizimana et l'ancien commandant de la garde pr&eacute;sidentielle (GP), le major Protais Mpiranya. Le premier m&egrave;nerait l'essentiel de ses affaires au Kenya, pays voisin de la Tanzanie, pays h&ocirc;te du TPIR ; le second se cacherait en R&eacute;publique d&eacute;mocratique du Congo (RDC), &eacute;galement voisine de la Tanzanie tandis que le major b&eacute;n&eacute;ficierait de la protection de hauts responsables zimbabw&eacute;ens m&ecirc;me si des rumeurs rejet&eacute;es par le TPIR affirment qu'il est d&eacute;c&eacute;d&eacute; dans un h&ocirc;pital militaire de ce pays.\n<\/p>\n<p >\n<p >\nPour Jallow, les trois hommes sont &laquo; de gros poissons &raquo; qui doivent &ecirc;tre jug&eacute;s par le tribunal d'Arusha ou par &laquo; le m&eacute;canisme r&eacute;siduel &raquo; appel&eacute; &agrave; prendre le relais &agrave; la fermeture du TPIR tandis que les sept autres accus&eacute;s en fuite peuvent &ecirc;tre d&eacute;f&eacute;r&eacute;s devant des juridictions nationales.\n<\/p>\n<p >\n<p >\nApr&egrave;s r&eacute;ception de ces requ&ecirc;tes &laquo; strictement confidentielles &raquo;, le pr&eacute;sident du tribunal, Dennis Byron a d&eacute;sign&eacute; une chambre &agrave; cet effet et le greffier, Adama Dieng, a commis d'office &laquo; un avocat de permanence &raquo; pour chacune de ces anciennes personnalit&eacute;s. Kabuga sera repr&eacute;sent&eacute; par Bahame Tom Mukirya Nyanduga, Bizimana par Apollo John Maruma et Mpiranya par Francis Musei, tous avocats tanzaniens presque inconnus dans les couloirs du tribunal.\n<\/p>\n<p >\n<p >\nSelon le long article 71 bis qui couvre 3 pages, ces &laquo; d&eacute;positions sp&eacute;ciales &raquo; se d&eacute;rouleront &agrave; huis clos. Le recueil de ces auditions fera&nbsp; l'objet d'un enregistrement audio-visuel, en plus d'autres formes d'enregistrement, &agrave; moins qu'il ne se d&eacute;roule, dans des circonstances exceptionnelles, dans un lieu o&ugrave; le mat&eacute;riel n&eacute;cessaire n'existe pas ou ne peut &ecirc;tre install&eacute;.\n<\/p>\n<p >\n<p >\nL'article stipule par ailleurs que lors du proc&egrave;s ult&eacute;rieur, le greffier communiquera aux parties, aussit&ocirc;t que possible, des copies du dossier des d&eacute;positions sp&eacute;ciales. Ces derni&egrave;res ne peuvent cependant &ecirc;tre admises en lieu et place de t&eacute;moignages que sous certaines conditions : si la partie adverse ne s'y oppose pas, si le t&eacute;moin est d&eacute;c&eacute;d&eacute; ou s'il est introuvable ou incapable de t&eacute;moigner oralement en raison de son &eacute;tat de sant&eacute; ou si la chambre juge que l'int&eacute;r&ecirc;t de la justice le commande.\n<\/p>\n<p >\n<p >\nSelon le porte-parole du TPIR, Roland Amoussouga, &laquo; aucune date n'a encore &eacute;t&eacute; fix&eacute;e &raquo; pour le d&eacute;but de ces auditions. Mais lors d'une r&eacute;union avec le personnel le 4 mars, le juge Byron a annonc&eacute; qu'elles seraient termin&eacute;es dans le courant de l'ann&eacute;e.\n<\/p>\n<p >\nER\/GF\n<\/p>\n<p >\n<p>\n&copy; Agence Hirondelle\n<\/p><\/p>\n","protected":false},"excerpt":{"rendered":"<p>Arusha, 15 mars 2011 (FH) - Au Tribunal p&eacute;nal international pour le Rwanda (TPIR), le t&eacute;moignage est la reine des preuves. Or plus de 16 ans apr&egrave;s le g&eacute;nocide des Tutsis de 1994, la m&eacute;moire s'est &eacute;mouss&eacute;e lorsque les t&eacute;moins ne sont pas encore d&eacute;c&eacute;d&eacute;s.<\/p>\n","protected":false},"author":64,"featured_media":0,"comment_status":"open","ping_status":"closed","sticky":false,"template":"","format":"standard","meta":{"_acf_changed":false,"footnotes":""},"categories":[554],"tags":[],"ji_location":[],"class_list":["post-12838","post","type-post","status-publish","format-standard","hentry","category-hirondellenews"],"acf":[],"yoast_head":"<!-- This site is optimized with the Yoast SEO Premium plugin v25.3.1 (Yoast SEO v25.3.1) - https:\/\/yoast.com\/wordpress\/plugins\/seo\/ -->\n<title>15.03.11 - TPIR\/PROCUREUR - LE TPIR VA RECUEILLIR DES \u00ab DEPOSITIONS SPECIALES \u00bb (ECLAIRAGE) - JusticeInfo.net<\/title>\n<meta name=\"robots\" content=\"index, follow, max-snippet:-1, max-image-preview:large, max-video-preview:-1\" \/>\n<link rel=\"canonical\" href=\"https:\/\/www.justiceinfo.net\/fr\/12838-150311-tpirprocureur-le-tpir-va-recueillir-des-l-depositions-speciales-r-eclairage9647.html\" \/>\n<meta property=\"og:locale\" content=\"fr_FR\" \/>\n<meta property=\"og:type\" content=\"article\" \/>\n<meta property=\"og:title\" content=\"15.03.11 - TPIR\/PROCUREUR - LE TPIR VA RECUEILLIR DES \u00ab DEPOSITIONS SPECIALES \u00bb (ECLAIRAGE)\" \/>\n<meta property=\"og:description\" content=\"Arusha, 15 mars 2011 (FH) - Au Tribunal p&eacute;nal international pour le Rwanda (TPIR), le t&eacute;moignage est la reine des preuves. Or plus de 16 ans apr&egrave;s le g&eacute;nocide des Tutsis de 1994, la m&eacute;moire s&#039;est &eacute;mouss&eacute;e lorsque les t&eacute;moins ne sont pas encore d&eacute;c&eacute;d&eacute;s.\" \/>\n<meta property=\"og:url\" content=\"https:\/\/www.justiceinfo.net\/fr\/12838-150311-tpirprocureur-le-tpir-va-recueillir-des-l-depositions-speciales-r-eclairage9647.html\" \/>\n<meta property=\"og:site_name\" content=\"JusticeInfo.net\" \/>\n<meta property=\"article:publisher\" content=\"https:\/\/www.facebook.com\/JusticeInfo\/\" \/>\n<meta property=\"article:published_time\" content=\"2011-03-14T23:00:00+00:00\" \/>\n<meta property=\"og:image\" content=\"https:\/\/www.justiceinfo.net\/wp-content\/uploads\/JusticeInfoNet_logo_1200x630px.jpg\" \/>\n\t<meta property=\"og:image:width\" content=\"1200\" \/>\n\t<meta property=\"og:image:height\" content=\"630\" \/>\n\t<meta property=\"og:image:type\" content=\"image\/jpeg\" \/>\n<meta name=\"author\" content=\"solivri\" \/>\n<meta name=\"twitter:card\" content=\"summary_large_image\" \/>\n<meta name=\"twitter:creator\" content=\"@justiceinfonet\" \/>\n<meta name=\"twitter:site\" content=\"@justiceinfonet\" \/>\n<meta name=\"twitter:label1\" content=\"\u00c9crit par\" \/>\n\t<meta name=\"twitter:data1\" content=\"solivri\" \/>\n\t<meta name=\"twitter:label2\" content=\"Dur\u00e9e de lecture estim\u00e9e\" \/>\n\t<meta name=\"twitter:data2\" content=\"4 minutes\" \/>\n<script type=\"application\/ld+json\" class=\"yoast-schema-graph\">{\"@context\":\"https:\/\/schema.org\",\"@graph\":[{\"@type\":\"NewsArticle\",\"@id\":\"https:\/\/www.justiceinfo.net\/fr\/12838-150311-tpirprocureur-le-tpir-va-recueillir-des-l-depositions-speciales-r-eclairage9647.html#article\",\"isPartOf\":{\"@id\":\"https:\/\/www.justiceinfo.net\/fr\/12838-150311-tpirprocureur-le-tpir-va-recueillir-des-l-depositions-speciales-r-eclairage9647.html\"},\"author\":{\"name\":\"solivri\",\"@id\":\"https:\/\/www.justiceinfo.net\/fr#\/schema\/person\/6e53cba1629e2e66f3fc1821d3091865\"},\"headline\":\"15.03.11 - TPIR\/PROCUREUR - LE TPIR VA RECUEILLIR DES \u00ab DEPOSITIONS SPECIALES \u00bb (ECLAIRAGE)\",\"datePublished\":\"2011-03-14T23:00:00+00:00\",\"mainEntityOfPage\":{\"@id\":\"https:\/\/www.justiceinfo.net\/fr\/12838-150311-tpirprocureur-le-tpir-va-recueillir-des-l-depositions-speciales-r-eclairage9647.html\"},\"wordCount\":769,\"commentCount\":0,\"publisher\":{\"@id\":\"https:\/\/www.justiceinfo.net\/fr#organization\"},\"articleSection\":[\"Hirondelle News\"],\"inLanguage\":\"fr-FR\",\"potentialAction\":[{\"@type\":\"CommentAction\",\"name\":\"Comment\",\"target\":[\"https:\/\/www.justiceinfo.net\/fr\/12838-150311-tpirprocureur-le-tpir-va-recueillir-des-l-depositions-speciales-r-eclairage9647.html#respond\"]}]},{\"@type\":\"WebPage\",\"@id\":\"https:\/\/www.justiceinfo.net\/fr\/12838-150311-tpirprocureur-le-tpir-va-recueillir-des-l-depositions-speciales-r-eclairage9647.html\",\"url\":\"https:\/\/www.justiceinfo.net\/fr\/12838-150311-tpirprocureur-le-tpir-va-recueillir-des-l-depositions-speciales-r-eclairage9647.html\",\"name\":\"15.03.11 - TPIR\/PROCUREUR - LE TPIR VA RECUEILLIR DES \u00ab DEPOSITIONS SPECIALES \u00bb (ECLAIRAGE) - JusticeInfo.net\",\"isPartOf\":{\"@id\":\"https:\/\/www.justiceinfo.net\/fr#website\"},\"datePublished\":\"2011-03-14T23:00:00+00:00\",\"breadcrumb\":{\"@id\":\"https:\/\/www.justiceinfo.net\/fr\/12838-150311-tpirprocureur-le-tpir-va-recueillir-des-l-depositions-speciales-r-eclairage9647.html#breadcrumb\"},\"inLanguage\":\"fr-FR\",\"potentialAction\":[{\"@type\":\"ReadAction\",\"target\":[\"https:\/\/www.justiceinfo.net\/fr\/12838-150311-tpirprocureur-le-tpir-va-recueillir-des-l-depositions-speciales-r-eclairage9647.html\"]}]},{\"@type\":\"BreadcrumbList\",\"@id\":\"https:\/\/www.justiceinfo.net\/fr\/12838-150311-tpirprocureur-le-tpir-va-recueillir-des-l-depositions-speciales-r-eclairage9647.html#breadcrumb\",\"itemListElement\":[{\"@type\":\"ListItem\",\"position\":1,\"name\":\"Home\",\"item\":\"https:\/\/www.justiceinfo.net\/fr\"},{\"@type\":\"ListItem\",\"position\":2,\"name\":\"15.03.11 - TPIR\/PROCUREUR - LE TPIR VA RECUEILLIR DES \u00ab DEPOSITIONS SPECIALES \u00bb (ECLAIRAGE)\"}]},{\"@type\":\"WebSite\",\"@id\":\"https:\/\/www.justiceinfo.net\/fr#website\",\"url\":\"https:\/\/www.justiceinfo.net\/fr\",\"name\":\"JusticeInfo.net\",\"description\":\"La justice doit \u00eatre vue pour \u00eatre rendue\",\"publisher\":{\"@id\":\"https:\/\/www.justiceinfo.net\/fr#organization\"},\"potentialAction\":[{\"@type\":\"SearchAction\",\"target\":{\"@type\":\"EntryPoint\",\"urlTemplate\":\"https:\/\/www.justiceinfo.net\/fr?s={search_term_string}\"},\"query-input\":{\"@type\":\"PropertyValueSpecification\",\"valueRequired\":true,\"valueName\":\"search_term_string\"}}],\"inLanguage\":\"fr-FR\"},{\"@type\":\"Organization\",\"@id\":\"https:\/\/www.justiceinfo.net\/fr#organization\",\"name\":\"Justice Info\",\"url\":\"https:\/\/www.justiceinfo.net\/fr\",\"logo\":{\"@type\":\"ImageObject\",\"inLanguage\":\"fr-FR\",\"@id\":\"https:\/\/www.justiceinfo.net\/fr#\/schema\/logo\/image\/\",\"url\":\"https:\/\/www.justiceinfo.net\/wp-content\/uploads\/justiceinfo_logo-trans_1200x1200px.png\",\"contentUrl\":\"https:\/\/www.justiceinfo.net\/wp-content\/uploads\/justiceinfo_logo-trans_1200x1200px.png\",\"width\":1199,\"height\":1200,\"caption\":\"Justice Info\"},\"image\":{\"@id\":\"https:\/\/www.justiceinfo.net\/fr#\/schema\/logo\/image\/\"},\"sameAs\":[\"https:\/\/www.facebook.com\/JusticeInfo\/\",\"https:\/\/x.com\/justiceinfonet\",\"https:\/\/www.linkedin.com\/company\/justice-info\",\"https:\/\/www.youtube.com\/channel\/UCyCEsARodyuWtkWyhn-e7pA\"]},{\"@type\":\"Person\",\"name\":\"solivri\",\"url\":\"\/fr\/?s=solivri\"}]}<\/script>\n<!-- \/ Yoast SEO Premium plugin. -->","yoast_head_json":{"title":"15.03.11 - TPIR\/PROCUREUR - LE TPIR VA RECUEILLIR DES \u00ab DEPOSITIONS SPECIALES \u00bb (ECLAIRAGE) - JusticeInfo.net","robots":{"index":"index","follow":"follow","max-snippet":"max-snippet:-1","max-image-preview":"max-image-preview:large","max-video-preview":"max-video-preview:-1"},"canonical":"https:\/\/www.justiceinfo.net\/fr\/12838-150311-tpirprocureur-le-tpir-va-recueillir-des-l-depositions-speciales-r-eclairage9647.html","og_locale":"fr_FR","og_type":"article","og_title":"15.03.11 - TPIR\/PROCUREUR - LE TPIR VA RECUEILLIR DES \u00ab DEPOSITIONS SPECIALES \u00bb (ECLAIRAGE)","og_description":"Arusha, 15 mars 2011 (FH) - Au Tribunal p&eacute;nal international pour le Rwanda (TPIR), le t&eacute;moignage est la reine des preuves. Or plus de 16 ans apr&egrave;s le g&eacute;nocide des Tutsis de 1994, la m&eacute;moire s'est &eacute;mouss&eacute;e lorsque les t&eacute;moins ne sont pas encore d&eacute;c&eacute;d&eacute;s.","og_url":"https:\/\/www.justiceinfo.net\/fr\/12838-150311-tpirprocureur-le-tpir-va-recueillir-des-l-depositions-speciales-r-eclairage9647.html","og_site_name":"JusticeInfo.net","article_publisher":"https:\/\/www.facebook.com\/JusticeInfo\/","article_published_time":"2011-03-14T23:00:00+00:00","og_image":[{"width":1200,"height":630,"url":"https:\/\/www.justiceinfo.net\/wp-content\/uploads\/JusticeInfoNet_logo_1200x630px.jpg","type":"image\/jpeg"}],"author":"solivri","twitter_card":"summary_large_image","twitter_creator":"@justiceinfonet","twitter_site":"@justiceinfonet","twitter_misc":{"\u00c9crit par":"solivri","Dur\u00e9e de lecture estim\u00e9e":"4 minutes"},"schema":{"@context":"https:\/\/schema.org","@graph":[{"@type":"NewsArticle","@id":"https:\/\/www.justiceinfo.net\/fr\/12838-150311-tpirprocureur-le-tpir-va-recueillir-des-l-depositions-speciales-r-eclairage9647.html#article","isPartOf":{"@id":"https:\/\/www.justiceinfo.net\/fr\/12838-150311-tpirprocureur-le-tpir-va-recueillir-des-l-depositions-speciales-r-eclairage9647.html"},"author":{"name":"solivri","@id":"https:\/\/www.justiceinfo.net\/fr#\/schema\/person\/6e53cba1629e2e66f3fc1821d3091865"},"headline":"15.03.11 - TPIR\/PROCUREUR - LE TPIR VA RECUEILLIR DES \u00ab DEPOSITIONS SPECIALES \u00bb (ECLAIRAGE)","datePublished":"2011-03-14T23:00:00+00:00","mainEntityOfPage":{"@id":"https:\/\/www.justiceinfo.net\/fr\/12838-150311-tpirprocureur-le-tpir-va-recueillir-des-l-depositions-speciales-r-eclairage9647.html"},"wordCount":769,"commentCount":0,"publisher":{"@id":"https:\/\/www.justiceinfo.net\/fr#organization"},"articleSection":["Hirondelle News"],"inLanguage":"fr-FR","potentialAction":[{"@type":"CommentAction","name":"Comment","target":["https:\/\/www.justiceinfo.net\/fr\/12838-150311-tpirprocureur-le-tpir-va-recueillir-des-l-depositions-speciales-r-eclairage9647.html#respond"]}]},{"@type":"WebPage","@id":"https:\/\/www.justiceinfo.net\/fr\/12838-150311-tpirprocureur-le-tpir-va-recueillir-des-l-depositions-speciales-r-eclairage9647.html","url":"https:\/\/www.justiceinfo.net\/fr\/12838-150311-tpirprocureur-le-tpir-va-recueillir-des-l-depositions-speciales-r-eclairage9647.html","name":"15.03.11 - TPIR\/PROCUREUR - LE TPIR VA RECUEILLIR DES \u00ab DEPOSITIONS SPECIALES \u00bb (ECLAIRAGE) - JusticeInfo.net","isPartOf":{"@id":"https:\/\/www.justiceinfo.net\/fr#website"},"datePublished":"2011-03-14T23:00:00+00:00","breadcrumb":{"@id":"https:\/\/www.justiceinfo.net\/fr\/12838-150311-tpirprocureur-le-tpir-va-recueillir-des-l-depositions-speciales-r-eclairage9647.html#breadcrumb"},"inLanguage":"fr-FR","potentialAction":[{"@type":"ReadAction","target":["https:\/\/www.justiceinfo.net\/fr\/12838-150311-tpirprocureur-le-tpir-va-recueillir-des-l-depositions-speciales-r-eclairage9647.html"]}]},{"@type":"BreadcrumbList","@id":"https:\/\/www.justiceinfo.net\/fr\/12838-150311-tpirprocureur-le-tpir-va-recueillir-des-l-depositions-speciales-r-eclairage9647.html#breadcrumb","itemListElement":[{"@type":"ListItem","position":1,"name":"Home","item":"https:\/\/www.justiceinfo.net\/fr"},{"@type":"ListItem","position":2,"name":"15.03.11 - TPIR\/PROCUREUR - LE TPIR VA RECUEILLIR DES \u00ab DEPOSITIONS SPECIALES \u00bb (ECLAIRAGE)"}]},{"@type":"WebSite","@id":"https:\/\/www.justiceinfo.net\/fr#website","url":"https:\/\/www.justiceinfo.net\/fr","name":"JusticeInfo.net","description":"La justice doit \u00eatre vue pour \u00eatre rendue","publisher":{"@id":"https:\/\/www.justiceinfo.net\/fr#organization"},"potentialAction":[{"@type":"SearchAction","target":{"@type":"EntryPoint","urlTemplate":"https:\/\/www.justiceinfo.net\/fr?s={search_term_string}"},"query-input":{"@type":"PropertyValueSpecification","valueRequired":true,"valueName":"search_term_string"}}],"inLanguage":"fr-FR"},{"@type":"Organization","@id":"https:\/\/www.justiceinfo.net\/fr#organization","name":"Justice Info","url":"https:\/\/www.justiceinfo.net\/fr","logo":{"@type":"ImageObject","inLanguage":"fr-FR","@id":"https:\/\/www.justiceinfo.net\/fr#\/schema\/logo\/image\/","url":"https:\/\/www.justiceinfo.net\/wp-content\/uploads\/justiceinfo_logo-trans_1200x1200px.png","contentUrl":"https:\/\/www.justiceinfo.net\/wp-content\/uploads\/justiceinfo_logo-trans_1200x1200px.png","width":1199,"height":1200,"caption":"Justice Info"},"image":{"@id":"https:\/\/www.justiceinfo.net\/fr#\/schema\/logo\/image\/"},"sameAs":["https:\/\/www.facebook.com\/JusticeInfo\/","https:\/\/x.com\/justiceinfonet","https:\/\/www.linkedin.com\/company\/justice-info","https:\/\/www.youtube.com\/channel\/UCyCEsARodyuWtkWyhn-e7pA"]},{"@type":"Person","name":"solivri","url":"\/fr\/?s=solivri"}]}},"_links":{"self":[{"href":"https:\/\/www.justiceinfo.net\/fr\/wp-json\/wp\/v2\/posts\/12838","targetHints":{"allow":["GET"]}}],"collection":[{"href":"https:\/\/www.justiceinfo.net\/fr\/wp-json\/wp\/v2\/posts"}],"about":[{"href":"https:\/\/www.justiceinfo.net\/fr\/wp-json\/wp\/v2\/types\/post"}],"author":[{"embeddable":true,"href":"https:\/\/www.justiceinfo.net\/fr\/wp-json\/wp\/v2\/users\/64"}],"replies":[{"embeddable":true,"href":"https:\/\/www.justiceinfo.net\/fr\/wp-json\/wp\/v2\/comments?post=12838"}],"version-history":[{"count":0,"href":"https:\/\/www.justiceinfo.net\/fr\/wp-json\/wp\/v2\/posts\/12838\/revisions"}],"wp:attachment":[{"href":"https:\/\/www.justiceinfo.net\/fr\/wp-json\/wp\/v2\/media?parent=12838"}],"wp:term":[{"taxonomy":"category","embeddable":true,"href":"https:\/\/www.justiceinfo.net\/fr\/wp-json\/wp\/v2\/categories?post=12838"},{"taxonomy":"post_tag","embeddable":true,"href":"https:\/\/www.justiceinfo.net\/fr\/wp-json\/wp\/v2\/tags?post=12838"},{"taxonomy":"ji_location","embeddable":true,"href":"https:\/\/www.justiceinfo.net\/fr\/wp-json\/wp\/v2\/ji_location?post=12838"}],"curies":[{"name":"wp","href":"https:\/\/api.w.org\/{rel}","templated":true}]}}