{"id":12860,"date":"2011-03-21T00:00:00","date_gmt":"2011-03-20T23:00:00","guid":{"rendered":"https:\/\/www.justiceinfo.net\/12860-210311-tpirnzabonimana-les-temoins-de-la-defense-ont-peur-selon-un-enqueteur-francais9669.html"},"modified":"2011-03-21T00:00:00","modified_gmt":"2011-03-20T23:00:00","slug":"210311-tpirnzabonimana-les-temoins-de-la-defense-ont-peur-selon-un-enqueteur-francais9669","status":"publish","type":"post","link":"https:\/\/www.justiceinfo.net\/fr\/12860-210311-tpirnzabonimana-les-temoins-de-la-defense-ont-peur-selon-un-enqueteur-francais9669.html","title":{"rendered":"21.03.11 - TPIR\/NZABONIMANA - LES TEMOINS DE LA DEFENSE ONT PEUR, SELON UN ENQUETEUR FRAN\u00c7AIS"},"content":{"rendered":"<p>Arusha, 21 mars 2011 (FH) - Un enqu&ecirc;teur fran&ccedil;ais, le lieutenant-colonel Fernand Batard a d&eacute;clar&eacute; lundi devant le Tribunal p&eacute;nal international pour le Rwanda (TPIR) que les t&eacute;moins potentiels de la d&eacute;fense avaient peur de leurs autorit&eacute;s. <\/p>\n<p >\n<p><!--more--><\/p>\n<p >\n<p >\nL'officier &agrave; la retraite relatait son exp&eacute;rience en tant qu'enqu&ecirc;teur principal de la d&eacute;fense dans le dossier de l'ex-ministre de la Jeunesse Callixte Nzabonimana.\n<\/p>\n<p >\nInterrog&eacute; par son compatriote, Vincent Courcelle-Labrousse, l'avocat principal de Nzabonimana, il a affirm&eacute; que tous les t&eacute;moins potentiels de la d&eacute;fense qu'il a rencontr&eacute;s avaient peur.\n<\/p>\n<p >\nIl a point&eacute; du doigt l'administration rwandaise, l'accusant de surveiller tous les mouvements des enqu&ecirc;teurs de la d&eacute;fense.\n<\/p>\n<p >\nAinsi, a-t-il racont&eacute;, lorsque son &eacute;quipe venait, un certain jour, d'entamer une entretien avec un t&eacute;moin potentiel, dans la r&eacute;gion de Gitarama (centre), les responsables du district ont fait irruption. Cons&eacute;quence : le t&eacute;moin T22 a finalement refus&eacute; de d&eacute;poser.\n<\/p>\n<p >\nM.Batard, qui est aussi juriste de formation, a indiqu&eacute; avoir not&eacute; la m&ecirc;me peur chez les Rwandais exil&eacute;s qui craignent non seulement le pouvoir en place au Rwanda mais aussi les autorit&eacute;s de leur pays d'accueil.\n<\/p>\n<p >\nLe gendarme &agrave; la retraite a travaill&eacute; au Rwanda, avant le g&eacute;nocide, comme instructeur et conseiller technique &agrave; l'Ecole de la gendarmerie nationale (EGENA).\n<\/p>\n<p >\nIl est le 35 i&egrave;me t&eacute;moin de la d&eacute;fense de Nzabonimana qui est poursuivi pour crimes de g&eacute;nocide et crimes contre l'humanit&eacute;.\n<\/p>\n<p >\nL'ancien dirigeant est pr&eacute;sent&eacute; par le procureur comme le principal instigateur des massacres dans sa pr&eacute;fecture natale de Gitarama.\n<\/p>\n<p >\nL'accus&eacute;, qui &eacute;tait membre du Mouvement r&eacute;publicain national pour la d&eacute;mocratie et le d&eacute;veloppement (MRND), le parti de l'ex-pr&eacute;sident Juv&eacute;nal Habyarimana, a &eacute;t&eacute; arr&ecirc;t&eacute; en Tanzanie le 18 f&eacute;vrier 2008.\n<\/p>\n<p >\n<p >\nSon proc&egrave;s s'est ouvert le 09 novembre 2009 et le procureur a termin&eacute; son accusation le 13 avril 2010 apr&egrave;s cit&eacute; 19 t&eacute;moins. Le lendemain, l'ex-ministre entamait sa d&eacute;fense.\n<\/p>\n<p >\n<p >\nNI\/ER\/GF\n<\/p>\n<p >\n<p >\n&copy; Agence Hirondelle<\/p>\n","protected":false},"excerpt":{"rendered":"<p>Arusha, 21 mars 2011 (FH) - Un enqu&ecirc;teur fran&ccedil;ais, le lieutenant-colonel Fernand Batard a d&eacute;clar&eacute; lundi devant le Tribunal p&eacute;nal international pour le Rwanda (TPIR) que les t&eacute;moins potentiels de la d&eacute;fense avaient peur de leurs autorit&eacute;s.<\/p>\n","protected":false},"author":64,"featured_media":0,"comment_status":"open","ping_status":"closed","sticky":false,"template":"","format":"standard","meta":{"_acf_changed":false,"footnotes":""},"categories":[554],"tags":[],"ji_location":[],"class_list":["post-12860","post","type-post","status-publish","format-standard","hentry","category-hirondellenews"],"acf":[],"yoast_head":"<!-- This site is optimized with the Yoast SEO Premium plugin v25.3.1 (Yoast SEO v25.3.1) - https:\/\/yoast.com\/wordpress\/plugins\/seo\/ -->\n<title>21.03.11 - TPIR\/NZABONIMANA - LES TEMOINS DE LA DEFENSE ONT PEUR, SELON UN ENQUETEUR FRAN\u00c7AIS - JusticeInfo.net<\/title>\n<meta name=\"robots\" content=\"index, follow, max-snippet:-1, max-image-preview:large, max-video-preview:-1\" \/>\n<link rel=\"canonical\" href=\"https:\/\/www.justiceinfo.net\/fr\/12860-210311-tpirnzabonimana-les-temoins-de-la-defense-ont-peur-selon-un-enqueteur-francais9669.html\" \/>\n<meta property=\"og:locale\" content=\"fr_FR\" \/>\n<meta property=\"og:type\" content=\"article\" \/>\n<meta property=\"og:title\" content=\"21.03.11 - TPIR\/NZABONIMANA - LES TEMOINS DE LA DEFENSE ONT PEUR, SELON UN ENQUETEUR FRAN\u00c7AIS\" \/>\n<meta property=\"og:description\" content=\"Arusha, 21 mars 2011 (FH) - Un enqu&ecirc;teur fran&ccedil;ais, le lieutenant-colonel Fernand Batard a d&eacute;clar&eacute; lundi devant le Tribunal p&eacute;nal international pour le Rwanda (TPIR) que les t&eacute;moins potentiels de la d&eacute;fense avaient peur de leurs autorit&eacute;s.\" \/>\n<meta property=\"og:url\" content=\"https:\/\/www.justiceinfo.net\/fr\/12860-210311-tpirnzabonimana-les-temoins-de-la-defense-ont-peur-selon-un-enqueteur-francais9669.html\" \/>\n<meta property=\"og:site_name\" content=\"JusticeInfo.net\" \/>\n<meta property=\"article:publisher\" content=\"https:\/\/www.facebook.com\/JusticeInfo\/\" \/>\n<meta property=\"article:published_time\" content=\"2011-03-20T23:00:00+00:00\" \/>\n<meta property=\"og:image\" content=\"https:\/\/www.justiceinfo.net\/wp-content\/uploads\/JusticeInfoNet_logo_1200x630px.jpg\" \/>\n\t<meta property=\"og:image:width\" content=\"1200\" \/>\n\t<meta property=\"og:image:height\" content=\"630\" \/>\n\t<meta property=\"og:image:type\" content=\"image\/jpeg\" \/>\n<meta name=\"author\" content=\"solivri\" \/>\n<meta name=\"twitter:card\" content=\"summary_large_image\" \/>\n<meta name=\"twitter:creator\" content=\"@justiceinfonet\" \/>\n<meta name=\"twitter:site\" content=\"@justiceinfonet\" \/>\n<meta name=\"twitter:label1\" content=\"\u00c9crit par\" \/>\n\t<meta name=\"twitter:data1\" content=\"solivri\" \/>\n\t<meta name=\"twitter:label2\" content=\"Dur\u00e9e de lecture estim\u00e9e\" \/>\n\t<meta name=\"twitter:data2\" content=\"2 minutes\" \/>\n<script type=\"application\/ld+json\" class=\"yoast-schema-graph\">{\"@context\":\"https:\/\/schema.org\",\"@graph\":[{\"@type\":\"NewsArticle\",\"@id\":\"https:\/\/www.justiceinfo.net\/fr\/12860-210311-tpirnzabonimana-les-temoins-de-la-defense-ont-peur-selon-un-enqueteur-francais9669.html#article\",\"isPartOf\":{\"@id\":\"https:\/\/www.justiceinfo.net\/fr\/12860-210311-tpirnzabonimana-les-temoins-de-la-defense-ont-peur-selon-un-enqueteur-francais9669.html\"},\"author\":{\"name\":\"solivri\",\"@id\":\"https:\/\/www.justiceinfo.net\/fr#\/schema\/person\/6e53cba1629e2e66f3fc1821d3091865\"},\"headline\":\"21.03.11 - TPIR\/NZABONIMANA - LES TEMOINS DE LA DEFENSE ONT PEUR, SELON UN ENQUETEUR FRAN\u00c7AIS\",\"datePublished\":\"2011-03-20T23:00:00+00:00\",\"mainEntityOfPage\":{\"@id\":\"https:\/\/www.justiceinfo.net\/fr\/12860-210311-tpirnzabonimana-les-temoins-de-la-defense-ont-peur-selon-un-enqueteur-francais9669.html\"},\"wordCount\":434,\"commentCount\":0,\"publisher\":{\"@id\":\"https:\/\/www.justiceinfo.net\/fr#organization\"},\"articleSection\":[\"Hirondelle News\"],\"inLanguage\":\"fr-FR\",\"potentialAction\":[{\"@type\":\"CommentAction\",\"name\":\"Comment\",\"target\":[\"https:\/\/www.justiceinfo.net\/fr\/12860-210311-tpirnzabonimana-les-temoins-de-la-defense-ont-peur-selon-un-enqueteur-francais9669.html#respond\"]}]},{\"@type\":\"WebPage\",\"@id\":\"https:\/\/www.justiceinfo.net\/fr\/12860-210311-tpirnzabonimana-les-temoins-de-la-defense-ont-peur-selon-un-enqueteur-francais9669.html\",\"url\":\"https:\/\/www.justiceinfo.net\/fr\/12860-210311-tpirnzabonimana-les-temoins-de-la-defense-ont-peur-selon-un-enqueteur-francais9669.html\",\"name\":\"21.03.11 - TPIR\/NZABONIMANA - LES TEMOINS DE LA DEFENSE ONT PEUR, SELON UN ENQUETEUR FRAN\u00c7AIS - JusticeInfo.net\",\"isPartOf\":{\"@id\":\"https:\/\/www.justiceinfo.net\/fr#website\"},\"datePublished\":\"2011-03-20T23:00:00+00:00\",\"breadcrumb\":{\"@id\":\"https:\/\/www.justiceinfo.net\/fr\/12860-210311-tpirnzabonimana-les-temoins-de-la-defense-ont-peur-selon-un-enqueteur-francais9669.html#breadcrumb\"},\"inLanguage\":\"fr-FR\",\"potentialAction\":[{\"@type\":\"ReadAction\",\"target\":[\"https:\/\/www.justiceinfo.net\/fr\/12860-210311-tpirnzabonimana-les-temoins-de-la-defense-ont-peur-selon-un-enqueteur-francais9669.html\"]}]},{\"@type\":\"BreadcrumbList\",\"@id\":\"https:\/\/www.justiceinfo.net\/fr\/12860-210311-tpirnzabonimana-les-temoins-de-la-defense-ont-peur-selon-un-enqueteur-francais9669.html#breadcrumb\",\"itemListElement\":[{\"@type\":\"ListItem\",\"position\":1,\"name\":\"Home\",\"item\":\"https:\/\/www.justiceinfo.net\/fr\"},{\"@type\":\"ListItem\",\"position\":2,\"name\":\"21.03.11 - TPIR\/NZABONIMANA - LES TEMOINS DE LA DEFENSE ONT PEUR, SELON UN ENQUETEUR FRAN\u00c7AIS\"}]},{\"@type\":\"WebSite\",\"@id\":\"https:\/\/www.justiceinfo.net\/fr#website\",\"url\":\"https:\/\/www.justiceinfo.net\/fr\",\"name\":\"JusticeInfo.net\",\"description\":\"La justice doit \u00eatre vue pour \u00eatre rendue\",\"publisher\":{\"@id\":\"https:\/\/www.justiceinfo.net\/fr#organization\"},\"potentialAction\":[{\"@type\":\"SearchAction\",\"target\":{\"@type\":\"EntryPoint\",\"urlTemplate\":\"https:\/\/www.justiceinfo.net\/fr?s={search_term_string}\"},\"query-input\":{\"@type\":\"PropertyValueSpecification\",\"valueRequired\":true,\"valueName\":\"search_term_string\"}}],\"inLanguage\":\"fr-FR\"},{\"@type\":\"Organization\",\"@id\":\"https:\/\/www.justiceinfo.net\/fr#organization\",\"name\":\"Justice Info\",\"url\":\"https:\/\/www.justiceinfo.net\/fr\",\"logo\":{\"@type\":\"ImageObject\",\"inLanguage\":\"fr-FR\",\"@id\":\"https:\/\/www.justiceinfo.net\/fr#\/schema\/logo\/image\/\",\"url\":\"https:\/\/www.justiceinfo.net\/wp-content\/uploads\/justiceinfo_logo-trans_1200x1200px.png\",\"contentUrl\":\"https:\/\/www.justiceinfo.net\/wp-content\/uploads\/justiceinfo_logo-trans_1200x1200px.png\",\"width\":1199,\"height\":1200,\"caption\":\"Justice Info\"},\"image\":{\"@id\":\"https:\/\/www.justiceinfo.net\/fr#\/schema\/logo\/image\/\"},\"sameAs\":[\"https:\/\/www.facebook.com\/JusticeInfo\/\",\"https:\/\/x.com\/justiceinfonet\",\"https:\/\/www.linkedin.com\/company\/justice-info\",\"https:\/\/www.youtube.com\/channel\/UCyCEsARodyuWtkWyhn-e7pA\"]},{\"@type\":\"Person\",\"name\":\"solivri\",\"url\":\"\/fr\/?s=solivri\"}]}<\/script>\n<!-- \/ Yoast SEO Premium plugin. -->","yoast_head_json":{"title":"21.03.11 - TPIR\/NZABONIMANA - LES TEMOINS DE LA DEFENSE ONT PEUR, SELON UN ENQUETEUR FRAN\u00c7AIS - JusticeInfo.net","robots":{"index":"index","follow":"follow","max-snippet":"max-snippet:-1","max-image-preview":"max-image-preview:large","max-video-preview":"max-video-preview:-1"},"canonical":"https:\/\/www.justiceinfo.net\/fr\/12860-210311-tpirnzabonimana-les-temoins-de-la-defense-ont-peur-selon-un-enqueteur-francais9669.html","og_locale":"fr_FR","og_type":"article","og_title":"21.03.11 - TPIR\/NZABONIMANA - LES TEMOINS DE LA DEFENSE ONT PEUR, SELON UN ENQUETEUR FRAN\u00c7AIS","og_description":"Arusha, 21 mars 2011 (FH) - Un enqu&ecirc;teur fran&ccedil;ais, le lieutenant-colonel Fernand Batard a d&eacute;clar&eacute; lundi devant le Tribunal p&eacute;nal international pour le Rwanda (TPIR) que les t&eacute;moins potentiels de la d&eacute;fense avaient peur de leurs autorit&eacute;s.","og_url":"https:\/\/www.justiceinfo.net\/fr\/12860-210311-tpirnzabonimana-les-temoins-de-la-defense-ont-peur-selon-un-enqueteur-francais9669.html","og_site_name":"JusticeInfo.net","article_publisher":"https:\/\/www.facebook.com\/JusticeInfo\/","article_published_time":"2011-03-20T23:00:00+00:00","og_image":[{"width":1200,"height":630,"url":"https:\/\/www.justiceinfo.net\/wp-content\/uploads\/JusticeInfoNet_logo_1200x630px.jpg","type":"image\/jpeg"}],"author":"solivri","twitter_card":"summary_large_image","twitter_creator":"@justiceinfonet","twitter_site":"@justiceinfonet","twitter_misc":{"\u00c9crit par":"solivri","Dur\u00e9e de lecture estim\u00e9e":"2 minutes"},"schema":{"@context":"https:\/\/schema.org","@graph":[{"@type":"NewsArticle","@id":"https:\/\/www.justiceinfo.net\/fr\/12860-210311-tpirnzabonimana-les-temoins-de-la-defense-ont-peur-selon-un-enqueteur-francais9669.html#article","isPartOf":{"@id":"https:\/\/www.justiceinfo.net\/fr\/12860-210311-tpirnzabonimana-les-temoins-de-la-defense-ont-peur-selon-un-enqueteur-francais9669.html"},"author":{"name":"solivri","@id":"https:\/\/www.justiceinfo.net\/fr#\/schema\/person\/6e53cba1629e2e66f3fc1821d3091865"},"headline":"21.03.11 - TPIR\/NZABONIMANA - LES TEMOINS DE LA DEFENSE ONT PEUR, SELON UN ENQUETEUR FRAN\u00c7AIS","datePublished":"2011-03-20T23:00:00+00:00","mainEntityOfPage":{"@id":"https:\/\/www.justiceinfo.net\/fr\/12860-210311-tpirnzabonimana-les-temoins-de-la-defense-ont-peur-selon-un-enqueteur-francais9669.html"},"wordCount":434,"commentCount":0,"publisher":{"@id":"https:\/\/www.justiceinfo.net\/fr#organization"},"articleSection":["Hirondelle News"],"inLanguage":"fr-FR","potentialAction":[{"@type":"CommentAction","name":"Comment","target":["https:\/\/www.justiceinfo.net\/fr\/12860-210311-tpirnzabonimana-les-temoins-de-la-defense-ont-peur-selon-un-enqueteur-francais9669.html#respond"]}]},{"@type":"WebPage","@id":"https:\/\/www.justiceinfo.net\/fr\/12860-210311-tpirnzabonimana-les-temoins-de-la-defense-ont-peur-selon-un-enqueteur-francais9669.html","url":"https:\/\/www.justiceinfo.net\/fr\/12860-210311-tpirnzabonimana-les-temoins-de-la-defense-ont-peur-selon-un-enqueteur-francais9669.html","name":"21.03.11 - TPIR\/NZABONIMANA - LES TEMOINS DE LA DEFENSE ONT PEUR, SELON UN ENQUETEUR FRAN\u00c7AIS - JusticeInfo.net","isPartOf":{"@id":"https:\/\/www.justiceinfo.net\/fr#website"},"datePublished":"2011-03-20T23:00:00+00:00","breadcrumb":{"@id":"https:\/\/www.justiceinfo.net\/fr\/12860-210311-tpirnzabonimana-les-temoins-de-la-defense-ont-peur-selon-un-enqueteur-francais9669.html#breadcrumb"},"inLanguage":"fr-FR","potentialAction":[{"@type":"ReadAction","target":["https:\/\/www.justiceinfo.net\/fr\/12860-210311-tpirnzabonimana-les-temoins-de-la-defense-ont-peur-selon-un-enqueteur-francais9669.html"]}]},{"@type":"BreadcrumbList","@id":"https:\/\/www.justiceinfo.net\/fr\/12860-210311-tpirnzabonimana-les-temoins-de-la-defense-ont-peur-selon-un-enqueteur-francais9669.html#breadcrumb","itemListElement":[{"@type":"ListItem","position":1,"name":"Home","item":"https:\/\/www.justiceinfo.net\/fr"},{"@type":"ListItem","position":2,"name":"21.03.11 - TPIR\/NZABONIMANA - LES TEMOINS DE LA DEFENSE ONT PEUR, SELON UN ENQUETEUR FRAN\u00c7AIS"}]},{"@type":"WebSite","@id":"https:\/\/www.justiceinfo.net\/fr#website","url":"https:\/\/www.justiceinfo.net\/fr","name":"JusticeInfo.net","description":"La justice doit \u00eatre vue pour \u00eatre rendue","publisher":{"@id":"https:\/\/www.justiceinfo.net\/fr#organization"},"potentialAction":[{"@type":"SearchAction","target":{"@type":"EntryPoint","urlTemplate":"https:\/\/www.justiceinfo.net\/fr?s={search_term_string}"},"query-input":{"@type":"PropertyValueSpecification","valueRequired":true,"valueName":"search_term_string"}}],"inLanguage":"fr-FR"},{"@type":"Organization","@id":"https:\/\/www.justiceinfo.net\/fr#organization","name":"Justice Info","url":"https:\/\/www.justiceinfo.net\/fr","logo":{"@type":"ImageObject","inLanguage":"fr-FR","@id":"https:\/\/www.justiceinfo.net\/fr#\/schema\/logo\/image\/","url":"https:\/\/www.justiceinfo.net\/wp-content\/uploads\/justiceinfo_logo-trans_1200x1200px.png","contentUrl":"https:\/\/www.justiceinfo.net\/wp-content\/uploads\/justiceinfo_logo-trans_1200x1200px.png","width":1199,"height":1200,"caption":"Justice Info"},"image":{"@id":"https:\/\/www.justiceinfo.net\/fr#\/schema\/logo\/image\/"},"sameAs":["https:\/\/www.facebook.com\/JusticeInfo\/","https:\/\/x.com\/justiceinfonet","https:\/\/www.linkedin.com\/company\/justice-info","https:\/\/www.youtube.com\/channel\/UCyCEsARodyuWtkWyhn-e7pA"]},{"@type":"Person","name":"solivri","url":"\/fr\/?s=solivri"}]}},"_links":{"self":[{"href":"https:\/\/www.justiceinfo.net\/fr\/wp-json\/wp\/v2\/posts\/12860","targetHints":{"allow":["GET"]}}],"collection":[{"href":"https:\/\/www.justiceinfo.net\/fr\/wp-json\/wp\/v2\/posts"}],"about":[{"href":"https:\/\/www.justiceinfo.net\/fr\/wp-json\/wp\/v2\/types\/post"}],"author":[{"embeddable":true,"href":"https:\/\/www.justiceinfo.net\/fr\/wp-json\/wp\/v2\/users\/64"}],"replies":[{"embeddable":true,"href":"https:\/\/www.justiceinfo.net\/fr\/wp-json\/wp\/v2\/comments?post=12860"}],"version-history":[{"count":0,"href":"https:\/\/www.justiceinfo.net\/fr\/wp-json\/wp\/v2\/posts\/12860\/revisions"}],"wp:attachment":[{"href":"https:\/\/www.justiceinfo.net\/fr\/wp-json\/wp\/v2\/media?parent=12860"}],"wp:term":[{"taxonomy":"category","embeddable":true,"href":"https:\/\/www.justiceinfo.net\/fr\/wp-json\/wp\/v2\/categories?post=12860"},{"taxonomy":"post_tag","embeddable":true,"href":"https:\/\/www.justiceinfo.net\/fr\/wp-json\/wp\/v2\/tags?post=12860"},{"taxonomy":"ji_location","embeddable":true,"href":"https:\/\/www.justiceinfo.net\/fr\/wp-json\/wp\/v2\/ji_location?post=12860"}],"curies":[{"name":"wp","href":"https:\/\/api.w.org\/{rel}","templated":true}]}}