{"id":12876,"date":"2011-03-24T00:00:00","date_gmt":"2011-03-23T23:00:00","guid":{"rendered":"https:\/\/www.justiceinfo.net\/12876-240311-cpikatanga-deposition-du-premier-temoin-de-la-defense-dans-laffaire-katanga9685.html"},"modified":"2011-03-24T00:00:00","modified_gmt":"2011-03-23T23:00:00","slug":"240311-cpikatanga-deposition-du-premier-temoin-de-la-defense-dans-laffaire-katanga9685","status":"publish","type":"post","link":"https:\/\/www.justiceinfo.net\/fr\/12876-240311-cpikatanga-deposition-du-premier-temoin-de-la-defense-dans-laffaire-katanga9685.html","title":{"rendered":"24.03.11 - CPI\/KATANGA - DEPOSITION DU PREMIER TEMOIN DE LA DEFENSE DANS L'AFFAIRE KATANGA"},"content":{"rendered":"<p>\nLa Haye, 24 mars 2011 (FH) - Le premier t&eacute;moin de la d&eacute;fense de Germain Katanga a commenc&eacute; sa d&eacute;position, jeudi, devant la Cour p&eacute;nale internationale (CPI). Ag&eacute; de 30 ans, le petit fr&egrave;re de l'accus&eacute;, Jonathan Bubachu Baguma, &eacute;tudiant en agronomie, a d&eacute;pos&eacute; sans mesures de protection.\n<\/p>\n<p><!--more--><\/p>\n<p >\n<p >\n<p >\nGermain Katanga est poursuivi avec Mathieu Ngudjolo, pour crimes contre l'humanit&eacute; et crimes de guerre, commis lors de l'attaque de Bogoro, un village de l'Ituri, r&eacute;gion mini&egrave;re de l'est de la R&eacute;publique d&eacute;mocratique du Congo (RDC), le 24 f&eacute;vrier 2003. Cette attaque aurait fait pr&egrave;s de 200 morts. Selon le procureur, M. Katanga &eacute;tait alors l'un des commandants de la Force de r&eacute;sistance patriotique en Ituri (FRPI), une milice congolaise.\n<\/p>\n<p >\n<p >\nLe premier des 22 t&eacute;moins que compte appeler la d&eacute;fense a &eacute;voqu&eacute; les attaques survenues &agrave; Aveba, au sud de Bunia. &laquo; Il y avait beaucoup d'affrontements avec des jeunes gens du village qui ne voulaient pas c&eacute;der leur village aux Ougandais. Il fallait se battre contre les Ougandais, qui br&ucirc;laient les maisons et pillaient les lieux. Les jeunes se battaient avec des moyens primitifs. Ils prenaient des lances et des fl&egrave;ches pour se d&eacute;fendre (...) Mes camarades, avec lesquels j'&eacute;tudiais, ont &eacute;t&eacute; tu&eacute;s &raquo;.\n<\/p>\n<p >\n<p >\nSelon le t&eacute;moin, les Ougandais sont rest&eacute;s au moins deux ans dans la zone. Evoquant son fr&egrave;re, l'accus&eacute; Germain Katanga, le t&eacute;moin a expliqu&eacute; qu'il &laquo; a eu l'occasion d'obtenir une arme &agrave; feu, d'un Ougandais, au front &raquo;. Mais interrog&eacute; par ma&icirc;tre David Hooper, l'un des avocats de Germain Katanga, il n'a pas pu &ecirc;tre plus pr&eacute;cis. &laquo; Peut-&ecirc;tre l'Ougandais a jet&eacute; l'arme, ou bien il a tu&eacute; un ougandais, je ne peux pas le dire &raquo;. Il a ensuite poursuivi son r&eacute;cit des combats d'ao&ucirc;t 2002, au nord de Bunia, chef lieu de l'Ituri. Sa d&eacute;position doit se poursuivre vendredi.\n<\/p>\n<p >\n<p >\nA l'ouverture de cette m&ecirc;me audience, l'un des avocats des victimes, Jean Louis Gilissen, a demand&eacute; aux juges d'engager &laquo; une r&eacute;flexion &raquo; sur la question des proc&eacute;dures ex-parte. De nombreuses audiences se tiennent &agrave; huis clos, et en l'absence de l'une ou l'autre des parties, selon les th&egrave;mes abord&eacute;s. &laquo; Lorsque nous d&eacute;couvrons les d&eacute;cisions sur les sujets abord&eacute;s en ex parte (...) nous n'en comprenons pas la raison &raquo;, a d&eacute;clar&eacute; Jean-Louis Gilissen qui a demand&eacute; &agrave; la chambre d'y r&eacute;fl&eacute;chir. &laquo; Nous n'avions pas eu le sentiment qu'il y a eu des exc&egrave;s pendant toute cette p&eacute;riode pr&eacute;paratoire des t&eacute;moins de la d&eacute;fense &raquo;, a r&eacute;torqu&eacute; le pr&eacute;sident de la chambre, Bruno Cotte.\n<\/p>\n<p >\n<p >\nIl a ensuite expliqu&eacute; que l'audition de certains t&eacute;moins de la d&eacute;fense, actuellement d&eacute;tenus, n&eacute;cessitait &laquo; la coop&eacute;ration avec la R&eacute;publique du Congo &raquo;, et connaissait quelques lenteurs, avant de rappeler que ces demandes sont faites par les parties, le procureur et la d&eacute;fense.\n<\/p>\n<p >\n<p >\nPromu brigadier g&eacute;n&eacute;ral au sein des Forces arm&eacute;es congolaises en d&eacute;cembre 2004, Germain Katanga avait finalement &eacute;t&eacute; arr&ecirc;t&eacute; en mars 2005 et d&eacute;tenu pendant trois ans &agrave; Kinshasa, avant d'&ecirc;tre transf&eacute;r&eacute; &agrave; La Haye, le 17 octobre 2002.\n<\/p>\n<p >\n<p >\nSM\/ER\/GF\n<\/p>\n<p>\n&nbsp;&copy; Agence Hirondelle<\/p>\n","protected":false},"excerpt":{"rendered":"<p>La Haye, 24 mars 2011 (FH) - Le premier t&eacute;moin de la d&eacute;fense de Germain Katanga a commenc&eacute; sa d&eacute;position, jeudi, devant la Cour p&eacute;nale internationale (CPI). Ag&eacute; de 30 ans, le petit fr&egrave;re de l'accus&eacute;, Jonathan Bubachu Baguma, &eacute;tudiant en agronomie, a d&eacute;pos&eacute; sans mesures de protection.<\/p>\n","protected":false},"author":64,"featured_media":0,"comment_status":"open","ping_status":"closed","sticky":false,"template":"","format":"standard","meta":{"_acf_changed":false,"footnotes":""},"categories":[554],"tags":[],"ji_location":[],"class_list":["post-12876","post","type-post","status-publish","format-standard","hentry","category-hirondellenews"],"acf":[],"yoast_head":"<!-- This site is optimized with the Yoast SEO Premium plugin v25.3.1 (Yoast SEO v25.3.1) - https:\/\/yoast.com\/wordpress\/plugins\/seo\/ -->\n<title>24.03.11 - CPI\/KATANGA - DEPOSITION DU PREMIER TEMOIN DE LA DEFENSE DANS L&#039;AFFAIRE KATANGA - JusticeInfo.net<\/title>\n<meta name=\"robots\" content=\"index, follow, max-snippet:-1, max-image-preview:large, max-video-preview:-1\" \/>\n<link rel=\"canonical\" href=\"https:\/\/www.justiceinfo.net\/fr\/12876-240311-cpikatanga-deposition-du-premier-temoin-de-la-defense-dans-laffaire-katanga9685.html\" \/>\n<meta property=\"og:locale\" content=\"fr_FR\" \/>\n<meta property=\"og:type\" content=\"article\" \/>\n<meta property=\"og:title\" content=\"24.03.11 - CPI\/KATANGA - DEPOSITION DU PREMIER TEMOIN DE LA DEFENSE DANS L&#039;AFFAIRE KATANGA\" \/>\n<meta property=\"og:description\" content=\"La Haye, 24 mars 2011 (FH) - Le premier t&eacute;moin de la d&eacute;fense de Germain Katanga a commenc&eacute; sa d&eacute;position, jeudi, devant la Cour p&eacute;nale internationale (CPI). Ag&eacute; de 30 ans, le petit fr&egrave;re de l&#039;accus&eacute;, Jonathan Bubachu Baguma, &eacute;tudiant en agronomie, a d&eacute;pos&eacute; sans mesures de protection.\" \/>\n<meta property=\"og:url\" content=\"https:\/\/www.justiceinfo.net\/fr\/12876-240311-cpikatanga-deposition-du-premier-temoin-de-la-defense-dans-laffaire-katanga9685.html\" \/>\n<meta property=\"og:site_name\" content=\"JusticeInfo.net\" \/>\n<meta property=\"article:publisher\" content=\"https:\/\/www.facebook.com\/JusticeInfo\/\" \/>\n<meta property=\"article:published_time\" content=\"2011-03-23T23:00:00+00:00\" \/>\n<meta property=\"og:image\" content=\"https:\/\/www.justiceinfo.net\/wp-content\/uploads\/JusticeInfoNet_logo_1200x630px.jpg\" \/>\n\t<meta property=\"og:image:width\" content=\"1200\" \/>\n\t<meta property=\"og:image:height\" content=\"630\" \/>\n\t<meta property=\"og:image:type\" content=\"image\/jpeg\" \/>\n<meta name=\"author\" content=\"solivri\" \/>\n<meta name=\"twitter:card\" content=\"summary_large_image\" \/>\n<meta name=\"twitter:creator\" content=\"@justiceinfonet\" \/>\n<meta name=\"twitter:site\" content=\"@justiceinfonet\" \/>\n<meta name=\"twitter:label1\" content=\"\u00c9crit par\" \/>\n\t<meta name=\"twitter:data1\" content=\"solivri\" \/>\n\t<meta name=\"twitter:label2\" content=\"Dur\u00e9e de lecture estim\u00e9e\" \/>\n\t<meta name=\"twitter:data2\" content=\"3 minutes\" \/>\n<script type=\"application\/ld+json\" class=\"yoast-schema-graph\">{\"@context\":\"https:\/\/schema.org\",\"@graph\":[{\"@type\":\"NewsArticle\",\"@id\":\"https:\/\/www.justiceinfo.net\/fr\/12876-240311-cpikatanga-deposition-du-premier-temoin-de-la-defense-dans-laffaire-katanga9685.html#article\",\"isPartOf\":{\"@id\":\"https:\/\/www.justiceinfo.net\/fr\/12876-240311-cpikatanga-deposition-du-premier-temoin-de-la-defense-dans-laffaire-katanga9685.html\"},\"author\":{\"name\":\"solivri\",\"@id\":\"https:\/\/www.justiceinfo.net\/fr#\/schema\/person\/6e53cba1629e2e66f3fc1821d3091865\"},\"headline\":\"24.03.11 - CPI\/KATANGA - DEPOSITION DU PREMIER TEMOIN DE LA DEFENSE DANS L'AFFAIRE KATANGA\",\"datePublished\":\"2011-03-23T23:00:00+00:00\",\"mainEntityOfPage\":{\"@id\":\"https:\/\/www.justiceinfo.net\/fr\/12876-240311-cpikatanga-deposition-du-premier-temoin-de-la-defense-dans-laffaire-katanga9685.html\"},\"wordCount\":694,\"commentCount\":0,\"publisher\":{\"@id\":\"https:\/\/www.justiceinfo.net\/fr#organization\"},\"articleSection\":[\"Hirondelle News\"],\"inLanguage\":\"fr-FR\",\"potentialAction\":[{\"@type\":\"CommentAction\",\"name\":\"Comment\",\"target\":[\"https:\/\/www.justiceinfo.net\/fr\/12876-240311-cpikatanga-deposition-du-premier-temoin-de-la-defense-dans-laffaire-katanga9685.html#respond\"]}]},{\"@type\":\"WebPage\",\"@id\":\"https:\/\/www.justiceinfo.net\/fr\/12876-240311-cpikatanga-deposition-du-premier-temoin-de-la-defense-dans-laffaire-katanga9685.html\",\"url\":\"https:\/\/www.justiceinfo.net\/fr\/12876-240311-cpikatanga-deposition-du-premier-temoin-de-la-defense-dans-laffaire-katanga9685.html\",\"name\":\"24.03.11 - CPI\/KATANGA - DEPOSITION DU PREMIER TEMOIN DE LA DEFENSE DANS L'AFFAIRE KATANGA - JusticeInfo.net\",\"isPartOf\":{\"@id\":\"https:\/\/www.justiceinfo.net\/fr#website\"},\"datePublished\":\"2011-03-23T23:00:00+00:00\",\"breadcrumb\":{\"@id\":\"https:\/\/www.justiceinfo.net\/fr\/12876-240311-cpikatanga-deposition-du-premier-temoin-de-la-defense-dans-laffaire-katanga9685.html#breadcrumb\"},\"inLanguage\":\"fr-FR\",\"potentialAction\":[{\"@type\":\"ReadAction\",\"target\":[\"https:\/\/www.justiceinfo.net\/fr\/12876-240311-cpikatanga-deposition-du-premier-temoin-de-la-defense-dans-laffaire-katanga9685.html\"]}]},{\"@type\":\"BreadcrumbList\",\"@id\":\"https:\/\/www.justiceinfo.net\/fr\/12876-240311-cpikatanga-deposition-du-premier-temoin-de-la-defense-dans-laffaire-katanga9685.html#breadcrumb\",\"itemListElement\":[{\"@type\":\"ListItem\",\"position\":1,\"name\":\"Home\",\"item\":\"https:\/\/www.justiceinfo.net\/fr\"},{\"@type\":\"ListItem\",\"position\":2,\"name\":\"24.03.11 - CPI\/KATANGA - DEPOSITION DU PREMIER TEMOIN DE LA DEFENSE DANS L'AFFAIRE KATANGA\"}]},{\"@type\":\"WebSite\",\"@id\":\"https:\/\/www.justiceinfo.net\/fr#website\",\"url\":\"https:\/\/www.justiceinfo.net\/fr\",\"name\":\"JusticeInfo.net\",\"description\":\"La justice doit \u00eatre vue pour \u00eatre rendue\",\"publisher\":{\"@id\":\"https:\/\/www.justiceinfo.net\/fr#organization\"},\"potentialAction\":[{\"@type\":\"SearchAction\",\"target\":{\"@type\":\"EntryPoint\",\"urlTemplate\":\"https:\/\/www.justiceinfo.net\/fr?s={search_term_string}\"},\"query-input\":{\"@type\":\"PropertyValueSpecification\",\"valueRequired\":true,\"valueName\":\"search_term_string\"}}],\"inLanguage\":\"fr-FR\"},{\"@type\":\"Organization\",\"@id\":\"https:\/\/www.justiceinfo.net\/fr#organization\",\"name\":\"Justice Info\",\"url\":\"https:\/\/www.justiceinfo.net\/fr\",\"logo\":{\"@type\":\"ImageObject\",\"inLanguage\":\"fr-FR\",\"@id\":\"https:\/\/www.justiceinfo.net\/fr#\/schema\/logo\/image\/\",\"url\":\"https:\/\/www.justiceinfo.net\/wp-content\/uploads\/justiceinfo_logo-trans_1200x1200px.png\",\"contentUrl\":\"https:\/\/www.justiceinfo.net\/wp-content\/uploads\/justiceinfo_logo-trans_1200x1200px.png\",\"width\":1199,\"height\":1200,\"caption\":\"Justice Info\"},\"image\":{\"@id\":\"https:\/\/www.justiceinfo.net\/fr#\/schema\/logo\/image\/\"},\"sameAs\":[\"https:\/\/www.facebook.com\/JusticeInfo\/\",\"https:\/\/x.com\/justiceinfonet\",\"https:\/\/www.linkedin.com\/company\/justice-info\",\"https:\/\/www.youtube.com\/channel\/UCyCEsARodyuWtkWyhn-e7pA\"]},{\"@type\":\"Person\",\"name\":\"solivri\",\"url\":\"\/fr\/?s=solivri\"}]}<\/script>\n<!-- \/ Yoast SEO Premium plugin. -->","yoast_head_json":{"title":"24.03.11 - CPI\/KATANGA - DEPOSITION DU PREMIER TEMOIN DE LA DEFENSE DANS L'AFFAIRE KATANGA - JusticeInfo.net","robots":{"index":"index","follow":"follow","max-snippet":"max-snippet:-1","max-image-preview":"max-image-preview:large","max-video-preview":"max-video-preview:-1"},"canonical":"https:\/\/www.justiceinfo.net\/fr\/12876-240311-cpikatanga-deposition-du-premier-temoin-de-la-defense-dans-laffaire-katanga9685.html","og_locale":"fr_FR","og_type":"article","og_title":"24.03.11 - CPI\/KATANGA - DEPOSITION DU PREMIER TEMOIN DE LA DEFENSE DANS L'AFFAIRE KATANGA","og_description":"La Haye, 24 mars 2011 (FH) - Le premier t&eacute;moin de la d&eacute;fense de Germain Katanga a commenc&eacute; sa d&eacute;position, jeudi, devant la Cour p&eacute;nale internationale (CPI). Ag&eacute; de 30 ans, le petit fr&egrave;re de l'accus&eacute;, Jonathan Bubachu Baguma, &eacute;tudiant en agronomie, a d&eacute;pos&eacute; sans mesures de protection.","og_url":"https:\/\/www.justiceinfo.net\/fr\/12876-240311-cpikatanga-deposition-du-premier-temoin-de-la-defense-dans-laffaire-katanga9685.html","og_site_name":"JusticeInfo.net","article_publisher":"https:\/\/www.facebook.com\/JusticeInfo\/","article_published_time":"2011-03-23T23:00:00+00:00","og_image":[{"width":1200,"height":630,"url":"https:\/\/www.justiceinfo.net\/wp-content\/uploads\/JusticeInfoNet_logo_1200x630px.jpg","type":"image\/jpeg"}],"author":"solivri","twitter_card":"summary_large_image","twitter_creator":"@justiceinfonet","twitter_site":"@justiceinfonet","twitter_misc":{"\u00c9crit par":"solivri","Dur\u00e9e de lecture estim\u00e9e":"3 minutes"},"schema":{"@context":"https:\/\/schema.org","@graph":[{"@type":"NewsArticle","@id":"https:\/\/www.justiceinfo.net\/fr\/12876-240311-cpikatanga-deposition-du-premier-temoin-de-la-defense-dans-laffaire-katanga9685.html#article","isPartOf":{"@id":"https:\/\/www.justiceinfo.net\/fr\/12876-240311-cpikatanga-deposition-du-premier-temoin-de-la-defense-dans-laffaire-katanga9685.html"},"author":{"name":"solivri","@id":"https:\/\/www.justiceinfo.net\/fr#\/schema\/person\/6e53cba1629e2e66f3fc1821d3091865"},"headline":"24.03.11 - CPI\/KATANGA - DEPOSITION DU PREMIER TEMOIN DE LA DEFENSE DANS L'AFFAIRE KATANGA","datePublished":"2011-03-23T23:00:00+00:00","mainEntityOfPage":{"@id":"https:\/\/www.justiceinfo.net\/fr\/12876-240311-cpikatanga-deposition-du-premier-temoin-de-la-defense-dans-laffaire-katanga9685.html"},"wordCount":694,"commentCount":0,"publisher":{"@id":"https:\/\/www.justiceinfo.net\/fr#organization"},"articleSection":["Hirondelle News"],"inLanguage":"fr-FR","potentialAction":[{"@type":"CommentAction","name":"Comment","target":["https:\/\/www.justiceinfo.net\/fr\/12876-240311-cpikatanga-deposition-du-premier-temoin-de-la-defense-dans-laffaire-katanga9685.html#respond"]}]},{"@type":"WebPage","@id":"https:\/\/www.justiceinfo.net\/fr\/12876-240311-cpikatanga-deposition-du-premier-temoin-de-la-defense-dans-laffaire-katanga9685.html","url":"https:\/\/www.justiceinfo.net\/fr\/12876-240311-cpikatanga-deposition-du-premier-temoin-de-la-defense-dans-laffaire-katanga9685.html","name":"24.03.11 - CPI\/KATANGA - DEPOSITION DU PREMIER TEMOIN DE LA DEFENSE DANS L'AFFAIRE KATANGA - JusticeInfo.net","isPartOf":{"@id":"https:\/\/www.justiceinfo.net\/fr#website"},"datePublished":"2011-03-23T23:00:00+00:00","breadcrumb":{"@id":"https:\/\/www.justiceinfo.net\/fr\/12876-240311-cpikatanga-deposition-du-premier-temoin-de-la-defense-dans-laffaire-katanga9685.html#breadcrumb"},"inLanguage":"fr-FR","potentialAction":[{"@type":"ReadAction","target":["https:\/\/www.justiceinfo.net\/fr\/12876-240311-cpikatanga-deposition-du-premier-temoin-de-la-defense-dans-laffaire-katanga9685.html"]}]},{"@type":"BreadcrumbList","@id":"https:\/\/www.justiceinfo.net\/fr\/12876-240311-cpikatanga-deposition-du-premier-temoin-de-la-defense-dans-laffaire-katanga9685.html#breadcrumb","itemListElement":[{"@type":"ListItem","position":1,"name":"Home","item":"https:\/\/www.justiceinfo.net\/fr"},{"@type":"ListItem","position":2,"name":"24.03.11 - CPI\/KATANGA - DEPOSITION DU PREMIER TEMOIN DE LA DEFENSE DANS L'AFFAIRE KATANGA"}]},{"@type":"WebSite","@id":"https:\/\/www.justiceinfo.net\/fr#website","url":"https:\/\/www.justiceinfo.net\/fr","name":"JusticeInfo.net","description":"La justice doit \u00eatre vue pour \u00eatre rendue","publisher":{"@id":"https:\/\/www.justiceinfo.net\/fr#organization"},"potentialAction":[{"@type":"SearchAction","target":{"@type":"EntryPoint","urlTemplate":"https:\/\/www.justiceinfo.net\/fr?s={search_term_string}"},"query-input":{"@type":"PropertyValueSpecification","valueRequired":true,"valueName":"search_term_string"}}],"inLanguage":"fr-FR"},{"@type":"Organization","@id":"https:\/\/www.justiceinfo.net\/fr#organization","name":"Justice Info","url":"https:\/\/www.justiceinfo.net\/fr","logo":{"@type":"ImageObject","inLanguage":"fr-FR","@id":"https:\/\/www.justiceinfo.net\/fr#\/schema\/logo\/image\/","url":"https:\/\/www.justiceinfo.net\/wp-content\/uploads\/justiceinfo_logo-trans_1200x1200px.png","contentUrl":"https:\/\/www.justiceinfo.net\/wp-content\/uploads\/justiceinfo_logo-trans_1200x1200px.png","width":1199,"height":1200,"caption":"Justice Info"},"image":{"@id":"https:\/\/www.justiceinfo.net\/fr#\/schema\/logo\/image\/"},"sameAs":["https:\/\/www.facebook.com\/JusticeInfo\/","https:\/\/x.com\/justiceinfonet","https:\/\/www.linkedin.com\/company\/justice-info","https:\/\/www.youtube.com\/channel\/UCyCEsARodyuWtkWyhn-e7pA"]},{"@type":"Person","name":"solivri","url":"\/fr\/?s=solivri"}]}},"_links":{"self":[{"href":"https:\/\/www.justiceinfo.net\/fr\/wp-json\/wp\/v2\/posts\/12876","targetHints":{"allow":["GET"]}}],"collection":[{"href":"https:\/\/www.justiceinfo.net\/fr\/wp-json\/wp\/v2\/posts"}],"about":[{"href":"https:\/\/www.justiceinfo.net\/fr\/wp-json\/wp\/v2\/types\/post"}],"author":[{"embeddable":true,"href":"https:\/\/www.justiceinfo.net\/fr\/wp-json\/wp\/v2\/users\/64"}],"replies":[{"embeddable":true,"href":"https:\/\/www.justiceinfo.net\/fr\/wp-json\/wp\/v2\/comments?post=12876"}],"version-history":[{"count":0,"href":"https:\/\/www.justiceinfo.net\/fr\/wp-json\/wp\/v2\/posts\/12876\/revisions"}],"wp:attachment":[{"href":"https:\/\/www.justiceinfo.net\/fr\/wp-json\/wp\/v2\/media?parent=12876"}],"wp:term":[{"taxonomy":"category","embeddable":true,"href":"https:\/\/www.justiceinfo.net\/fr\/wp-json\/wp\/v2\/categories?post=12876"},{"taxonomy":"post_tag","embeddable":true,"href":"https:\/\/www.justiceinfo.net\/fr\/wp-json\/wp\/v2\/tags?post=12876"},{"taxonomy":"ji_location","embeddable":true,"href":"https:\/\/www.justiceinfo.net\/fr\/wp-json\/wp\/v2\/ji_location?post=12876"}],"curies":[{"name":"wp","href":"https:\/\/api.w.org\/{rel}","templated":true}]}}